{"id":9811,"date":"2019-11-21T10:12:02","date_gmt":"2019-11-21T08:12:02","guid":{"rendered":"https:\/\/www.interdomizil.de\/reisemagazin\/?p=9811"},"modified":"2021-10-18T11:16:48","modified_gmt":"2021-10-18T09:16:48","slug":"ferienwohnung-versus-hotel-warum-die-private-unterkunft-die-nase-vorn-hat","status":"publish","type":"post","link":"https:\/\/www.interdomizil.de\/reisemagazin\/reisetipps\/ferienwohnung-versus-hotel-warum-die-private-unterkunft-die-nase-vorn-hat","title":{"rendered":"Ferienwohnung versus Hotel: warum die private Unterkunft die Nase vorn hat"},"content":{"rendered":"<div class=\"twoclick_social_bookmarks_post_9811 social_share_privacy clearfix 1.6.4 locale-de_DE sprite-de_DE\"><\/div><div class=\"twoclick-js\"><script type=\"text\/javascript\">\/* <![CDATA[ *\/\njQuery(document).ready(function($){if($('.twoclick_social_bookmarks_post_9811')){$('.twoclick_social_bookmarks_post_9811').socialSharePrivacy({\"services\":{\"facebook\":{\"status\":\"on\",\"txt_info\":\"2 Klicks f\\u00fcr mehr Datenschutz: Erst wenn Sie hier klicken, wird der Button aktiv und Sie k\\u00f6nnen Ihre Empfehlung an Facebook senden. Schon beim Aktivieren werden <strong>Daten an Dritte \\u00fcbertragen<\\\/strong> - siehe <strong>i<\\\/strong>.\",\"perma_option\":\"off\",\"action\":\"like\",\"language\":\"de_DE\"},\"twitter\":{\"reply_to\":\"\",\"tweet_text\":\"%20Ferienwohnung%20versus%20Hotel%3A%20warum%20die%20private%20Unterkunft%20die%20Nase%20vorn%20hat%20%C2%BB%20...\",\"status\":\"on\",\"txt_info\":\"2 Klicks f\\u00fcr mehr Datenschutz: Erst wenn Sie hier klicken, wird der Button aktiv und Sie k\\u00f6nnen Ihre Empfehlung an Twitter senden. Schon beim Aktivieren werden <strong>Daten an Dritte \\u00fcbertragen<\\\/strong> - siehe <strong>i<\\\/strong>.\",\"perma_option\":\"off\",\"language\":\"de\"},\"pinterest\":{\"status\":\"on\",\"the_excerpt\":\"Ferienwohnung versus Hotel: warum die private Unterkunft die Nase vorn hat\",\"txt_info\":\"2 Klicks f\\u00fcr mehr Datenschutz: Erst wenn Sie hier klicken, wird der Button aktiv und Sie k\\u00f6nnen Ihre Empfehlung an Pinterest senden. Schon beim Aktivieren werden <strong>Daten an Dritte \\u00fcbertragen<\\\/strong> - siehe <strong>i<\\\/strong>.\",\"perma_option\":\"off\",\"media\":\"https:\\\/\\\/www.interdomizil.de\\\/reisemagazin\\\/wp-content\\\/uploads\\\/villasdelanzarote-villa-lanzamar-playa-blanca-28-scaled.jpg\"}},\"txt_help\":\"Wenn Sie diese Felder durch einen Klick aktivieren, werden Informationen an Facebook, Twitter, Flattr, Xing, t3n, LinkedIn, Pinterest oder Google eventuell ins Ausland <strong>\\u00fcbertragen<\\\/strong> und unter Umst\\u00e4nden auch dort <strong>gespeichert<\\\/strong>. N\\u00e4heres erfahren Sie durch einen Klick auf das <em>i<\\\/em>.\",\"settings_perma\":\"Dauerhaft aktivieren und Daten\\u00fcber-tragung zustimmen:\",\"info_link\":\"http:\\\/\\\/www.heise.de\\\/ct\\\/artikel\\\/2-Klicks-fuer-mehr-Datenschutz-1333879.html\",\"uri\":\"https:\\\/\\\/www.interdomizil.de\\\/reisemagazin\\\/reisetipps\\\/ferienwohnung-versus-hotel-warum-die-private-unterkunft-die-nase-vorn-hat\",\"post_id\":9811,\"post_title_referrer_track\":\"Ferienwohnung+versus+Hotel%3A+warum+die+private+Unterkunft+die+Nase+vorn+hat\",\"concat\":\"%3F\",\"display_infobox\":\"on\"});}});\n\/* ]]> *\/<\/script><\/div>\n<p>Nat\u00fcrlich ist ein <strong>Hotelaufenthalt<\/strong> mit Voll- oder Halbpension und t\u00e4glichem Zimmerservice sehr <strong>komfortabel<\/strong>. Dennoch empfinden gerade viele <strong>Familien<\/strong> der Urlaub in einer <strong>Ferienwohnung<\/strong> deutlich <strong>luxuri\u00f6ser<\/strong>. <strong>Daf\u00fcr gibt es f\u00fcnf gute Gr\u00fcnde:<\/strong><\/p>\n\n\n\n<h3 class=\"wp-block-heading\">1. Entspannter\nUrlaub zum g\u00fcnstigen Preis<\/h3>\n\n\n\n<p>Selbst perfekt ausgestattete <strong>Ferienwohnungen<\/strong> in bester Lage sind in der Regel <strong>deutlich g\u00fcnstiger als ein Hotel<\/strong> \u2013 vor allem dann, wenn Sie mit der ganzen <strong>Familie<\/strong> Urlaub machen. So wird eine mehrw\u00f6chige Auszeit am Meer oder in einer angesagten Stadt problemlos bezahlbar. Sparf\u00fcchse sch\u00e4tzen au\u00dferdem, dass sie <strong>nicht<\/strong> jeden Tag teuer im <strong>Restaurant<\/strong> essen <strong>m\u00fcssen<\/strong>, sondern deutlich preisg\u00fcnstiger \u201ezu Hause\u201c essen k\u00f6nnen.  <\/p>\n\n\n\n<h3 class=\"wp-block-heading\">2. Die\nhervorragende Ausstattung der Ferienwohnungen<\/h3>\n\n\n\n<figure class=\"wp-block-image image-border\"><img decoding=\"async\" loading=\"lazy\" width=\"2244\" height=\"1500\" src=\"https:\/\/www.interdomizil.de\/reisemagazin\/wp-content\/uploads\/P1070491.jpg\" alt=\"K\u00fcche in der FeWo 212611 auf R\u00fcgen\" class=\"wp-image-9822\" srcset=\"https:\/\/www.interdomizil.de\/reisemagazin\/wp-content\/uploads\/P1070491.jpg 2244w, https:\/\/www.interdomizil.de\/reisemagazin\/wp-content\/uploads\/P1070491-200x134.jpg 200w, https:\/\/www.interdomizil.de\/reisemagazin\/wp-content\/uploads\/P1070491-500x334.jpg 500w, https:\/\/www.interdomizil.de\/reisemagazin\/wp-content\/uploads\/P1070491-768x513.jpg 768w, https:\/\/www.interdomizil.de\/reisemagazin\/wp-content\/uploads\/P1070491-720x481.jpg 720w, https:\/\/www.interdomizil.de\/reisemagazin\/wp-content\/uploads\/P1070491-270x180.jpg 270w, https:\/\/www.interdomizil.de\/reisemagazin\/wp-content\/uploads\/P1070491-770x515.jpg 770w\" sizes=\"(max-width: 2244px) 100vw, 2244px\" \/><figcaption>K\u00fcche in der <a href=\"https:\/\/www.meeresblick-baabe.de\/ferienwohnung-ruegen\/212611-1\" target=\"_blank\" rel=\"noreferrer noopener\" aria-label=\"FeWo 212611 (\u00f6ffnet in neuem Tab)\">FeWo 212611<\/a> auf R\u00fcgen &#8211; Foto @InterDomizil GmbH <\/figcaption><\/figure>\n\n\n\n<p>Dass Sie in einer <strong>Ferienwohnung<\/strong> eine <strong>eigene K\u00fcche<\/strong> nutzen k\u00f6nnen, hat noch weitere Vorteile: Sie k\u00f6nnen Ihren Tagesablauf vollkommen <strong>unabh\u00e4ngig<\/strong> von festen Hotel-Essenszeiten planen. Ein sp\u00e4tes Fr\u00fchst\u00fcck um elf Uhr ist ebenso m\u00f6glich wie eine Hauptmahlzeit mitten am Nachmittag. Sind Sie mit Kleinkind unterwegs, k\u00f6nnen Sie jederzeit einen Brei zubereiten. Auch wenn Ihnen gesundes Essen am Herzen liegt oder Sie unter einer <strong>Nahrungsmittelunvertr\u00e4glichkeit<\/strong> leiden, ist ein Urlaub als <strong>Selbstversorger<\/strong> ideal \u2013 zumal auch der Abwasch dank Geschirrsp\u00fcler schnell erledigt ist. Wenn Sie Lust haben, spricht zwischendurch nat\u00fcrlich auch nichts gegen einen Restaurantbesuch.<\/p>\n\n\n\n<p>Damit Sie auch f\u00fcr einen l\u00e4ngeren Aufenthalt mit leichtem Gep\u00e4ck anreisen k\u00f6nnen, verf\u00fcgen viele Ferienwohnungen \u00fcber eine <strong>Waschmaschine<\/strong> oder sogar einen W\u00e4schetrockner. Bei manchen Domizilen sind Leihfahrr\u00e4der vorhanden oder Sie k\u00f6nnen in der eigenen <strong>Sauna<\/strong> oder im privaten Whirlpool ungest\u00f6rte Wellness-Momente erleben. F\u00fcr einen gem\u00fctlichen <a href=\"https:\/\/www.interdomizil.de\/reisemagazin\/reisetipps\/winterurlaub-an-der-ostsee-warum-der-strand-jetzt-noch-schoener-ist\">Winterurlaub<\/a> geht nichts \u00fcber einen <strong>offenen Kamin.<\/strong><\/p>\n\n\n\n<h3 class=\"wp-block-heading\">3. Familienurlaub in der Ferienwohnung im eigenen Rhythmus<\/h3>\n\n\n\n<figure class=\"wp-block-image image-border\"><img decoding=\"async\" loading=\"lazy\" width=\"9449\" height=\"6300\" src=\"https:\/\/www.interdomizil.de\/reisemagazin\/wp-content\/uploads\/emile-guillemot-zkJO_ML8Lo8-unsplash.jpg\" alt=\"Mann im Pyjama vor Zeitungsstand \" class=\"wp-image-9817\" srcset=\"https:\/\/www.interdomizil.de\/reisemagazin\/wp-content\/uploads\/emile-guillemot-zkJO_ML8Lo8-unsplash.jpg 9449w, https:\/\/www.interdomizil.de\/reisemagazin\/wp-content\/uploads\/emile-guillemot-zkJO_ML8Lo8-unsplash-200x133.jpg 200w, https:\/\/www.interdomizil.de\/reisemagazin\/wp-content\/uploads\/emile-guillemot-zkJO_ML8Lo8-unsplash-500x333.jpg 500w, https:\/\/www.interdomizil.de\/reisemagazin\/wp-content\/uploads\/emile-guillemot-zkJO_ML8Lo8-unsplash-768x512.jpg 768w, https:\/\/www.interdomizil.de\/reisemagazin\/wp-content\/uploads\/emile-guillemot-zkJO_ML8Lo8-unsplash-720x480.jpg 720w, https:\/\/www.interdomizil.de\/reisemagazin\/wp-content\/uploads\/emile-guillemot-zkJO_ML8Lo8-unsplash-270x180.jpg 270w\" sizes=\"(max-width: 9449px) 100vw, 9449px\" \/><figcaption>Mann im Pyjama vor Zeitungsstand &#8211; Foto: Emile Guillemot auf Unsplash<\/figcaption><\/figure>\n\n\n\n<p>Nach der <strong>Schl\u00fcssel\u00fcbergabe<\/strong> sind Sie in einer <strong>Ferienwohnung<\/strong> f\u00fcr die ganze Dauer Ihres Urlaubs <strong>Ihr eigener Herr.<\/strong> Niemand gibt feste Buffetzeiten vor und Ihr Kind kann ungest\u00f6rt Mittagsschlaf halten, ohne dass es vom Zimmerservice gest\u00f6rt wird. Sie fr\u00fchst\u00fccken am liebsten im Pyjama? Dann machen Sie das doch! Beim rausgehen sollten Sie dann aber ggf. darauf achten, ob sie den Pyjama immer noch anhaben \ud83d\ude42<\/p>\n\n\n\n<h3 class=\"wp-block-heading\">4. Viel Platz f\u00fcr\ndie Kids oder den Hund<\/h3>\n\n\n\n<p>In einer Ferienwohnung steht Ihnen <strong>deutlich mehr Wohnraum<\/strong> zur Verf\u00fcgung als in einem Hotel: In der Regel werden Wohnzimmer und K\u00fcche um mindestens ein Schlafzimmer erg\u00e4nzt. F\u00fcr den Urlaub mit der Gro\u00dffamilie oder mit Freunden gibt es auch Domizile mit mehr Zimmern und h\u00e4ufig auch mehreren B\u00e4dern. Damit sind f\u00fcr eine rundum entspannte Zeit ausreichend R\u00fcckzugsr\u00e4ume f\u00fcr alle Mitreisenden vorhanden. Als Eltern k\u00f6nnen Sie abends Ihre Kinder zur gewohnten Zeit zu Bett bringen und dann den Tag romantisch bei einem Glas Wein auf der <strong>Terrasse<\/strong> oder dem <strong>Balkon<\/strong> ausklingen lassen.  <\/p>\n\n\n\n<figure class=\"wp-block-image size-large image-border\"><img decoding=\"async\" loading=\"lazy\" width=\"620\" height=\"465\" src=\"https:\/\/www.interdomizil.de\/reisemagazin\/wp-content\/uploads\/urlaub-mit-hund-620x465.jpg\" alt=\"Urlaub mit Hund\" class=\"wp-image-8229\" srcset=\"https:\/\/www.interdomizil.de\/reisemagazin\/wp-content\/uploads\/urlaub-mit-hund-620x465.jpg 620w, https:\/\/www.interdomizil.de\/reisemagazin\/wp-content\/uploads\/urlaub-mit-hund-200x150.jpg 200w, https:\/\/www.interdomizil.de\/reisemagazin\/wp-content\/uploads\/urlaub-mit-hund-300x225.jpg 300w, https:\/\/www.interdomizil.de\/reisemagazin\/wp-content\/uploads\/urlaub-mit-hund-768x576.jpg 768w, https:\/\/www.interdomizil.de\/reisemagazin\/wp-content\/uploads\/urlaub-mit-hund.jpg 1920w\" sizes=\"(max-width: 620px) 100vw, 620px\" \/><figcaption>Urlaub mit Hund \/\/ Bild: Pixabay CC0, StarFlames<\/figcaption><\/figure>\n\n\n\n<p>Auch f\u00fcr den relaxten <strong><a href=\"https:\/\/www.interdomizil.de\/reisemagazin\/reiseziele\/tipps-fuer-den-urlaub-mit-hund-auf-der-ostseeinsel-ruegen\">Urlaub mit Hund<\/a><\/strong> geht nichts \u00fcber eine Ferienwohnung: In vielen Domizilen ist Ihr vierbeiniger Freund herzlich <strong>willkommen<\/strong>. F\u00fcr maximale Bewegungsfreiheit mieten Sie ein Ferienhaus mit umz\u00e4untem Garten.<\/p>\n\n\n\n<h3 class=\"wp-block-heading\">5. Im Urlaub wie\nzu Hause f\u00fchlen<\/h3>\n\n\n\n<figure class=\"wp-block-image image-border\"><img decoding=\"async\" loading=\"lazy\" width=\"2250\" height=\"1500\" src=\"https:\/\/www.interdomizil.de\/reisemagazin\/wp-content\/uploads\/DSC00430.jpg\" alt=\"Wohnbereich der FeWo 206180 in Warnem\u00fcnde\" class=\"wp-image-9825\" srcset=\"https:\/\/www.interdomizil.de\/reisemagazin\/wp-content\/uploads\/DSC00430.jpg 2250w, https:\/\/www.interdomizil.de\/reisemagazin\/wp-content\/uploads\/DSC00430-200x133.jpg 200w, https:\/\/www.interdomizil.de\/reisemagazin\/wp-content\/uploads\/DSC00430-500x333.jpg 500w, https:\/\/www.interdomizil.de\/reisemagazin\/wp-content\/uploads\/DSC00430-768x512.jpg 768w, https:\/\/www.interdomizil.de\/reisemagazin\/wp-content\/uploads\/DSC00430-720x480.jpg 720w, https:\/\/www.interdomizil.de\/reisemagazin\/wp-content\/uploads\/DSC00430-270x180.jpg 270w\" sizes=\"(max-width: 2250px) 100vw, 2250px\" \/><figcaption>sch\u00f6ner Wohnbereich der <a href=\"https:\/\/www.ferienwohnung-warnemuende.de\/ferienwohnung-warnemuende\/206180-1\" target=\"_blank\" rel=\"noreferrer noopener\" aria-label=\"FeWo 206180 in Warnem\u00fcnde (\u00f6ffnet in neuem Tab)\">FeWo 206180 in Warnem\u00fcnde<\/a> &#8211; Foto @InterDomizil GmbH  <\/figcaption><\/figure>\n\n\n\n<p>In einer <strong>Ferienwohnung<\/strong> genie\u00dfen Sie <strong>viel Privatsph\u00e4re<\/strong> und wohltuende Ruhe. F\u00fcr ein gemeinsames Brettspiel oder das gesellige Beisammensein m\u00fcssen Sie nicht in die Hotel-Lobby oder an die Bar gehen, sondern k\u00f6nnen es sich ganz ungest\u00f6rt <strong>im eigenen Wohnbereich gem\u00fctlich<\/strong> machen. Chips und Getr\u00e4nke holen Sie einfach aus der eigenen K\u00fcche. In einem freistehenden Ferienhaus k\u00f6nnen Sie sogar laut Musik h\u00f6ren, ohne dass im Nu die Nachbarn klingeln.<\/p>\n\n\n\n<p>F\u00fcr eine heimelige Atmosph\u00e4re, in der das Wohlf\u00fchlen leichtf\u00e4llt, sorgt die <strong><a href=\"https:\/\/www.interdomizil.de\/reisemagazin\/vermietertipps\/mit-diesen-ferienhaus-dekoration-ideen-eine-weihnachtliche-atmosphaere-schaffen\">individuelle Gestaltung der Ferienwohnungen.<\/a><\/strong> Bei Hotelzimmern gilt doch in vielen F\u00e4llen: Kennst du eins, kennst du alle. Private Vermieter von Ferienwohnungen legen dagegen oft gro\u00dfen Wert auf eine geschmackvolle Gestaltung mit liebevollen Details. So k\u00f6nnen Sie in einer Finca in Spanien perfekt ins mediterrane Lebensgef\u00fchl eintauchen, w\u00e4hrend das maritime Interieur eines reetgedeckten Ferienhauses auf R\u00fcgen keinen Zweifel daran l\u00e4sst, dass Sie Urlaub an der Ostsee machen.<\/p>\n\n\n\n<h5>Titelbild: <a href=\"https:\/\/www.interdomizil.de\/ferienhaus-lanzarote\/110068-6\" target=\"_blank\" rel=\"noreferrer noopener\" aria-label=\"Luxuri\u00f6se Ferienvilla in Playa Blanca (\u00f6ffnet in neuem Tab)\">Luxuri\u00f6se Ferienvilla in Playa Blanca<\/a> &#8211; Foto @InterDomizil GmbH<\/h5>\n","protected":false},"excerpt":{"rendered":"<p>Nat\u00fcrlich ist ein Hotelaufenthalt mit Voll- oder Halbpension und t\u00e4glichem Zimmerservice sehr komfortabel. Dennoch empfinden gerade viele Familien der Urlaub in einer Ferienwohnung deutlich luxuri\u00f6ser. Daf\u00fcr gibt es f\u00fcnf gute Gr\u00fcnde: 1. Entspannter Urlaub zum g\u00fcnstigen Preis Selbst perfekt ausgestattete Ferienwohnungen in bester Lage sind in der Regel deutlich g\u00fcnstiger als ein Hotel \u2013 vor<\/p>\n","protected":false},"author":61,"featured_media":9886,"comment_status":"closed","ping_status":"closed","sticky":false,"template":"","format":"standard","meta":{"footnotes":""},"categories":[977,11],"tags":[1442,959,834,1074,1441,952],"yoast_head":"<!-- This site is optimized with the Yoast SEO plugin v16.1.1 - https:\/\/yoast.com\/wordpress\/plugins\/seo\/ -->\n<title>Ferienwohnung versus Hotel: warum die private Unterkunft die Nase vorn hat &ndash; InterDomizil Reisemagazin<\/title>\n<meta name=\"description\" content=\"Urlaub in einer Ferienwohnung liegt voll im Trend \u2013 und du fragst dich noch, warum eigentlich? Wir finden: Die Vorteile liegen auf der Hand!\" \/>\n<link rel=\"canonical\" href=\"https:\/\/www.interdomizil.de\/reisemagazin\/reisetipps\/ferienwohnung-versus-hotel-warum-die-private-unterkunft-die-nase-vorn-hat\" \/>\n<meta name=\"twitter:label1\" content=\"Gesch\u00e4tzte Lesezeit\">\n\t<meta name=\"twitter:data1\" content=\"4\u00a0Minuten\">\n<script type=\"application\/ld+json\" class=\"yoast-schema-graph\">{\"@context\":\"https:\/\/schema.org\",\"@graph\":[{\"@type\":\"WebSite\",\"@id\":\"https:\/\/www.interdomizil.de\/reisemagazin\/#website\",\"url\":\"https:\/\/www.interdomizil.de\/reisemagazin\/\",\"name\":\"InterDomizil Reisemagazin\",\"description\":\"Reiseziele. Urlaubtipps. Sehenswertes.\",\"potentialAction\":[{\"@type\":\"SearchAction\",\"target\":\"https:\/\/www.interdomizil.de\/reisemagazin\/?s={search_term_string}\",\"query-input\":\"required name=search_term_string\"}],\"inLanguage\":\"de\"},{\"@type\":\"ImageObject\",\"@id\":\"https:\/\/www.interdomizil.de\/reisemagazin\/reisetipps\/ferienwohnung-versus-hotel-warum-die-private-unterkunft-die-nase-vorn-hat#primaryimage\",\"inLanguage\":\"de\",\"url\":\"https:\/\/www.interdomizil.de\/reisemagazin\/wp-content\/uploads\/villasdelanzarote-villa-lanzamar-playa-blanca-28-scaled.jpg\",\"contentUrl\":\"https:\/\/www.interdomizil.de\/reisemagazin\/wp-content\/uploads\/villasdelanzarote-villa-lanzamar-playa-blanca-28-scaled.jpg\",\"width\":2560,\"height\":1714,\"caption\":\"????????????????????????????????????\"},{\"@type\":\"WebPage\",\"@id\":\"https:\/\/www.interdomizil.de\/reisemagazin\/reisetipps\/ferienwohnung-versus-hotel-warum-die-private-unterkunft-die-nase-vorn-hat#webpage\",\"url\":\"https:\/\/www.interdomizil.de\/reisemagazin\/reisetipps\/ferienwohnung-versus-hotel-warum-die-private-unterkunft-die-nase-vorn-hat\",\"name\":\"Ferienwohnung versus Hotel: warum die private Unterkunft die Nase vorn hat &ndash; InterDomizil Reisemagazin\",\"isPartOf\":{\"@id\":\"https:\/\/www.interdomizil.de\/reisemagazin\/#website\"},\"primaryImageOfPage\":{\"@id\":\"https:\/\/www.interdomizil.de\/reisemagazin\/reisetipps\/ferienwohnung-versus-hotel-warum-die-private-unterkunft-die-nase-vorn-hat#primaryimage\"},\"datePublished\":\"2019-11-21T08:12:02+00:00\",\"dateModified\":\"2021-10-18T09:16:48+00:00\",\"author\":{\"@id\":\"https:\/\/www.interdomizil.de\/reisemagazin\/#\/schema\/person\/88e68aa5afdec9d042c8f78c340a2f6f\"},\"description\":\"Urlaub in einer Ferienwohnung liegt voll im Trend \\u2013 und du fragst dich noch, warum eigentlich? Wir finden: Die Vorteile liegen auf der Hand!\",\"breadcrumb\":{\"@id\":\"https:\/\/www.interdomizil.de\/reisemagazin\/reisetipps\/ferienwohnung-versus-hotel-warum-die-private-unterkunft-die-nase-vorn-hat#breadcrumb\"},\"inLanguage\":\"de\",\"potentialAction\":[{\"@type\":\"ReadAction\",\"target\":[\"https:\/\/www.interdomizil.de\/reisemagazin\/reisetipps\/ferienwohnung-versus-hotel-warum-die-private-unterkunft-die-nase-vorn-hat\"]}]},{\"@type\":\"BreadcrumbList\",\"@id\":\"https:\/\/www.interdomizil.de\/reisemagazin\/reisetipps\/ferienwohnung-versus-hotel-warum-die-private-unterkunft-die-nase-vorn-hat#breadcrumb\",\"itemListElement\":[{\"@type\":\"ListItem\",\"position\":1,\"item\":{\"@type\":\"WebPage\",\"@id\":\"https:\/\/www.interdomizil.de\/reisemagazin\/\",\"url\":\"https:\/\/www.interdomizil.de\/reisemagazin\/\",\"name\":\"Home\"}},{\"@type\":\"ListItem\",\"position\":2,\"item\":{\"@type\":\"WebPage\",\"@id\":\"https:\/\/www.interdomizil.de\/reisemagazin\/reisetipps\/ferienwohnung-versus-hotel-warum-die-private-unterkunft-die-nase-vorn-hat\",\"url\":\"https:\/\/www.interdomizil.de\/reisemagazin\/reisetipps\/ferienwohnung-versus-hotel-warum-die-private-unterkunft-die-nase-vorn-hat\",\"name\":\"Ferienwohnung versus Hotel: warum die private Unterkunft die Nase vorn hat\"}}]},{\"@type\":\"Person\",\"@id\":\"https:\/\/www.interdomizil.de\/reisemagazin\/#\/schema\/person\/88e68aa5afdec9d042c8f78c340a2f6f\",\"name\":\"Redaktion\"}]}<\/script>\n<!-- \/ Yoast SEO plugin. -->","_links":{"self":[{"href":"https:\/\/www.interdomizil.de\/reisemagazin\/wp-json\/wp\/v2\/posts\/9811"}],"collection":[{"href":"https:\/\/www.interdomizil.de\/reisemagazin\/wp-json\/wp\/v2\/posts"}],"about":[{"href":"https:\/\/www.interdomizil.de\/reisemagazin\/wp-json\/wp\/v2\/types\/post"}],"author":[{"embeddable":true,"href":"https:\/\/www.interdomizil.de\/reisemagazin\/wp-json\/wp\/v2\/users\/61"}],"replies":[{"embeddable":true,"href":"https:\/\/www.interdomizil.de\/reisemagazin\/wp-json\/wp\/v2\/comments?post=9811"}],"version-history":[{"count":16,"href":"https:\/\/www.interdomizil.de\/reisemagazin\/wp-json\/wp\/v2\/posts\/9811\/revisions"}],"predecessor-version":[{"id":11483,"href":"https:\/\/www.interdomizil.de\/reisemagazin\/wp-json\/wp\/v2\/posts\/9811\/revisions\/11483"}],"wp:featuredmedia":[{"embeddable":true,"href":"https:\/\/www.interdomizil.de\/reisemagazin\/wp-json\/wp\/v2\/media\/9886"}],"wp:attachment":[{"href":"https:\/\/www.interdomizil.de\/reisemagazin\/wp-json\/wp\/v2\/media?parent=9811"}],"wp:term":[{"taxonomy":"category","embeddable":true,"href":"https:\/\/www.interdomizil.de\/reisemagazin\/wp-json\/wp\/v2\/categories?post=9811"},{"taxonomy":"post_tag","embeddable":true,"href":"https:\/\/www.interdomizil.de\/reisemagazin\/wp-json\/wp\/v2\/tags?post=9811"}],"curies":[{"name":"wp","href":"https:\/\/api.w.org\/{rel}","templated":true}]}}