{"id":9158,"date":"2019-05-29T07:53:25","date_gmt":"2019-05-29T05:53:25","guid":{"rendered":"https:\/\/www.interdomizil.de\/reisemagazin\/?p=9158"},"modified":"2019-09-12T06:28:22","modified_gmt":"2019-09-12T04:28:22","slug":"ruegen-interessante-events-im-juni-fuer-familien-mit-kindern","status":"publish","type":"post","link":"https:\/\/www.interdomizil.de\/reisemagazin\/aktuelles\/ruegen-interessante-events-im-juni-fuer-familien-mit-kindern","title":{"rendered":"R\u00fcgen: Interessante Events im Juni f\u00fcr Familien mit Kindern"},"content":{"rendered":"<div class=\"twoclick_social_bookmarks_post_9158 social_share_privacy clearfix 1.6.4 locale-de_DE sprite-de_DE\"><\/div><div class=\"twoclick-js\"><script type=\"text\/javascript\">\/* <![CDATA[ *\/\njQuery(document).ready(function($){if($('.twoclick_social_bookmarks_post_9158')){$('.twoclick_social_bookmarks_post_9158').socialSharePrivacy({\"services\":{\"facebook\":{\"status\":\"on\",\"txt_info\":\"2 Klicks f\\u00fcr mehr Datenschutz: Erst wenn Sie hier klicken, wird der Button aktiv und Sie k\\u00f6nnen Ihre Empfehlung an Facebook senden. Schon beim Aktivieren werden <strong>Daten an Dritte \\u00fcbertragen<\\\/strong> - siehe <strong>i<\\\/strong>.\",\"perma_option\":\"off\",\"action\":\"like\",\"language\":\"de_DE\"},\"twitter\":{\"reply_to\":\"\",\"tweet_text\":\"%20R%C3%BCgen%3A%20Interessante%20Events%20im%20Juni%20f%C3%BCr%20Familien%20mit%20Kindern%20%C2%BB%20...\",\"status\":\"on\",\"txt_info\":\"2 Klicks f\\u00fcr mehr Datenschutz: Erst wenn Sie hier klicken, wird der Button aktiv und Sie k\\u00f6nnen Ihre Empfehlung an Twitter senden. Schon beim Aktivieren werden <strong>Daten an Dritte \\u00fcbertragen<\\\/strong> - siehe <strong>i<\\\/strong>.\",\"perma_option\":\"off\",\"language\":\"de\"},\"pinterest\":{\"status\":\"on\",\"the_excerpt\":\"R\\u00fcgen: Interessante Events im Juni f\\u00fcr Familien mit Kindern\",\"txt_info\":\"2 Klicks f\\u00fcr mehr Datenschutz: Erst wenn Sie hier klicken, wird der Button aktiv und Sie k\\u00f6nnen Ihre Empfehlung an Pinterest senden. Schon beim Aktivieren werden <strong>Daten an Dritte \\u00fcbertragen<\\\/strong> - siehe <strong>i<\\\/strong>.\",\"perma_option\":\"off\",\"media\":\"https:\\\/\\\/www.interdomizil.de\\\/reisemagazin\\\/wp-content\\\/uploads\\\/IMG_4755_FB-scaled.jpg\"}},\"txt_help\":\"Wenn Sie diese Felder durch einen Klick aktivieren, werden Informationen an Facebook, Twitter, Flattr, Xing, t3n, LinkedIn, Pinterest oder Google eventuell ins Ausland <strong>\\u00fcbertragen<\\\/strong> und unter Umst\\u00e4nden auch dort <strong>gespeichert<\\\/strong>. N\\u00e4heres erfahren Sie durch einen Klick auf das <em>i<\\\/em>.\",\"settings_perma\":\"Dauerhaft aktivieren und Daten\\u00fcber-tragung zustimmen:\",\"info_link\":\"http:\\\/\\\/www.heise.de\\\/ct\\\/artikel\\\/2-Klicks-fuer-mehr-Datenschutz-1333879.html\",\"uri\":\"https:\\\/\\\/www.interdomizil.de\\\/reisemagazin\\\/aktuelles\\\/ruegen-interessante-events-im-juni-fuer-familien-mit-kindern\",\"post_id\":9158,\"post_title_referrer_track\":\"R%C3%BCgen%3A+Interessante+Events+im+Juni+f%C3%BCr+Familien+mit+Kindern\",\"concat\":\"%3F\",\"display_infobox\":\"on\"});}});\n\/* ]]> *\/<\/script><\/div>\n<p>Die <strong>Insel R\u00fcgen<\/strong> ist in jeder Hinsicht eine Reise wert. Sie hat sich in den letzten Jahren kontinuierlich zu einer bedeutenden Urlaubsregion entwickelt. Im Fr\u00fchling verw\u00f6hnt Sie die Besucher mit einer nahezu un\u00fcberschaubaren Bl\u00fctenpracht. Das <strong>Angebot der Aktivit\u00e4ten<\/strong> auf der malerischen Insel ist \u00fcberaus <strong>vielf\u00e4ltig<\/strong>. Nicht nur f\u00fcr sportlich aktive oder naturinteressierte G\u00e4ste hat die Insel zahlreiche M\u00f6glichkeiten zu bieten. Urlaubsquartiere gibt es f\u00fcr jeden Geschmack und auch f\u00fcr jeden Geldbeutel.<\/p>\n\n\n\n<p><strong>Wir haben die spannendsten R\u00fcgen Events im Juni f\u00fcr Sie zusammengefasst \u2013 sehen Sie im Folgenden, was im Juni auf der Insel geboten wird. <\/strong> <\/p>\n\n\n\n<h3 class=\"wp-block-heading\"><strong>Gro\u00dfe R\u00fcgenrundfahrt \/ Kleinbustouren mit Reiseleiter Sven Vogel<\/strong> <\/h3>\n\n\n\n<p>Die Gro\u00dfe R\u00fcgenrundfahrt unter der Leitung des erfahrenen Reiseleiters Sven Vogel f\u00fchrt zu den touristischen Highlights der Insel. Sie besuchen unter anderem das Kap Arkona, das historische Fischerdorf Vitt, den sehenswerten Kreidefelsen K\u00f6nigsstuhl und die sch\u00f6ne Hafenstadt Sassnitz.  <\/p>\n\n\n\n<p>Genie\u00dfen Sie eine heitere und informative Inselrundfahrt in einer kleinen Gruppe bis zu sieben Personen.  <\/p>\n\n\n\n<p><strong>Datum:  01.06.2019 \/ 10:00 Uhr<br>Veranstaltungsort:  Glowe, Stra\u00dfe R\u00fcgen Radio 6<br>Dauer: 6,5 Stunden<br>Preis:  50,- EUR pro Person<\/strong><\/p>\n\n\n\n<h3 class=\"wp-block-heading\"><strong>Tr\u00f6delmarkt in Lauterbach am Hafen<\/strong> <\/h3>\n\n\n\n<p>Besuchen Sie den Markt und gehen Sie auf Entdeckungstour. Die vielen H\u00e4ndler aus der Umgebung gestalten den Hafen um in einen bunten Bazar und laden Sie zum Feilschen und Handeln ein. Auf den M\u00e4rkten erleben Sie lebendige Geschichte: Nutzen Sie die Gelegenheit und tauchen Sie ein in eine vergangene Zeit.  <\/p>\n\n\n\n<p>Wenn Sie Gl\u00fcck haben, finden Sie dort den einen oder anderen Schatz und ergattern ein wirkliches Schn\u00e4ppchen. Wer Interesse an alten und gut erhaltenen Dingen hat, wird auf jeden Fall auf seine Kosten kommen. \u00dcberzeugen Sie sich! Vorbeischauen lohnt sich, denn der Besuch wird sicher zum Erlebnis!<\/p>\n\n\n\n<p><strong>Datum:  02.06.2019 \/ 10:00 Uhr<br>Veranstaltungsort:  Lauterbach am Hafen, Hafenstra\u00dfe<br>Preis: 7,- EUR<\/strong><\/p>\n\n\n\n<h3 class=\"wp-block-heading\"><strong>Naturwanderung WeitSicht &#8211; Gr\u00fcner Wald auf wei\u00dfer Kreide<\/strong> <\/h3>\n\n\n\n<p>Haben Sie vielleicht Lust auf ein wenig Bewegung? Dann k\u00f6nnte die Rangerwanderung interessant f\u00fcr Sie sein. Hier wandern Sie gemeinsam mit dem Ranger entlang des Hochuferwegs von Lohme zum eindrucksvollen Nationalpark-Zentrum K\u00f6nigsstuhl. Genie\u00dfen Sie eine unbeschwerte Zeit in der freien Natur.  <\/p>\n\n\n\n<p><strong>Treffpunkt: Touristinfo Lohme Haus Linde<br>Datum: 05.06.2019 \/ 10:30 Uhr<br>Veranstaltungsort: Lohme, Arkonastr. 31<br>Dauer:   zwei Stunden<br>Preis: kostenlos<\/strong><\/p>\n\n\n\n<h3 class=\"wp-block-heading\"><strong>Waldwandel(n) im Nationalpark<\/strong> <\/h3>\n\n\n\n<p>Bei dieser interessanten Wanderung sind Sie unterwegs mit dem erfahrenen Ranger vom Treffpunkt Parkplatz Hagen durch den sehenswerten Nationalpark Jasmund weiter zum Naturparadies Nationalpark-Zentrum K\u00f6nigsstuhl. Die L\u00e4nge der Wanderung betr\u00e4gt etwa 3,5 Kilometer.  <\/p>\n\n\n\n<p><strong>Treffpunkt: Am Parkplatz Hagen Stubbenkammerstr. 57 beim Sanit\u00e4rgeb\u00e4ude<br>Datum:   06.06.2019 \/ 12:30 Uhr<br>Veranstaltungsort: Hagen, Stubbenkammderstr. 57<br>Dauer: etwa zwei Stunden<br>Kosten: kostenlos<\/strong><\/p>\n\n\n\n<h3 class=\"wp-block-heading\"><strong>Hanomag-Jeep-Safari: Nord-Muttland<\/strong> <\/h3>\n\n\n\n<p>Bereisen Sie eine idyllische aber dennoch nahezu unbekannte Region der Insel R\u00fcgen &#8211; das n\u00f6rdliche Muttland. Auf anspruchsvollen Wegen des Jasmunder Boddens entf\u00fchrt Sie die Jeep-Safari auf die beiden Halbinseln Lebbin und Liddow.  <\/p>\n\n\n\n<p>Genie\u00dfen Sie die wunderbaren Aussichtspunkte, die alten Gutsh\u00e4user, die gut erhaltenen Kirchen und die sehenswerten Gro\u00dfsteingr\u00e4ber.  <\/p>\n\n\n\n<p><strong>Datum: 01.01.2019 &#8211; 31.08.2019<br>Abfahrt:  Haus des Gastes Binz \/ 10:15 Uhr<br>Dauer: sieben Stunden<\/strong><\/p>\n\n\n\n<p><strong>Anmeldung<\/strong>: Info und Anmeldung bei der Kurverwaltung oder unter 0171 7430964<\/p>\n\n\n\n<p><strong>Durchf\u00fchrung<\/strong>: Mindestteilnehmerzahl zur Durchf\u00fchrung einer Tour: f\u00fcnf  Erwachsene.  <\/p>\n\n\n\n<p>F\u00fcr Gruppen ab f\u00fcnf Erwachsenen individuelle Termine, Zeiten und  Touren m\u00f6glich.<\/p>\n\n\n\n<p><strong>Preis:  Erwachsene 89 \u20ac | Kinder (bis 12 J.) 35 \u20ac | Info: 038393-148148  Voranmeldung erforderlich | Buchung im Haus des Gastes<\/strong><\/p>\n\n\n\n<h3 class=\"wp-block-heading\"><strong>Fotoworkshop: Naturfotografie, Blumen, Bl\u00fcten<\/strong> <\/h3>\n\n\n\n<p>Ein toller Workshop f\u00fcr fotobegeisterte Naturfreunde einschlie\u00dflich Anf\u00e4nger und Einsteiger. Nach einem Kennenlernen und einem Technikcheck werden einige Grundlagen der Fotografie erkl\u00e4rt. So zum Beispiel die Wirkung der Blende, Belichtung, ISO, Fokus, Weissabgleich etc..  <\/p>\n\n\n\n<p>Im praktischen Teil wird im Zuge eines Spaziergangs die Florawelt am Schmachter See n\u00e4her unter die Lupe genommen. <\/p>\n\n\n\n<p>Mitzubringen sind Kamera oder Handy, gute Laune und wetterkonforme Kleidung. Geeignet ist der Workshop f\u00fcr jeden Fotointeressierten, insbesondere Anf\u00e4nger und Einsteiger  <\/p>\n\n\n\n<p><strong>Datum:  21.06.2019 \/ 14:00 Uhr<br>Veranstaltungsort:  Schmachter See, Br\u00fccke\/ Steg<br>Preis:  49,- EUR (Buchung im Haus des Gastes)<\/strong><\/p>\n\n\n\n<h3 class=\"wp-block-heading\"><strong>Wanderung zum Pfad der Baumwipfel <\/strong> <\/h3>\n\n\n\n<p>Vom Start bei der Kurverwaltung Binz f\u00fchrt der Weg zum traumhaften Schmachter See. An seinem Nordufer entlang begibt sich die Gruppe auf Entdeckungstour in die Hangbuchenw\u00e4lder der Fangerien, wo eindrucksvolle Baumriesen und geheimnisvolle Quellen dem Waldgebiet eine eigene und besondere Atmosph\u00e4re verleihen.  <\/p>\n\n\n\n<p>\u00dcber einen Umweg, bei dem man den Blick \u00fcber die herrliche Landschaft schweifen lassen kann, geht es durch die Dollahner H\u00f6hen zum Zentrum R\u00fcgen mit seinem lehrreichen Baumwipfelpfad.  <\/p>\n\n\n\n<p><strong>Datum:  21.06. \/ 10:00 Uhr  <br>Veranstaltungsort: Haus des Gastes, Kurverwaltung<br>Anmeldung: info@nezr.de oder telefonisch: 038393 662200<br>Preis: Erwachsene 10,- \u20ac, Kinder (6-14 Jahre) 8-, \u20ac \/ bei Familien zahlen die  Eltern und das erste Kind, jedes weitere Kind ist frei<\/strong><\/p>\n\n\n\n<h3 class=\"wp-block-heading\">Wander-Trekking-Tour: Vom Kreideabbau zum Biotop <\/h3>\n\n\n\n<p>Auf einer bet\u00f6renden Wanderung durch den Nationalpark Jasmund, entlang des Hochuferweges der Kreidek\u00fcste und des Feuersteinstrandes und vorbei an germanischen Wallanlagen erleben die Teilnehmer herrliche Ausblicke auf die Kreidek\u00fcste und das Meer. Mittags gibt es im Naturerlebniscamp Birkengrund einen Imbiss sowie Getr\u00e4nke und Kaffee.  <\/p>\n\n\n\n<p>Die G\u00e4ste werden mit einem Hanomag-Kraftwagen zum Kreidesee Wittenfelde und dem Kreidetagebau Promoisel gefahren und erfahren alles \u00fcber den Kreideabbau.  <\/p>\n\n\n\n<p><strong>Datum:  01.05.2019 &#8211; 31.08.2019 \/ 10:00 Uhr<br>Treffpunkt: Haus des Gastes<br>Buchung: im Haus des Gastes<br>Preis:  59,- \u20ac inkl. Imbiss, Getr\u00e4nke + Transfer  <br>Info unter 038393-148148 | Voranmeldung erforderlich  <\/strong><\/p>\n\n\n\n<h3 class=\"wp-block-heading\">Hanomag-Jeep-Safari: Halbinsel Jasmund <\/h3>\n\n\n\n<p>Auf der \u201eJasmund-Tour\u201c entdecken Sie den Urwald des Nationalparks Jasmund mit der Kreidek\u00fcste, die versteckten Kreideseen und den Kreidetagebau mit herrlichem Ausblick \u00fcber die halbe Insel. Zus\u00e4tzlich werden die Teilnehmer in die Jungsteinzeit entf\u00fchrt mit Gro\u00dfsteingr\u00e4bern und einem gruseligen Opferstein mit Blutrinne.  <\/p>\n\n\n\n<p>Mittags st\u00e4rken Sie sich bei einer Erbsensuppe und Getr\u00e4nken und unterwegs werden Sie an besonderen Orten mit Sanddornlik\u00f6r und Met \u00fcberrascht.<\/p>\n\n\n\n<p><strong>Datum: 01.01.2019 &#8211; 31.08.2019 \/ 10:15 Uhr \/ jeden Samstag<br>Veranstaltungsort:  Sassnitz<br>Abfahrt:  11:00 Uhr Haus des Gastes Binz<br>Dauer:  7 Stunden  <br>Info &amp; Anmeldung: Kurverwaltung oder unter 0171 7430964<br>Preis:  Erwachsene 89,- \u20ac | Kinder (bis 12 J.) 35,- \u20ac | Info: 038393-148148  Voranmeldung erforderlich |<\/strong><\/p>\n\n\n\n<p><strong>Teilnehmer<\/strong>: Mindestteilnehmerzahl zur Durchf\u00fchrung einer Tour: f\u00fcnf  Erwachsene. F\u00fcr Gruppen ab f\u00fcnf Erwachsenen individuelle Termine,  Zeiten und Touren m\u00f6glich.<\/p>\n","protected":false},"excerpt":{"rendered":"<p>Die Insel R\u00fcgen ist in jeder Hinsicht eine Reise wert. Sie hat sich in den letzten Jahren kontinuierlich zu einer bedeutenden Urlaubsregion entwickelt. Im Fr\u00fchling verw\u00f6hnt Sie die Besucher mit einer nahezu un\u00fcberschaubaren Bl\u00fctenpracht. Das Angebot der Aktivit\u00e4ten auf der malerischen Insel ist \u00fcberaus vielf\u00e4ltig. Nicht nur f\u00fcr sportlich aktive oder naturinteressierte G\u00e4ste hat die<\/p>\n","protected":false},"author":61,"featured_media":9165,"comment_status":"closed","ping_status":"closed","sticky":false,"template":"","format":"standard","meta":{"footnotes":""},"categories":[977,11],"tags":[565,1299,1052,562,1319,1295,560,978,976],"yoast_head":"<!-- This site is optimized with the Yoast SEO plugin v16.1.1 - https:\/\/yoast.com\/wordpress\/plugins\/seo\/ -->\n<title>R\u00fcgen: Interessante Events im Juni f\u00fcr Familien mit Kindern &ndash; InterDomizil Reisemagazin<\/title>\n<meta name=\"description\" content=\"Juni Veranstaltungen auf R\u00fcgen: Interessante Events im Juni f\u00fcr Familien mit Kindern! Wir stellen Euch die besten R\u00fcgen Events f\u00fcr den Juni vor...\" \/>\n<link rel=\"canonical\" href=\"https:\/\/www.interdomizil.de\/reisemagazin\/aktuelles\/ruegen-interessante-events-im-juni-fuer-familien-mit-kindern\" \/>\n<meta name=\"twitter:label1\" content=\"Gesch\u00e4tzte Lesezeit\">\n\t<meta name=\"twitter:data1\" content=\"5\u00a0Minuten\">\n<script type=\"application\/ld+json\" class=\"yoast-schema-graph\">{\"@context\":\"https:\/\/schema.org\",\"@graph\":[{\"@type\":\"WebSite\",\"@id\":\"https:\/\/www.interdomizil.de\/reisemagazin\/#website\",\"url\":\"https:\/\/www.interdomizil.de\/reisemagazin\/\",\"name\":\"InterDomizil Reisemagazin\",\"description\":\"Reiseziele. Urlaubtipps. Sehenswertes.\",\"potentialAction\":[{\"@type\":\"SearchAction\",\"target\":\"https:\/\/www.interdomizil.de\/reisemagazin\/?s={search_term_string}\",\"query-input\":\"required name=search_term_string\"}],\"inLanguage\":\"de\"},{\"@type\":\"ImageObject\",\"@id\":\"https:\/\/www.interdomizil.de\/reisemagazin\/aktuelles\/ruegen-interessante-events-im-juni-fuer-familien-mit-kindern#primaryimage\",\"inLanguage\":\"de\",\"url\":\"https:\/\/www.interdomizil.de\/reisemagazin\/wp-content\/uploads\/IMG_4755_FB-scaled.jpg\",\"contentUrl\":\"https:\/\/www.interdomizil.de\/reisemagazin\/wp-content\/uploads\/IMG_4755_FB-scaled.jpg\",\"width\":2560,\"height\":2560},{\"@type\":\"WebPage\",\"@id\":\"https:\/\/www.interdomizil.de\/reisemagazin\/aktuelles\/ruegen-interessante-events-im-juni-fuer-familien-mit-kindern#webpage\",\"url\":\"https:\/\/www.interdomizil.de\/reisemagazin\/aktuelles\/ruegen-interessante-events-im-juni-fuer-familien-mit-kindern\",\"name\":\"R\\u00fcgen: Interessante Events im Juni f\\u00fcr Familien mit Kindern &ndash; InterDomizil Reisemagazin\",\"isPartOf\":{\"@id\":\"https:\/\/www.interdomizil.de\/reisemagazin\/#website\"},\"primaryImageOfPage\":{\"@id\":\"https:\/\/www.interdomizil.de\/reisemagazin\/aktuelles\/ruegen-interessante-events-im-juni-fuer-familien-mit-kindern#primaryimage\"},\"datePublished\":\"2019-05-29T05:53:25+00:00\",\"dateModified\":\"2019-09-12T04:28:22+00:00\",\"author\":{\"@id\":\"https:\/\/www.interdomizil.de\/reisemagazin\/#\/schema\/person\/88e68aa5afdec9d042c8f78c340a2f6f\"},\"description\":\"Juni Veranstaltungen auf R\\u00fcgen: Interessante Events im Juni f\\u00fcr Familien mit Kindern! Wir stellen Euch die besten R\\u00fcgen Events f\\u00fcr den Juni vor...\",\"breadcrumb\":{\"@id\":\"https:\/\/www.interdomizil.de\/reisemagazin\/aktuelles\/ruegen-interessante-events-im-juni-fuer-familien-mit-kindern#breadcrumb\"},\"inLanguage\":\"de\",\"potentialAction\":[{\"@type\":\"ReadAction\",\"target\":[\"https:\/\/www.interdomizil.de\/reisemagazin\/aktuelles\/ruegen-interessante-events-im-juni-fuer-familien-mit-kindern\"]}]},{\"@type\":\"BreadcrumbList\",\"@id\":\"https:\/\/www.interdomizil.de\/reisemagazin\/aktuelles\/ruegen-interessante-events-im-juni-fuer-familien-mit-kindern#breadcrumb\",\"itemListElement\":[{\"@type\":\"ListItem\",\"position\":1,\"item\":{\"@type\":\"WebPage\",\"@id\":\"https:\/\/www.interdomizil.de\/reisemagazin\/\",\"url\":\"https:\/\/www.interdomizil.de\/reisemagazin\/\",\"name\":\"Home\"}},{\"@type\":\"ListItem\",\"position\":2,\"item\":{\"@type\":\"WebPage\",\"@id\":\"https:\/\/www.interdomizil.de\/reisemagazin\/aktuelles\/ruegen-interessante-events-im-juni-fuer-familien-mit-kindern\",\"url\":\"https:\/\/www.interdomizil.de\/reisemagazin\/aktuelles\/ruegen-interessante-events-im-juni-fuer-familien-mit-kindern\",\"name\":\"R\\u00fcgen: Interessante Events im Juni f\\u00fcr Familien mit Kindern\"}}]},{\"@type\":\"Person\",\"@id\":\"https:\/\/www.interdomizil.de\/reisemagazin\/#\/schema\/person\/88e68aa5afdec9d042c8f78c340a2f6f\",\"name\":\"Redaktion\"}]}<\/script>\n<!-- \/ Yoast SEO plugin. -->","_links":{"self":[{"href":"https:\/\/www.interdomizil.de\/reisemagazin\/wp-json\/wp\/v2\/posts\/9158"}],"collection":[{"href":"https:\/\/www.interdomizil.de\/reisemagazin\/wp-json\/wp\/v2\/posts"}],"about":[{"href":"https:\/\/www.interdomizil.de\/reisemagazin\/wp-json\/wp\/v2\/types\/post"}],"author":[{"embeddable":true,"href":"https:\/\/www.interdomizil.de\/reisemagazin\/wp-json\/wp\/v2\/users\/61"}],"replies":[{"embeddable":true,"href":"https:\/\/www.interdomizil.de\/reisemagazin\/wp-json\/wp\/v2\/comments?post=9158"}],"version-history":[{"count":6,"href":"https:\/\/www.interdomizil.de\/reisemagazin\/wp-json\/wp\/v2\/posts\/9158\/revisions"}],"predecessor-version":[{"id":9172,"href":"https:\/\/www.interdomizil.de\/reisemagazin\/wp-json\/wp\/v2\/posts\/9158\/revisions\/9172"}],"wp:featuredmedia":[{"embeddable":true,"href":"https:\/\/www.interdomizil.de\/reisemagazin\/wp-json\/wp\/v2\/media\/9165"}],"wp:attachment":[{"href":"https:\/\/www.interdomizil.de\/reisemagazin\/wp-json\/wp\/v2\/media?parent=9158"}],"wp:term":[{"taxonomy":"category","embeddable":true,"href":"https:\/\/www.interdomizil.de\/reisemagazin\/wp-json\/wp\/v2\/categories?post=9158"},{"taxonomy":"post_tag","embeddable":true,"href":"https:\/\/www.interdomizil.de\/reisemagazin\/wp-json\/wp\/v2\/tags?post=9158"}],"curies":[{"name":"wp","href":"https:\/\/api.w.org\/{rel}","templated":true}]}}