{"id":9065,"date":"2019-04-30T05:42:33","date_gmt":"2019-04-30T03:42:33","guid":{"rendered":"https:\/\/www.interdomizil.de\/reisemagazin\/?p=9065"},"modified":"2019-09-12T06:28:39","modified_gmt":"2019-09-12T04:28:39","slug":"events-auf-ruegen-interessante-veranstaltungen-im-mai-fuer-familien","status":"publish","type":"post","link":"https:\/\/www.interdomizil.de\/reisemagazin\/aktuelles\/events-auf-ruegen-interessante-veranstaltungen-im-mai-fuer-familien","title":{"rendered":"Events auf R\u00fcgen: Interessante Veranstaltungen im Mai f\u00fcr Familien"},"content":{"rendered":"<div class=\"twoclick_social_bookmarks_post_9065 social_share_privacy clearfix 1.6.4 locale-de_DE sprite-de_DE\"><\/div><div class=\"twoclick-js\"><script type=\"text\/javascript\">\/* <![CDATA[ *\/\njQuery(document).ready(function($){if($('.twoclick_social_bookmarks_post_9065')){$('.twoclick_social_bookmarks_post_9065').socialSharePrivacy({\"services\":{\"facebook\":{\"status\":\"on\",\"txt_info\":\"2 Klicks f\\u00fcr mehr Datenschutz: Erst wenn Sie hier klicken, wird der Button aktiv und Sie k\\u00f6nnen Ihre Empfehlung an Facebook senden. Schon beim Aktivieren werden <strong>Daten an Dritte \\u00fcbertragen<\\\/strong> - siehe <strong>i<\\\/strong>.\",\"perma_option\":\"off\",\"action\":\"like\",\"language\":\"de_DE\"},\"twitter\":{\"reply_to\":\"\",\"tweet_text\":\"%20Events%20auf%20R%C3%BCgen%3A%20Interessante%20Veranstaltungen%20im%20Mai%20f%C3%BCr%20Familien%20%C2%BB%20...\",\"status\":\"on\",\"txt_info\":\"2 Klicks f\\u00fcr mehr Datenschutz: Erst wenn Sie hier klicken, wird der Button aktiv und Sie k\\u00f6nnen Ihre Empfehlung an Twitter senden. Schon beim Aktivieren werden <strong>Daten an Dritte \\u00fcbertragen<\\\/strong> - siehe <strong>i<\\\/strong>.\",\"perma_option\":\"off\",\"language\":\"de\"},\"pinterest\":{\"status\":\"on\",\"the_excerpt\":\"Events auf R\\u00fcgen: Interessante Veranstaltungen im Mai f\\u00fcr Familien\",\"txt_info\":\"2 Klicks f\\u00fcr mehr Datenschutz: Erst wenn Sie hier klicken, wird der Button aktiv und Sie k\\u00f6nnen Ihre Empfehlung an Pinterest senden. Schon beim Aktivieren werden <strong>Daten an Dritte \\u00fcbertragen<\\\/strong> - siehe <strong>i<\\\/strong>.\",\"perma_option\":\"off\",\"media\":\"https:\\\/\\\/www.interdomizil.de\\\/reisemagazin\\\/wp-content\\\/uploads\\\/20190208_120319-01-scaled.jpeg\"}},\"txt_help\":\"Wenn Sie diese Felder durch einen Klick aktivieren, werden Informationen an Facebook, Twitter, Flattr, Xing, t3n, LinkedIn, Pinterest oder Google eventuell ins Ausland <strong>\\u00fcbertragen<\\\/strong> und unter Umst\\u00e4nden auch dort <strong>gespeichert<\\\/strong>. N\\u00e4heres erfahren Sie durch einen Klick auf das <em>i<\\\/em>.\",\"settings_perma\":\"Dauerhaft aktivieren und Daten\\u00fcber-tragung zustimmen:\",\"info_link\":\"http:\\\/\\\/www.heise.de\\\/ct\\\/artikel\\\/2-Klicks-fuer-mehr-Datenschutz-1333879.html\",\"uri\":\"https:\\\/\\\/www.interdomizil.de\\\/reisemagazin\\\/aktuelles\\\/events-auf-ruegen-interessante-veranstaltungen-im-mai-fuer-familien\",\"post_id\":9065,\"post_title_referrer_track\":\"Events+auf+R%C3%BCgen%3A+Interessante+Veranstaltungen+im+Mai+f%C3%BCr+Familien\",\"concat\":\"%3F\",\"display_infobox\":\"on\"});}});\n\/* ]]> *\/<\/script><\/div>\n<p>Die Insel R\u00fcgen ist zu jeder Jahreszeit eine Reise wert. Im Fr\u00fchling erwartet Sie eine ungeahnte Bl\u00fctenpracht. Wenn die Natur in den Fr\u00fchlingsmonaten zum Leben erwacht, wirkt das Naturparadies der Ostseeinsel noch sch\u00f6ner. Nicht nur f\u00fcr sportlich aktive oder naturbegeisterte Urlauber hat die Insel zahlreiche Unternehmungsm\u00f6glichkeiten zu bieten, auch f\u00fcr Familien werden auf R\u00fcgen interessante Events angeboten. Wir haben die spannendsten R\u00fcgen Events im Mai f\u00fcr Sie zusammengefasst \u2013 sehen Sie nachfolgend, was im Wonnemonat auf der Insel geboten wird.<\/p>\n\n\n\n<h3 class=\"wp-block-heading\">1. Vogelwanderung \u00fcber die DBU-Naturerbefl\u00e4che in Prora<\/h3>\n\n\n\n<p>Die DBU-Naturerbefl\u00e4che in Prora beeindruckt auf einer Fl\u00e4che von rund 1900 Hektar mit einer unvergleichlichen Artenvielfalt und bietet f\u00fcr viele seltene Tier- sowie Pflanzenarten den optimalen Lebensraum. Durch seine Strukturvielfalt stellt die DBU-Naturerbefl\u00e4che die ideale Umgebung f\u00fcr verschiedene Vogelarten dar. Auf einer gef\u00fchrten Vogelwanderung lernen Sie die Vielfalt von Prora kennen und k\u00f6nnen mit ein bisschen Gl\u00fcck auch die dort beheimateten Vogelarten beobachten.<\/p>\n\n\n\n<p><strong>Datum<\/strong>:         01.05.2019<br> <strong>Veranstaltungsort<\/strong>:     Naturerbe Zentrum R\u00fcgen in Prora<br> <strong>Preis<\/strong>:     Erwachsene 10 Euro, Kinder von 6 bis 14 Jahre 8 Euro (zweites Kind und jedes weitere frei)<\/p>\n\n\n\n<h3 class=\"wp-block-heading\">2. Historische Schulstunde im Schulmuseum in Middelhagen<\/h3>\n\n\n\n<p>Erbaut wurde das historische Schulhaus im Jahr 1825. Ungef\u00e4hr 150 Jahre wurden die Kinder von Middelhagen vom Dorfschullehrer in dem kleinen Schulhaus unterrichtet. Inzwischen wird das Geb\u00e4ude nicht mehr als Schule genutzt und beheimatet stattdessen ein Schulmuseum. Ab April hat das historische Schulmuseum in Middelhagen wieder seine Pforten f\u00fcr Besucher ge\u00f6ffnet. Immer Mittwochs k\u00f6nnen interessierte Besucher zudem eine historische Schulstunde in einem Original-Klassenzimmer aus dem Jahr 1825 miterleben. Sehen Sie, wie sich der Unterricht in einer Einklassenschule gestaltete und tauchen Sie ein in die Historie der charmanten Schule.<\/p>\n\n\n\n<p><strong>Datum<\/strong>:         01.05.2019 um 11 Uhr<br> <strong>Veranstaltungsort<\/strong>:     Schulmuseum in Middelhagen<\/p>\n\n\n\n<h3 class=\"wp-block-heading\">3. Sitzkissenkonzert \u201eDie kleine Zauberfl\u00f6te\u201c<\/h3>\n\n\n\n<p>Das Sitzkissenkonzert \u201eDie kleine Zauberfl\u00f6te\u201c ist eines der R\u00fcgen Events speziell f\u00fcr Kinder ab f\u00fcnf Jahren. Beauftragt von der K\u00f6nigin begeben sich Prinz Tamino und der Vogelf\u00e4nger Papageno zu einer abenteuerlichen Reise auf, um die Prinzessin Pamina zu retten. Was es mit der Zauberfl\u00f6te auf sich hat und ob sie es schaffen die Prinzessin zu retten, erfahren die kleinen Zuschauer am 2. Mai in Stralsund.<\/p>\n\n\n\n<p><strong>Datum<\/strong>:            02.05.2019 <br> <strong>Veranstaltungsort<\/strong>:     Theater Stralsund<\/p>\n\n\n\n<h3 class=\"wp-block-heading\">4. Meerestierf\u00fctterung im Nationalpark-Zentrum K\u00f6nigsstuhl<\/h3>\n\n\n\n<p>Die Meerestierf\u00fctterung im Nationalpark-Zentrum K\u00f6nigsstuhl in Sassnitz ist ein Highlight f\u00fcr Gro\u00df und Klein gleicherma\u00dfen. Wenn Sie sich f\u00fcr die Meerestiere der Ostsee interessieren und mehr \u00fcber die dort lebenden Fische erfahren m\u00f6chten, dann sollten Sie sich die F\u00fchrung zu den Aquarien nicht entgehen lassen.<\/p>\n\n\n\n<p><strong>Datum<\/strong>:          02.05.2019  <br> <strong>Veranstaltungsort<\/strong>:    Sassnitz<\/p>\n\n\n\n<h3 class=\"wp-block-heading\">5. Filmevent Kino unter Walen<\/h3>\n\n\n\n<p>Die International Ocean Film Tour bringt die einzigartige Sch\u00f6nheit des Meeres und ihrer Bewohner auf die Kinoleinwand. Das Programm des Filmevents beinhaltet mehrere Kurzfilme, die eine Gesamtlaufzeit von ungef\u00e4hr zwei Stunden aufweisen. Von atemberaubender Action bis hin zu spektakul\u00e4ren Abenteuern rund um das Thema Ozean ist f\u00fcr jeden Zuschauer etwas dabei. <\/p>\n\n\n\n<p><strong>Datum<\/strong>:            03.05.2019<br> <strong>Veranstaltungsort<\/strong>:     Ozeaneum Stralsund<\/p>\n\n\n\n<h3 class=\"wp-block-heading\">6. Die R\u00fcckkehr der Flossenf\u00fc\u00dfer<\/h3>\n\n\n\n<p>Die Wanderung f\u00fchrt zu den historischen Liegepl\u00e4tzen der Robben, die nun an die K\u00fcsten der Ostsee zur\u00fcckkehren. Mit einer Kurkarte ist die Wanderung kostenfrei, ohne Kurkarte fallen f\u00fcr diesen erstklassigen Ausflug 5 Euro an.<\/p>\n\n\n\n<p><strong>Datum<\/strong>:         09.05.2019<br> <strong>Veranstaltungsort<\/strong>:     Ostseebad Sellin<\/p>\n\n\n\n<h3 class=\"wp-block-heading\">7. Kuttersegeln Rund um die Insel Vilm<\/h3>\n\n\n\n<p>Gemeinsam mit den erfahrenen Skippern der Segelschule Wasserferienwelt in Lauterbach segeln Sie von der Im-jaich Marina hinaus auf den R\u00fcgener Bodden und rund um die Insel Vilm. <\/p>\n\n\n\n<p><strong>Datum<\/strong>:         vom 01.05. bis 15.10.2019 nach Voranmeldung bei gutem Wetter<br> <strong>Veranstaltungsort<\/strong>:    Segelschule Wasserferienwelt Lauterbauch<\/p>\n\n\n\n<h3 class=\"wp-block-heading\">8. R\u00fcgen Markt<\/h3>\n\n\n\n<p>Immer donnerstags pr\u00e4sentieren auf dem R\u00fcgen Markt mehr als 100 Kunsthandwerker und Produzenten aus der Region ihre handgefertigten und einzigartigen Produkte. <\/p>\n\n\n\n<p><strong>Datum<\/strong>:         09.05.2019<br> <strong>Veranstaltungsort<\/strong>:    Hafen Thiessow<\/p>\n\n\n\n<h3 class=\"wp-block-heading\">9. Muttertags-Werkstatt im Nationalpark-Zentrum K\u00f6nigsstuhl<\/h3>\n\n\n\n<p>In der Muttertags-Werkstatt k\u00f6nnen Kinder eine tolle \u00dcberraschung f\u00fcr den Muttertag basteln. Ob eine Gru\u00dfkarte mit pers\u00f6nlicher Widmung oder ein selbst gebasteltes Filzherz, der Kreativit\u00e4t sind hier keine Grenzen gesetzt. <\/p>\n\n\n\n<p><strong>Datum<\/strong>:            10.05.2019      <br> <strong>Veranstaltungsort<\/strong>:     Sassnitz<\/p>\n\n\n\n<h3 class=\"wp-block-heading\">10. Streetfoodfestival im Seepark Sellin<\/h3>\n\n\n\n<p>Vom 10. bis 12. Mai k\u00f6nnen sich gro\u00dfe und kleine Gourmets durch die K\u00f6stlichkeiten der Welt probieren. Exotische Gew\u00fcrze, frisch gebackene Spezialit\u00e4ten und einzigartige Gerichte erwarten Sie auf dem Streetfoodfestival im Seepark Sellin.<\/p>\n\n\n\n<p><strong>Datum<\/strong>:            10. bis 12.05.2019<br> <strong>Veranstaltungsort<\/strong>:    Ostseebad Sellin<\/p>\n\n\n\n<h3 class=\"wp-block-heading\">11. Natur-Werkstatt Bernsteinschleifen im Naturerbe Zentrum R\u00fcgen <\/h3>\n\n\n\n<p>Das \u201eGold der Ostsee\u201c wie Bernstein auch genannt wird, erfreut sich noch immer gro\u00dfer Beliebtheit. Mit etwas Gl\u00fcck k\u00f6nnen Sie am Ostseestrand auch das eine oder andere St\u00fcck Bernstein finden. In der Natur-Werkstatt im Naturerbe Zentrum R\u00fcgen k\u00f6nnen Sie sich dem Schleifen von Rohbernstein widmen und individuelle Schmuckst\u00fccke anfertigen. Ob als Schmuckstein f\u00fcr einen Ring oder als Anh\u00e4nger f\u00fcr eine Halskette, kreieren Sie Ihr Schmuckst\u00fcck nach Ihren Vorstellungen.<\/p>\n\n\n\n<p><strong>Datum<\/strong>:            14.05.2019  <br> <strong>Veranstaltungsort<\/strong>:    Prora<\/p>\n\n\n\n<h3 class=\"wp-block-heading\">12. Weltmuseumstag \u201eMuseen \u2013 Zukunft lebendiger Tradition\u201c<\/h3>\n\n\n\n<p>Der Weltmuseumstag bietet sowohl f\u00fcr Erwachsene als auch Kinder spannende Einblicke in das Stralsund Museum. Auftakt des Events gibt ein Vortrag der Historikerin Dorina Kasten, die das immaterielle Kulturerbe des Museums in den Mittelpunkt stellt. Um 14 Uhr k\u00f6nnen sich die kleinen Besucher des Weltmuseumstags in Begleitung der Museumsp\u00e4dagogin Angela Grigutsch auf eine Erkundungstour durch das Katharinenkloster begeben. F\u00fcr die Erwachsenen wird ebenfalls um 14 Uhr eine F\u00fchrung durch die Fayenceausstellung angeboten, wo Sie alles Wissenswerte rund um das \u201ePorzellan des kleinen Mannes\u201c erfahren. Ab 15 Uhr pr\u00e4sentiert die Museumschefin Dr. Maren Heun zudem interessierten Besuchern die sch\u00f6nsten St\u00fccke des Museums. F\u00fcr das leibliche Wohl ist ebenfalls gesorgt. <\/p>\n\n\n\n<p><strong>Datum<\/strong>:            19.05.2019<br> <strong>Veranstaltungsort<\/strong>:    Stralsund Museum Katharinenkloster<\/p>\n\n\n\n<h3 class=\"wp-block-heading\">13. R\u00fcgenclassics Rallye <\/h3>\n\n\n\n<p>Auch in diesem Jahr treffen sich Oldtimer-Freunde aus ganz Deutschland, um ihre historischen Fahrzeuge bei der sch\u00f6nsten und gr\u00f6\u00dften Inselrallye des Landes zu pr\u00e4sentieren. Zugelassen zur R\u00fcgenclassics Rallye sind Oldtimer bis Baujahr 1988 sowie nach Absprache auch Youngtimer. Die Teilnehmer der dreit\u00e4gigen Inselrallye fahren mit ihren historischen Vehikeln \u00fcber die Insel R\u00fcgen und zeigen, was die Oldtimer noch immer in sich haben. Interessierte Besucher und Oldtimer-Liebhaber k\u00f6nnen an den Stopp- und Pr\u00e4sentations-Orten in Binz, Sassnitz und Sellin die Fahrzeuge begutachten und mit den Fahrern ins Gespr\u00e4ch kommen.<\/p>\n\n\n\n<p><strong>Datum<\/strong>:         30.05. bis 02.06.2016<br> <strong>Veranstaltungsort<\/strong>:    R\u00fcgen<\/p>\n","protected":false},"excerpt":{"rendered":"<p>Die Insel R\u00fcgen ist zu jeder Jahreszeit eine Reise wert. Im Fr\u00fchling erwartet Sie eine ungeahnte Bl\u00fctenpracht. Wenn die Natur in den Fr\u00fchlingsmonaten zum Leben erwacht, wirkt das Naturparadies der Ostseeinsel noch sch\u00f6ner. Nicht nur f\u00fcr sportlich aktive oder naturbegeisterte Urlauber hat die Insel zahlreiche Unternehmungsm\u00f6glichkeiten zu bieten, auch f\u00fcr Familien werden auf R\u00fcgen interessante<\/p>\n","protected":false},"author":61,"featured_media":9068,"comment_status":"closed","ping_status":"closed","sticky":false,"template":"","format":"standard","meta":{"footnotes":""},"categories":[977,37],"tags":[565,1299,1052,562,1319,1295,560,978,1300],"yoast_head":"<!-- This site is optimized with the Yoast SEO plugin v16.1.1 - https:\/\/yoast.com\/wordpress\/plugins\/seo\/ -->\n<title>Events auf R\u00fcgen: Interessante Veranstaltungen im Mai f\u00fcr Familien &ndash; InterDomizil Reisemagazin<\/title>\n<meta name=\"description\" content=\"Planst Du einen Urlaub auf R\u00fcgen im Mai? Wir zeigen Dir, welche R\u00fcgen Events im Wonnemonat auf Dich und Deine Familie warten.\" \/>\n<link rel=\"canonical\" href=\"https:\/\/www.interdomizil.de\/reisemagazin\/aktuelles\/events-auf-ruegen-interessante-veranstaltungen-im-mai-fuer-familien\" \/>\n<meta name=\"twitter:label1\" content=\"Gesch\u00e4tzte Lesezeit\">\n\t<meta name=\"twitter:data1\" content=\"5\u00a0Minuten\">\n<script type=\"application\/ld+json\" class=\"yoast-schema-graph\">{\"@context\":\"https:\/\/schema.org\",\"@graph\":[{\"@type\":\"WebSite\",\"@id\":\"https:\/\/www.interdomizil.de\/reisemagazin\/#website\",\"url\":\"https:\/\/www.interdomizil.de\/reisemagazin\/\",\"name\":\"InterDomizil Reisemagazin\",\"description\":\"Reiseziele. Urlaubtipps. Sehenswertes.\",\"potentialAction\":[{\"@type\":\"SearchAction\",\"target\":\"https:\/\/www.interdomizil.de\/reisemagazin\/?s={search_term_string}\",\"query-input\":\"required name=search_term_string\"}],\"inLanguage\":\"de\"},{\"@type\":\"ImageObject\",\"@id\":\"https:\/\/www.interdomizil.de\/reisemagazin\/aktuelles\/events-auf-ruegen-interessante-veranstaltungen-im-mai-fuer-familien#primaryimage\",\"inLanguage\":\"de\",\"url\":\"https:\/\/www.interdomizil.de\/reisemagazin\/wp-content\/uploads\/20190208_120319-01-scaled.jpeg\",\"contentUrl\":\"https:\/\/www.interdomizil.de\/reisemagazin\/wp-content\/uploads\/20190208_120319-01-scaled.jpeg\",\"width\":2560,\"height\":1244},{\"@type\":\"WebPage\",\"@id\":\"https:\/\/www.interdomizil.de\/reisemagazin\/aktuelles\/events-auf-ruegen-interessante-veranstaltungen-im-mai-fuer-familien#webpage\",\"url\":\"https:\/\/www.interdomizil.de\/reisemagazin\/aktuelles\/events-auf-ruegen-interessante-veranstaltungen-im-mai-fuer-familien\",\"name\":\"Events auf R\\u00fcgen: Interessante Veranstaltungen im Mai f\\u00fcr Familien &ndash; InterDomizil Reisemagazin\",\"isPartOf\":{\"@id\":\"https:\/\/www.interdomizil.de\/reisemagazin\/#website\"},\"primaryImageOfPage\":{\"@id\":\"https:\/\/www.interdomizil.de\/reisemagazin\/aktuelles\/events-auf-ruegen-interessante-veranstaltungen-im-mai-fuer-familien#primaryimage\"},\"datePublished\":\"2019-04-30T03:42:33+00:00\",\"dateModified\":\"2019-09-12T04:28:39+00:00\",\"author\":{\"@id\":\"https:\/\/www.interdomizil.de\/reisemagazin\/#\/schema\/person\/88e68aa5afdec9d042c8f78c340a2f6f\"},\"description\":\"Planst Du einen Urlaub auf R\\u00fcgen im Mai? Wir zeigen Dir, welche R\\u00fcgen Events im Wonnemonat auf Dich und Deine Familie warten.\",\"breadcrumb\":{\"@id\":\"https:\/\/www.interdomizil.de\/reisemagazin\/aktuelles\/events-auf-ruegen-interessante-veranstaltungen-im-mai-fuer-familien#breadcrumb\"},\"inLanguage\":\"de\",\"potentialAction\":[{\"@type\":\"ReadAction\",\"target\":[\"https:\/\/www.interdomizil.de\/reisemagazin\/aktuelles\/events-auf-ruegen-interessante-veranstaltungen-im-mai-fuer-familien\"]}]},{\"@type\":\"BreadcrumbList\",\"@id\":\"https:\/\/www.interdomizil.de\/reisemagazin\/aktuelles\/events-auf-ruegen-interessante-veranstaltungen-im-mai-fuer-familien#breadcrumb\",\"itemListElement\":[{\"@type\":\"ListItem\",\"position\":1,\"item\":{\"@type\":\"WebPage\",\"@id\":\"https:\/\/www.interdomizil.de\/reisemagazin\/\",\"url\":\"https:\/\/www.interdomizil.de\/reisemagazin\/\",\"name\":\"Home\"}},{\"@type\":\"ListItem\",\"position\":2,\"item\":{\"@type\":\"WebPage\",\"@id\":\"https:\/\/www.interdomizil.de\/reisemagazin\/aktuelles\/events-auf-ruegen-interessante-veranstaltungen-im-mai-fuer-familien\",\"url\":\"https:\/\/www.interdomizil.de\/reisemagazin\/aktuelles\/events-auf-ruegen-interessante-veranstaltungen-im-mai-fuer-familien\",\"name\":\"Events auf R\\u00fcgen: Interessante Veranstaltungen im Mai f\\u00fcr Familien\"}}]},{\"@type\":\"Person\",\"@id\":\"https:\/\/www.interdomizil.de\/reisemagazin\/#\/schema\/person\/88e68aa5afdec9d042c8f78c340a2f6f\",\"name\":\"Redaktion\"}]}<\/script>\n<!-- \/ Yoast SEO plugin. -->","_links":{"self":[{"href":"https:\/\/www.interdomizil.de\/reisemagazin\/wp-json\/wp\/v2\/posts\/9065"}],"collection":[{"href":"https:\/\/www.interdomizil.de\/reisemagazin\/wp-json\/wp\/v2\/posts"}],"about":[{"href":"https:\/\/www.interdomizil.de\/reisemagazin\/wp-json\/wp\/v2\/types\/post"}],"author":[{"embeddable":true,"href":"https:\/\/www.interdomizil.de\/reisemagazin\/wp-json\/wp\/v2\/users\/61"}],"replies":[{"embeddable":true,"href":"https:\/\/www.interdomizil.de\/reisemagazin\/wp-json\/wp\/v2\/comments?post=9065"}],"version-history":[{"count":3,"href":"https:\/\/www.interdomizil.de\/reisemagazin\/wp-json\/wp\/v2\/posts\/9065\/revisions"}],"predecessor-version":[{"id":9071,"href":"https:\/\/www.interdomizil.de\/reisemagazin\/wp-json\/wp\/v2\/posts\/9065\/revisions\/9071"}],"wp:featuredmedia":[{"embeddable":true,"href":"https:\/\/www.interdomizil.de\/reisemagazin\/wp-json\/wp\/v2\/media\/9068"}],"wp:attachment":[{"href":"https:\/\/www.interdomizil.de\/reisemagazin\/wp-json\/wp\/v2\/media?parent=9065"}],"wp:term":[{"taxonomy":"category","embeddable":true,"href":"https:\/\/www.interdomizil.de\/reisemagazin\/wp-json\/wp\/v2\/categories?post=9065"},{"taxonomy":"post_tag","embeddable":true,"href":"https:\/\/www.interdomizil.de\/reisemagazin\/wp-json\/wp\/v2\/tags?post=9065"}],"curies":[{"name":"wp","href":"https:\/\/api.w.org\/{rel}","templated":true}]}}