{"id":8900,"date":"2019-03-28T12:05:24","date_gmt":"2019-03-28T10:05:24","guid":{"rendered":"https:\/\/www.interdomizil.de\/reisemagazin\/?p=8900"},"modified":"2019-03-29T16:35:54","modified_gmt":"2019-03-29T14:35:54","slug":"im-april-koennen-sie-in-warnemuende-diese-events-miterleben","status":"publish","type":"post","link":"https:\/\/www.interdomizil.de\/reisemagazin\/reisetipps\/im-april-koennen-sie-in-warnemuende-diese-events-miterleben","title":{"rendered":"Im April k\u00f6nnen Sie in Warnem\u00fcnde diese Events miterleben"},"content":{"rendered":"<div class=\"twoclick_social_bookmarks_post_8900 social_share_privacy clearfix 1.6.4 locale-de_DE sprite-de_DE\"><\/div><div class=\"twoclick-js\"><script type=\"text\/javascript\">\/* <![CDATA[ *\/\njQuery(document).ready(function($){if($('.twoclick_social_bookmarks_post_8900')){$('.twoclick_social_bookmarks_post_8900').socialSharePrivacy({\"services\":{\"facebook\":{\"status\":\"on\",\"txt_info\":\"2 Klicks f\\u00fcr mehr Datenschutz: Erst wenn Sie hier klicken, wird der Button aktiv und Sie k\\u00f6nnen Ihre Empfehlung an Facebook senden. Schon beim Aktivieren werden <strong>Daten an Dritte \\u00fcbertragen<\\\/strong> - siehe <strong>i<\\\/strong>.\",\"perma_option\":\"off\",\"action\":\"like\",\"language\":\"de_DE\"},\"twitter\":{\"reply_to\":\"\",\"tweet_text\":\"%20Im%20April%20k%C3%B6nnen%20Sie%20in%20Warnem%C3%BCnde%20diese%20Events%20miterleben%20%C2%BB%20InterDomizil%20...\",\"status\":\"on\",\"txt_info\":\"2 Klicks f\\u00fcr mehr Datenschutz: Erst wenn Sie hier klicken, wird der Button aktiv und Sie k\\u00f6nnen Ihre Empfehlung an Twitter senden. Schon beim Aktivieren werden <strong>Daten an Dritte \\u00fcbertragen<\\\/strong> - siehe <strong>i<\\\/strong>.\",\"perma_option\":\"off\",\"language\":\"de\"},\"pinterest\":{\"status\":\"on\",\"the_excerpt\":\"Im April k\\u00f6nnen Sie in Warnem\\u00fcnde diese Events miterleben\",\"txt_info\":\"2 Klicks f\\u00fcr mehr Datenschutz: Erst wenn Sie hier klicken, wird der Button aktiv und Sie k\\u00f6nnen Ihre Empfehlung an Pinterest senden. Schon beim Aktivieren werden <strong>Daten an Dritte \\u00fcbertragen<\\\/strong> - siehe <strong>i<\\\/strong>.\",\"perma_option\":\"off\",\"media\":\"https:\\\/\\\/www.interdomizil.de\\\/reisemagazin\\\/wp-content\\\/uploads\\\/Warnem\\u00fcnder-Turmleuchten-Show-Foto.jpg\"}},\"txt_help\":\"Wenn Sie diese Felder durch einen Klick aktivieren, werden Informationen an Facebook, Twitter, Flattr, Xing, t3n, LinkedIn, Pinterest oder Google eventuell ins Ausland <strong>\\u00fcbertragen<\\\/strong> und unter Umst\\u00e4nden auch dort <strong>gespeichert<\\\/strong>. N\\u00e4heres erfahren Sie durch einen Klick auf das <em>i<\\\/em>.\",\"settings_perma\":\"Dauerhaft aktivieren und Daten\\u00fcber-tragung zustimmen:\",\"info_link\":\"http:\\\/\\\/www.heise.de\\\/ct\\\/artikel\\\/2-Klicks-fuer-mehr-Datenschutz-1333879.html\",\"uri\":\"https:\\\/\\\/www.interdomizil.de\\\/reisemagazin\\\/reisetipps\\\/im-april-koennen-sie-in-warnemuende-diese-events-miterleben\",\"post_id\":8900,\"post_title_referrer_track\":\"Im+April+k%C3%B6nnen+Sie+in+Warnem%C3%BCnde+diese+Events+miterleben\",\"concat\":\"%3F\",\"display_infobox\":\"on\"});}});\n\/* ]]> *\/<\/script><\/div>\n<p>Planen Sie einen Urlaub im April in Warnem\u00fcnde? Dann sollten Sie diese Events dort nicht verpassen. Hier haben Sie auch als Familie viel Spa\u00df und eine willkommene Abwechslung zu Ihrem (Urlaubs-) Alltag.<\/p>\n\n\n\n<h3 class=\"wp-block-heading\">Rabenschwarzer Humor &amp; Jazz vom Feinsten<\/h3>\n\n\n\n<p><br>Lassen Sie sich von dem bekanntesten und beliebtesten Aphoristiker Chirurg Dr. Klaus Koch sein aktuelles Programm vorstellen. Herr Koch wird dabei von dem Gitarristen Christian Ahnsel und dem S\u00e4nger sowie Saxophonisten Andreas Christian Pasternack begleitet. Hier wird Ihnen ein Abend mit viel Wortwitz geboten. Zudem wird das Ganze mit Musik begleitet, bei der Sie gerne mitsingen und mitklatschen d\u00fcrfen.<br><br><strong> Termin:<\/strong><br> 04.04.2019 ab 20:00 Uhr<br><strong> Ort:<\/strong><br> Kleine Kom\u00f6die Warnem\u00fcnde<\/p>\n\n\n\n<h3 class=\"wp-block-heading\">Der Rostocker Ostermarkt<\/h3>\n\n\n\n<p><br>Finden Sie hier noch einige Oster-Accessoires und leckere kulinarische Spezialit\u00e4ten. Ebenso k\u00f6nnen Sie und Ihre Kinder sich an den Attraktionen erfreuen. F\u00fcr die Kinder ist hier das Anmalen des Riesen-Osterei ein besonderes Highlight. <br><br> <strong>Termin:<\/strong><br> 05.04.2019 -22.04.2019 ab 10:00 Uhr<br> <strong>Ort:<\/strong><br> Rostocker Stadtzentrum<\/p>\n\n\n\n<h3 class=\"wp-block-heading\">Das Warnem\u00fcnder Turmleuchten<br><\/h3>\n\n\n\n<figure class=\"wp-block-image image-border\"><img decoding=\"async\" loading=\"lazy\" width=\"1863\" height=\"2800\" src=\"https:\/\/www.interdomizil.de\/reisemagazin\/wp-content\/uploads\/Turmleuchten-Show-Foto-1.jpg\" alt=\"Warnem\u00fcnder Turmleuchten\" class=\"wp-image-8920\" srcset=\"https:\/\/www.interdomizil.de\/reisemagazin\/wp-content\/uploads\/Turmleuchten-Show-Foto-1.jpg 1863w, https:\/\/www.interdomizil.de\/reisemagazin\/wp-content\/uploads\/Turmleuchten-Show-Foto-1-200x301.jpg 200w, https:\/\/www.interdomizil.de\/reisemagazin\/wp-content\/uploads\/Turmleuchten-Show-Foto-1-333x500.jpg 333w, https:\/\/www.interdomizil.de\/reisemagazin\/wp-content\/uploads\/Turmleuchten-Show-Foto-1-768x1154.jpg 768w, https:\/\/www.interdomizil.de\/reisemagazin\/wp-content\/uploads\/Turmleuchten-Show-Foto-1-479x720.jpg 479w\" sizes=\"(max-width: 1863px) 100vw, 1863px\" \/><figcaption>Warnem\u00fcnder Turmleuchten<\/figcaption><\/figure>\n\n\n\n<p>Dieses besondere Ereignis findet normalerweise am Neujahrstag statt. Das neue Jahr wird mit einem Feuerwerk, einer Licht- und Lasershow sowie mit Musik begr\u00fc\u00dft. Da dieses Events dieses Jahr aufgrund eines Sturmes nicht, wie geplant, am 01.01.2019 stattfinden konnte, wird es im April nachgeholt. Dieses Jahr hat das Warnem\u00fcnder Turmleuchten zus\u00e4tzlich das 20ste Jubil\u00e4um zu feiern. <br><br> <strong>Termin:<\/strong><br> 06.04.2019 ab 15:00 Uhr<br> <strong>Ort:<\/strong><br> Warnem\u00fcnder Leuchtturm<\/p>\n\n\n\n<h3 class=\"wp-block-heading\">Seebad Warnem\u00fcnde &#8211; Die Stadtf\u00fchrung<\/h3>\n\n\n\n<p><br>Hier k\u00f6nnen Sie mit einem gem\u00fctlichen Spaziergang das Seebad Warnem\u00fcnde erleben. Sie werden zu den sch\u00f6nsten Orten gef\u00fchrt und gelangen zu Sehensw\u00fcrdigkeiten wie dem Leuchtturm mit Teepott und der Promenade.<br><br><strong> Termin:<\/strong><br> 06.04.2019 ab 11:00 Uhr<br> 20.04.2019 ab 11:00 Uhr<br> 13.04.2019 ab 11:00 Uhr<br> 27.04.2019 ab 11:00 Uhr<br> <strong>Ort:<\/strong><br> Tourist-Information Warnem\u00fcnde <\/p>\n\n\n\n<h3 class=\"wp-block-heading\">Die Warnem\u00fcnder B\u00fchne wird von f\u00fcnf Nonnen erobert<\/h3>\n\n\n\n<p><br>Entdecken Sie das Showtalent von f\u00fcnf Nonnen, die tanz- und singfreudig sind. Zudem werden Ihnen lustige, schrille aber auch anr\u00fchrende Geschichten erz\u00e4hlt. Es handelt sich bei dieser Vorstellung um eines der erfolgreichsten Off-Broadway-Musicals der letzten drei Jahrzehnte.<br> <br><strong>Termin:<\/strong><br> 12.04.2019 ab 20:00 Uhr<br> 14.04.2019 ab 18:00 Uhr<br> <strong>Ort:<\/strong><br> Kleine Kom\u00f6die Warnem\u00fcnde<\/p>\n\n\n\n<h3 class=\"wp-block-heading\">Den traditionellen Osterbaum schm\u00fccken<\/h3>\n\n\n\n<p><br>Lassen Sie Ihre Kinder zusammen mit dem Osterhasen den Osterbaum schm\u00fccken. Genie\u00dfen Sie zusammen mit Ihrer Familie den Osterbeginn. Ihre Kinder werden dieses besondere Erlebnis lange in Erinnerung behalten.<br><br> Termin:<br> 17.04.2019 10:00 Uhr &#8211; 11:30 Uhr<br><strong> Ort:<\/strong><br> Warnem\u00fcnder Vogtei<\/p>\n\n\n\n<h3 class=\"wp-block-heading\">Der Warnem\u00fcnder Ostermarkt<\/h3>\n\n\n\n<p><br>Schlendern Sie \u00fcber den wundersch\u00f6nen Warnem\u00fcnder Ostermarkt und finden Sie hier viele bunte Oster-Accessoires. Probieren Sie die regionalen Spezialit\u00e4ten und g\u00f6nnen Sie sich ein sch\u00f6nes Andenken an dieses sch\u00f6ne Warnem\u00fcnder Event. <br><br><strong> Termin:<\/strong><br> 17.04.2019 &#8211; 21.04.2019 ab 11:00 Uhr<br> <strong>Ort:<\/strong><br> Auf der Warnem\u00fcnder Strandpromenade <\/p>\n\n\n\n<h3 class=\"wp-block-heading\">Eine Alpaka-Wanderung<\/h3>\n\n\n\n<p><br>Alpakas zu Gesicht zu bekommen ist eigentlich sehr schwer, da diese urspr\u00fcnglich in S\u00fcdamerika leben. Seit kurzer Zeit k\u00f6nnen Sie diese jedoch auch in Warnem\u00fcnde finden. Hier k\u00f6nnen die Kinder nicht nur die Tiere betrachten, sondern diese auch \u00fcber einen Bewegungsparcours f\u00fchren und bei der F\u00fctterung mithelfen. Als besonderes Highlight k\u00f6nnen die Kinder einen Alpaka-F\u00fchrerschein erhalten. <br><br><strong> Termin:<\/strong><br> 17.04.2019 14:00 Uhr &#8211; 16:00 Uhr<br> 24.04.2019 14:00 Uhr &#8211; 16:00 Uhr<br> <strong>Ort:<\/strong><br> Spielplatz Hotel Strandhafer<\/p>\n\n\n\n<h3 class=\"wp-block-heading\">Die gro\u00dfe goldene Osterschatz-Suche<\/h3>\n\n\n\n<p><br>Hier k\u00f6nnen alle mithelfen den goldenen Osterschatz zu suchen. Dabei wird auf der Ostsee gesucht. Die Kinder k\u00f6nnen spielen und eine Flaschenpost verschicken. <br><br> <strong>Termin:<\/strong><br> 18.04.2019 11:00 Uhr<br><strong> Ort:<\/strong><br> Auf dem Kutter Pasewalk<\/p>\n\n\n\n<h3 class=\"wp-block-heading\">Der Warnem\u00fcnder Ostermarkt<\/h3>\n\n\n\n<p><br>Finden Sie hier traditionelle Osterartikel und Spezialit\u00e4ten aus Warnem\u00fcnde. Lassen Sie sich von den vielen bunten Farben \u00fcberw\u00e4ltigen.<br><strong><br> Termin:<\/strong><br> 20.04.2019 &#8211; 22.04.2019 ab 10:00 Uhr<br><strong> Ort:<\/strong><br> Auf der Strandpromenade <\/p>\n\n\n\n<h3 class=\"wp-block-heading\">Die Fackelwanderung<\/h3>\n\n\n\n<p><br>Erfreuen Sie sich mit der ganzen Familie an der traditionellen Fackelwanderung. Diese wird von dem Osterhasen angef\u00fchrt und ist f\u00fcr jedes Kind ein besonderes Erlebnis. Die Fackeln k\u00f6nnen vor der Wanderung gekauft werden.<br><br><strong> Termin:<\/strong><br> 20.04.2019 ab 18:30 Uhr<br> <strong>Ort:<\/strong><br> An der Vogtei in Warnem\u00fcnde <\/p>\n\n\n\n<h3 class=\"wp-block-heading\">Das Osterfeuer mit Blick auf das Meer<\/h3>\n\n\n\n<p><br>Vertreiben Sie zusammen mit Ihrer Familie den Winter. Genie\u00dfen Sie das Osterfeuer am Strand. Dieses Warnem\u00fcnder Event wird mit Musik begleitet und f\u00fcr Gl\u00fchwein zum Aufw\u00e4rmen ist ebenfalls gesorgt. <br><br> <strong>Termin:<\/strong><br> 20.04.2019 ab 19:00 Uhr<br><strong> Ort:<\/strong><br> Strand, Seebad Warnem\u00fcnde<\/p>\n\n\n\n<h3 class=\"wp-block-heading\">Die gro\u00dfe Ostereiersuche<\/h3>\n\n\n\n<p><br>Machen Sie bei der gro\u00dfen Ostereiersuche in Warnem\u00fcnde mit und lassen Sie Ihre Kinder nach den Ostereiern suchen. Der Osterhase wartet bereits auf Sie und Ihre Familie. Ihre Kinder werden diese spezielle Suche nach den Ostereiern bestimmt nicht vergessen und Sie werden einen wundersch\u00f6nen Tag mit Ihrer Familie verbringen k\u00f6nnen.<br><br><strong> Termin: <\/strong><br> 22.04.2019 ab 10:00 Uhr<br> <strong>Ort:<\/strong><br> Leuchtturmvorplatz<\/p>\n\n\n\n<h3 class=\"wp-block-heading\">Eine Piratenschifffahrt<\/h3>\n\n\n\n<p><br>Verkleiden Sie sich als Familie als Pirat oder Seer\u00e4uber. Bew\u00e4ltigen Sie an Bord eines Schiffes Pr\u00fcfungen und hissen Sie die Piratenflagge. Es wird gesungen, eine Flaschenpost verschickt und nat\u00fcrlich viel gespielt. Ein Spa\u00df f\u00fcr die gesamte Familie.<br><br> <strong>Termin:<\/strong><br> 23.04.2019 ab 11:00 Uhr<br><strong> Ort:<\/strong><br> Liegeplatz <\/p>\n\n\n\n<h3 class=\"wp-block-heading\">Der 38ste Warnem\u00fcnder Stoltera-K\u00fcstenwaldlauf<\/h3>\n\n\n\n<p><br>Nehmen Sie an dem 38sten K\u00fcstenwaldlauf in Warnem\u00fcnde teil. Der Schnupperlauf betr\u00e4gt hier 3 km. Das Walking ist 8 km lang und der Hauptlauf betr\u00e4gt 10 km. Hier k\u00f6nnen Sie Ihre sportliche Leistung erproben und haben dabei noch viel Spa\u00df.<br><br> <strong>Termin:<\/strong><br> 27.04.2019 ab 09:45 Uhr<br><strong> Ort:<\/strong><br> Am Sportplatz<\/p>\n\n\n\n<h3 class=\"wp-block-heading\">Das Abbaden der \u201eRostocker Seehunde\u201c<\/h3>\n\n\n\n<p><br>Beobachten Sie mit Ihrer gesamten Familie, wie sich die Seehunde in der Ostsee abk\u00fchlen. Hier k\u00f6nnen Sie die Tiere hautnah erleben. Ein Spektakel, das Sie mit Ihrer Familie nicht verpassen sollten.<br><br> <strong>Termin:<\/strong><br> 27.04.2019 ab 14:00 Uhr<br> <strong>Ort:<\/strong><br> Strand Warnem\u00fcnde<\/p>\n\n\n\n<h3 class=\"wp-block-heading\">Das Fr\u00fchlingserwachen in Markgrafenheide<\/h3>\n\n\n\n<p><br>Feiern Sie mit Ihrer Familie den Fr\u00fchlingsbeginn. Hier k\u00f6nnen Sie gem\u00fctlich an einem Lagerfeuer sitzen und an einem Umzug teilnehmen. Das Fr\u00fchlingserwachen wird mit Musik begleitet, die zum Tanzen anregt.<br><br><strong> Termin:<\/strong><br> 30.04.2019 ab 18:00 Uhr<br><strong> Ort: <\/strong><br> Auf dem Parkplatz Stubbenwiese<\/p>\n","protected":false},"excerpt":{"rendered":"<p>Planen Sie einen Urlaub im April in Warnem\u00fcnde? Dann sollten Sie diese Events dort nicht verpassen. Hier haben Sie auch als Familie viel Spa\u00df und eine willkommene Abwechslung zu Ihrem (Urlaubs-) Alltag. Rabenschwarzer Humor &amp; Jazz vom Feinsten Lassen Sie sich von dem bekanntesten und beliebtesten Aphoristiker Chirurg Dr. Klaus Koch sein aktuelles Programm vorstellen.<\/p>\n","protected":false},"author":61,"featured_media":8908,"comment_status":"closed","ping_status":"closed","sticky":false,"template":"","format":"standard","meta":{"footnotes":""},"categories":[37,11],"tags":[1318,1109,929,835,585,979,1317],"yoast_head":"<!-- This site is optimized with the Yoast SEO plugin v16.1.1 - https:\/\/yoast.com\/wordpress\/plugins\/seo\/ -->\n<title>Im April k\u00f6nnen Sie in Warnem\u00fcnde diese Events miterleben &ndash; InterDomizil Reisemagazin<\/title>\n<meta name=\"description\" content=\"Diese Warnem\u00fcnde Events erwarten Sie ud Ihre Familie im April - ausgiebige und interessante Tipps f\u00fcr Ihren Warnem\u00fcnde Urlaub im April\" \/>\n<link rel=\"canonical\" href=\"https:\/\/www.interdomizil.de\/reisemagazin\/reisetipps\/im-april-koennen-sie-in-warnemuende-diese-events-miterleben\" \/>\n<meta name=\"twitter:label1\" content=\"Gesch\u00e4tzte Lesezeit\">\n\t<meta name=\"twitter:data1\" content=\"5\u00a0Minuten\">\n<script type=\"application\/ld+json\" class=\"yoast-schema-graph\">{\"@context\":\"https:\/\/schema.org\",\"@graph\":[{\"@type\":\"WebSite\",\"@id\":\"https:\/\/www.interdomizil.de\/reisemagazin\/#website\",\"url\":\"https:\/\/www.interdomizil.de\/reisemagazin\/\",\"name\":\"InterDomizil Reisemagazin\",\"description\":\"Reiseziele. Urlaubtipps. Sehenswertes.\",\"potentialAction\":[{\"@type\":\"SearchAction\",\"target\":\"https:\/\/www.interdomizil.de\/reisemagazin\/?s={search_term_string}\",\"query-input\":\"required name=search_term_string\"}],\"inLanguage\":\"de\"},{\"@type\":\"ImageObject\",\"@id\":\"https:\/\/www.interdomizil.de\/reisemagazin\/reisetipps\/im-april-koennen-sie-in-warnemuende-diese-events-miterleben#primaryimage\",\"inLanguage\":\"de\",\"url\":\"https:\/\/www.interdomizil.de\/reisemagazin\/wp-content\/uploads\/Warnem\\u00fcnder-Turmleuchten-Show-Foto.jpg\",\"contentUrl\":\"https:\/\/www.interdomizil.de\/reisemagazin\/wp-content\/uploads\/Warnem\\u00fcnder-Turmleuchten-Show-Foto.jpg\",\"width\":2000,\"height\":1335},{\"@type\":\"WebPage\",\"@id\":\"https:\/\/www.interdomizil.de\/reisemagazin\/reisetipps\/im-april-koennen-sie-in-warnemuende-diese-events-miterleben#webpage\",\"url\":\"https:\/\/www.interdomizil.de\/reisemagazin\/reisetipps\/im-april-koennen-sie-in-warnemuende-diese-events-miterleben\",\"name\":\"Im April k\\u00f6nnen Sie in Warnem\\u00fcnde diese Events miterleben &ndash; InterDomizil Reisemagazin\",\"isPartOf\":{\"@id\":\"https:\/\/www.interdomizil.de\/reisemagazin\/#website\"},\"primaryImageOfPage\":{\"@id\":\"https:\/\/www.interdomizil.de\/reisemagazin\/reisetipps\/im-april-koennen-sie-in-warnemuende-diese-events-miterleben#primaryimage\"},\"datePublished\":\"2019-03-28T10:05:24+00:00\",\"dateModified\":\"2019-03-29T14:35:54+00:00\",\"author\":{\"@id\":\"https:\/\/www.interdomizil.de\/reisemagazin\/#\/schema\/person\/88e68aa5afdec9d042c8f78c340a2f6f\"},\"description\":\"Diese Warnem\\u00fcnde Events erwarten Sie ud Ihre Familie im April - ausgiebige und interessante Tipps f\\u00fcr Ihren Warnem\\u00fcnde Urlaub im April\",\"breadcrumb\":{\"@id\":\"https:\/\/www.interdomizil.de\/reisemagazin\/reisetipps\/im-april-koennen-sie-in-warnemuende-diese-events-miterleben#breadcrumb\"},\"inLanguage\":\"de\",\"potentialAction\":[{\"@type\":\"ReadAction\",\"target\":[\"https:\/\/www.interdomizil.de\/reisemagazin\/reisetipps\/im-april-koennen-sie-in-warnemuende-diese-events-miterleben\"]}]},{\"@type\":\"BreadcrumbList\",\"@id\":\"https:\/\/www.interdomizil.de\/reisemagazin\/reisetipps\/im-april-koennen-sie-in-warnemuende-diese-events-miterleben#breadcrumb\",\"itemListElement\":[{\"@type\":\"ListItem\",\"position\":1,\"item\":{\"@type\":\"WebPage\",\"@id\":\"https:\/\/www.interdomizil.de\/reisemagazin\/\",\"url\":\"https:\/\/www.interdomizil.de\/reisemagazin\/\",\"name\":\"Home\"}},{\"@type\":\"ListItem\",\"position\":2,\"item\":{\"@type\":\"WebPage\",\"@id\":\"https:\/\/www.interdomizil.de\/reisemagazin\/reisetipps\/im-april-koennen-sie-in-warnemuende-diese-events-miterleben\",\"url\":\"https:\/\/www.interdomizil.de\/reisemagazin\/reisetipps\/im-april-koennen-sie-in-warnemuende-diese-events-miterleben\",\"name\":\"Im April k\\u00f6nnen Sie in Warnem\\u00fcnde diese Events miterleben\"}}]},{\"@type\":\"Person\",\"@id\":\"https:\/\/www.interdomizil.de\/reisemagazin\/#\/schema\/person\/88e68aa5afdec9d042c8f78c340a2f6f\",\"name\":\"Redaktion\"}]}<\/script>\n<!-- \/ Yoast SEO plugin. -->","_links":{"self":[{"href":"https:\/\/www.interdomizil.de\/reisemagazin\/wp-json\/wp\/v2\/posts\/8900"}],"collection":[{"href":"https:\/\/www.interdomizil.de\/reisemagazin\/wp-json\/wp\/v2\/posts"}],"about":[{"href":"https:\/\/www.interdomizil.de\/reisemagazin\/wp-json\/wp\/v2\/types\/post"}],"author":[{"embeddable":true,"href":"https:\/\/www.interdomizil.de\/reisemagazin\/wp-json\/wp\/v2\/users\/61"}],"replies":[{"embeddable":true,"href":"https:\/\/www.interdomizil.de\/reisemagazin\/wp-json\/wp\/v2\/comments?post=8900"}],"version-history":[{"count":12,"href":"https:\/\/www.interdomizil.de\/reisemagazin\/wp-json\/wp\/v2\/posts\/8900\/revisions"}],"predecessor-version":[{"id":8925,"href":"https:\/\/www.interdomizil.de\/reisemagazin\/wp-json\/wp\/v2\/posts\/8900\/revisions\/8925"}],"wp:featuredmedia":[{"embeddable":true,"href":"https:\/\/www.interdomizil.de\/reisemagazin\/wp-json\/wp\/v2\/media\/8908"}],"wp:attachment":[{"href":"https:\/\/www.interdomizil.de\/reisemagazin\/wp-json\/wp\/v2\/media?parent=8900"}],"wp:term":[{"taxonomy":"category","embeddable":true,"href":"https:\/\/www.interdomizil.de\/reisemagazin\/wp-json\/wp\/v2\/categories?post=8900"},{"taxonomy":"post_tag","embeddable":true,"href":"https:\/\/www.interdomizil.de\/reisemagazin\/wp-json\/wp\/v2\/tags?post=8900"}],"curies":[{"name":"wp","href":"https:\/\/api.w.org\/{rel}","templated":true}]}}