{"id":8710,"date":"2019-03-01T04:49:53","date_gmt":"2019-03-01T02:49:53","guid":{"rendered":"https:\/\/www.interdomizil.de\/reisemagazin\/?p=8710"},"modified":"2019-03-14T05:28:46","modified_gmt":"2019-03-14T03:28:46","slug":"events-im-maerz-veranstaltungen-in-warnemuende","status":"publish","type":"post","link":"https:\/\/www.interdomizil.de\/reisemagazin\/aktuelles\/events-im-maerz-veranstaltungen-in-warnemuende","title":{"rendered":"Events im M\u00e4rz: Veranstaltungen in Warnem\u00fcnde"},"content":{"rendered":"<div class=\"twoclick_social_bookmarks_post_8710 social_share_privacy clearfix 1.6.4 locale-de_DE sprite-de_DE\"><\/div><div class=\"twoclick-js\"><script type=\"text\/javascript\">\/* <![CDATA[ *\/\njQuery(document).ready(function($){if($('.twoclick_social_bookmarks_post_8710')){$('.twoclick_social_bookmarks_post_8710').socialSharePrivacy({\"services\":{\"facebook\":{\"status\":\"on\",\"txt_info\":\"2 Klicks f\\u00fcr mehr Datenschutz: Erst wenn Sie hier klicken, wird der Button aktiv und Sie k\\u00f6nnen Ihre Empfehlung an Facebook senden. Schon beim Aktivieren werden <strong>Daten an Dritte \\u00fcbertragen<\\\/strong> - siehe <strong>i<\\\/strong>.\",\"perma_option\":\"off\",\"action\":\"like\",\"language\":\"de_DE\"},\"twitter\":{\"reply_to\":\"\",\"tweet_text\":\"%20Events%20im%20M%C3%A4rz%3A%20Veranstaltungen%20in%20Warnem%C3%BCnde%20%C2%BB%20InterDomizil%20Reisemagazin%20...\",\"status\":\"on\",\"txt_info\":\"2 Klicks f\\u00fcr mehr Datenschutz: Erst wenn Sie hier klicken, wird der Button aktiv und Sie k\\u00f6nnen Ihre Empfehlung an Twitter senden. Schon beim Aktivieren werden <strong>Daten an Dritte \\u00fcbertragen<\\\/strong> - siehe <strong>i<\\\/strong>.\",\"perma_option\":\"off\",\"language\":\"de\"},\"pinterest\":{\"status\":\"on\",\"the_excerpt\":\"Events im M\\u00e4rz: Veranstaltungen in Warnem\\u00fcnde\",\"txt_info\":\"2 Klicks f\\u00fcr mehr Datenschutz: Erst wenn Sie hier klicken, wird der Button aktiv und Sie k\\u00f6nnen Ihre Empfehlung an Pinterest senden. Schon beim Aktivieren werden <strong>Daten an Dritte \\u00fcbertragen<\\\/strong> - siehe <strong>i<\\\/strong>.\",\"perma_option\":\"off\",\"media\":\"https:\\\/\\\/www.interdomizil.de\\\/reisemagazin\\\/wp-content\\\/uploads\\\/wm2.jpg\"}},\"txt_help\":\"Wenn Sie diese Felder durch einen Klick aktivieren, werden Informationen an Facebook, Twitter, Flattr, Xing, t3n, LinkedIn, Pinterest oder Google eventuell ins Ausland <strong>\\u00fcbertragen<\\\/strong> und unter Umst\\u00e4nden auch dort <strong>gespeichert<\\\/strong>. N\\u00e4heres erfahren Sie durch einen Klick auf das <em>i<\\\/em>.\",\"settings_perma\":\"Dauerhaft aktivieren und Daten\\u00fcber-tragung zustimmen:\",\"info_link\":\"http:\\\/\\\/www.heise.de\\\/ct\\\/artikel\\\/2-Klicks-fuer-mehr-Datenschutz-1333879.html\",\"uri\":\"https:\\\/\\\/www.interdomizil.de\\\/reisemagazin\\\/aktuelles\\\/events-im-maerz-veranstaltungen-in-warnemuende\",\"post_id\":8710,\"post_title_referrer_track\":\"Events+im+M%C3%A4rz%3A+Veranstaltungen+in+Warnem%C3%BCnde\",\"concat\":\"%3F\",\"display_infobox\":\"on\"});}});\n\/* ]]> *\/<\/script><\/div>\n<p>Das Ostseebad Warnem\u00fcnde ist einer der sch\u00f6nsten Stadtteile der Hansestadt Rostock und zieht jedes Jahr tausende Besucher in seinen Bann. Der bis zu 100 Meter breite feinsandige Strand erstreckt sich \u00fcber eine L\u00e4nge von rund 15 Kilometern und bietet den Besuchern eine Vielzahl an Freizeitaktivit\u00e4ten. Erholung und Ruhe finden Sie auch im malerischen K\u00fcstenwald und bei einem Spaziergang entlang der naturbelassenen Steilk\u00fcste. Warnem\u00fcnde lockt nicht nur mit seinem ungef\u00e4hr 15 Kilometer langen Strand, sondern auch ganzj\u00e4hrig mit spannenden Veranstaltungen und abwechslungsreichen Events. Lesen Sie hier, welche Warnem\u00fcnde Events Sie im M\u00e4rz erwarten.<\/p>\n\n\n\n<h4>1. \u201eDas Konzept romantischer Liebe\u201c \u2013 ein Monolog von Oliver Bukowski<\/h4>\n\n\n\n<p>Im Volkstheater Roststock erwartet Sie ein unterhaltsamer Einblick in das Liebesleben von Max. In dem St\u00fcck \u201eDas Konzept romantischer Liebe\u201c erhalten Sie einen Einblick in das Liebesleben von Max, der als Stratege in Beziehungsdingen l\u00e4ngst erkannt hat, dass eine Beziehung auch immer das Ende der Liebe bedeutet. Die Zuschauer werden exklusiv in die Dating-Tricks von Max eingeweiht und erleben seine verbundbare Seite, die sich nach Zweisamkeit sehnt, die jedoch so schwer zu finden ist in der heutigen Zeit. Au\u00dferdem erz\u00e4hlt Max von seinen Aff\u00e4ren und Flirts und Sie erfahren, welche Rollen Conny, Nina und Klara Jean-Shaolin Meyer hierbei spielen.<\/p>\n\n\n\n<h6>Termine:<br>\n01.03.2019 um 20 Uhr<br>\n15.03.2019 um 20 Uhr<br>\n21.03.2019 um 20 Uhr<br>\n29.03.2019 um 20 Uhr<\/h6>\n\n\n\n<h5>Veranstaltungsort:<br>\nKleine Kom\u00f6die Warnem\u00fcnde<\/h5>\n\n\n\n<h4>2. \u201eMerci, Ch\u00e9rie\u201c \u2013 ein Udo J\u00fcrgens Liederabend mit Frank Buchwald<\/h4>\n\n\n\n<p>1966 gewann Udo J\u00fcrgens mit dem Titel \u201eMerci, Ch\u00e9rie\u201c den Eurovision Song Contest. \u00dcber 1000 Lieder und 50 Alben ver\u00f6ffentliche das Ausnahmetalent w\u00e4hrend seiner Karriere. Auch 5 Jahre nach seinem Tod ist der S\u00e4nger und Komponist unvergessen. Mit dem Liederabend \u201eMerci, Ch\u00e9rie\u201c ehrt der Schauspieler Frank Buchwald das Lebenswerk des Musikers und pr\u00e4sentiert Publikumserfolge und weniger popul\u00e4re Werke gleicherma\u00dfen.<\/p>\n\n\n\n<h6>Termine:<br>\n02.03.2019 um 20 Uhr<br>\n03.03.2019 um 20 Uhr<br>\n22.03.2019 um 20 Uhr<\/h6>\n\n\n\n<h5>Veranstaltungsort:<br>\nKleine Kom\u00f6die Warnem\u00fcnde<\/h5>\n\n\n\n<h4>3. \u201eSechs Tanzstunden in sechs Wochen\u201c \u2013 eine Kom\u00f6die mit Tanzeinlagen<\/h4>\n\n\n\n<p>Die Kom\u00f6die \u201eSechs Tanzstunden in sechs Wochen\u201c zeigt die au\u00dfergew\u00f6hnliche Freundschaft der einsamen Witwe Lily zum ehemaligen Revuet\u00e4nzer Michael. Um etwas Unterhaltung in ihr Leben zu bringen, engagiert Lily den Tanzlehrer Michael. Doch schon nach den ersten Tanzschritten stehen bissige Bemerkungen, verletzter Stolz und Streitigkeiten an der Tagesordnung. Aufgeben ist f\u00fcr den erfolglosen Tanzlehrer jedoch keine Option, da er das Geld braucht. Und so werden den Zuschauern nicht nur Tanzeinlagen geboten, sondern auch eine Pointe nach der anderen.<\/p>\n\n\n\n<h6>Termine:<br>\n05.03.2019 um 20 Uhr<br>\n06.03.2019 um 20 Uhr<br>\n16.03.2019 um 20 Uhr<br>\n17.03.2019 um 18 Uhr<\/h6>\n\n\n\n<h5>Veranstaltungsort:<br>\nKleine Kom\u00f6die Warnem\u00fcnde<\/h5>\n\n\n\n<h4>4. Bei den Schutzengeln der Ostsee zu Gast \u2013 Besichtigung des Seenotkreuzers<\/h4>\n\n\n\n<p>Die M\u00e4nner der \u201eDeutschen Gesellschaft zur Rettung Schiffbr\u00fcchiger\u201c riskieren ihr Leben, um Menschen in Seenot zu retten. Dabei kommt es zum Teil zu gef\u00e4hrlichen und schwer zu meisternden Eins\u00e4tzen. Bei diesem Warnem\u00fcnde Event erfahren Sie, wann ein Seenotkreuzer gerufen wird und erhalten zudem einen Einblick dar\u00fcber, wie die Seenotrettung fr\u00fcher bewerkstelligt wurde. Danach k\u00f6nnen Sie den Seenotkreuzer besichtigen und bekommen vom Vormann jeden Handgriff gezeigt.<\/p>\n\n\n\n<h6>Termine:<br>\n06.03.2019 um 15 Uhr<\/h6>\n\n\n\n<h5>Veranstaltungsort:<br>\nTourismuszentrale Rostock &amp; Warnem\u00fcnde<\/h5>\n\n\n\n<h4>5. Tony Ireland \u2013 Scottish, Irish and contemporary folk<\/h4>\n\n\n\n<p>Aufgrund der gro\u00dfen Nachfrage k\u00f6nnen Sie erneut die Musik von Tony Ireland in der Kleinen Kom\u00f6die in Warnem\u00fcnde erleben. Bereits seit den 1970er Jahren begeistert Tony Ireland das Publikum mit traditionellem schottischen und irischen Folk. Seine einzigartige Stimme und sein abwechslungsreicher Sound sorgen f\u00fcr einen unvergesslichen Abend und einen musikalischen Genuss der besonderen Art.<\/p>\n\n\n\n<h6>Termine:<br>\n07.03.2019 um 20 Uhr<\/h6>\n\n\n\n<h5>Veranstaltungsort:<br>\nKleine Kom\u00f6die Warnem\u00fcnde<\/h5>\n\n\n\n<h4>6. \u201eMit vollen Hosen sitzt man weicher\u201c \u2013 ein Solo-Abend mit Philipp Schaller<\/h4>\n\n\n\n<p>Nachdem Philipp Schaller bereits im Duo mit Erik Lehmann erste B\u00fchnenerfolge feiern konnte, tritt er \u201eMit vollen Hosen sitzt man weicher\u201c zum ersten Mal mit einem Soloprogramm auf. Seien Sie live dabei, wenn Schaller Stellung bezieht, \u00e4tzt und mit \u00fcberspitzten Bosheiten das Publikum zum Lachen bringt.<\/p>\n\n\n\n<h6>Termine:<br>\n08.03.2019 um 20 Uhr<br>\n09.03.2019 um 20 Uhr<\/h6>\n\n\n\n<h5>Veranstaltungsort:<br>\nKleine Kom\u00f6die Warnem\u00fcnde<\/h5>\n\n\n\n<h4>7. Ringelnatz-Rock \u2013 mit Kieran Goss &amp; Annie Kinsella<\/h4>\n\n\n\n<p>Ein musikalisches Highlight der Extraklasse wird Ihnen bei den Warnem\u00fcnde Events im M\u00e4rz geboten. Erleben Sie den irischen Musiker Kieran Goss und die S\u00e4ngerin Annie Kinsella live im Ringelnatz Warnem\u00fcnde. Nicht nur sein phantastischer Gesang und sein Gitarrenspiel begeistern das Publikum weltweit, auch seine humorvollen Ansagen sorgen bei den Fans f\u00fcr Unterhaltung.<\/p>\n\n\n\n<h6>Termine:<br>\n09.03.2019 um 19:30 Uhr<\/h6>\n\n\n\n<h5>Veranstaltungsort:<br>\nRingelnatz Warnem\u00fcnde<\/h5>\n\n\n\n<h4>8. \u201eNon(n)sens\u201c \u2013 Musical Comedy von Dan Goggin<\/h4>\n\n\n\n<p>Erleben Sie beim Musical \u201eNon(n)sens\u201c wie f\u00fcnf Ordensschwestern f\u00fcr eine Benefiz-Gala zu Showtalenten werden und dabei ihr ganzes Tanz- und Gesangsk\u00f6nnen beweisen. Doch nicht nur die Tanz- und Gesangseinlagen werden Sie begeistern, auch die Geschichten, die die Ordensschwestern erz\u00e4hlen, haben es in sich. So war die Mutter Oberin einst eine Seilt\u00e4nzerin und liebt noch immer den Auftritt im Rampenlicht. Anr\u00fchrender hingegen ist die Geschichte von Schwester Amnesia, die sich nicht mehr an ihren Namen erinnert, weil ihr ein Kruzifix auf den Kopf fiel. Die Novizin Maria Leo hingegen entschloss sich nur f\u00fcr den Eintritt ins Kloster, weil sie Bekanntheit als erste Nonnen-Ballerina erlangen wollte.<\/p>\n\n\n\n<h6>Termine:<br>\n10.03.2019 um 18 Uhr<br>\n24.03.2019 um 18 Uhr<\/h6>\n\n\n\n<h5>Veranstaltungsort:<br>\nKleine Kom\u00f6die Warnem\u00fcnde<\/h5>\n\n\n\n<h4>9. Rabenschwarzer Humor &amp; Jazz vom Feinsten<\/h4>\n\n\n\n<p>Insgesamt 18 B\u00fccher ver\u00f6ffentliche der Rostocker Chirurg Dr. Klaus Koch bislang und geh\u00f6rt damit zu den bekanntesten Aphoristikern im deutschsprachigen Raum. Sein aktuelles Programm stellt er, begleitet von Gitarrist Christian Ahnsehl und Saxophonist und S\u00e4nger Andreas Pasternack, in der Kleinen Kom\u00f6die in Warnem\u00fcnde vor. Es erwartet Sie ein Abend voller Wortwitz in Kombination mit Musik zum Mitklatschen.<\/p>\n\n\n\n<h6>Termine:<br>\n14.03.2019 um 20 Uhr<\/h6>\n\n\n\n<h5>Veranstaltungsort:<br>\nKleine Kom\u00f6die Warnem\u00fcnde<\/h5>\n\n\n\n<h4>10. \u201eSpringtime is Swingtime\u201c \u2013 mit Duo L.A.<\/h4>\n\n\n\n<p>Erleben Sie das Rostocker Swing-Duo L.A., bestehend aus Larry Harms und Andy Holz, live im Ringelnatz Warnem\u00fcnde. Unter dem Motto \u201eSpringtime is Swingtime\u201c pr\u00e4sentiert das Duo dem Publikum Fr\u00fchlingsgef\u00fchle in Form von Noten und Lyrik.<\/p>\n\n\n\n<h6>Termine:<br>\n15.03.2019 um 19:30 Uhr<\/h6>\n\n\n\n<h5>Veranstaltungsort:<br>\nRingelnatz Warnem\u00fcnde<\/h5>\n\n\n\n<h4>11. Ringelnatz-Rock \u2013 mit Five Men on the Rocks<\/h4>\n\n\n\n<p>Das Ringelnatz Warnem\u00fcnde pr\u00e4sentiert die Rockband \u201eFive Men on the Rocks\u201c und bringt damit den guten alten Rock der 70er Jahre zur\u00fcck. Die Rostocker Band gibt Rock-Hymnen von Led Zeppelin, Deep Purple, AC\/DC, Pink Floyd, Status Quo und vielen anderen Gr\u00f6\u00dfen der Rockgeschichte zum Besten.<\/p>\n\n\n\n<h6>Termine:<br>\n22.03.2019 um 19:30 Uhr<\/h6>\n\n\n\n<h5>Veranstaltungsort:<br>\nRingelnatz Warnem\u00fcnde<\/h5>\n","protected":false},"excerpt":{"rendered":"<p>Das Ostseebad Warnem\u00fcnde ist einer der sch\u00f6nsten Stadtteile der Hansestadt Rostock und zieht jedes Jahr tausende Besucher in seinen Bann. Der bis zu 100 Meter breite feinsandige Strand erstreckt sich \u00fcber eine L\u00e4nge von rund 15 Kilometern und bietet den Besuchern eine Vielzahl an Freizeitaktivit\u00e4ten. Erholung und Ruhe finden Sie auch im malerischen K\u00fcstenwald und<\/p>\n","protected":false},"author":61,"featured_media":8823,"comment_status":"closed","ping_status":"closed","sticky":false,"template":"","format":"standard","meta":{"footnotes":""},"categories":[977],"tags":[1299,562,773,585,979],"yoast_head":"<!-- This site is optimized with the Yoast SEO plugin v16.1.1 - https:\/\/yoast.com\/wordpress\/plugins\/seo\/ -->\n<title>Events im M\u00e4rz: Veranstaltungen in Warnem\u00fcnde &ndash; InterDomizil Reisemagazin<\/title>\n<meta name=\"description\" content=\"Warnem\u00fcnde: Wir haben f\u00fcr Euch spannende Events und Veranstaltungen im M\u00e4rz 2019 in diesem Artikel zusammengestellt! Auf nach Warnem\u00fcnde!!\" \/>\n<link rel=\"canonical\" href=\"https:\/\/www.interdomizil.de\/reisemagazin\/aktuelles\/events-im-maerz-veranstaltungen-in-warnemuende\" \/>\n<meta name=\"twitter:label1\" content=\"Gesch\u00e4tzte Lesezeit\">\n\t<meta name=\"twitter:data1\" content=\"5\u00a0Minuten\">\n<script type=\"application\/ld+json\" class=\"yoast-schema-graph\">{\"@context\":\"https:\/\/schema.org\",\"@graph\":[{\"@type\":\"WebSite\",\"@id\":\"https:\/\/www.interdomizil.de\/reisemagazin\/#website\",\"url\":\"https:\/\/www.interdomizil.de\/reisemagazin\/\",\"name\":\"InterDomizil Reisemagazin\",\"description\":\"Reiseziele. Urlaubtipps. Sehenswertes.\",\"potentialAction\":[{\"@type\":\"SearchAction\",\"target\":\"https:\/\/www.interdomizil.de\/reisemagazin\/?s={search_term_string}\",\"query-input\":\"required name=search_term_string\"}],\"inLanguage\":\"de\"},{\"@type\":\"ImageObject\",\"@id\":\"https:\/\/www.interdomizil.de\/reisemagazin\/aktuelles\/events-im-maerz-veranstaltungen-in-warnemuende#primaryimage\",\"inLanguage\":\"de\",\"url\":\"https:\/\/www.interdomizil.de\/reisemagazin\/wp-content\/uploads\/wm2.jpg\",\"contentUrl\":\"https:\/\/www.interdomizil.de\/reisemagazin\/wp-content\/uploads\/wm2.jpg\",\"width\":1023,\"height\":621},{\"@type\":\"WebPage\",\"@id\":\"https:\/\/www.interdomizil.de\/reisemagazin\/aktuelles\/events-im-maerz-veranstaltungen-in-warnemuende#webpage\",\"url\":\"https:\/\/www.interdomizil.de\/reisemagazin\/aktuelles\/events-im-maerz-veranstaltungen-in-warnemuende\",\"name\":\"Events im M\\u00e4rz: Veranstaltungen in Warnem\\u00fcnde &ndash; InterDomizil Reisemagazin\",\"isPartOf\":{\"@id\":\"https:\/\/www.interdomizil.de\/reisemagazin\/#website\"},\"primaryImageOfPage\":{\"@id\":\"https:\/\/www.interdomizil.de\/reisemagazin\/aktuelles\/events-im-maerz-veranstaltungen-in-warnemuende#primaryimage\"},\"datePublished\":\"2019-03-01T02:49:53+00:00\",\"dateModified\":\"2019-03-14T03:28:46+00:00\",\"author\":{\"@id\":\"https:\/\/www.interdomizil.de\/reisemagazin\/#\/schema\/person\/88e68aa5afdec9d042c8f78c340a2f6f\"},\"description\":\"Warnem\\u00fcnde: Wir haben f\\u00fcr Euch spannende Events und Veranstaltungen im M\\u00e4rz 2019 in diesem Artikel zusammengestellt! Auf nach Warnem\\u00fcnde!!\",\"breadcrumb\":{\"@id\":\"https:\/\/www.interdomizil.de\/reisemagazin\/aktuelles\/events-im-maerz-veranstaltungen-in-warnemuende#breadcrumb\"},\"inLanguage\":\"de\",\"potentialAction\":[{\"@type\":\"ReadAction\",\"target\":[\"https:\/\/www.interdomizil.de\/reisemagazin\/aktuelles\/events-im-maerz-veranstaltungen-in-warnemuende\"]}]},{\"@type\":\"BreadcrumbList\",\"@id\":\"https:\/\/www.interdomizil.de\/reisemagazin\/aktuelles\/events-im-maerz-veranstaltungen-in-warnemuende#breadcrumb\",\"itemListElement\":[{\"@type\":\"ListItem\",\"position\":1,\"item\":{\"@type\":\"WebPage\",\"@id\":\"https:\/\/www.interdomizil.de\/reisemagazin\/\",\"url\":\"https:\/\/www.interdomizil.de\/reisemagazin\/\",\"name\":\"Home\"}},{\"@type\":\"ListItem\",\"position\":2,\"item\":{\"@type\":\"WebPage\",\"@id\":\"https:\/\/www.interdomizil.de\/reisemagazin\/aktuelles\/events-im-maerz-veranstaltungen-in-warnemuende\",\"url\":\"https:\/\/www.interdomizil.de\/reisemagazin\/aktuelles\/events-im-maerz-veranstaltungen-in-warnemuende\",\"name\":\"Events im M\\u00e4rz: Veranstaltungen in Warnem\\u00fcnde\"}}]},{\"@type\":\"Person\",\"@id\":\"https:\/\/www.interdomizil.de\/reisemagazin\/#\/schema\/person\/88e68aa5afdec9d042c8f78c340a2f6f\",\"name\":\"Redaktion\"}]}<\/script>\n<!-- \/ Yoast SEO plugin. -->","_links":{"self":[{"href":"https:\/\/www.interdomizil.de\/reisemagazin\/wp-json\/wp\/v2\/posts\/8710"}],"collection":[{"href":"https:\/\/www.interdomizil.de\/reisemagazin\/wp-json\/wp\/v2\/posts"}],"about":[{"href":"https:\/\/www.interdomizil.de\/reisemagazin\/wp-json\/wp\/v2\/types\/post"}],"author":[{"embeddable":true,"href":"https:\/\/www.interdomizil.de\/reisemagazin\/wp-json\/wp\/v2\/users\/61"}],"replies":[{"embeddable":true,"href":"https:\/\/www.interdomizil.de\/reisemagazin\/wp-json\/wp\/v2\/comments?post=8710"}],"version-history":[{"count":6,"href":"https:\/\/www.interdomizil.de\/reisemagazin\/wp-json\/wp\/v2\/posts\/8710\/revisions"}],"predecessor-version":[{"id":8732,"href":"https:\/\/www.interdomizil.de\/reisemagazin\/wp-json\/wp\/v2\/posts\/8710\/revisions\/8732"}],"wp:featuredmedia":[{"embeddable":true,"href":"https:\/\/www.interdomizil.de\/reisemagazin\/wp-json\/wp\/v2\/media\/8823"}],"wp:attachment":[{"href":"https:\/\/www.interdomizil.de\/reisemagazin\/wp-json\/wp\/v2\/media?parent=8710"}],"wp:term":[{"taxonomy":"category","embeddable":true,"href":"https:\/\/www.interdomizil.de\/reisemagazin\/wp-json\/wp\/v2\/categories?post=8710"},{"taxonomy":"post_tag","embeddable":true,"href":"https:\/\/www.interdomizil.de\/reisemagazin\/wp-json\/wp\/v2\/tags?post=8710"}],"curies":[{"name":"wp","href":"https:\/\/api.w.org\/{rel}","templated":true}]}}