{"id":8692,"date":"2019-02-27T07:06:18","date_gmt":"2019-02-27T05:06:18","guid":{"rendered":"https:\/\/www.interdomizil.de\/reisemagazin\/?p=8692"},"modified":"2019-09-12T06:29:52","modified_gmt":"2019-09-12T04:29:52","slug":"events-im-maerz-2019-auf-ruegen-die-besten-veranstaltungen-fuer-die-ganze-familie","status":"publish","type":"post","link":"https:\/\/www.interdomizil.de\/reisemagazin\/reiseziele\/events-im-maerz-2019-auf-ruegen-die-besten-veranstaltungen-fuer-die-ganze-familie","title":{"rendered":"Events im M\u00e4rz 2019 auf R\u00fcgen: Die besten Veranstaltungen f\u00fcr die ganze Familie"},"content":{"rendered":"<div class=\"twoclick_social_bookmarks_post_8692 social_share_privacy clearfix 1.6.4 locale-de_DE sprite-de_DE\"><\/div><div class=\"twoclick-js\"><script type=\"text\/javascript\">\/* <![CDATA[ *\/\njQuery(document).ready(function($){if($('.twoclick_social_bookmarks_post_8692')){$('.twoclick_social_bookmarks_post_8692').socialSharePrivacy({\"services\":{\"facebook\":{\"status\":\"on\",\"txt_info\":\"2 Klicks f\\u00fcr mehr Datenschutz: Erst wenn Sie hier klicken, wird der Button aktiv und Sie k\\u00f6nnen Ihre Empfehlung an Facebook senden. Schon beim Aktivieren werden <strong>Daten an Dritte \\u00fcbertragen<\\\/strong> - siehe <strong>i<\\\/strong>.\",\"perma_option\":\"off\",\"action\":\"like\",\"language\":\"de_DE\"},\"twitter\":{\"reply_to\":\"\",\"tweet_text\":\"%20Events%20im%20M%C3%A4rz%202019%20auf%20R%C3%BCgen%3A%20Die%20besten%20Veranstaltungen%20f%C3%BCr%20die%20...\",\"status\":\"on\",\"txt_info\":\"2 Klicks f\\u00fcr mehr Datenschutz: Erst wenn Sie hier klicken, wird der Button aktiv und Sie k\\u00f6nnen Ihre Empfehlung an Twitter senden. Schon beim Aktivieren werden <strong>Daten an Dritte \\u00fcbertragen<\\\/strong> - siehe <strong>i<\\\/strong>.\",\"perma_option\":\"off\",\"language\":\"de\"},\"pinterest\":{\"status\":\"on\",\"the_excerpt\":\"Events im M\\u00e4rz 2019 auf R\\u00fcgen: Die besten Veranstaltungen f\\u00fcr die ganze Familie\",\"txt_info\":\"2 Klicks f\\u00fcr mehr Datenschutz: Erst wenn Sie hier klicken, wird der Button aktiv und Sie k\\u00f6nnen Ihre Empfehlung an Pinterest senden. Schon beim Aktivieren werden <strong>Daten an Dritte \\u00fcbertragen<\\\/strong> - siehe <strong>i<\\\/strong>.\",\"perma_option\":\"off\",\"media\":\"https:\\\/\\\/www.interdomizil.de\\\/reisemagazin\\\/wp-content\\\/uploads\\\/rg2.jpg\"}},\"txt_help\":\"Wenn Sie diese Felder durch einen Klick aktivieren, werden Informationen an Facebook, Twitter, Flattr, Xing, t3n, LinkedIn, Pinterest oder Google eventuell ins Ausland <strong>\\u00fcbertragen<\\\/strong> und unter Umst\\u00e4nden auch dort <strong>gespeichert<\\\/strong>. N\\u00e4heres erfahren Sie durch einen Klick auf das <em>i<\\\/em>.\",\"settings_perma\":\"Dauerhaft aktivieren und Daten\\u00fcber-tragung zustimmen:\",\"info_link\":\"http:\\\/\\\/www.heise.de\\\/ct\\\/artikel\\\/2-Klicks-fuer-mehr-Datenschutz-1333879.html\",\"uri\":\"https:\\\/\\\/www.interdomizil.de\\\/reisemagazin\\\/reiseziele\\\/events-im-maerz-2019-auf-ruegen-die-besten-veranstaltungen-fuer-die-ganze-familie\",\"post_id\":8692,\"post_title_referrer_track\":\"Events+im+M%C3%A4rz+2019+auf+R%C3%BCgen%3A+Die+besten+Veranstaltungen+f%C3%BCr+die+ganze+Familie\",\"concat\":\"%3F\",\"display_infobox\":\"on\"});}});\n\/* ]]> *\/<\/script><\/div>\n<p>Die Insel R\u00fcgen ist seit jeher ein sehr beliebtes Reiseziel f\u00fcr Jung und Alt. W\u00e4hrend des gesamten Jahres gibt es hier f\u00fcr jede Altersgruppe ein abwechslungsreiches Angebot an verschiedensten Events. Sei es nun ein Konzert oder ein Theaterabend, eine Open-Air-Veranstaltung, eine Fahrradtour oder eine gef\u00fchrte Wanderung. Die Auswahl an Events auf R\u00fcgen, die Sie mit Ihrer gesamten Familie auf der Insel erleben k\u00f6nnen, ist riesig. In verschiedenen Galerien und Ateliers sowie Ausstellungen k\u00f6nnen Sie am k\u00fcnstlerischen Schaffen auf R\u00fcgen und sogar an diversen Kreativkursen teilnehmen.<\/p>\n\n\n\n<h4>1. EisZeit<\/h4>\n\n\n\n<p>Der erste Tag im M\u00e4rz ist zwar auch der letzte Tag dieses R\u00fcgen Events, doch ist die \u201eEisZeit\u201c deshalb mindestens genauso lustig und unterhaltsam f\u00fcr die ganze Familie wie am ersten Tag der Veranstaltung. Im Ostseebad Sellin kann sich Ihre Familie auf der \u00fcberdachten Eisbahn von 14 bis 20 Uhr nach Lust und Laune auf dem Eis vergn\u00fcgen. Leihen Sie sich ein Paar Schlittschuhe aus und gleiten Sie mit Ihren Lieben \u00fcber das Eis. Nach telefonischer Voranmeldung haben Sie sogar die M\u00f6glichkeit, beim Eisstockschie\u00dfen entweder gegen Ihre eigene oder auch gegen andere Familien anzutreten. Wer nicht wagt, der nicht gewinnt.<\/p>\n\n\n\n<h5>Datum: 01.03.2019<\/h5>\n\n\n\n<h4>2. 5. Philharmonisches Konzert: Beethoven Zyklus I<\/h4>\n\n\n\n<p>Erleben Sie im Theater Putbus die Schilderung des Aufstiegs und des Niedergangs der britischen Skandalikone Margaret Whigham durch die Oper \u201ePowder Her Face\u201c. Dabei handelt es sich aber um alles andere als eine trockene Veranstaltung f\u00fcr absolute Liebhaber einer Oper. Vielmehr behandelt der englische Komponist Thomas Ad\u00e8s das Thema stilsicher und dennoch mit einem gewissen bissigen Humor. Dennoch kommt auch die Klangsch\u00f6nheit und virtuose Brillanz des Werkes nicht zu kurz, wof\u00fcr der Solist Mika Seifert in jedem Fall sorgen wird. Der Abend verspricht Ihrer ganzen Familie einen stetigen Wechsel des Werkes des gro\u00dfen Sinfonikers Beethoven und bereitet Ihnen einen garantiert unvergesslichen Abend.<\/p>\n\n\n\n<h5>Datum: 01.03.2019<\/h5>\n\n\n\n<h4>3. Binzer Winterferien-Spa\u00df: Kinder werden zu Autoren und Illustratoren<\/h4>\n\n\n\n<p>Autorin Janet Lindemann trifft den Nagel auf den Kopf wenn sie sagt \u201eSchreiben ist einfach, man muss nur die falschen Worte weglassen.\u201c Tats\u00e4chlich ist es n\u00e4mlich gar nicht so kompliziert, seine ganz eigene Geschichte zu verfassen. Beim Binzer Winterferien-Spa\u00df haben Kinder die M\u00f6glichkeit, ihre eigene Geschichte zu schreiben und diese mit Zeichnungen zu versehen. Alles, was sie daf\u00fcr ben\u00f6tigen, wird Janet Lindemann ihnen kindgerecht erkl\u00e4ren.<\/p>\n\n\n\n<h5>Datum: 01.03.2019<\/h5>\n\n\n\n<h4>4. K\u00f6sling geht aufs Ganze! &#8211; Von Hochzeiten und anderen Mutproben<\/h4>\n\n\n\n<p>Einen unvergesslichen Abend bei einem weiteren der angesagten R\u00fcgen Events werden Sie garantiert mit dem Kabarettisten Marcel K\u00f6sling erleben. Inzwischen blickt er auf 30 Jahre Kabarettprogramm zur\u00fcck. Eine Zeit, in der er viel erlebt hat. Viele der Erlebnisse rund um sein Leben mit seiner Frau hat er in sein Programm eingebaut, dabei bleibt kaum ein Auge trocken &#8211; vor Lachen. Neben viel lustigem Kabarett begeistert Marcel K\u00f6sling sein Publikum auch noch mit spannender Zauberei, mitrei\u00dfender Musik und ganz viel Comedy. \u201eK\u00f6sling geht aufs Ganze!\u201c ist ein Spa\u00df f\u00fcr die ganze Familie.<\/p>\n\n\n\n<h5>Datum: 08.03.2019<\/h5>\n\n\n\n<h4>5. Leipziger Pfefferm\u00fchle: Der f\u00fchrerlose Aufzug<\/h4>\n\n\n\n<p>Das Haus des Gastes hei\u00dft Sie und Ihre Familie herzlich willkommen im Hotel der Leipziger Pfefferm\u00fchle. Erleben Sie Kabarett und Comedy vom Feinsten. Hier geben Zimmerm\u00e4dchen, Barmann und Co. ihren Senf zu politischen und vielen anderen Themen. Bei diesem Event werden Ihre Lachmuskeln \u00fcber einen Zeitraum von rund zwei Stunden bis in alle Ma\u00dfen strapaziert.<\/p>\n\n\n\n<h5>Datum: 14.03.2019<\/h5>\n\n\n\n<h4>6. Leipziger Pfefferm\u00fchle: Fairboten<\/h4>\n\n\n\n<p>\u201eSich regen bringt Segen\u201c, so spricht bekanntlich der Volksmund. Ist man jedoch schlie\u00dflich gewillt, t\u00e4tig zu werden, ist dann vieles pl\u00f6tzlich nicht erlaubt. Die Frage, ob dies wohl fair sein mag, stellt sich dann nur allzu oft. Die Leipziger Pfefferm\u00fchle hat hierzu ein klares Statement: Nein! In seinem politischen Kabarett bezieht das Ensemble Stellung zu verschiedenen Themen, tritt gerne einmal den sogenannten Helikopter-Eltern entgegen oder macht dem kleinen Mann Mut, selbst wenn es verboten sein mag.<\/p>\n\n\n\n<h5>Datum: 21.03.2019<\/h5>\n\n\n\n<h4>7. Festspielfr\u00fchling R\u00fcgen<\/h4>\n\n\n\n<p>Im Ostseebad Binz finden Ende M\u00e4rz weitere R\u00fcgen Events statt, die Sie auf keinen Fall verpassen sollten: die Festspielfr\u00fchling R\u00fcgen. Erleben Sie mit Ihren Lieben im Jagdschloss sowie in verschiedenen weiteren Spielst\u00e4tten der Insel einzigartige Auftritte weltweit gefeierter Musiker, wie etwa des Cellisten Daniel M\u00fcller-Schott. Lassen Sie sich von mehr als 20 verschiedenen Konzerten berauschen und genie\u00dfen Sie angesagte Musik aus verschiedenen Epochen.<\/p>\n\n\n\n<h5>Datum: 29.03. bis 07.04.2019<\/h5>\n\n\n\n<h4>8. Gef\u00fchrter Gel\u00e4nderrundgang in Prora<\/h4>\n\n\n\n<p>Ab einer Gruppengr\u00f6\u00dfe von 6 Personen haben Sie die M\u00f6glichkeit, an einem gef\u00fchrten Gel\u00e4nderundgang durch den Norden von Prora teilzunehmen. Machen Sie sich anhand der Geb\u00e4ude ein eigenes Bild von der NS- und DDR-Zeit, betrachten Sie historisches Bildmaterial und erfahren Sie etwas \u00fcber die Hintergr\u00fcnde und die Nutzung der Anlage. Erleben Sie in 90 spannenden Minuten ein St\u00fcck Zeitgeschehen am eigenen Leib.<\/p>\n\n\n\n<h5>Datum: bis 31.03.2019<\/h5>\n\n\n\n<h4>9. Lichter- und Fackelwanderung f\u00fcr die ganze Familie<\/h4>\n\n\n\n<p>An jedem Mittwoch im M\u00e4rz 2019 findet auf R\u00fcgen die \u00fcberaus beliebte Lichter- und Fackelwanderung statt, ein Erlebnis f\u00fcr die gesamte Familie. Z\u00fcnden Sie mit Ihrer Familie Lichter an und wandern Sie durch die eisig kalte Winternacht. Den kr\u00f6nenden Abschluss der erlebnisreichen Wanderung bildet ein offenes Lagerfeuer, an dem mit Stockbrot f\u00fcr das leibliche Wohl gesorgt wird.<\/p>\n\n\n\n<h5>Datum: jeden Mittwoch von 18:30 bis 20:00 Uhr<\/h5>\n\n\n\n<h4>10. Mit dem Ranger auf Spurensuche<\/h4>\n\n\n\n<p>Der Volksmund besagt, im Wald w\u00fcrden sich Fuchs und Hase \u201eGute Nacht\u201c sagen. Doch in Wahrheit machen sie weit mehr als das, denn sie hinterlassen \u00fcberall ihre Spuren. An jedem Mittwoch im M\u00e4rz haben Kinder ab 6 Jahre die M\u00f6glichkeit, mit einem Ranger das Biosph\u00e4renreservat im S\u00fcdosten der Insel R\u00fcgen zu erkunden. Ein Ranger erkl\u00e4rt den Kleinen, worauf sie in der Natur achten sollten und verr\u00e4t ihnen viele spannende Geheimnisse. Auf ihren Streifz\u00fcgen quer durch Granitz gibt es viel zu bestaunen und zu bewundern.<\/p>\n\n\n\n<h5>Datum: jeden Mittwoch von 10:30 bis 12:30 Uhr<\/h5>\n","protected":false},"excerpt":{"rendered":"<p>Die Insel R\u00fcgen ist seit jeher ein sehr beliebtes Reiseziel f\u00fcr Jung und Alt. W\u00e4hrend des gesamten Jahres gibt es hier f\u00fcr jede Altersgruppe ein abwechslungsreiches Angebot an verschiedensten Events. Sei es nun ein Konzert oder ein Theaterabend, eine Open-Air-Veranstaltung, eine Fahrradtour oder eine gef\u00fchrte Wanderung. Die Auswahl an Events auf R\u00fcgen, die Sie mit<\/p>\n","protected":false},"author":61,"featured_media":8824,"comment_status":"closed","ping_status":"closed","sticky":false,"template":"","format":"standard","meta":{"footnotes":""},"categories":[977,11,12],"tags":[565,1299,1319,1295,560,978,1300,976],"yoast_head":"<!-- This site is optimized with the Yoast SEO plugin v16.1.1 - https:\/\/yoast.com\/wordpress\/plugins\/seo\/ -->\n<title>Events im M\u00e4rz 2019 auf R\u00fcgen: Die besten Veranstaltungen f\u00fcr die ganze Familie &ndash; InterDomizil Reisemagazin<\/title>\n<meta name=\"description\" content=\"R\u00fcgen Events: Diese Events sollten Sie sich im M\u00e4rz 2019 auf der beliebten Ostseeinsel R\u00fcgen auf keinen Fall entgehen lassen!\" \/>\n<link rel=\"canonical\" href=\"https:\/\/www.interdomizil.de\/reisemagazin\/reiseziele\/events-im-maerz-2019-auf-ruegen-die-besten-veranstaltungen-fuer-die-ganze-familie\" \/>\n<meta name=\"twitter:label1\" content=\"Gesch\u00e4tzte Lesezeit\">\n\t<meta name=\"twitter:data1\" content=\"5\u00a0Minuten\">\n<script type=\"application\/ld+json\" class=\"yoast-schema-graph\">{\"@context\":\"https:\/\/schema.org\",\"@graph\":[{\"@type\":\"WebSite\",\"@id\":\"https:\/\/www.interdomizil.de\/reisemagazin\/#website\",\"url\":\"https:\/\/www.interdomizil.de\/reisemagazin\/\",\"name\":\"InterDomizil Reisemagazin\",\"description\":\"Reiseziele. Urlaubtipps. Sehenswertes.\",\"potentialAction\":[{\"@type\":\"SearchAction\",\"target\":\"https:\/\/www.interdomizil.de\/reisemagazin\/?s={search_term_string}\",\"query-input\":\"required name=search_term_string\"}],\"inLanguage\":\"de\"},{\"@type\":\"ImageObject\",\"@id\":\"https:\/\/www.interdomizil.de\/reisemagazin\/reiseziele\/events-im-maerz-2019-auf-ruegen-die-besten-veranstaltungen-fuer-die-ganze-familie#primaryimage\",\"inLanguage\":\"de\",\"url\":\"https:\/\/www.interdomizil.de\/reisemagazin\/wp-content\/uploads\/rg2.jpg\",\"contentUrl\":\"https:\/\/www.interdomizil.de\/reisemagazin\/wp-content\/uploads\/rg2.jpg\",\"width\":2016,\"height\":980},{\"@type\":\"WebPage\",\"@id\":\"https:\/\/www.interdomizil.de\/reisemagazin\/reiseziele\/events-im-maerz-2019-auf-ruegen-die-besten-veranstaltungen-fuer-die-ganze-familie#webpage\",\"url\":\"https:\/\/www.interdomizil.de\/reisemagazin\/reiseziele\/events-im-maerz-2019-auf-ruegen-die-besten-veranstaltungen-fuer-die-ganze-familie\",\"name\":\"Events im M\\u00e4rz 2019 auf R\\u00fcgen: Die besten Veranstaltungen f\\u00fcr die ganze Familie &ndash; InterDomizil Reisemagazin\",\"isPartOf\":{\"@id\":\"https:\/\/www.interdomizil.de\/reisemagazin\/#website\"},\"primaryImageOfPage\":{\"@id\":\"https:\/\/www.interdomizil.de\/reisemagazin\/reiseziele\/events-im-maerz-2019-auf-ruegen-die-besten-veranstaltungen-fuer-die-ganze-familie#primaryimage\"},\"datePublished\":\"2019-02-27T05:06:18+00:00\",\"dateModified\":\"2019-09-12T04:29:52+00:00\",\"author\":{\"@id\":\"https:\/\/www.interdomizil.de\/reisemagazin\/#\/schema\/person\/88e68aa5afdec9d042c8f78c340a2f6f\"},\"description\":\"R\\u00fcgen Events: Diese Events sollten Sie sich im M\\u00e4rz 2019 auf der beliebten Ostseeinsel R\\u00fcgen auf keinen Fall entgehen lassen!\",\"breadcrumb\":{\"@id\":\"https:\/\/www.interdomizil.de\/reisemagazin\/reiseziele\/events-im-maerz-2019-auf-ruegen-die-besten-veranstaltungen-fuer-die-ganze-familie#breadcrumb\"},\"inLanguage\":\"de\",\"potentialAction\":[{\"@type\":\"ReadAction\",\"target\":[\"https:\/\/www.interdomizil.de\/reisemagazin\/reiseziele\/events-im-maerz-2019-auf-ruegen-die-besten-veranstaltungen-fuer-die-ganze-familie\"]}]},{\"@type\":\"BreadcrumbList\",\"@id\":\"https:\/\/www.interdomizil.de\/reisemagazin\/reiseziele\/events-im-maerz-2019-auf-ruegen-die-besten-veranstaltungen-fuer-die-ganze-familie#breadcrumb\",\"itemListElement\":[{\"@type\":\"ListItem\",\"position\":1,\"item\":{\"@type\":\"WebPage\",\"@id\":\"https:\/\/www.interdomizil.de\/reisemagazin\/\",\"url\":\"https:\/\/www.interdomizil.de\/reisemagazin\/\",\"name\":\"Home\"}},{\"@type\":\"ListItem\",\"position\":2,\"item\":{\"@type\":\"WebPage\",\"@id\":\"https:\/\/www.interdomizil.de\/reisemagazin\/reiseziele\/events-im-maerz-2019-auf-ruegen-die-besten-veranstaltungen-fuer-die-ganze-familie\",\"url\":\"https:\/\/www.interdomizil.de\/reisemagazin\/reiseziele\/events-im-maerz-2019-auf-ruegen-die-besten-veranstaltungen-fuer-die-ganze-familie\",\"name\":\"Events im M\\u00e4rz 2019 auf R\\u00fcgen: Die besten Veranstaltungen f\\u00fcr die ganze Familie\"}}]},{\"@type\":\"Person\",\"@id\":\"https:\/\/www.interdomizil.de\/reisemagazin\/#\/schema\/person\/88e68aa5afdec9d042c8f78c340a2f6f\",\"name\":\"Redaktion\"}]}<\/script>\n<!-- \/ Yoast SEO plugin. -->","_links":{"self":[{"href":"https:\/\/www.interdomizil.de\/reisemagazin\/wp-json\/wp\/v2\/posts\/8692"}],"collection":[{"href":"https:\/\/www.interdomizil.de\/reisemagazin\/wp-json\/wp\/v2\/posts"}],"about":[{"href":"https:\/\/www.interdomizil.de\/reisemagazin\/wp-json\/wp\/v2\/types\/post"}],"author":[{"embeddable":true,"href":"https:\/\/www.interdomizil.de\/reisemagazin\/wp-json\/wp\/v2\/users\/61"}],"replies":[{"embeddable":true,"href":"https:\/\/www.interdomizil.de\/reisemagazin\/wp-json\/wp\/v2\/comments?post=8692"}],"version-history":[{"count":7,"href":"https:\/\/www.interdomizil.de\/reisemagazin\/wp-json\/wp\/v2\/posts\/8692\/revisions"}],"predecessor-version":[{"id":8707,"href":"https:\/\/www.interdomizil.de\/reisemagazin\/wp-json\/wp\/v2\/posts\/8692\/revisions\/8707"}],"wp:featuredmedia":[{"embeddable":true,"href":"https:\/\/www.interdomizil.de\/reisemagazin\/wp-json\/wp\/v2\/media\/8824"}],"wp:attachment":[{"href":"https:\/\/www.interdomizil.de\/reisemagazin\/wp-json\/wp\/v2\/media?parent=8692"}],"wp:term":[{"taxonomy":"category","embeddable":true,"href":"https:\/\/www.interdomizil.de\/reisemagazin\/wp-json\/wp\/v2\/categories?post=8692"},{"taxonomy":"post_tag","embeddable":true,"href":"https:\/\/www.interdomizil.de\/reisemagazin\/wp-json\/wp\/v2\/tags?post=8692"}],"curies":[{"name":"wp","href":"https:\/\/api.w.org\/{rel}","templated":true}]}}