{"id":8346,"date":"2019-01-03T09:00:06","date_gmt":"2019-01-03T07:00:06","guid":{"rendered":"https:\/\/www.interdomizil.de\/reisemagazin\/?p=8346"},"modified":"2019-09-12T06:30:27","modified_gmt":"2019-09-12T04:30:27","slug":"diese-events-erwarten-sie-im-januar-auf-ruegen","status":"publish","type":"post","link":"https:\/\/www.interdomizil.de\/reisemagazin\/aktuelles\/diese-events-erwarten-sie-im-januar-auf-ruegen","title":{"rendered":"Diese Events erwarten Sie im Januar auf R\u00fcgen"},"content":{"rendered":"<div class=\"twoclick_social_bookmarks_post_8346 social_share_privacy clearfix 1.6.4 locale-de_DE sprite-de_DE\"><\/div><div class=\"twoclick-js\"><script type=\"text\/javascript\">\/* <![CDATA[ *\/\njQuery(document).ready(function($){if($('.twoclick_social_bookmarks_post_8346')){$('.twoclick_social_bookmarks_post_8346').socialSharePrivacy({\"services\":{\"facebook\":{\"status\":\"on\",\"txt_info\":\"2 Klicks f\\u00fcr mehr Datenschutz: Erst wenn Sie hier klicken, wird der Button aktiv und Sie k\\u00f6nnen Ihre Empfehlung an Facebook senden. Schon beim Aktivieren werden <strong>Daten an Dritte \\u00fcbertragen<\\\/strong> - siehe <strong>i<\\\/strong>.\",\"perma_option\":\"off\",\"action\":\"like\",\"language\":\"de_DE\"},\"twitter\":{\"reply_to\":\"\",\"tweet_text\":\"%20Diese%20Events%20erwarten%20Sie%20im%20Januar%20auf%20R%C3%BCgen%20%C2%BB%20InterDomizil%20Reisemagazin%20...\",\"status\":\"on\",\"txt_info\":\"2 Klicks f\\u00fcr mehr Datenschutz: Erst wenn Sie hier klicken, wird der Button aktiv und Sie k\\u00f6nnen Ihre Empfehlung an Twitter senden. Schon beim Aktivieren werden <strong>Daten an Dritte \\u00fcbertragen<\\\/strong> - siehe <strong>i<\\\/strong>.\",\"perma_option\":\"off\",\"language\":\"de\"},\"pinterest\":{\"status\":\"on\",\"the_excerpt\":\"Diese Events erwarten Sie im Januar auf R\\u00fcgen\",\"txt_info\":\"2 Klicks f\\u00fcr mehr Datenschutz: Erst wenn Sie hier klicken, wird der Button aktiv und Sie k\\u00f6nnen Ihre Empfehlung an Pinterest senden. Schon beim Aktivieren werden <strong>Daten an Dritte \\u00fcbertragen<\\\/strong> - siehe <strong>i<\\\/strong>.\",\"perma_option\":\"off\",\"media\":\"https:\\\/\\\/www.interdomizil.de\\\/reisemagazin\\\/wp-content\\\/uploads\\\/IMG_1473.jpg\"}},\"txt_help\":\"Wenn Sie diese Felder durch einen Klick aktivieren, werden Informationen an Facebook, Twitter, Flattr, Xing, t3n, LinkedIn, Pinterest oder Google eventuell ins Ausland <strong>\\u00fcbertragen<\\\/strong> und unter Umst\\u00e4nden auch dort <strong>gespeichert<\\\/strong>. N\\u00e4heres erfahren Sie durch einen Klick auf das <em>i<\\\/em>.\",\"settings_perma\":\"Dauerhaft aktivieren und Daten\\u00fcber-tragung zustimmen:\",\"info_link\":\"http:\\\/\\\/www.heise.de\\\/ct\\\/artikel\\\/2-Klicks-fuer-mehr-Datenschutz-1333879.html\",\"uri\":\"https:\\\/\\\/www.interdomizil.de\\\/reisemagazin\\\/aktuelles\\\/diese-events-erwarten-sie-im-januar-auf-ruegen\",\"post_id\":8346,\"post_title_referrer_track\":\"Diese+Events+erwarten+Sie+im+Januar+auf+R%C3%BCgen\",\"concat\":\"%3F\",\"display_infobox\":\"on\"});}});\n\/* ]]> *\/<\/script><\/div><p>Die Insel R\u00fcgen z\u00e4hlt touristisch betrachtet zu den absoluten Hochburgen in Deutschland. Allj\u00e4hrlich werden auf R\u00fcgen an die sechs Millionen \u00dcbernachtungen verzeichnet. Und nat\u00fcrlich wollen sich die G\u00e4ste bei ihrem Aufenthalt keinesfalls<strong> einen der zahlreichen R\u00fcgen Events<\/strong> entgehen lassen. Die Bandbreie reicht von hochkar\u00e4tigen kulturellen Veranstaltungen bis hin zu sportlichen Events. Und nat\u00fcrlich haben die Gastgeber auch so manche Veranstaltung in ihrem Programm.<\/p>\n<h4>R\u00fcgen Events: ein musikalischer Start ins Jahr<\/h4>\n<p><strong>\u201eI have a dream\u201c<\/strong> lautet der Titel des traditionellen <strong>Neujahrskonzertes<\/strong>, welches am Freitag, <strong>4. Januar im Kurhaus Binz<\/strong> veranstaltet wird. Auf den Brettern, die die Welt bedeuten, steht bei dieser Gelegenheit \u201eBarry Coleman\u00b4s Crossover &amp; Symphonic Pop Ensemble mit insgesamt acht Streichern. Neben dem <strong>Tenor Barry Coleman<\/strong> gibt dabei auch die <strong>Sopranistin Martina Haeger<\/strong> ihre Sangeskunst zum besten.<\/p>\n<h4>F\u00fcr Freunde des Deutschrocks<\/h4>\n<p>Seit Herbst 2018 ist die legend\u00e4re Band <strong>City<\/strong> aus Ostberlin wieder auf Tournee. Bevorzugt tritt die Band in Kirchen, Konzerth\u00e4usern und an besonderen Locations auf. Unter anderem sind die f\u00fcnf Musiker am Freitag, <strong>11. Januar<\/strong> ab 20 Uhr im <strong>Marstall in Putbus<\/strong> auf R\u00fcgen zu sehen. Gegr\u00fcndet hatten Fritz Puppel und Klaus Selmke 1972. Den Durchbruch feierte City mit ihrem Hit \u201eAm Fenster\u201c, der 1977 erschienen ist. Dieser Hit wurde auch von verschiedenen anderen Bands und Musikern wie den Puhdys oder Matthias Reim neu interpretiert.<\/p>\n<p>Bereits einen Tag sp\u00e4ter gastieren auch <strong>Thomas R\u00fchmann &amp; Band<\/strong> mit ihrem Programm \u201eRichtige Lieder\u201c im Marstall. Die Musiker bieten ihren Zuh\u00f6rern viel Poesie, aber auch trockenen Humor.<\/p>\n<h4>R\u00fcgen Events: in jedem Ort ist etwas geboten<\/h4>\n<p>Wer sich f\u00fcr das \u00f6rtliche <strong>Kunsthandwerk<\/strong> interessiert, sollte sich die Verkaufsausstellung Kunsthandwerk im Informations- und Servicecenter im <strong>Sassnitzer Stadthafen<\/strong> nicht entgehen lassen. Dort finden die Besucher jede Menge kleine Kostbarkeiten, von Schmuck bis Textilien.<\/p>\n<p>Zu den Events R\u00fcgen z\u00e4hlt am <strong>19. Januar<\/strong> ab 20 Uhr auch ein Konzert im <strong>Grundtvig-Haus<\/strong>. Dort ist <strong>Clemens Poetzsch<\/strong>, der Pianist der Jazzband Masaa zu h\u00f6ren. Das Markenzeichen der Band besteht \u00fcbrigens darin, dass die Liedtexte in arabischer Sprache verfasst sind.<\/p>\n<p>In <strong>Bergen<\/strong>, dem zentralen Ort auf der Insel R\u00fcgen, ist nat\u00fcrlich auch das Veranstaltungsangebot entsprechend gro\u00df und hochkar\u00e4tig. Beispielsweise findet hier am <strong>Sonntag, 20. Januar 2019 im Stadthaus<\/strong> die Veranstaltung \u201e<strong>Musicals in Concert<\/strong>\u201c statt. Die Besucher erwartet dabei eine Reise durch die Geschichte der Welt der Musicals. Pr\u00e4sentiert werden Songs aus den neuen Musicals vom Broadway und aus dem Londoner Westend ebenso wie bekannte Klassiker. Begleitet werden die S\u00e4nger \u00fcbrigens von der Rainbow Band. Dar\u00fcber hinaus erwarten die Besucher auch spektakul\u00e4re Licht-Effekte.<\/p>\n<p>Ein weiteres musikalisches Highlight erwartet die Besucher im <strong>Bergener Stadthaus am Mittwoch, 30. Januar<\/strong>. Denn an diesem Tag geben <strong>Pietro Poato und Toni Di Napoli<\/strong> ein Gala-Konzert unter dem Motto \u201eTen\u00f6re4you\u201c. Dabei bringen sie eine Mischung aus Pop und Klassik dar, die in dieser Form wohl einzigartig sein d\u00fcrfte.<\/p>\n<h4>Die Inseln der Ostsee entdecken<\/h4>\n<p>Am Donnerstag, <strong>3. Januar<\/strong> haben die G\u00e4ste auf R\u00fcgen die Gelegenheit, die Ostsee intensiver kennenzulernen. Beim <strong>Inselhopping<\/strong> von R\u00fcgen nach Usedom fahren sie von Stralsund, Wolgast oder Greifswald aus nach Usedom. In Peenem\u00fcnde erfahren sie Wissenswertes aus der Geschichte von Usedom, anschlie\u00dfend besuchen sie die Kaiserb\u00e4der in Heringsdorf und Ahlbeck, machen in Swinem\u00fcnde eine Stadtrundfahrt und besuchen au\u00dferdem den bekannten Polenmarkt.<\/p>\n<figure id=\"attachment_8350\" aria-describedby=\"caption-attachment-8350\" style=\"width: 720px\" class=\"wp-caption aligncenter\"><img decoding=\"async\" loading=\"lazy\" class=\"image-border wp-image-8350 size-large\" src=\"https:\/\/www.interdomizil.de\/reisemagazin\/wp-content\/uploads\/IMG_1473-720x480.jpg\" alt=\"Sellin\" width=\"720\" height=\"480\" srcset=\"https:\/\/www.interdomizil.de\/reisemagazin\/wp-content\/uploads\/IMG_1473-720x480.jpg 720w, https:\/\/www.interdomizil.de\/reisemagazin\/wp-content\/uploads\/IMG_1473-1536x1024.jpg 1536w, https:\/\/www.interdomizil.de\/reisemagazin\/wp-content\/uploads\/IMG_1473-2048x1365.jpg 2048w, https:\/\/www.interdomizil.de\/reisemagazin\/wp-content\/uploads\/IMG_1473-175x117.jpg 175w, https:\/\/www.interdomizil.de\/reisemagazin\/wp-content\/uploads\/IMG_1473-450x300.jpg 450w, https:\/\/www.interdomizil.de\/reisemagazin\/wp-content\/uploads\/IMG_1473-1170x780.jpg 1170w, https:\/\/www.interdomizil.de\/reisemagazin\/wp-content\/uploads\/IMG_1473-768x512.jpg 768w, https:\/\/www.interdomizil.de\/reisemagazin\/wp-content\/uploads\/IMG_1473-200x133.jpg 200w, https:\/\/www.interdomizil.de\/reisemagazin\/wp-content\/uploads\/IMG_1473-500x333.jpg 500w, https:\/\/www.interdomizil.de\/reisemagazin\/wp-content\/uploads\/IMG_1473-270x180.jpg 270w\" sizes=\"(max-width: 720px) 100vw, 720px\" \/><figcaption id=\"caption-attachment-8350\" class=\"wp-caption-text\">Sellin, Foto: InterDomizil GmbH<\/figcaption><\/figure>\n<h4>Ein Ausflug in die Geschichte des Bieres<\/h4>\n<p>Am Tor zur Insel R\u00fcgen, also in <strong>Stralsund<\/strong>, haben die G\u00e4ste am <strong>3. Januar<\/strong> die Gelegenheit, an einer <strong>Brauereif\u00fchrung<\/strong> teilzunehmen. Sie erfahren dabei, wie Bier fr\u00fcher hergestellt wurde und wie die moderne Produktion erfolgt. Das gro\u00dfe Finale bildet eine Bierverkostung, bei welcher die Besucher die Gelegenheit haben, einige Spezialit\u00e4ten aus der Brauerei selbst kennenzulernen.<\/p>\n<h4>Ein musikalischer Start ins neue Jahr<\/h4>\n<p>Zu den R\u00fcgen Events z\u00e4hlt auch das traditionelle <strong>Neujahrskonzert im Theater Putbus<\/strong>. Dieses steht 2019 unter dem Motto \u201e<strong>Wien, Wien, nur du allein<\/strong>\u201c und findet am <strong>3. Janua<\/strong>r um 19.30 Uhr statt.<\/p>\n<h4>Ein Blick in die Geschichte<\/h4>\n<p>\u201e<strong>Guts- Herrenh\u00e4user und Schl\u00f6sser auf R\u00fcgen<\/strong>\u201c lautet das Motto einer Kleinbustour. Der Guide, Sven Vogel, <strong>stellt<\/strong> den Teilnehmern bei dieser Gelegenheit bis zu <strong>20 Herrenh\u00e4user vor<\/strong>. F\u00fcr diese Tour sollten die Teilnehmer aber ausreichend Zeit einplanen, da sie immerhin 6,5 Stunden dauert.<\/p>\n<h4>Ein musikalisches Feuerwerk in Greifswald<\/h4>\n<p>Wenn<strong> Artur und Band am 5. Januar ab 19 Uhr auf der B\u00fchne des Greifswalder Theaters<\/strong> stehen, erwartet die Besucher ein musikalisches Feuerwerk der besonderen Art. Denn neben einem Streicherensemble steht auch ein Chor mit auf der B\u00fchne. Diese Show steht \u00fcbrigens unter dem Motto \u201eAugen u &amp; Herz auf\u201c.<\/p>\n<h4>Ein Fest f\u00fcr M\u00e4rchenfreunde<\/h4>\n<p>F\u00fcr Fans von <strong>M\u00e4rchen<\/strong> lohnt sich am Sonntag, <strong>6. Januar<\/strong>, ein Ausflug ins nahe gelegene <strong>Stralsund<\/strong>. Dort findet in der Kulturkirche <strong>Sankt Jakobi<\/strong> n\u00e4mlich an diesem Tag um 16 Uhr die \u201e<strong>Phanta Sia M\u00e4rchen-Mitmach-Show<\/strong>\u201c statt. Das Besondere an dieser Show besteht darin, dass die Zuschauer miteinbezogen werden und selbst auch eine Rolle \u00fcbernehmen k\u00f6nnen, wenn sie das m\u00f6chten.<\/p>\n<p>In die Welt der Fantasie k\u00f6nnen sich die Besucher aber auch am Donnerstag,<strong> 10. Januar<\/strong>, ab 19 Uhr im <strong>Theater Greifswald<\/strong> entf\u00fchren lassen, wenn dort \u201e<strong>Moby Dick oder die Qual des Wals<\/strong>\u201c auf dem Programm steht.<\/p>\n<h4>Ein Ausflug in die Politik<\/h4>\n<p>Ein Highlight f\u00fcr<strong> politisch interessierte G\u00e4ste<\/strong> auf R\u00fcgen d\u00fcrfte am Donnerstag, <strong>10. Januar<\/strong>, ab 20 Uhr in der <strong>Alten Brauerei Stralsund<\/strong> stattfinden, wenn der Politiker <strong>Gregor Gysi<\/strong> seine Autobiografie mit dem Titel \u201eEin Leben ist nicht genug\u201c pr\u00e4sentiert. Er schildert darin sein Leben, das eng mit den Umw\u00e4lzungen und Umbr\u00fcchen im ausgehenden 20. Jahrhundert verbunden ist.<\/p>\n<h4>Ein Kult-Musical auf R\u00fcgen<\/h4>\n<p>Ein Musical der besonderen Art erwartet die Besucher am <strong>Samstag, 12. Januar, im Theater Greifswald<\/strong>: Dort sehen sie die <strong>Rocky Horror Show<\/strong>, ein Musical von Richard O\u00b4Brien, welches auch zweimal verfilmt wurde. Das Musical beginnt damit das Brad Majors und Janet Weiss, die frisch verlobt sind, nach einer Autopanne Hilfe in einem nahe gelegenen Schloss suchen. Jedoch erwartet sie hier keine Hilfe, sondern reichlich Unerwartetes. Dazu geh\u00f6rt etwa der Transvestit Frank N. Furter, welcher die rigiden Vorstellungen des Paares von Moral auf eine harte Probe stellt. Letztlich werden Janet und Brad aber gerettet.<\/p>\n<p>Ein weiterer musikalischer Leckerbissen erwartet die Besucher am Freitag, <strong>18. Januar<\/strong>, um 19.30 Uhr im Theater Greifswald. Dort wird dann n\u00e4mlich die bekannte Oper <strong>Zauberfl\u00f6te von Wolfgang Amadeus Mozart<\/strong> aufgef\u00fchrt, welche als typisches Werk der Wiener Klassik gilt.<\/p>\n<p><img decoding=\"async\" loading=\"lazy\" class=\"aligncenter size-full wp-image-8382\" src=\"https:\/\/www.interdomizil.de\/reisemagazin\/wp-content\/uploads\/2019_01_EventsRG.png\" alt=\"\" width=\"600\" height=\"1260\" srcset=\"https:\/\/www.interdomizil.de\/reisemagazin\/wp-content\/uploads\/2019_01_EventsRG.png 600w, https:\/\/www.interdomizil.de\/reisemagazin\/wp-content\/uploads\/2019_01_EventsRG-200x420.png 200w, https:\/\/www.interdomizil.de\/reisemagazin\/wp-content\/uploads\/2019_01_EventsRG-238x500.png 238w, https:\/\/www.interdomizil.de\/reisemagazin\/wp-content\/uploads\/2019_01_EventsRG-343x720.png 343w\" sizes=\"(max-width: 600px) 100vw, 600px\" \/><\/p>\n","protected":false},"excerpt":{"rendered":"<p>Die Insel R\u00fcgen z\u00e4hlt touristisch betrachtet zu den absoluten Hochburgen in Deutschland. Allj\u00e4hrlich werden auf R\u00fcgen an die sechs Millionen \u00dcbernachtungen verzeichnet. Und nat\u00fcrlich wollen sich die G\u00e4ste bei ihrem Aufenthalt keinesfalls einen der zahlreichen R\u00fcgen Events entgehen lassen. Die Bandbreie reicht von hochkar\u00e4tigen kulturellen Veranstaltungen bis hin zu sportlichen Events. Und nat\u00fcrlich haben die<\/p>\n","protected":false},"author":61,"featured_media":8350,"comment_status":"closed","ping_status":"closed","sticky":false,"template":"","format":"standard","meta":{"footnotes":""},"categories":[977],"tags":[565,1052,1319,560,978,976],"yoast_head":"<!-- This site is optimized with the Yoast SEO plugin v16.1.1 - https:\/\/yoast.com\/wordpress\/plugins\/seo\/ -->\n<title>Diese Events erwarten Sie im Januar auf R\u00fcgen &ndash; InterDomizil Reisemagazin<\/title>\n<meta name=\"description\" content=\"Wir haben f\u00fcr Sie die Januar R\u00fcgen Events herausgesucht, diese Events in Sport, Kultur und Kulinarischer Natur, sollten Sie auf keinen Fall verpassen!\" \/>\n<link rel=\"canonical\" href=\"https:\/\/www.interdomizil.de\/reisemagazin\/aktuelles\/diese-events-erwarten-sie-im-januar-auf-ruegen\" \/>\n<meta name=\"twitter:label1\" content=\"Gesch\u00e4tzte Lesezeit\">\n\t<meta name=\"twitter:data1\" content=\"5\u00a0Minuten\">\n<script type=\"application\/ld+json\" class=\"yoast-schema-graph\">{\"@context\":\"https:\/\/schema.org\",\"@graph\":[{\"@type\":\"WebSite\",\"@id\":\"https:\/\/www.interdomizil.de\/reisemagazin\/#website\",\"url\":\"https:\/\/www.interdomizil.de\/reisemagazin\/\",\"name\":\"InterDomizil Reisemagazin\",\"description\":\"Reiseziele. Urlaubtipps. Sehenswertes.\",\"potentialAction\":[{\"@type\":\"SearchAction\",\"target\":\"https:\/\/www.interdomizil.de\/reisemagazin\/?s={search_term_string}\",\"query-input\":\"required name=search_term_string\"}],\"inLanguage\":\"de\"},{\"@type\":\"ImageObject\",\"@id\":\"https:\/\/www.interdomizil.de\/reisemagazin\/aktuelles\/diese-events-erwarten-sie-im-januar-auf-ruegen#primaryimage\",\"inLanguage\":\"de\",\"url\":\"https:\/\/www.interdomizil.de\/reisemagazin\/wp-content\/uploads\/IMG_1473.jpg\",\"contentUrl\":\"https:\/\/www.interdomizil.de\/reisemagazin\/wp-content\/uploads\/IMG_1473.jpg\",\"width\":2496,\"height\":1664,\"caption\":\"Sellin, Foto: InterDomizil GmbH\"},{\"@type\":\"WebPage\",\"@id\":\"https:\/\/www.interdomizil.de\/reisemagazin\/aktuelles\/diese-events-erwarten-sie-im-januar-auf-ruegen#webpage\",\"url\":\"https:\/\/www.interdomizil.de\/reisemagazin\/aktuelles\/diese-events-erwarten-sie-im-januar-auf-ruegen\",\"name\":\"Diese Events erwarten Sie im Januar auf R\\u00fcgen &ndash; InterDomizil Reisemagazin\",\"isPartOf\":{\"@id\":\"https:\/\/www.interdomizil.de\/reisemagazin\/#website\"},\"primaryImageOfPage\":{\"@id\":\"https:\/\/www.interdomizil.de\/reisemagazin\/aktuelles\/diese-events-erwarten-sie-im-januar-auf-ruegen#primaryimage\"},\"datePublished\":\"2019-01-03T07:00:06+00:00\",\"dateModified\":\"2019-09-12T04:30:27+00:00\",\"author\":{\"@id\":\"https:\/\/www.interdomizil.de\/reisemagazin\/#\/schema\/person\/88e68aa5afdec9d042c8f78c340a2f6f\"},\"description\":\"Wir haben f\\u00fcr Sie die Januar R\\u00fcgen Events herausgesucht, diese Events in Sport, Kultur und Kulinarischer Natur, sollten Sie auf keinen Fall verpassen!\",\"breadcrumb\":{\"@id\":\"https:\/\/www.interdomizil.de\/reisemagazin\/aktuelles\/diese-events-erwarten-sie-im-januar-auf-ruegen#breadcrumb\"},\"inLanguage\":\"de\",\"potentialAction\":[{\"@type\":\"ReadAction\",\"target\":[\"https:\/\/www.interdomizil.de\/reisemagazin\/aktuelles\/diese-events-erwarten-sie-im-januar-auf-ruegen\"]}]},{\"@type\":\"BreadcrumbList\",\"@id\":\"https:\/\/www.interdomizil.de\/reisemagazin\/aktuelles\/diese-events-erwarten-sie-im-januar-auf-ruegen#breadcrumb\",\"itemListElement\":[{\"@type\":\"ListItem\",\"position\":1,\"item\":{\"@type\":\"WebPage\",\"@id\":\"https:\/\/www.interdomizil.de\/reisemagazin\/\",\"url\":\"https:\/\/www.interdomizil.de\/reisemagazin\/\",\"name\":\"Home\"}},{\"@type\":\"ListItem\",\"position\":2,\"item\":{\"@type\":\"WebPage\",\"@id\":\"https:\/\/www.interdomizil.de\/reisemagazin\/aktuelles\/diese-events-erwarten-sie-im-januar-auf-ruegen\",\"url\":\"https:\/\/www.interdomizil.de\/reisemagazin\/aktuelles\/diese-events-erwarten-sie-im-januar-auf-ruegen\",\"name\":\"Diese Events erwarten Sie im Januar auf R\\u00fcgen\"}}]},{\"@type\":\"Person\",\"@id\":\"https:\/\/www.interdomizil.de\/reisemagazin\/#\/schema\/person\/88e68aa5afdec9d042c8f78c340a2f6f\",\"name\":\"Redaktion\"}]}<\/script>\n<!-- \/ Yoast SEO plugin. -->","_links":{"self":[{"href":"https:\/\/www.interdomizil.de\/reisemagazin\/wp-json\/wp\/v2\/posts\/8346"}],"collection":[{"href":"https:\/\/www.interdomizil.de\/reisemagazin\/wp-json\/wp\/v2\/posts"}],"about":[{"href":"https:\/\/www.interdomizil.de\/reisemagazin\/wp-json\/wp\/v2\/types\/post"}],"author":[{"embeddable":true,"href":"https:\/\/www.interdomizil.de\/reisemagazin\/wp-json\/wp\/v2\/users\/61"}],"replies":[{"embeddable":true,"href":"https:\/\/www.interdomizil.de\/reisemagazin\/wp-json\/wp\/v2\/comments?post=8346"}],"version-history":[{"count":6,"href":"https:\/\/www.interdomizil.de\/reisemagazin\/wp-json\/wp\/v2\/posts\/8346\/revisions"}],"predecessor-version":[{"id":9656,"href":"https:\/\/www.interdomizil.de\/reisemagazin\/wp-json\/wp\/v2\/posts\/8346\/revisions\/9656"}],"wp:featuredmedia":[{"embeddable":true,"href":"https:\/\/www.interdomizil.de\/reisemagazin\/wp-json\/wp\/v2\/media\/8350"}],"wp:attachment":[{"href":"https:\/\/www.interdomizil.de\/reisemagazin\/wp-json\/wp\/v2\/media?parent=8346"}],"wp:term":[{"taxonomy":"category","embeddable":true,"href":"https:\/\/www.interdomizil.de\/reisemagazin\/wp-json\/wp\/v2\/categories?post=8346"},{"taxonomy":"post_tag","embeddable":true,"href":"https:\/\/www.interdomizil.de\/reisemagazin\/wp-json\/wp\/v2\/tags?post=8346"}],"curies":[{"name":"wp","href":"https:\/\/api.w.org\/{rel}","templated":true}]}}