{"id":7452,"date":"2018-05-14T10:20:07","date_gmt":"2018-05-14T08:20:07","guid":{"rendered":"https:\/\/www.interdomizil.de\/reisemagazin\/?p=7452"},"modified":"2018-05-14T10:20:07","modified_gmt":"2018-05-14T08:20:07","slug":"juist-und-die-nordsee","status":"publish","type":"post","link":"https:\/\/www.interdomizil.de\/reisemagazin\/aktuelles\/juist-und-die-nordsee","title":{"rendered":"Juist und die Nordsee"},"content":{"rendered":"<div class=\"twoclick_social_bookmarks_post_7452 social_share_privacy clearfix 1.6.4 locale-de_DE sprite-de_DE\"><\/div><div class=\"twoclick-js\"><script type=\"text\/javascript\">\/* <![CDATA[ *\/\njQuery(document).ready(function($){if($('.twoclick_social_bookmarks_post_7452')){$('.twoclick_social_bookmarks_post_7452').socialSharePrivacy({\"services\":{\"facebook\":{\"status\":\"on\",\"txt_info\":\"2 Klicks f\\u00fcr mehr Datenschutz: Erst wenn Sie hier klicken, wird der Button aktiv und Sie k\\u00f6nnen Ihre Empfehlung an Facebook senden. Schon beim Aktivieren werden <strong>Daten an Dritte \\u00fcbertragen<\\\/strong> - siehe <strong>i<\\\/strong>.\",\"perma_option\":\"off\",\"action\":\"like\",\"language\":\"de_DE\"},\"twitter\":{\"reply_to\":\"\",\"tweet_text\":\"%20Juist%20und%20die%20Nordsee%20%C2%BB%20InterDomizil%20Reisemagazin%20%23besonderer%20Urlaub%20%23Juist%20...\",\"status\":\"on\",\"txt_info\":\"2 Klicks f\\u00fcr mehr Datenschutz: Erst wenn Sie hier klicken, wird der Button aktiv und Sie k\\u00f6nnen Ihre Empfehlung an Twitter senden. Schon beim Aktivieren werden <strong>Daten an Dritte \\u00fcbertragen<\\\/strong> - siehe <strong>i<\\\/strong>.\",\"perma_option\":\"off\",\"language\":\"de\"},\"pinterest\":{\"status\":\"on\",\"the_excerpt\":\"Juist und die Nordsee\",\"txt_info\":\"2 Klicks f\\u00fcr mehr Datenschutz: Erst wenn Sie hier klicken, wird der Button aktiv und Sie k\\u00f6nnen Ihre Empfehlung an Pinterest senden. Schon beim Aktivieren werden <strong>Daten an Dritte \\u00fcbertragen<\\\/strong> - siehe <strong>i<\\\/strong>.\",\"perma_option\":\"off\",\"media\":\"https:\\\/\\\/www.interdomizil.de\\\/reisemagazin\\\/wp-content\\\/uploads\\\/Nordsee-2.jpg\"}},\"txt_help\":\"Wenn Sie diese Felder durch einen Klick aktivieren, werden Informationen an Facebook, Twitter, Flattr, Xing, t3n, LinkedIn, Pinterest oder Google eventuell ins Ausland <strong>\\u00fcbertragen<\\\/strong> und unter Umst\\u00e4nden auch dort <strong>gespeichert<\\\/strong>. N\\u00e4heres erfahren Sie durch einen Klick auf das <em>i<\\\/em>.\",\"settings_perma\":\"Dauerhaft aktivieren und Daten\\u00fcber-tragung zustimmen:\",\"info_link\":\"http:\\\/\\\/www.heise.de\\\/ct\\\/artikel\\\/2-Klicks-fuer-mehr-Datenschutz-1333879.html\",\"uri\":\"https:\\\/\\\/www.interdomizil.de\\\/reisemagazin\\\/aktuelles\\\/juist-und-die-nordsee\",\"post_id\":7452,\"post_title_referrer_track\":\"Juist+und+die+Nordsee\",\"concat\":\"%3F\",\"display_infobox\":\"on\"});}});\n\/* ]]> *\/<\/script><\/div><figure id=\"attachment_7457\" aria-describedby=\"caption-attachment-7457\" style=\"width: 620px\" class=\"wp-caption aligncenter\"><img decoding=\"async\" loading=\"lazy\" class=\"wp-image-7457 size-large\" src=\"https:\/\/www.interdomizil.de\/reisemagazin\/wp-content\/uploads\/Nordsee-2-620x412.jpg\" alt=\"\" width=\"620\" height=\"412\" srcset=\"https:\/\/www.interdomizil.de\/reisemagazin\/wp-content\/uploads\/Nordsee-2-620x412.jpg 620w, https:\/\/www.interdomizil.de\/reisemagazin\/wp-content\/uploads\/Nordsee-2-500x332.jpg 500w, https:\/\/www.interdomizil.de\/reisemagazin\/wp-content\/uploads\/Nordsee-2-720x478.jpg 720w, https:\/\/www.interdomizil.de\/reisemagazin\/wp-content\/uploads\/Nordsee-2-175x116.jpg 175w, https:\/\/www.interdomizil.de\/reisemagazin\/wp-content\/uploads\/Nordsee-2-450x299.jpg 450w, https:\/\/www.interdomizil.de\/reisemagazin\/wp-content\/uploads\/Nordsee-2-1170x777.jpg 1170w, https:\/\/www.interdomizil.de\/reisemagazin\/wp-content\/uploads\/Nordsee-2-768x510.jpg 768w, https:\/\/www.interdomizil.de\/reisemagazin\/wp-content\/uploads\/Nordsee-2-200x133.jpg 200w, https:\/\/www.interdomizil.de\/reisemagazin\/wp-content\/uploads\/Nordsee-2-270x180.jpg 270w, https:\/\/www.interdomizil.de\/reisemagazin\/wp-content\/uploads\/Nordsee-2-300x200.jpg 300w, https:\/\/www.interdomizil.de\/reisemagazin\/wp-content\/uploads\/Nordsee-2.jpg 1280w\" sizes=\"(max-width: 620px) 100vw, 620px\" \/><figcaption id=\"caption-attachment-7457\" class=\"wp-caption-text\">Bilder: Pixabay<\/figcaption><\/figure>\n<p><em>Wusstet ihr, dass Juist einmal zweiteilig war? Oder welchen Spitznamen die Insel tr\u00e4gt \u2013 und welche Inseln es ansonsten in der Nordsee gibt?<\/em><\/p>\n<p>In unserem Juist- und <a href=\"https:\/\/www.interdomizil.de\/reisemagazin\/aktuelles\/juist-und-die-nordsee\">Nordsee-Quiz<\/a> haben wir euch schon einige dieser Fakten abgefragt. Unsere Empfehlung: vor dem Lesen dieses Artikels einmal am <a href=\"https:\/\/www.interdomizil.de\/reisemagazin\/aktuelles\/juist-und-die-nordsee\"><strong>Quiz<\/strong> <\/a>teilnehmen. Dann ist die Aufl\u00f6sung und Erkl\u00e4rung der Fakten umso spannender.<\/p>\n<p><strong><em>Wie viel Wasser beinhaltet die Nordsee?<\/em><\/strong><\/p>\n<p>54 Billiarden Liter. Durchschnittlich ist sie 94 Meter Tief und hat eine Oberfl\u00e4che von 575.000 Quadratkilometern. Das sind \u00fcber 80 Millionen Fu\u00dfballfelder \u2013 und anderthalbmal die Fl\u00e4che Deutschlands.<\/p>\n<p><strong><em>Wie warm und wie kalt kann die Nordsee werden?<\/em><\/strong><\/p>\n<p>Etwa 0 Grad im Winter und 18 Grad im Sommer werden durchschnittlich in der Nordsee gemessen. Nat\u00fcrlich kommt es immer darauf an, bei welcher Wassertiefe gemessen wird. Im Bereich des Wattenmeeres, wo die K\u00fcsten eher flach sind, schwanken die Temperaturen sehr stark \u2013 und an kalten Wintertagen entsteht Eis.<\/p>\n<p><strong><em><img decoding=\"async\" loading=\"lazy\" class=\"alignleft wp-image-7460 size-medium\" src=\"https:\/\/www.interdomizil.de\/reisemagazin\/wp-content\/uploads\/Langeoog-300x169.jpg\" alt=\"\" width=\"300\" height=\"169\" srcset=\"https:\/\/www.interdomizil.de\/reisemagazin\/wp-content\/uploads\/Langeoog-300x169.jpg 300w, https:\/\/www.interdomizil.de\/reisemagazin\/wp-content\/uploads\/Langeoog-200x113.jpg 200w, https:\/\/www.interdomizil.de\/reisemagazin\/wp-content\/uploads\/Langeoog-768x432.jpg 768w, https:\/\/www.interdomizil.de\/reisemagazin\/wp-content\/uploads\/Langeoog-620x349.jpg 620w, https:\/\/www.interdomizil.de\/reisemagazin\/wp-content\/uploads\/Langeoog.jpg 1280w\" sizes=\"(max-width: 300px) 100vw, 300px\" \/>Wie viele deutsche Nordseeinseln gibt es?<\/em><\/strong><\/p>\n<p>Juist, Borkum, Norderney, Langeoog \u2013 viele ostfriesische Inseln k\u00f6nnt ihr bestimmt aufz\u00e4hlen. Aber neben diesen sieben (zu ihnen geh\u00f6ren au\u00dferdem Baltrum, Spiekeroog und Wangerooge) gibt es auch noch Sylt, F\u00f6hr, Amrum, Pellworm und Helgoland. Macht insgesamt zw\u00f6lf. Zudem gibt es noch zehn Halligen \u2013 also H\u00f6fe mit Schafzucht, die sich mitten im Meer befinden. Und ein paar unbewohnte Inseln wie Memmert.<\/p>\n<p><strong><em>Welche Sprachen werden auf den deutschen Nordseeinseln gesprochen?<\/em><\/strong><\/p>\n<p>Hochdeutsch, Plattdeutsch, D\u00e4nisch und zehn friesische Dialekte.<\/p>\n<p><strong><em>Wie wird Juist gerne bezeichnet \u2013 und warum?<\/em><\/strong><\/p>\n<p>\u00c4hnlich wie ein bestimmter Schokoriegel als \u201edie l\u00e4ngste Praline der Welt gilt\u201c, hat man sich bei Juist auf \u201edie l\u00e4ngste Sandbank der Welt\u201c eingeschworen \u2013 es k\u00f6nnte passender nicht sein, da sie die l\u00e4ngste und eine sehr schmale Nordseeinsel ist (17 Kilometer).<\/p>\n<p>Ein weiterer Zusatzname lautet \u201eT\u00f6werland\u201c \u2013 Zauberland.<\/p>\n<p>&nbsp;<\/p>\n<p><strong><em>Welche Hobbys kann man auf Juist gut ausleben \u2013 und welche nicht?<\/em><\/strong><\/p>\n<p><img decoding=\"async\" loading=\"lazy\" class=\"alignright wp-image-7462\" src=\"https:\/\/www.interdomizil.de\/reisemagazin\/wp-content\/uploads\/Wattenmeer-1-300x225.jpg\" alt=\"\" width=\"355\" height=\"266\" srcset=\"https:\/\/www.interdomizil.de\/reisemagazin\/wp-content\/uploads\/Wattenmeer-1-300x225.jpg 300w, https:\/\/www.interdomizil.de\/reisemagazin\/wp-content\/uploads\/Wattenmeer-1-500x375.jpg 500w, https:\/\/www.interdomizil.de\/reisemagazin\/wp-content\/uploads\/Wattenmeer-1-720x540.jpg 720w, https:\/\/www.interdomizil.de\/reisemagazin\/wp-content\/uploads\/Wattenmeer-1-175x131.jpg 175w, https:\/\/www.interdomizil.de\/reisemagazin\/wp-content\/uploads\/Wattenmeer-1-450x338.jpg 450w, https:\/\/www.interdomizil.de\/reisemagazin\/wp-content\/uploads\/Wattenmeer-1-1170x878.jpg 1170w, https:\/\/www.interdomizil.de\/reisemagazin\/wp-content\/uploads\/Wattenmeer-1-768x576.jpg 768w, https:\/\/www.interdomizil.de\/reisemagazin\/wp-content\/uploads\/Wattenmeer-1-200x150.jpg 200w, https:\/\/www.interdomizil.de\/reisemagazin\/wp-content\/uploads\/Wattenmeer-1-620x465.jpg 620w, https:\/\/www.interdomizil.de\/reisemagazin\/wp-content\/uploads\/Wattenmeer-1.jpg 1280w\" sizes=\"(max-width: 355px) 100vw, 355px\" \/><\/p>\n<p>Prima geeignet ist Juist f\u00fcr all jene, die Wattwanderungen lieben, gerne V\u00f6gel beobachten, mal wieder tief durchatmen wollen, Radeln oder Reiten lieben.<\/p>\n<p>Eher nicht f\u00fcndig werden Campingfans \u2013 keinen einzigen Campingplatz gibt es auf Juist und wildcampen sollte man lieber nicht wagen. Ist n\u00e4mlich verboten.<\/p>\n<p><strong><em>Wann war Juist zweiteilig?<\/em><\/strong><\/p>\n<p>Ja, richtig gelesen. Es gab eine Zeit, in der die Insel in zwei H\u00e4lften geteilt war \u2013 gut zwei Kilometer lagen zwischen den beiden Teilen von Juist. Dies geschah aufgrund einer Sturmflut im 17. Jahrhundert. Erst zwischen 1928 und 1932 wurde dieser Zweiteilung entgegengewirkt und man erbaute unter anderem einen n\u00f6rdlichen Deich (vor der Hammerbucht). Nun gibt es zum Gl\u00fcck schon lange wieder ein Juist.<\/p>\n<p><strong><em>Zwischen welchen Inseln liegt Juist?<\/em><\/strong><\/p>\n<p>Eigentlich gar nicht schwer, diese Frage. Aber selbst wir kamen kurz ins Gr\u00fcbeln.<\/p>\n<p>Juist liegt zwischen der gr\u00f6\u00dften ostfriesischen Insel Borkum und Norderney. Das sind die drei westlichsten Inseln. Weiter nach Osten geht es mit Baltrum, Langeoog, Spiekeroog und Wangerooge.<br \/>\nEinige kleinere Inseln, die aber unbewohnt sind, gibt es auch noch: darunter L\u00fctje H\u00f6rn (im Osten von Borkum), Memmert und Mellum.<\/p>\n<figure id=\"attachment_7458\" aria-describedby=\"caption-attachment-7458\" style=\"width: 300px\" class=\"wp-caption alignleft\"><img decoding=\"async\" loading=\"lazy\" class=\"wp-image-7458 size-medium\" src=\"https:\/\/www.interdomizil.de\/reisemagazin\/wp-content\/uploads\/IMG_20180226_122026-300x225.jpg\" alt=\"\" width=\"300\" height=\"225\" srcset=\"https:\/\/www.interdomizil.de\/reisemagazin\/wp-content\/uploads\/IMG_20180226_122026-300x225.jpg 300w, https:\/\/www.interdomizil.de\/reisemagazin\/wp-content\/uploads\/IMG_20180226_122026-200x150.jpg 200w, https:\/\/www.interdomizil.de\/reisemagazin\/wp-content\/uploads\/IMG_20180226_122026-768x576.jpg 768w, https:\/\/www.interdomizil.de\/reisemagazin\/wp-content\/uploads\/IMG_20180226_122026-620x465.jpg 620w\" sizes=\"(max-width: 300px) 100vw, 300px\" \/><figcaption id=\"caption-attachment-7458\" class=\"wp-caption-text\">Bild: InterDomizil<\/figcaption><\/figure>\n<p><strong><em>Wie hei\u00dft dieses Geb\u00e4ude mit T\u00fcrmchen, in dem InterDomizil Appartements f\u00fcr Urlauber anbietet?<\/em><\/strong><\/p>\n<p>Die <a href=\"https:\/\/www.inselresidenz-strandburg.de\/\">Inselresidenz Strandburg<\/a> liegt in der Strandstra\u00dfe im Herzen von Juist. Mit ihren schicken Balkonen, den T\u00fcrmchen und den roten Backsteinen ist sie charakteristisch f\u00fcr die Architetktur der Seeb\u00e4der. Auf drei Etagen gibt es hier die verschiedensten Appartements in jeder Gr\u00f6\u00dfe f\u00fcr jeden Geschmack. F\u00fcr alle G\u00e4ste inklusive Schwimmbad mit Sauna, Ruheraum und Solarium.<\/p>\n<p>&nbsp;<\/p>\n","protected":false},"excerpt":{"rendered":"<p>Wusstet ihr, dass Juist einmal zweiteilig war? Oder welchen Spitznamen die Insel tr\u00e4gt \u2013 und welche Inseln es ansonsten in der Nordsee gibt? In unserem Juist- und Nordsee-Quiz haben wir euch schon einige dieser Fakten abgefragt. Unsere Empfehlung: vor dem Lesen dieses Artikels einmal am Quiz teilnehmen. Dann ist die Aufl\u00f6sung und Erkl\u00e4rung der Fakten<\/p>\n","protected":false},"author":61,"featured_media":7457,"comment_status":"closed","ping_status":"open","sticky":false,"template":"","format":"standard","meta":{"footnotes":""},"categories":[977,37,11,12],"tags":[556,541,558,941,551],"yoast_head":"<!-- This site is optimized with the Yoast SEO plugin v16.1.1 - https:\/\/yoast.com\/wordpress\/plugins\/seo\/ -->\n<title>Juist und die Nordsee &ndash; InterDomizil Reisemagazin<\/title>\n<meta name=\"description\" content=\"Wusstet ihr, dass Juist einmal zweiteilig war? Oder welchen Spitznamen die Insel tr\u00e4gt \u2013 und wie welche Inseln es ansonsten in der Nordsee gibt?\" \/>\n<link rel=\"canonical\" href=\"https:\/\/www.interdomizil.de\/reisemagazin\/aktuelles\/juist-und-die-nordsee\" \/>\n<meta name=\"twitter:label1\" content=\"Gesch\u00e4tzte Lesezeit\">\n\t<meta name=\"twitter:data1\" content=\"3\u00a0Minuten\">\n<script type=\"application\/ld+json\" class=\"yoast-schema-graph\">{\"@context\":\"https:\/\/schema.org\",\"@graph\":[{\"@type\":\"WebSite\",\"@id\":\"https:\/\/www.interdomizil.de\/reisemagazin\/#website\",\"url\":\"https:\/\/www.interdomizil.de\/reisemagazin\/\",\"name\":\"InterDomizil Reisemagazin\",\"description\":\"Reiseziele. Urlaubtipps. Sehenswertes.\",\"potentialAction\":[{\"@type\":\"SearchAction\",\"target\":\"https:\/\/www.interdomizil.de\/reisemagazin\/?s={search_term_string}\",\"query-input\":\"required name=search_term_string\"}],\"inLanguage\":\"de\"},{\"@type\":\"ImageObject\",\"@id\":\"https:\/\/www.interdomizil.de\/reisemagazin\/aktuelles\/juist-und-die-nordsee#primaryimage\",\"inLanguage\":\"de\",\"url\":\"https:\/\/www.interdomizil.de\/reisemagazin\/wp-content\/uploads\/Nordsee-2.jpg\",\"contentUrl\":\"https:\/\/www.interdomizil.de\/reisemagazin\/wp-content\/uploads\/Nordsee-2.jpg\",\"width\":1280,\"height\":850,\"caption\":\"Bild: Pixabay\"},{\"@type\":\"WebPage\",\"@id\":\"https:\/\/www.interdomizil.de\/reisemagazin\/aktuelles\/juist-und-die-nordsee#webpage\",\"url\":\"https:\/\/www.interdomizil.de\/reisemagazin\/aktuelles\/juist-und-die-nordsee\",\"name\":\"Juist und die Nordsee &ndash; InterDomizil Reisemagazin\",\"isPartOf\":{\"@id\":\"https:\/\/www.interdomizil.de\/reisemagazin\/#website\"},\"primaryImageOfPage\":{\"@id\":\"https:\/\/www.interdomizil.de\/reisemagazin\/aktuelles\/juist-und-die-nordsee#primaryimage\"},\"datePublished\":\"2018-05-14T08:20:07+00:00\",\"dateModified\":\"2018-05-14T08:20:07+00:00\",\"author\":{\"@id\":\"https:\/\/www.interdomizil.de\/reisemagazin\/#\/schema\/person\/88e68aa5afdec9d042c8f78c340a2f6f\"},\"description\":\"Wusstet ihr, dass Juist einmal zweiteilig war? Oder welchen Spitznamen die Insel tr\\u00e4gt \\u2013 und wie welche Inseln es ansonsten in der Nordsee gibt?\",\"breadcrumb\":{\"@id\":\"https:\/\/www.interdomizil.de\/reisemagazin\/aktuelles\/juist-und-die-nordsee#breadcrumb\"},\"inLanguage\":\"de\",\"potentialAction\":[{\"@type\":\"ReadAction\",\"target\":[\"https:\/\/www.interdomizil.de\/reisemagazin\/aktuelles\/juist-und-die-nordsee\"]}]},{\"@type\":\"BreadcrumbList\",\"@id\":\"https:\/\/www.interdomizil.de\/reisemagazin\/aktuelles\/juist-und-die-nordsee#breadcrumb\",\"itemListElement\":[{\"@type\":\"ListItem\",\"position\":1,\"item\":{\"@type\":\"WebPage\",\"@id\":\"https:\/\/www.interdomizil.de\/reisemagazin\/\",\"url\":\"https:\/\/www.interdomizil.de\/reisemagazin\/\",\"name\":\"Home\"}},{\"@type\":\"ListItem\",\"position\":2,\"item\":{\"@type\":\"WebPage\",\"@id\":\"https:\/\/www.interdomizil.de\/reisemagazin\/aktuelles\/juist-und-die-nordsee\",\"url\":\"https:\/\/www.interdomizil.de\/reisemagazin\/aktuelles\/juist-und-die-nordsee\",\"name\":\"Juist und die Nordsee\"}}]},{\"@type\":\"Person\",\"@id\":\"https:\/\/www.interdomizil.de\/reisemagazin\/#\/schema\/person\/88e68aa5afdec9d042c8f78c340a2f6f\",\"name\":\"Redaktion\"}]}<\/script>\n<!-- \/ Yoast SEO plugin. -->","_links":{"self":[{"href":"https:\/\/www.interdomizil.de\/reisemagazin\/wp-json\/wp\/v2\/posts\/7452"}],"collection":[{"href":"https:\/\/www.interdomizil.de\/reisemagazin\/wp-json\/wp\/v2\/posts"}],"about":[{"href":"https:\/\/www.interdomizil.de\/reisemagazin\/wp-json\/wp\/v2\/types\/post"}],"author":[{"embeddable":true,"href":"https:\/\/www.interdomizil.de\/reisemagazin\/wp-json\/wp\/v2\/users\/61"}],"replies":[{"embeddable":true,"href":"https:\/\/www.interdomizil.de\/reisemagazin\/wp-json\/wp\/v2\/comments?post=7452"}],"version-history":[{"count":11,"href":"https:\/\/www.interdomizil.de\/reisemagazin\/wp-json\/wp\/v2\/posts\/7452\/revisions"}],"predecessor-version":[{"id":7473,"href":"https:\/\/www.interdomizil.de\/reisemagazin\/wp-json\/wp\/v2\/posts\/7452\/revisions\/7473"}],"wp:featuredmedia":[{"embeddable":true,"href":"https:\/\/www.interdomizil.de\/reisemagazin\/wp-json\/wp\/v2\/media\/7457"}],"wp:attachment":[{"href":"https:\/\/www.interdomizil.de\/reisemagazin\/wp-json\/wp\/v2\/media?parent=7452"}],"wp:term":[{"taxonomy":"category","embeddable":true,"href":"https:\/\/www.interdomizil.de\/reisemagazin\/wp-json\/wp\/v2\/categories?post=7452"},{"taxonomy":"post_tag","embeddable":true,"href":"https:\/\/www.interdomizil.de\/reisemagazin\/wp-json\/wp\/v2\/tags?post=7452"}],"curies":[{"name":"wp","href":"https:\/\/api.w.org\/{rel}","templated":true}]}}