{"id":7349,"date":"2017-12-13T18:45:20","date_gmt":"2017-12-13T16:45:20","guid":{"rendered":"https:\/\/www.interdomizil.de\/reisemagazin\/?p=7349"},"modified":"2017-12-13T18:45:20","modified_gmt":"2017-12-13T16:45:20","slug":"warnemuende-turmleuchten","status":"publish","type":"post","link":"https:\/\/www.interdomizil.de\/reisemagazin\/reisetipps\/warnemuende-turmleuchten","title":{"rendered":"Das Warnem\u00fcnder Turmleuchten"},"content":{"rendered":"<div class=\"twoclick_social_bookmarks_post_7349 social_share_privacy clearfix 1.6.4 locale-de_DE sprite-de_DE\"><\/div><div class=\"twoclick-js\"><script type=\"text\/javascript\">\/* <![CDATA[ *\/\njQuery(document).ready(function($){if($('.twoclick_social_bookmarks_post_7349')){$('.twoclick_social_bookmarks_post_7349').socialSharePrivacy({\"services\":{\"facebook\":{\"status\":\"on\",\"txt_info\":\"2 Klicks f\\u00fcr mehr Datenschutz: Erst wenn Sie hier klicken, wird der Button aktiv und Sie k\\u00f6nnen Ihre Empfehlung an Facebook senden. Schon beim Aktivieren werden <strong>Daten an Dritte \\u00fcbertragen<\\\/strong> - siehe <strong>i<\\\/strong>.\",\"perma_option\":\"off\",\"action\":\"like\",\"language\":\"de_DE\"},\"twitter\":{\"reply_to\":\"\",\"tweet_text\":\"Das%20Warnem%C3%BCnder%20Turmleuchten%20%C2%BB%20InterDomizil%20Reisemagazin%20%23Warnem%C3%BCnde%20Aktuell\",\"status\":\"on\",\"txt_info\":\"2 Klicks f\\u00fcr mehr Datenschutz: Erst wenn Sie hier klicken, wird der Button aktiv und Sie k\\u00f6nnen Ihre Empfehlung an Twitter senden. Schon beim Aktivieren werden <strong>Daten an Dritte \\u00fcbertragen<\\\/strong> - siehe <strong>i<\\\/strong>.\",\"perma_option\":\"off\",\"language\":\"de\"},\"pinterest\":{\"status\":\"on\",\"the_excerpt\":\"Das Warnem\\u00fcnder Turmleuchten\",\"txt_info\":\"2 Klicks f\\u00fcr mehr Datenschutz: Erst wenn Sie hier klicken, wird der Button aktiv und Sie k\\u00f6nnen Ihre Empfehlung an Pinterest senden. Schon beim Aktivieren werden <strong>Daten an Dritte \\u00fcbertragen<\\\/strong> - siehe <strong>i<\\\/strong>.\",\"perma_option\":\"off\",\"media\":\"https:\\\/\\\/www.interdomizil.de\\\/reisemagazin\\\/wp-content\\\/uploads\\\/Fotolia_11369083_S-620x435-1.jpg\"}},\"txt_help\":\"Wenn Sie diese Felder durch einen Klick aktivieren, werden Informationen an Facebook, Twitter, Flattr, Xing, t3n, LinkedIn, Pinterest oder Google eventuell ins Ausland <strong>\\u00fcbertragen<\\\/strong> und unter Umst\\u00e4nden auch dort <strong>gespeichert<\\\/strong>. N\\u00e4heres erfahren Sie durch einen Klick auf das <em>i<\\\/em>.\",\"settings_perma\":\"Dauerhaft aktivieren und Daten\\u00fcber-tragung zustimmen:\",\"info_link\":\"http:\\\/\\\/www.heise.de\\\/ct\\\/artikel\\\/2-Klicks-fuer-mehr-Datenschutz-1333879.html\",\"uri\":\"https:\\\/\\\/www.interdomizil.de\\\/reisemagazin\\\/reisetipps\\\/warnemuende-turmleuchten\",\"post_id\":7349,\"post_title_referrer_track\":\"Das+Warnem%C3%BCnder+Turmleuchten\",\"concat\":\"%3F\",\"display_infobox\":\"on\"});}});\n\/* ]]> *\/<\/script><\/div><figure id=\"attachment_7350\" aria-describedby=\"caption-attachment-7350\" style=\"width: 620px\" class=\"wp-caption aligncenter\"><img decoding=\"async\" loading=\"lazy\" class=\"wp-image-7350 size-full\" src=\"https:\/\/www.interdomizil.de\/reisemagazin\/wp-content\/uploads\/Fotolia_11369083_S-620x435-1.jpg\" alt=\"\" width=\"620\" height=\"435\" srcset=\"https:\/\/www.interdomizil.de\/reisemagazin\/wp-content\/uploads\/Fotolia_11369083_S-620x435-1.jpg 620w, https:\/\/www.interdomizil.de\/reisemagazin\/wp-content\/uploads\/Fotolia_11369083_S-620x435-1-500x351.jpg 500w, https:\/\/www.interdomizil.de\/reisemagazin\/wp-content\/uploads\/Fotolia_11369083_S-620x435-1-175x123.jpg 175w, https:\/\/www.interdomizil.de\/reisemagazin\/wp-content\/uploads\/Fotolia_11369083_S-620x435-1-450x316.jpg 450w, https:\/\/www.interdomizil.de\/reisemagazin\/wp-content\/uploads\/Fotolia_11369083_S-620x435-1-200x140.jpg 200w, https:\/\/www.interdomizil.de\/reisemagazin\/wp-content\/uploads\/Fotolia_11369083_S-620x435-1-300x210.jpg 300w\" sizes=\"(max-width: 620px) 100vw, 620px\" \/><figcaption id=\"caption-attachment-7350\" class=\"wp-caption-text\">Bild: Fotolia.de<\/figcaption><\/figure>\n<p>Am ersten Januarabend ist es wieder soweit: Warnem\u00fcnde l\u00e4dt zum <strong>Turmleuchten <\/strong>ein, einer spektakul\u00e4ren Show aus Licht, Laser, Feuerwerk und Live-Performance.<\/p>\n<p>Nachdem <a href=\"https:\/\/www.interdomizil.de\/reisemagazin\/aktuelles\/turmleuchten-in-warnemuende-2017-das-programm-steht-fest\">2017 \u00fcber 80.000 Besucher dabei waren<\/a>, laufen f\u00fcr die kommende Show seit vielen Monaten die Vorbereitungen &#8211; und jetzt auch der Countdown. Das <strong>Motto<\/strong> der Show lautet am \u00dcbergang zu 2018 <em>EWIG<\/em>.<\/p>\n<p>Die Lichtershow am Himmel wird musikalisch begleitet. Neben Songs von City, Karat, Karussell, Purple Schulz und vielen anderen gibt es dieses Jahr einen weiteren Hit: \u201e<a href=\"http:\/\/www.mdr.de\/mdr-thueringen\/musik\/oldiegeschichte-alt-wie-ein-baum100.html\"><strong>Alt wie ein Baum<\/strong><\/a>\u201c von den Puhdys. Der Interpret ist in der deutschen Musikszene schon lange etabliert &#8211; <strong>Dieter Hertrampf<\/strong>, vielen bestens bekannt als \u201eQuaster\u201c von den Puhdys, bringt einen seiner bekanntesten Titel mit nach Warnem\u00fcnde. Der K\u00fcnstler freut sich auf seinen Auftritt\u00a0 und darauf, am Leuchtturm mit zehntausenden Besuchern in ein gl\u00fcckliches neues Jahr zu starten.<\/p>\n<p>Was sollte man beachten, wenn man an diesem einzigartigen Event teilnimmt?<\/p>\n<ul>\n<li>wir empfehlen eine Anreise mit <strong>\u00f6ffentlichen Verkehrsmitteln<\/strong>, da Parkpl\u00e4tze mehr als rar sind (bei ca. 90.000 Besuchern ist das nicht verwunderlich),<\/li>\n<li>das <strong>Vorprogramm<\/strong> beginnt um 15.00 Uhr mit Live-Musik und vielen Angeboten auf der Promenade (f\u00fcr das leibliche Wohl ist ausreichend gesorgt),<\/li>\n<li>die <strong>Inszenierung startet um 18.00<\/strong> Uhr nach dem gemeinsamen Countdown mit allen Besuchern und dann hei\u00dft es: \u201eGENIESST DEN AUGENBLICK \u2013 F\u00dcR DIE EWIGKEIT\u201c!!!<\/li>\n<\/ul>\n<p>\u00dcbrigens: das Turmleuchten startete einst unter dem Titel &#8222;Leuchtturm in Flammen&#8220; mit knapp tausend Besuchern und mauserte sich \u00fcber 19 Jahre hinweg zur gr\u00f6\u00dften europ\u00e4ischen Neujahrsveranstaltung, zu der 2018 \u00fcber 90.000 Besucher erwartet werden. Viele Warnem\u00fcnde-Fans verl\u00e4ngern f\u00fcr dieses Event ihren Silvesterurlaub.<\/p>\n<p>Hauptorganisator ist der F\u00f6rderverein Leuchtturm Warnem\u00fcnde, unterst\u00fctzt von der Hanseatischen Eventagentur.<\/p>\n<p>&nbsp;<\/p>\n<p>&nbsp;<\/p>\n<p>&nbsp;<\/p>\n<p>&nbsp;<\/p>\n<p>&nbsp;<\/p>\n<p>&nbsp;<\/p>\n<p>&nbsp;<\/p>\n<p>&nbsp;<\/p>\n","protected":false},"excerpt":{"rendered":"<p>Am ersten Januarabend ist es wieder soweit: Warnem\u00fcnde l\u00e4dt zum Turmleuchten ein, einer spektakul\u00e4ren Show aus Licht, Laser, Feuerwerk und Live-Performance. Nachdem 2017 \u00fcber 80.000 Besucher dabei waren, laufen f\u00fcr die kommende Show seit vielen Monaten die Vorbereitungen &#8211; und jetzt auch der Countdown. Das Motto der Show lautet am \u00dcbergang zu 2018 EWIG. Die<\/p>\n","protected":false},"author":61,"featured_media":7350,"comment_status":"closed","ping_status":"open","sticky":false,"template":"","format":"standard","meta":{"footnotes":""},"categories":[37,11],"tags":[979],"yoast_head":"<!-- This site is optimized with the Yoast SEO plugin v16.1.1 - https:\/\/yoast.com\/wordpress\/plugins\/seo\/ -->\n<title>Das Warnem\u00fcnder Turmleuchten &ndash; InterDomizil Reisemagazin<\/title>\n<meta name=\"description\" content=\"Am ersten Januarabend ist es wieder soweit: Warnem\u00fcnde l\u00e4dt zum Turmleuchten ein, einer spektakul\u00e4ren Show aus Licht, Laser, Feuerwerk und Live-Performance.\" \/>\n<link rel=\"canonical\" href=\"https:\/\/www.interdomizil.de\/reisemagazin\/reisetipps\/warnemuende-turmleuchten\" \/>\n<meta name=\"twitter:label1\" content=\"Gesch\u00e4tzte Lesezeit\">\n\t<meta name=\"twitter:data1\" content=\"1\u00a0Minute\">\n<script type=\"application\/ld+json\" class=\"yoast-schema-graph\">{\"@context\":\"https:\/\/schema.org\",\"@graph\":[{\"@type\":\"WebSite\",\"@id\":\"https:\/\/www.interdomizil.de\/reisemagazin\/#website\",\"url\":\"https:\/\/www.interdomizil.de\/reisemagazin\/\",\"name\":\"InterDomizil Reisemagazin\",\"description\":\"Reiseziele. Urlaubtipps. Sehenswertes.\",\"potentialAction\":[{\"@type\":\"SearchAction\",\"target\":\"https:\/\/www.interdomizil.de\/reisemagazin\/?s={search_term_string}\",\"query-input\":\"required name=search_term_string\"}],\"inLanguage\":\"de\"},{\"@type\":\"ImageObject\",\"@id\":\"https:\/\/www.interdomizil.de\/reisemagazin\/reisetipps\/warnemuende-turmleuchten#primaryimage\",\"inLanguage\":\"de\",\"url\":\"https:\/\/www.interdomizil.de\/reisemagazin\/wp-content\/uploads\/Fotolia_11369083_S-620x435-1.jpg\",\"contentUrl\":\"https:\/\/www.interdomizil.de\/reisemagazin\/wp-content\/uploads\/Fotolia_11369083_S-620x435-1.jpg\",\"width\":620,\"height\":435},{\"@type\":\"WebPage\",\"@id\":\"https:\/\/www.interdomizil.de\/reisemagazin\/reisetipps\/warnemuende-turmleuchten#webpage\",\"url\":\"https:\/\/www.interdomizil.de\/reisemagazin\/reisetipps\/warnemuende-turmleuchten\",\"name\":\"Das Warnem\\u00fcnder Turmleuchten &ndash; InterDomizil Reisemagazin\",\"isPartOf\":{\"@id\":\"https:\/\/www.interdomizil.de\/reisemagazin\/#website\"},\"primaryImageOfPage\":{\"@id\":\"https:\/\/www.interdomizil.de\/reisemagazin\/reisetipps\/warnemuende-turmleuchten#primaryimage\"},\"datePublished\":\"2017-12-13T16:45:20+00:00\",\"dateModified\":\"2017-12-13T16:45:20+00:00\",\"author\":{\"@id\":\"https:\/\/www.interdomizil.de\/reisemagazin\/#\/schema\/person\/88e68aa5afdec9d042c8f78c340a2f6f\"},\"description\":\"Am ersten Januarabend ist es wieder soweit: Warnem\\u00fcnde l\\u00e4dt zum Turmleuchten ein, einer spektakul\\u00e4ren Show aus Licht, Laser, Feuerwerk und Live-Performance.\",\"breadcrumb\":{\"@id\":\"https:\/\/www.interdomizil.de\/reisemagazin\/reisetipps\/warnemuende-turmleuchten#breadcrumb\"},\"inLanguage\":\"de\",\"potentialAction\":[{\"@type\":\"ReadAction\",\"target\":[\"https:\/\/www.interdomizil.de\/reisemagazin\/reisetipps\/warnemuende-turmleuchten\"]}]},{\"@type\":\"BreadcrumbList\",\"@id\":\"https:\/\/www.interdomizil.de\/reisemagazin\/reisetipps\/warnemuende-turmleuchten#breadcrumb\",\"itemListElement\":[{\"@type\":\"ListItem\",\"position\":1,\"item\":{\"@type\":\"WebPage\",\"@id\":\"https:\/\/www.interdomizil.de\/reisemagazin\/\",\"url\":\"https:\/\/www.interdomizil.de\/reisemagazin\/\",\"name\":\"Home\"}},{\"@type\":\"ListItem\",\"position\":2,\"item\":{\"@type\":\"WebPage\",\"@id\":\"https:\/\/www.interdomizil.de\/reisemagazin\/reisetipps\/warnemuende-turmleuchten\",\"url\":\"https:\/\/www.interdomizil.de\/reisemagazin\/reisetipps\/warnemuende-turmleuchten\",\"name\":\"Das Warnem\\u00fcnder Turmleuchten\"}}]},{\"@type\":\"Person\",\"@id\":\"https:\/\/www.interdomizil.de\/reisemagazin\/#\/schema\/person\/88e68aa5afdec9d042c8f78c340a2f6f\",\"name\":\"Redaktion\"}]}<\/script>\n<!-- \/ Yoast SEO plugin. -->","_links":{"self":[{"href":"https:\/\/www.interdomizil.de\/reisemagazin\/wp-json\/wp\/v2\/posts\/7349"}],"collection":[{"href":"https:\/\/www.interdomizil.de\/reisemagazin\/wp-json\/wp\/v2\/posts"}],"about":[{"href":"https:\/\/www.interdomizil.de\/reisemagazin\/wp-json\/wp\/v2\/types\/post"}],"author":[{"embeddable":true,"href":"https:\/\/www.interdomizil.de\/reisemagazin\/wp-json\/wp\/v2\/users\/61"}],"replies":[{"embeddable":true,"href":"https:\/\/www.interdomizil.de\/reisemagazin\/wp-json\/wp\/v2\/comments?post=7349"}],"version-history":[{"count":2,"href":"https:\/\/www.interdomizil.de\/reisemagazin\/wp-json\/wp\/v2\/posts\/7349\/revisions"}],"predecessor-version":[{"id":7352,"href":"https:\/\/www.interdomizil.de\/reisemagazin\/wp-json\/wp\/v2\/posts\/7349\/revisions\/7352"}],"wp:featuredmedia":[{"embeddable":true,"href":"https:\/\/www.interdomizil.de\/reisemagazin\/wp-json\/wp\/v2\/media\/7350"}],"wp:attachment":[{"href":"https:\/\/www.interdomizil.de\/reisemagazin\/wp-json\/wp\/v2\/media?parent=7349"}],"wp:term":[{"taxonomy":"category","embeddable":true,"href":"https:\/\/www.interdomizil.de\/reisemagazin\/wp-json\/wp\/v2\/categories?post=7349"},{"taxonomy":"post_tag","embeddable":true,"href":"https:\/\/www.interdomizil.de\/reisemagazin\/wp-json\/wp\/v2\/tags?post=7349"}],"curies":[{"name":"wp","href":"https:\/\/api.w.org\/{rel}","templated":true}]}}