{"id":7326,"date":"2017-11-22T13:06:29","date_gmt":"2017-11-22T11:06:29","guid":{"rendered":"https:\/\/www.interdomizil.de\/reisemagazin\/?p=7326"},"modified":"2019-02-14T08:17:15","modified_gmt":"2019-02-14T06:17:15","slug":"weihnachten-auf-den-kanaren-gran-canaria-spanien","status":"publish","type":"post","link":"https:\/\/www.interdomizil.de\/reisemagazin\/reisetipps\/weihnachten-auf-den-kanaren-gran-canaria-spanien","title":{"rendered":"Weihnachten im S\u00fcden: Gran Canaria"},"content":{"rendered":"<div class=\"twoclick_social_bookmarks_post_7326 social_share_privacy clearfix 1.6.4 locale-de_DE sprite-de_DE\"><\/div><div class=\"twoclick-js\"><script type=\"text\/javascript\">\/* <![CDATA[ *\/\njQuery(document).ready(function($){if($('.twoclick_social_bookmarks_post_7326')){$('.twoclick_social_bookmarks_post_7326').socialSharePrivacy({\"services\":{\"facebook\":{\"status\":\"on\",\"txt_info\":\"2 Klicks f\\u00fcr mehr Datenschutz: Erst wenn Sie hier klicken, wird der Button aktiv und Sie k\\u00f6nnen Ihre Empfehlung an Facebook senden. Schon beim Aktivieren werden <strong>Daten an Dritte \\u00fcbertragen<\\\/strong> - siehe <strong>i<\\\/strong>.\",\"perma_option\":\"off\",\"action\":\"like\",\"language\":\"de_DE\"},\"twitter\":{\"reply_to\":\"\",\"tweet_text\":\"%20Weihnachten%20im%20S%C3%BCden%3A%20Gran%20Canaria%20%C2%BB%20InterDomizil%20Reisemagazin%20%23besonderer%20...\",\"status\":\"on\",\"txt_info\":\"2 Klicks f\\u00fcr mehr Datenschutz: Erst wenn Sie hier klicken, wird der Button aktiv und Sie k\\u00f6nnen Ihre Empfehlung an Twitter senden. Schon beim Aktivieren werden <strong>Daten an Dritte \\u00fcbertragen<\\\/strong> - siehe <strong>i<\\\/strong>.\",\"perma_option\":\"off\",\"language\":\"de\"},\"pinterest\":{\"status\":\"on\",\"the_excerpt\":\"Weihnachten im S\\u00fcden: Gran Canaria\",\"txt_info\":\"2 Klicks f\\u00fcr mehr Datenschutz: Erst wenn Sie hier klicken, wird der Button aktiv und Sie k\\u00f6nnen Ihre Empfehlung an Pinterest senden. Schon beim Aktivieren werden <strong>Daten an Dritte \\u00fcbertragen<\\\/strong> - siehe <strong>i<\\\/strong>.\",\"perma_option\":\"off\",\"media\":\"https:\\\/\\\/www.interdomizil.de\\\/reisemagazin\\\/wp-content\\\/uploads\\\/Fotolia_177502357_S_aquiles1184.jpg\"}},\"txt_help\":\"Wenn Sie diese Felder durch einen Klick aktivieren, werden Informationen an Facebook, Twitter, Flattr, Xing, t3n, LinkedIn, Pinterest oder Google eventuell ins Ausland <strong>\\u00fcbertragen<\\\/strong> und unter Umst\\u00e4nden auch dort <strong>gespeichert<\\\/strong>. N\\u00e4heres erfahren Sie durch einen Klick auf das <em>i<\\\/em>.\",\"settings_perma\":\"Dauerhaft aktivieren und Daten\\u00fcber-tragung zustimmen:\",\"info_link\":\"http:\\\/\\\/www.heise.de\\\/ct\\\/artikel\\\/2-Klicks-fuer-mehr-Datenschutz-1333879.html\",\"uri\":\"https:\\\/\\\/www.interdomizil.de\\\/reisemagazin\\\/reisetipps\\\/weihnachten-auf-den-kanaren-gran-canaria-spanien\",\"post_id\":7326,\"post_title_referrer_track\":\"Weihnachten+im+S%C3%BCden%3A+Gran+Canaria\",\"concat\":\"%3F\",\"display_infobox\":\"on\"});}});\n\/* ]]> *\/<\/script><\/div><figure id=\"attachment_7340\" aria-describedby=\"caption-attachment-7340\" style=\"width: 620px\" class=\"wp-caption aligncenter\"><img decoding=\"async\" loading=\"lazy\" class=\"wp-image-7340 size-large\" src=\"https:\/\/www.interdomizil.de\/reisemagazin\/wp-content\/uploads\/Fotolia_177502357_S_aquiles1184-620x413.jpg\" alt=\"\" width=\"620\" height=\"413\" srcset=\"https:\/\/www.interdomizil.de\/reisemagazin\/wp-content\/uploads\/Fotolia_177502357_S_aquiles1184-620x413.jpg 620w, https:\/\/www.interdomizil.de\/reisemagazin\/wp-content\/uploads\/Fotolia_177502357_S_aquiles1184-500x333.jpg 500w, https:\/\/www.interdomizil.de\/reisemagazin\/wp-content\/uploads\/Fotolia_177502357_S_aquiles1184-720x480.jpg 720w, https:\/\/www.interdomizil.de\/reisemagazin\/wp-content\/uploads\/Fotolia_177502357_S_aquiles1184-175x117.jpg 175w, https:\/\/www.interdomizil.de\/reisemagazin\/wp-content\/uploads\/Fotolia_177502357_S_aquiles1184-450x300.jpg 450w, https:\/\/www.interdomizil.de\/reisemagazin\/wp-content\/uploads\/Fotolia_177502357_S_aquiles1184-768x512.jpg 768w, https:\/\/www.interdomizil.de\/reisemagazin\/wp-content\/uploads\/Fotolia_177502357_S_aquiles1184-200x133.jpg 200w, https:\/\/www.interdomizil.de\/reisemagazin\/wp-content\/uploads\/Fotolia_177502357_S_aquiles1184-270x180.jpg 270w, https:\/\/www.interdomizil.de\/reisemagazin\/wp-content\/uploads\/Fotolia_177502357_S_aquiles1184-300x200.jpg 300w, https:\/\/www.interdomizil.de\/reisemagazin\/wp-content\/uploads\/Fotolia_177502357_S_aquiles1184.jpg 849w\" sizes=\"(max-width: 620px) 100vw, 620px\" \/><figcaption id=\"caption-attachment-7340\" class=\"wp-caption-text\">Foto: Fotolia\/aquiles1184.<\/figcaption><\/figure>\n<p><em><br \/>\nF\u00fcr uns Mitteleurop\u00e4er eher ungew\u00f6hnlich: Weihnachten in T-Shirt bei warmen Temperaturen. In vielen s\u00fcdlicheren L\u00e4ndern ist das aber v\u00f6llig normal.&nbsp; Zum Beispiel in Spanien. Wir verraten euch, wie Weihnachten auf Gran Canaria aussieht. <\/em><\/p>\n<p>Nicht nur die Temperaturen (<a href=\"https:\/\/www.interdomizil.de\/reisemagazin\/reiseziele\/kanaren-im-winter\">durchschnittlich sind es auf Gran Canaria im Dezember 21 Grad<\/a>) sondern auch der weihnachtliche Schmuck f\u00e4llt auf Gran Canaria etwas anders aus als bei uns. Eigentlich geh\u00f6rt ein klassischer Weihnachtsbaum nicht zur traditionellen Weihnachtskultur, er hat sich aber in den vergangenen Jahrzehnten dort eingeschlichen. Die Beschaffung ist jedoch gar nicht so einfach. Denn Tannenb\u00e4ume gibt es zwar zu kaufen, jedoch nur in ausgew\u00e4hlten Gartencentern &#8211; und dann f\u00fcr \u00fcberdurchschnittliche Preise. Auch die Nadelgefahr ist angesichts der Temperaturen hoch. K\u00fcnstliche B\u00e4ume stehen dementsprechend hoch im Kurs auf der Insel.<\/p>\n<p>Auf \u00f6ffentlichen Pl\u00e4tzen, wo wir die sch\u00f6nsten lichtbehangenen Tannen zur Weihnachtszeit kennen, stehen auf Gran Canaria Palmen mit Lichterketten &#8211; oder ebenfalls k\u00fcnstliche B\u00e4ume. Sehr oft erstrahlen sie in einem bl\u00e4ulichen Ton.<\/p>\n<div id='gallery-2' class='gallery galleryid-7326 gallery-columns-2 gallery-size-large'><figure class='gallery-item'>\n\t\t\t<div class='gallery-icon portrait'>\n\t\t\t\t<a href='https:\/\/www.interdomizil.de\/reisemagazin\/reisetipps\/weihnachten-auf-den-kanaren-gran-canaria-spanien\/attachment\/img_0973'><img width=\"480\" height=\"620\" src=\"https:\/\/www.interdomizil.de\/reisemagazin\/wp-content\/uploads\/IMG_0973-480x620.jpg\" class=\"attachment-large size-large\" alt=\"\" decoding=\"async\" aria-describedby=\"gallery-2-7329\" loading=\"lazy\" srcset=\"https:\/\/www.interdomizil.de\/reisemagazin\/wp-content\/uploads\/IMG_0973-480x620.jpg 480w, https:\/\/www.interdomizil.de\/reisemagazin\/wp-content\/uploads\/IMG_0973-200x258.jpg 200w, https:\/\/www.interdomizil.de\/reisemagazin\/wp-content\/uploads\/IMG_0973-232x300.jpg 232w, https:\/\/www.interdomizil.de\/reisemagazin\/wp-content\/uploads\/IMG_0973-768x993.jpg 768w\" sizes=\"(max-width: 480px) 100vw, 480px\" \/><\/a>\n\t\t\t<\/div>\n\t\t\t\t<figcaption class='wp-caption-text gallery-caption' id='gallery-2-7329'>\n\t\t\t\tFoto: Marion Hagedorn\/InterDomizil.\n\t\t\t\t<\/figcaption><\/figure><figure class='gallery-item'>\n\t\t\t<div class='gallery-icon portrait'>\n\t\t\t\t<a href='https:\/\/www.interdomizil.de\/reisemagazin\/reisetipps\/weihnachten-auf-den-kanaren-gran-canaria-spanien\/attachment\/img_0620'><img width=\"475\" height=\"620\" src=\"https:\/\/www.interdomizil.de\/reisemagazin\/wp-content\/uploads\/IMG_0620-475x620.jpg\" class=\"attachment-large size-large\" alt=\"\" decoding=\"async\" aria-describedby=\"gallery-2-7328\" loading=\"lazy\" srcset=\"https:\/\/www.interdomizil.de\/reisemagazin\/wp-content\/uploads\/IMG_0620-475x620.jpg 475w, https:\/\/www.interdomizil.de\/reisemagazin\/wp-content\/uploads\/IMG_0620-200x261.jpg 200w, https:\/\/www.interdomizil.de\/reisemagazin\/wp-content\/uploads\/IMG_0620-230x300.jpg 230w, https:\/\/www.interdomizil.de\/reisemagazin\/wp-content\/uploads\/IMG_0620-768x1003.jpg 768w, https:\/\/www.interdomizil.de\/reisemagazin\/wp-content\/uploads\/IMG_0620.jpg 1944w\" sizes=\"(max-width: 475px) 100vw, 475px\" \/><\/a>\n\t\t\t<\/div>\n\t\t\t\t<figcaption class='wp-caption-text gallery-caption' id='gallery-2-7328'>\n\t\t\t\tFoto: Marion Hagedorn\/InterDomizil.\n\t\t\t\t<\/figcaption><\/figure>\n\t\t<\/div>\n\n<p><strong><br \/>\nWeihnachtsm\u00e4rkte und andere Veranstaltungen<\/strong><\/p>\n<p>An den Adventswochenenden findet ein Weihnachtsmarkt <strong>im S\u00fcden der Insel<\/strong> statt: <a href=\"http:\/\/www.maritimplaya.com\/\">im Hotel Maritim Playa<\/a>, Maspalomas, Avenida Tenerife 10. Er ist f\u00fcr jedermann ge\u00f6ffnet &#8211; von Freitag bis Sonntag, ca. 16 bis 22 Uhr. Auch gibt es einen Weihnachtsmarkt im Einkaufszentrum Yumbo in Playa del Ingl\u00e9s. Hier erwarten euch Gl\u00fchwein, Weihnachtsgeb\u00e4ck und Kunsthandwerk. Auch wird ein acht Meter hoher Weihnachtsbaum aufgestellt. Besonderes Higlight: Eine Eisbahn zum Schlittschuhlaufen, w\u00e4hrend die Sonne drau\u00dfen scheint und andere sich am Strand vergn\u00fcgen.<\/p>\n<p><strong>Im Norden der Insel<\/strong> sind die gro\u00dfen Einkaufszentren in <strong>Las Palmas<\/strong> ebenfalls mit gro\u00dfen Weihnachtsb\u00e4umen geschm\u00fcckt. An der Promenade des Strandes von Las Canteras wird jedes Jahr ein riesiger Weihnachtsbaum aufgebaut, der immer in neuen Varianten geschm\u00fcckt und beleuchtet ist. Am Strand wird eine Sandskulpturen-Ausstellung (Belen de Arenas) mit weihnachtlichen Motiven aufgebaut, die von K\u00fcnstlern aus aller Welt gestaltet wird, mit teils beeindruckenden Motiven. Der Eintritt ist frei, er\u00f6ffnet wird am 6. Dezember.<\/p>\n<p>&nbsp;<\/p>\n<p>&nbsp;<\/p>\n","protected":false},"excerpt":{"rendered":"<p>F\u00fcr uns Mitteleurop\u00e4er eher ungew\u00f6hnlich: Weihnachten in T-Shirt bei warmen Temperaturen. In vielen s\u00fcdlicheren L\u00e4ndern ist das aber v\u00f6llig normal.&nbsp; Zum Beispiel in Spanien. Wir verraten euch, wie Weihnachten auf Gran Canaria aussieht. Nicht nur die Temperaturen (durchschnittlich sind es auf Gran Canaria im Dezember 21 Grad) sondern auch der weihnachtliche Schmuck f\u00e4llt auf Gran<\/p>\n","protected":false},"author":61,"featured_media":7340,"comment_status":"closed","ping_status":"closed","sticky":false,"template":"","format":"standard","meta":{"footnotes":""},"categories":[11,916],"tags":[556,568,1021,542,571,845,545,816,659],"yoast_head":"<!-- This site is optimized with the Yoast SEO plugin v16.1.1 - https:\/\/yoast.com\/wordpress\/plugins\/seo\/ -->\n<title>Weihnachten im S\u00fcden: Gran Canaria &ndash; InterDomizil Reisemagazin<\/title>\n<meta name=\"description\" content=\"F\u00fcr uns Mitteleurop\u00e4er eher ungew\u00f6hnlich: Weihnachten in T-Shirt bei warmen Temperaturen. In s\u00fcdlichen L\u00e4ndern wie Spanien ist das aber v\u00f6llig normal...\" \/>\n<link rel=\"canonical\" href=\"https:\/\/www.interdomizil.de\/reisemagazin\/reisetipps\/weihnachten-auf-den-kanaren-gran-canaria-spanien\" \/>\n<meta name=\"twitter:label1\" content=\"Gesch\u00e4tzte Lesezeit\">\n\t<meta name=\"twitter:data1\" content=\"2\u00a0Minuten\">\n<script type=\"application\/ld+json\" class=\"yoast-schema-graph\">{\"@context\":\"https:\/\/schema.org\",\"@graph\":[{\"@type\":\"WebSite\",\"@id\":\"https:\/\/www.interdomizil.de\/reisemagazin\/#website\",\"url\":\"https:\/\/www.interdomizil.de\/reisemagazin\/\",\"name\":\"InterDomizil Reisemagazin\",\"description\":\"Reiseziele. Urlaubtipps. Sehenswertes.\",\"potentialAction\":[{\"@type\":\"SearchAction\",\"target\":\"https:\/\/www.interdomizil.de\/reisemagazin\/?s={search_term_string}\",\"query-input\":\"required name=search_term_string\"}],\"inLanguage\":\"de\"},{\"@type\":\"ImageObject\",\"@id\":\"https:\/\/www.interdomizil.de\/reisemagazin\/reisetipps\/weihnachten-auf-den-kanaren-gran-canaria-spanien#primaryimage\",\"inLanguage\":\"de\",\"url\":\"https:\/\/www.interdomizil.de\/reisemagazin\/wp-content\/uploads\/Fotolia_177502357_S_aquiles1184.jpg\",\"contentUrl\":\"https:\/\/www.interdomizil.de\/reisemagazin\/wp-content\/uploads\/Fotolia_177502357_S_aquiles1184.jpg\",\"width\":849,\"height\":566,\"caption\":\"Christmas tree in Pilar square, Saragossa, Spain\"},{\"@type\":\"WebPage\",\"@id\":\"https:\/\/www.interdomizil.de\/reisemagazin\/reisetipps\/weihnachten-auf-den-kanaren-gran-canaria-spanien#webpage\",\"url\":\"https:\/\/www.interdomizil.de\/reisemagazin\/reisetipps\/weihnachten-auf-den-kanaren-gran-canaria-spanien\",\"name\":\"Weihnachten im S\\u00fcden: Gran Canaria &ndash; InterDomizil Reisemagazin\",\"isPartOf\":{\"@id\":\"https:\/\/www.interdomizil.de\/reisemagazin\/#website\"},\"primaryImageOfPage\":{\"@id\":\"https:\/\/www.interdomizil.de\/reisemagazin\/reisetipps\/weihnachten-auf-den-kanaren-gran-canaria-spanien#primaryimage\"},\"datePublished\":\"2017-11-22T11:06:29+00:00\",\"dateModified\":\"2019-02-14T06:17:15+00:00\",\"author\":{\"@id\":\"https:\/\/www.interdomizil.de\/reisemagazin\/#\/schema\/person\/88e68aa5afdec9d042c8f78c340a2f6f\"},\"description\":\"F\\u00fcr uns Mitteleurop\\u00e4er eher ungew\\u00f6hnlich: Weihnachten in T-Shirt bei warmen Temperaturen. In s\\u00fcdlichen L\\u00e4ndern wie Spanien ist das aber v\\u00f6llig normal...\",\"breadcrumb\":{\"@id\":\"https:\/\/www.interdomizil.de\/reisemagazin\/reisetipps\/weihnachten-auf-den-kanaren-gran-canaria-spanien#breadcrumb\"},\"inLanguage\":\"de\",\"potentialAction\":[{\"@type\":\"ReadAction\",\"target\":[\"https:\/\/www.interdomizil.de\/reisemagazin\/reisetipps\/weihnachten-auf-den-kanaren-gran-canaria-spanien\"]}]},{\"@type\":\"BreadcrumbList\",\"@id\":\"https:\/\/www.interdomizil.de\/reisemagazin\/reisetipps\/weihnachten-auf-den-kanaren-gran-canaria-spanien#breadcrumb\",\"itemListElement\":[{\"@type\":\"ListItem\",\"position\":1,\"item\":{\"@type\":\"WebPage\",\"@id\":\"https:\/\/www.interdomizil.de\/reisemagazin\/\",\"url\":\"https:\/\/www.interdomizil.de\/reisemagazin\/\",\"name\":\"Home\"}},{\"@type\":\"ListItem\",\"position\":2,\"item\":{\"@type\":\"WebPage\",\"@id\":\"https:\/\/www.interdomizil.de\/reisemagazin\/reisetipps\/weihnachten-auf-den-kanaren-gran-canaria-spanien\",\"url\":\"https:\/\/www.interdomizil.de\/reisemagazin\/reisetipps\/weihnachten-auf-den-kanaren-gran-canaria-spanien\",\"name\":\"Weihnachten im S\\u00fcden: Gran Canaria\"}}]},{\"@type\":\"Person\",\"@id\":\"https:\/\/www.interdomizil.de\/reisemagazin\/#\/schema\/person\/88e68aa5afdec9d042c8f78c340a2f6f\",\"name\":\"Redaktion\"}]}<\/script>\n<!-- \/ Yoast SEO plugin. -->","_links":{"self":[{"href":"https:\/\/www.interdomizil.de\/reisemagazin\/wp-json\/wp\/v2\/posts\/7326"}],"collection":[{"href":"https:\/\/www.interdomizil.de\/reisemagazin\/wp-json\/wp\/v2\/posts"}],"about":[{"href":"https:\/\/www.interdomizil.de\/reisemagazin\/wp-json\/wp\/v2\/types\/post"}],"author":[{"embeddable":true,"href":"https:\/\/www.interdomizil.de\/reisemagazin\/wp-json\/wp\/v2\/users\/61"}],"replies":[{"embeddable":true,"href":"https:\/\/www.interdomizil.de\/reisemagazin\/wp-json\/wp\/v2\/comments?post=7326"}],"version-history":[{"count":15,"href":"https:\/\/www.interdomizil.de\/reisemagazin\/wp-json\/wp\/v2\/posts\/7326\/revisions"}],"predecessor-version":[{"id":8670,"href":"https:\/\/www.interdomizil.de\/reisemagazin\/wp-json\/wp\/v2\/posts\/7326\/revisions\/8670"}],"wp:featuredmedia":[{"embeddable":true,"href":"https:\/\/www.interdomizil.de\/reisemagazin\/wp-json\/wp\/v2\/media\/7340"}],"wp:attachment":[{"href":"https:\/\/www.interdomizil.de\/reisemagazin\/wp-json\/wp\/v2\/media?parent=7326"}],"wp:term":[{"taxonomy":"category","embeddable":true,"href":"https:\/\/www.interdomizil.de\/reisemagazin\/wp-json\/wp\/v2\/categories?post=7326"},{"taxonomy":"post_tag","embeddable":true,"href":"https:\/\/www.interdomizil.de\/reisemagazin\/wp-json\/wp\/v2\/tags?post=7326"}],"curies":[{"name":"wp","href":"https:\/\/api.w.org\/{rel}","templated":true}]}}