{"id":7320,"date":"2017-11-22T11:52:54","date_gmt":"2017-11-22T09:52:54","guid":{"rendered":"https:\/\/www.interdomizil.de\/reisemagazin\/?p=7320"},"modified":"2018-11-27T10:54:38","modified_gmt":"2018-11-27T08:54:38","slug":"weihnachtsmarkt-warnemuende-rostock","status":"publish","type":"post","link":"https:\/\/www.interdomizil.de\/reisemagazin\/aktuelles\/weihnachtsmarkt-warnemuende-rostock","title":{"rendered":"Weihnachtsm\u00e4rkte rund um Warnem\u00fcnde"},"content":{"rendered":"<div class=\"twoclick_social_bookmarks_post_7320 social_share_privacy clearfix 1.6.4 locale-de_DE sprite-de_DE\"><\/div><div class=\"twoclick-js\"><script type=\"text\/javascript\">\/* <![CDATA[ *\/\njQuery(document).ready(function($){if($('.twoclick_social_bookmarks_post_7320')){$('.twoclick_social_bookmarks_post_7320').socialSharePrivacy({\"services\":{\"facebook\":{\"status\":\"on\",\"txt_info\":\"2 Klicks f\\u00fcr mehr Datenschutz: Erst wenn Sie hier klicken, wird der Button aktiv und Sie k\\u00f6nnen Ihre Empfehlung an Facebook senden. Schon beim Aktivieren werden <strong>Daten an Dritte \\u00fcbertragen<\\\/strong> - siehe <strong>i<\\\/strong>.\",\"perma_option\":\"off\",\"action\":\"like\",\"language\":\"de_DE\"},\"twitter\":{\"reply_to\":\"\",\"tweet_text\":\"%20Weihnachtsm%C3%A4rkte%20rund%20um%20Warnem%C3%BCnde%20%C2%BB%20InterDomizil%20Reisemagazin%20...\",\"status\":\"on\",\"txt_info\":\"2 Klicks f\\u00fcr mehr Datenschutz: Erst wenn Sie hier klicken, wird der Button aktiv und Sie k\\u00f6nnen Ihre Empfehlung an Twitter senden. Schon beim Aktivieren werden <strong>Daten an Dritte \\u00fcbertragen<\\\/strong> - siehe <strong>i<\\\/strong>.\",\"perma_option\":\"off\",\"language\":\"de\"},\"pinterest\":{\"status\":\"on\",\"the_excerpt\":\"Weihnachtsm\\u00e4rkte rund um Warnem\\u00fcnde\",\"txt_info\":\"2 Klicks f\\u00fcr mehr Datenschutz: Erst wenn Sie hier klicken, wird der Button aktiv und Sie k\\u00f6nnen Ihre Empfehlung an Pinterest senden. Schon beim Aktivieren werden <strong>Daten an Dritte \\u00fcbertragen<\\\/strong> - siehe <strong>i<\\\/strong>.\",\"perma_option\":\"off\",\"media\":\"https:\\\/\\\/www.interdomizil.de\\\/reisemagazin\\\/wp-content\\\/uploads\\\/Weihnachtsmarkt-Rostock-etc-scaled.jpg\"}},\"txt_help\":\"Wenn Sie diese Felder durch einen Klick aktivieren, werden Informationen an Facebook, Twitter, Flattr, Xing, t3n, LinkedIn, Pinterest oder Google eventuell ins Ausland <strong>\\u00fcbertragen<\\\/strong> und unter Umst\\u00e4nden auch dort <strong>gespeichert<\\\/strong>. N\\u00e4heres erfahren Sie durch einen Klick auf das <em>i<\\\/em>.\",\"settings_perma\":\"Dauerhaft aktivieren und Daten\\u00fcber-tragung zustimmen:\",\"info_link\":\"http:\\\/\\\/www.heise.de\\\/ct\\\/artikel\\\/2-Klicks-fuer-mehr-Datenschutz-1333879.html\",\"uri\":\"https:\\\/\\\/www.interdomizil.de\\\/reisemagazin\\\/aktuelles\\\/weihnachtsmarkt-warnemuende-rostock\",\"post_id\":7320,\"post_title_referrer_track\":\"Weihnachtsm%C3%A4rkte+rund+um+Warnem%C3%BCnde\",\"concat\":\"%3F\",\"display_infobox\":\"on\"});}});\n\/* ]]> *\/<\/script><\/div><p><em><br \/>\nDer gro\u00dfe <a href=\"https:\/\/www.interdomizil.de\/reisemagazin\/reisetipps\/rostocker-weihnachtsmarkt-ein-besonderes-highlight-im-norden\">Rostocker Weihnachtsmarkt<\/a> und seine Nachbarn sind ganz bald schon da! Und mit ihnen der Duft nach Weihnachtsgew\u00fcrzen und gebrannten Mandeln. <\/em><\/p>\n<p><em>Zugegeben, schon jetzt liegt er irgendwie in der Luft, w\u00e4hrend die Buden und St\u00e4nde so langsam aufgebaut werden.<\/em><\/p>\n<p>Ab dem 27.11. ziehen dann die echten, verf\u00fchrerischen Weihnachtsd\u00fcfte durch die Rostocker Innenstadt, bei einem der <a href=\"http:\/\/www.rostocker-weihnachtsmarkt.de\/de\/index\/\">gr\u00f6\u00dften Weihnachtsm\u00e4rkte des Landes<\/a>. Hier werden wie jedes Jahr etwa 1,5 Millionen Besucher erwartet &#8211; und 250 Aussteller und Teilnehmer aus aller Welt. In Rostock freut man sich besonders auf den typischen Lichterhimmel auf dem Universit\u00e4tsplatz, der mit 37.900 Lichtern die Innenstadt erhellen wird. Und sicherlich wird die Zahl von bislang 582.757 f\u00fcr den Weihnachtsmarkt produzierten Gl\u00fchweintassen 2017 nochmal ganz sch\u00f6n erh\u00f6ht.<\/p>\n<p>Etwas abseits vom Trubel steht auch in diesem Jahr im Klosterhof der <a href=\"http:\/\/www.rostocker-weihnachtsmarkt.de\/de\/programm\/historischer-weihnachtsmarkt\/\">historische Weihnachtsmarkt<\/a>. In der authentischen Kulisse f\u00fchlt man sich direkt ins Mittelalter zur\u00fcck versetzt. Kraft und Geschicklichkeit kann man beim Bogenschie\u00dfen oder Axtwerfen erproben, Theaterst\u00fccke und Geschichtenerz\u00e4hler lassen den Trubel rundherum vergessen und Kinderaugen beginnen zu leuchten, wenn der Feuerspucker auf der B\u00fchne sein K\u00f6nnen zeigt.<\/p>\n<p>Empfehlenswert ist auch der <a href=\"http:\/\/www.oestliche-altstadt.de\/aktuelles\/dateil\/archive\/2017\/november\/article\/kunsthandwerker-weihnachtsmarkt-in-der-nikolaikirche.html\">Kunsthandwerker-Weihnachtsmarkt in der Nikolaikirche<\/a> vom 30.11. \u2013 2.12.17. Der gesamte Kirchenraum ist festlich beleuchtet und eine liebevoll geschm\u00fcckte Tanne erwartet die Besucher. \u00dcber 40 Kunsthandwerker werden ihre Waren anbieten und die Kirche in eine Weihnachtswelt verwandeln. Wer auf der Suche nach einem kleinen Geschenk oder weihnachtlicher Dekoration ist, wird hier mit Sicherheit f\u00fcndig.<\/p>\n<p>Wir w\u00fcnschen euch eine wundersch\u00f6ne Vorweihnachtszeit in <a href=\"https:\/\/www.interdomizil.de\/reisemagazin\/ortsbeschreibungen\/mein-warnemuende-eine-liebeserklaerung\">Warnem\u00fcnde und Umgebung<\/a>!<\/p>\n","protected":false},"excerpt":{"rendered":"<p>Der gro\u00dfe Rostocker Weihnachtsmarkt und seine Nachbarn sind ganz bald schon da! Und mit ihnen der Duft nach Weihnachtsgew\u00fcrzen und gebrannten Mandeln. Zugegeben, schon jetzt liegt er irgendwie in der Luft, w\u00e4hrend die Buden und St\u00e4nde so langsam aufgebaut werden. Ab dem 27.11. ziehen dann die echten, verf\u00fchrerischen Weihnachtsd\u00fcfte durch die Rostocker Innenstadt, bei einem<\/p>\n","protected":false},"author":61,"featured_media":7321,"comment_status":"closed","ping_status":"closed","sticky":false,"template":"","format":"standard","meta":{"footnotes":""},"categories":[977,37],"tags":[979],"yoast_head":"<!-- This site is optimized with the Yoast SEO plugin v16.1.1 - https:\/\/yoast.com\/wordpress\/plugins\/seo\/ -->\n<title>Weihnachtsm\u00e4rkte rund um Warnem\u00fcnde &ndash; InterDomizil Reisemagazin<\/title>\n<meta name=\"description\" content=\"Der gro\u00dfe Rostocker Weihnachtsmarkt und seine Nachbarn sind ganz bald schon da! Und mit ihnen der Duft nach Weihnachtsgew\u00fcrzen und gebrannten Mandeln.\" \/>\n<link rel=\"canonical\" href=\"https:\/\/www.interdomizil.de\/reisemagazin\/aktuelles\/weihnachtsmarkt-warnemuende-rostock\" \/>\n<meta name=\"twitter:label1\" content=\"Gesch\u00e4tzte Lesezeit\">\n\t<meta name=\"twitter:data1\" content=\"1\u00a0Minute\">\n<script type=\"application\/ld+json\" class=\"yoast-schema-graph\">{\"@context\":\"https:\/\/schema.org\",\"@graph\":[{\"@type\":\"WebSite\",\"@id\":\"https:\/\/www.interdomizil.de\/reisemagazin\/#website\",\"url\":\"https:\/\/www.interdomizil.de\/reisemagazin\/\",\"name\":\"InterDomizil Reisemagazin\",\"description\":\"Reiseziele. Urlaubtipps. Sehenswertes.\",\"potentialAction\":[{\"@type\":\"SearchAction\",\"target\":\"https:\/\/www.interdomizil.de\/reisemagazin\/?s={search_term_string}\",\"query-input\":\"required name=search_term_string\"}],\"inLanguage\":\"de\"},{\"@type\":\"ImageObject\",\"@id\":\"https:\/\/www.interdomizil.de\/reisemagazin\/aktuelles\/weihnachtsmarkt-warnemuende-rostock#primaryimage\",\"inLanguage\":\"de\",\"url\":\"https:\/\/www.interdomizil.de\/reisemagazin\/wp-content\/uploads\/Weihnachtsmarkt-Rostock-etc-scaled.jpg\",\"contentUrl\":\"https:\/\/www.interdomizil.de\/reisemagazin\/wp-content\/uploads\/Weihnachtsmarkt-Rostock-etc-scaled.jpg\",\"width\":2560,\"height\":1921},{\"@type\":\"WebPage\",\"@id\":\"https:\/\/www.interdomizil.de\/reisemagazin\/aktuelles\/weihnachtsmarkt-warnemuende-rostock#webpage\",\"url\":\"https:\/\/www.interdomizil.de\/reisemagazin\/aktuelles\/weihnachtsmarkt-warnemuende-rostock\",\"name\":\"Weihnachtsm\\u00e4rkte rund um Warnem\\u00fcnde &ndash; InterDomizil Reisemagazin\",\"isPartOf\":{\"@id\":\"https:\/\/www.interdomizil.de\/reisemagazin\/#website\"},\"primaryImageOfPage\":{\"@id\":\"https:\/\/www.interdomizil.de\/reisemagazin\/aktuelles\/weihnachtsmarkt-warnemuende-rostock#primaryimage\"},\"datePublished\":\"2017-11-22T09:52:54+00:00\",\"dateModified\":\"2018-11-27T08:54:38+00:00\",\"author\":{\"@id\":\"https:\/\/www.interdomizil.de\/reisemagazin\/#\/schema\/person\/88e68aa5afdec9d042c8f78c340a2f6f\"},\"description\":\"Der gro\\u00dfe Rostocker Weihnachtsmarkt und seine Nachbarn sind ganz bald schon da! Und mit ihnen der Duft nach Weihnachtsgew\\u00fcrzen und gebrannten Mandeln.\",\"breadcrumb\":{\"@id\":\"https:\/\/www.interdomizil.de\/reisemagazin\/aktuelles\/weihnachtsmarkt-warnemuende-rostock#breadcrumb\"},\"inLanguage\":\"de\",\"potentialAction\":[{\"@type\":\"ReadAction\",\"target\":[\"https:\/\/www.interdomizil.de\/reisemagazin\/aktuelles\/weihnachtsmarkt-warnemuende-rostock\"]}]},{\"@type\":\"BreadcrumbList\",\"@id\":\"https:\/\/www.interdomizil.de\/reisemagazin\/aktuelles\/weihnachtsmarkt-warnemuende-rostock#breadcrumb\",\"itemListElement\":[{\"@type\":\"ListItem\",\"position\":1,\"item\":{\"@type\":\"WebPage\",\"@id\":\"https:\/\/www.interdomizil.de\/reisemagazin\/\",\"url\":\"https:\/\/www.interdomizil.de\/reisemagazin\/\",\"name\":\"Home\"}},{\"@type\":\"ListItem\",\"position\":2,\"item\":{\"@type\":\"WebPage\",\"@id\":\"https:\/\/www.interdomizil.de\/reisemagazin\/aktuelles\/weihnachtsmarkt-warnemuende-rostock\",\"url\":\"https:\/\/www.interdomizil.de\/reisemagazin\/aktuelles\/weihnachtsmarkt-warnemuende-rostock\",\"name\":\"Weihnachtsm\\u00e4rkte rund um Warnem\\u00fcnde\"}}]},{\"@type\":\"Person\",\"@id\":\"https:\/\/www.interdomizil.de\/reisemagazin\/#\/schema\/person\/88e68aa5afdec9d042c8f78c340a2f6f\",\"name\":\"Redaktion\"}]}<\/script>\n<!-- \/ Yoast SEO plugin. -->","_links":{"self":[{"href":"https:\/\/www.interdomizil.de\/reisemagazin\/wp-json\/wp\/v2\/posts\/7320"}],"collection":[{"href":"https:\/\/www.interdomizil.de\/reisemagazin\/wp-json\/wp\/v2\/posts"}],"about":[{"href":"https:\/\/www.interdomizil.de\/reisemagazin\/wp-json\/wp\/v2\/types\/post"}],"author":[{"embeddable":true,"href":"https:\/\/www.interdomizil.de\/reisemagazin\/wp-json\/wp\/v2\/users\/61"}],"replies":[{"embeddable":true,"href":"https:\/\/www.interdomizil.de\/reisemagazin\/wp-json\/wp\/v2\/comments?post=7320"}],"version-history":[{"count":7,"href":"https:\/\/www.interdomizil.de\/reisemagazin\/wp-json\/wp\/v2\/posts\/7320\/revisions"}],"predecessor-version":[{"id":8285,"href":"https:\/\/www.interdomizil.de\/reisemagazin\/wp-json\/wp\/v2\/posts\/7320\/revisions\/8285"}],"wp:featuredmedia":[{"embeddable":true,"href":"https:\/\/www.interdomizil.de\/reisemagazin\/wp-json\/wp\/v2\/media\/7321"}],"wp:attachment":[{"href":"https:\/\/www.interdomizil.de\/reisemagazin\/wp-json\/wp\/v2\/media?parent=7320"}],"wp:term":[{"taxonomy":"category","embeddable":true,"href":"https:\/\/www.interdomizil.de\/reisemagazin\/wp-json\/wp\/v2\/categories?post=7320"},{"taxonomy":"post_tag","embeddable":true,"href":"https:\/\/www.interdomizil.de\/reisemagazin\/wp-json\/wp\/v2\/tags?post=7320"}],"curies":[{"name":"wp","href":"https:\/\/api.w.org\/{rel}","templated":true}]}}