{"id":7279,"date":"2017-10-18T11:09:53","date_gmt":"2017-10-18T09:09:53","guid":{"rendered":"https:\/\/www.interdomizil.de\/reisemagazin\/?p=7279"},"modified":"2019-09-10T09:49:34","modified_gmt":"2019-09-10T07:49:34","slug":"goldener-herbst-in-warnemuende","status":"publish","type":"post","link":"https:\/\/www.interdomizil.de\/reisemagazin\/reiseziele\/deutschland\/goldener-herbst-in-warnemuende","title":{"rendered":"Goldener Herbst in Warnem\u00fcnde"},"content":{"rendered":"<div class=\"twoclick_social_bookmarks_post_7279 social_share_privacy clearfix 1.6.4 locale-de_DE sprite-de_DE\"><\/div><div class=\"twoclick-js\"><script type=\"text\/javascript\">\/* <![CDATA[ *\/\njQuery(document).ready(function($){if($('.twoclick_social_bookmarks_post_7279')){$('.twoclick_social_bookmarks_post_7279').socialSharePrivacy({\"services\":{\"facebook\":{\"status\":\"on\",\"txt_info\":\"2 Klicks f\\u00fcr mehr Datenschutz: Erst wenn Sie hier klicken, wird der Button aktiv und Sie k\\u00f6nnen Ihre Empfehlung an Facebook senden. Schon beim Aktivieren werden <strong>Daten an Dritte \\u00fcbertragen<\\\/strong> - siehe <strong>i<\\\/strong>.\",\"perma_option\":\"off\",\"action\":\"like\",\"language\":\"de_DE\"},\"twitter\":{\"reply_to\":\"\",\"tweet_text\":\"Goldener%20Herbst%20in%20Warnem%C3%BCnde%20%C2%BB%20InterDomizil%20Reisemagazin%20%23Warnem%C3%BCnde%20Aktuell\",\"status\":\"on\",\"txt_info\":\"2 Klicks f\\u00fcr mehr Datenschutz: Erst wenn Sie hier klicken, wird der Button aktiv und Sie k\\u00f6nnen Ihre Empfehlung an Twitter senden. Schon beim Aktivieren werden <strong>Daten an Dritte \\u00fcbertragen<\\\/strong> - siehe <strong>i<\\\/strong>.\",\"perma_option\":\"off\",\"language\":\"de\"},\"pinterest\":{\"status\":\"on\",\"the_excerpt\":\"Goldener Herbst in Warnem\\u00fcnde\",\"txt_info\":\"2 Klicks f\\u00fcr mehr Datenschutz: Erst wenn Sie hier klicken, wird der Button aktiv und Sie k\\u00f6nnen Ihre Empfehlung an Pinterest senden. Schon beim Aktivieren werden <strong>Daten an Dritte \\u00fcbertragen<\\\/strong> - siehe <strong>i<\\\/strong>.\",\"perma_option\":\"off\",\"media\":\"https:\\\/\\\/www.interdomizil.de\\\/reisemagazin\\\/wp-content\\\/uploads\\\/22546741_1501299586606439_1224684724_o.jpg\"}},\"txt_help\":\"Wenn Sie diese Felder durch einen Klick aktivieren, werden Informationen an Facebook, Twitter, Flattr, Xing, t3n, LinkedIn, Pinterest oder Google eventuell ins Ausland <strong>\\u00fcbertragen<\\\/strong> und unter Umst\\u00e4nden auch dort <strong>gespeichert<\\\/strong>. N\\u00e4heres erfahren Sie durch einen Klick auf das <em>i<\\\/em>.\",\"settings_perma\":\"Dauerhaft aktivieren und Daten\\u00fcber-tragung zustimmen:\",\"info_link\":\"http:\\\/\\\/www.heise.de\\\/ct\\\/artikel\\\/2-Klicks-fuer-mehr-Datenschutz-1333879.html\",\"uri\":\"https:\\\/\\\/www.interdomizil.de\\\/reisemagazin\\\/reiseziele\\\/deutschland\\\/goldener-herbst-in-warnemuende\",\"post_id\":7279,\"post_title_referrer_track\":\"Goldener+Herbst+in+Warnem%C3%BCnde\",\"concat\":\"%3F\",\"display_infobox\":\"on\"});}});\n\/* ]]> *\/<\/script><\/div><p>Ein weiter, breiter Sandstrand, die Ostsee, die Leuchtt\u00fcrme und der alten Strom: das ist charakteristisch f\u00fcr Warnem\u00fcnde. Aber das Ostseebad hat so viel mehr zu bieten \u2013 kleine, aber feine verborgene Gassen und Winkel, die nicht jeder findet und die doch so sehenswert und sch\u00f6n sind.<\/p>\n<p>Gehen Sie einfach mal nicht MIT dem Strom, sondern in die andere Richtung! Wenn ich zum Beispiel Besuch von guten Freunden habe und ihnen \u201emein\u201c Warnem\u00fcnde zeigen m\u00f6chte, starten wir meist im DeJabo in den M\u00fchlenstra\u00dfe\/Ecke D\u00e4nische Stra\u00dfe. Ein wunderer Weinladen mit kleiner K\u00fcche, ausgew\u00e4hlten Weinen, gutem Gin und einem unverwechselbaren Ambiente. Ich m\u00f6chte nicht zu viel verraten \u2013 \u00fcberzeugen Sie sich selbst. Von dort aus geht es nat\u00fcrlich zu Fu\u00df in die Alexandrinenstra\u00dfe. Aber nicht in Richtung Wasser \u2013 nein, wir gehen rechts entlang. Dort findet man wundersch\u00f6n restaurierte Kapit\u00e4nsh\u00e4user und kann ganz in Ruhe Fotos machen, ohne das jemand durch Bild l\u00e4uft. Und immer sch\u00f6n die Augen aufhalten! Die meisten H\u00e4user haben wundersch\u00f6ne Hinterh\u00f6fe, die durch schmale G\u00e4nge zu erreichen sind. Fragen sie einfach oder gehen sie hinein \u2013 es lohnt sich auf jeden Fall.<\/p>\n<p>Wenn man wieder Richtung Wasser geht und die Anastasiastra\u00dfe entlangschlendert, f\u00e4llt ein Haus ganz besonders ins Auge: die Nr. 24. Hier befindet sich das Restaurant \u201eZur Gartenlaube 1888\u201c. Leider ist es nicht mehr ge\u00f6ffnet. Es war immer ein absoluter Geheimtipp in Warnem\u00fcnde mit ausgezeichneter K\u00fcche \u2013 ohne vorherige Reservierung ging nichts! Jedoch stehe ich immer wieder vor diesem Haus und schaue durch die Fenster, weil noch alle Tische mit wei\u00dfen Tischt\u00fcchern, Besteck, Tellern und Servietten eingedeckt sind. Fast so, als ob es darauf wartet, wieder wachgek\u00fcsst zu werden. Warten wir einfach ab und lassen uns \u00fcberraschen.<\/p>\n<p>Um jetzt zum Wasser zu gelangen, geht man durch den sch\u00f6nen Katergang \u2013 ein Pflastersteinweg, wo man auch wieder das eine oder andere Fotomotiv entdecken kann (das \u201eNach-Oben-Schauen\u201c lohnt sich!).<\/p>\n<p>Wir w\u00fcnschen viel Spa\u00df im goldenen Herbst in Warnem\u00fcnde!<\/p>\n","protected":false},"excerpt":{"rendered":"<p>Ein weiter, breiter Sandstrand, die Ostsee, die Leuchtt\u00fcrme und der alten Strom: das ist charakteristisch f\u00fcr Warnem\u00fcnde. Aber das Ostseebad hat so viel mehr zu bieten \u2013 kleine, aber feine verborgene Gassen und Winkel, die nicht jeder findet und die doch so sehenswert und sch\u00f6n sind. Gehen Sie einfach mal nicht MIT dem Strom, sondern<\/p>\n","protected":false},"author":61,"featured_media":7281,"comment_status":"closed","ping_status":"closed","sticky":false,"template":"","format":"standard","meta":{"footnotes":""},"categories":[977,37],"tags":[979],"yoast_head":"<!-- This site is optimized with the Yoast SEO plugin v16.1.1 - https:\/\/yoast.com\/wordpress\/plugins\/seo\/ -->\n<title>Goldener Herbst in Warnem\u00fcnde &ndash; InterDomizil Reisemagazin<\/title>\n<link rel=\"canonical\" href=\"https:\/\/www.interdomizil.de\/reisemagazin\/reiseziele\/deutschland\/goldener-herbst-in-warnemuende\" \/>\n<meta name=\"twitter:label1\" content=\"Gesch\u00e4tzte Lesezeit\">\n\t<meta name=\"twitter:data1\" content=\"2\u00a0Minuten\">\n<script type=\"application\/ld+json\" class=\"yoast-schema-graph\">{\"@context\":\"https:\/\/schema.org\",\"@graph\":[{\"@type\":\"WebSite\",\"@id\":\"https:\/\/www.interdomizil.de\/reisemagazin\/#website\",\"url\":\"https:\/\/www.interdomizil.de\/reisemagazin\/\",\"name\":\"InterDomizil Reisemagazin\",\"description\":\"Reiseziele. Urlaubtipps. Sehenswertes.\",\"potentialAction\":[{\"@type\":\"SearchAction\",\"target\":\"https:\/\/www.interdomizil.de\/reisemagazin\/?s={search_term_string}\",\"query-input\":\"required name=search_term_string\"}],\"inLanguage\":\"de\"},{\"@type\":\"ImageObject\",\"@id\":\"https:\/\/www.interdomizil.de\/reisemagazin\/reiseziele\/deutschland\/goldener-herbst-in-warnemuende#primaryimage\",\"inLanguage\":\"de\",\"url\":\"https:\/\/www.interdomizil.de\/reisemagazin\/wp-content\/uploads\/22546741_1501299586606439_1224684724_o.jpg\",\"contentUrl\":\"https:\/\/www.interdomizil.de\/reisemagazin\/wp-content\/uploads\/22546741_1501299586606439_1224684724_o.jpg\",\"width\":1080,\"height\":1351},{\"@type\":\"WebPage\",\"@id\":\"https:\/\/www.interdomizil.de\/reisemagazin\/reiseziele\/deutschland\/goldener-herbst-in-warnemuende#webpage\",\"url\":\"https:\/\/www.interdomizil.de\/reisemagazin\/reiseziele\/deutschland\/goldener-herbst-in-warnemuende\",\"name\":\"Goldener Herbst in Warnem\\u00fcnde &ndash; InterDomizil Reisemagazin\",\"isPartOf\":{\"@id\":\"https:\/\/www.interdomizil.de\/reisemagazin\/#website\"},\"primaryImageOfPage\":{\"@id\":\"https:\/\/www.interdomizil.de\/reisemagazin\/reiseziele\/deutschland\/goldener-herbst-in-warnemuende#primaryimage\"},\"datePublished\":\"2017-10-18T09:09:53+00:00\",\"dateModified\":\"2019-09-10T07:49:34+00:00\",\"author\":{\"@id\":\"https:\/\/www.interdomizil.de\/reisemagazin\/#\/schema\/person\/88e68aa5afdec9d042c8f78c340a2f6f\"},\"breadcrumb\":{\"@id\":\"https:\/\/www.interdomizil.de\/reisemagazin\/reiseziele\/deutschland\/goldener-herbst-in-warnemuende#breadcrumb\"},\"inLanguage\":\"de\",\"potentialAction\":[{\"@type\":\"ReadAction\",\"target\":[\"https:\/\/www.interdomizil.de\/reisemagazin\/reiseziele\/deutschland\/goldener-herbst-in-warnemuende\"]}]},{\"@type\":\"BreadcrumbList\",\"@id\":\"https:\/\/www.interdomizil.de\/reisemagazin\/reiseziele\/deutschland\/goldener-herbst-in-warnemuende#breadcrumb\",\"itemListElement\":[{\"@type\":\"ListItem\",\"position\":1,\"item\":{\"@type\":\"WebPage\",\"@id\":\"https:\/\/www.interdomizil.de\/reisemagazin\/\",\"url\":\"https:\/\/www.interdomizil.de\/reisemagazin\/\",\"name\":\"Home\"}},{\"@type\":\"ListItem\",\"position\":2,\"item\":{\"@type\":\"WebPage\",\"@id\":\"https:\/\/www.interdomizil.de\/reisemagazin\/reiseziele\/deutschland\/goldener-herbst-in-warnemuende\",\"url\":\"https:\/\/www.interdomizil.de\/reisemagazin\/reiseziele\/deutschland\/goldener-herbst-in-warnemuende\",\"name\":\"Goldener Herbst in Warnem\\u00fcnde\"}}]},{\"@type\":\"Person\",\"@id\":\"https:\/\/www.interdomizil.de\/reisemagazin\/#\/schema\/person\/88e68aa5afdec9d042c8f78c340a2f6f\",\"name\":\"Redaktion\"}]}<\/script>\n<!-- \/ Yoast SEO plugin. -->","_links":{"self":[{"href":"https:\/\/www.interdomizil.de\/reisemagazin\/wp-json\/wp\/v2\/posts\/7279"}],"collection":[{"href":"https:\/\/www.interdomizil.de\/reisemagazin\/wp-json\/wp\/v2\/posts"}],"about":[{"href":"https:\/\/www.interdomizil.de\/reisemagazin\/wp-json\/wp\/v2\/types\/post"}],"author":[{"embeddable":true,"href":"https:\/\/www.interdomizil.de\/reisemagazin\/wp-json\/wp\/v2\/users\/61"}],"replies":[{"embeddable":true,"href":"https:\/\/www.interdomizil.de\/reisemagazin\/wp-json\/wp\/v2\/comments?post=7279"}],"version-history":[{"count":2,"href":"https:\/\/www.interdomizil.de\/reisemagazin\/wp-json\/wp\/v2\/posts\/7279\/revisions"}],"predecessor-version":[{"id":7662,"href":"https:\/\/www.interdomizil.de\/reisemagazin\/wp-json\/wp\/v2\/posts\/7279\/revisions\/7662"}],"wp:featuredmedia":[{"embeddable":true,"href":"https:\/\/www.interdomizil.de\/reisemagazin\/wp-json\/wp\/v2\/media\/7281"}],"wp:attachment":[{"href":"https:\/\/www.interdomizil.de\/reisemagazin\/wp-json\/wp\/v2\/media?parent=7279"}],"wp:term":[{"taxonomy":"category","embeddable":true,"href":"https:\/\/www.interdomizil.de\/reisemagazin\/wp-json\/wp\/v2\/categories?post=7279"},{"taxonomy":"post_tag","embeddable":true,"href":"https:\/\/www.interdomizil.de\/reisemagazin\/wp-json\/wp\/v2\/tags?post=7279"}],"curies":[{"name":"wp","href":"https:\/\/api.w.org\/{rel}","templated":true}]}}