{"id":7054,"date":"2017-07-13T11:16:52","date_gmt":"2017-07-13T09:16:52","guid":{"rendered":"https:\/\/www.interdomizil.de\/reisemagazin\/?p=7054"},"modified":"2017-07-13T11:17:51","modified_gmt":"2017-07-13T09:17:51","slug":"sommerfest-in-baabe-2017-veranstaltungskalender","status":"publish","type":"post","link":"https:\/\/www.interdomizil.de\/reisemagazin\/aktuelles\/sommerfest-in-baabe-2017-veranstaltungskalender","title":{"rendered":"Sommerfest in Baabe 2017: Veranstaltungskalender"},"content":{"rendered":"<div class=\"twoclick_social_bookmarks_post_7054 social_share_privacy clearfix 1.6.4 locale-de_DE sprite-de_DE\"><\/div><div class=\"twoclick-js\"><script type=\"text\/javascript\">\/* <![CDATA[ *\/\njQuery(document).ready(function($){if($('.twoclick_social_bookmarks_post_7054')){$('.twoclick_social_bookmarks_post_7054').socialSharePrivacy({\"services\":{\"facebook\":{\"status\":\"on\",\"txt_info\":\"2 Klicks f\\u00fcr mehr Datenschutz: Erst wenn Sie hier klicken, wird der Button aktiv und Sie k\\u00f6nnen Ihre Empfehlung an Facebook senden. Schon beim Aktivieren werden <strong>Daten an Dritte \\u00fcbertragen<\\\/strong> - siehe <strong>i<\\\/strong>.\",\"perma_option\":\"off\",\"action\":\"like\",\"language\":\"de_DE\"},\"twitter\":{\"reply_to\":\"\",\"tweet_text\":\"%20Sommerfest%20in%20Baabe%202017%3A%20Veranstaltungskalender%20%C2%BB%20InterDomizil%20Reisemagazin%20...\",\"status\":\"on\",\"txt_info\":\"2 Klicks f\\u00fcr mehr Datenschutz: Erst wenn Sie hier klicken, wird der Button aktiv und Sie k\\u00f6nnen Ihre Empfehlung an Twitter senden. Schon beim Aktivieren werden <strong>Daten an Dritte \\u00fcbertragen<\\\/strong> - siehe <strong>i<\\\/strong>.\",\"perma_option\":\"off\",\"language\":\"de\"},\"pinterest\":{\"status\":\"on\",\"the_excerpt\":\"Sommerfest in Baabe 2017: Veranstaltungskalender\",\"txt_info\":\"2 Klicks f\\u00fcr mehr Datenschutz: Erst wenn Sie hier klicken, wird der Button aktiv und Sie k\\u00f6nnen Ihre Empfehlung an Pinterest senden. Schon beim Aktivieren werden <strong>Daten an Dritte \\u00fcbertragen<\\\/strong> - siehe <strong>i<\\\/strong>.\",\"perma_option\":\"off\",\"media\":\"https:\\\/\\\/www.interdomizil.de\\\/reisemagazin\\\/wp-content\\\/uploads\\\/andrew-knechel-95288-scaled.jpg\"}},\"txt_help\":\"Wenn Sie diese Felder durch einen Klick aktivieren, werden Informationen an Facebook, Twitter, Flattr, Xing, t3n, LinkedIn, Pinterest oder Google eventuell ins Ausland <strong>\\u00fcbertragen<\\\/strong> und unter Umst\\u00e4nden auch dort <strong>gespeichert<\\\/strong>. N\\u00e4heres erfahren Sie durch einen Klick auf das <em>i<\\\/em>.\",\"settings_perma\":\"Dauerhaft aktivieren und Daten\\u00fcber-tragung zustimmen:\",\"info_link\":\"http:\\\/\\\/www.heise.de\\\/ct\\\/artikel\\\/2-Klicks-fuer-mehr-Datenschutz-1333879.html\",\"uri\":\"https:\\\/\\\/www.interdomizil.de\\\/reisemagazin\\\/aktuelles\\\/sommerfest-in-baabe-2017-veranstaltungskalender\",\"post_id\":7054,\"post_title_referrer_track\":\"Sommerfest+in+Baabe+2017%3A+Veranstaltungskalender\",\"concat\":\"%3F\",\"display_infobox\":\"on\"});}});\n\/* ]]> *\/<\/script><\/div><p>An diesem Wochenende \u2013 <strong>vom 14.7.-15.7.2017<\/strong> &#8211; wird das Osteebad Baabe zu einer bunten Feier- und Musikst\u00e4tte. Anl\u00e4sslich des Sommerfestes wird es zahlreiche Programmpunkte geben, die Klein und Gro\u00df gleicherma\u00dfen gefallen werden; auf der <strong>Kurb\u00fchne<\/strong> treten zahlreiche K\u00fcnstler auf.<\/p>\n<p><strong>Freitag, 14.7.<\/strong><br \/>\nZum Einstieg in das Wochenende macht die Band \u201e<strong>Ragadaga-Ding-Dong<\/strong>\u201c ordentlich Stimmung; am Nachmittag zaubert der <strong>Bauchredner Eddy Steinfatt<\/strong> besonders bei den Kleinen ein L\u00e4cheln auf das Gesicht. Abends startet die gro\u00dfe Sommerfest-Party mit Musik von der <strong>Partyband \u201eBack to music\u201c &amp; DJ Rudi<\/strong>.<\/p>\n<p><strong>Samstag, 15.7.<\/strong><br \/>\nSchon fr\u00fch am Samstag morgen, um 11 Uhr sorgt das Duo \u201e<strong>Rosenherz<\/strong>\u201c f\u00fcr eine stimmungsvolle musikalische Untermalung. Etwas sp\u00e4ter wird die Kurb\u00fchne zum Schauplatz f\u00fcr Sommerschlager mit Dana Francis. Abgerundet wird das Baaber Sommerfest mit der Veranstaltung \u201e<strong>Rock und Pop im Park<\/strong>\u201c, bei der <strong>Stargast Petra Ziegler<\/strong> auftreten wird, zusammen mit der Rockband \u201eFive men on the rocks\u201c wird sie die Kurb\u00fchne zum Gl\u00fchen bringen. Ein <strong>Feuerwerk<\/strong> erleuchtet ab 23 Uhr den Baaber Strand und bietet die Gelegenheit, Eindr\u00fccke noch einmal Revue passieren zu lassen.<\/p>\n<figure id=\"attachment_7057\" aria-describedby=\"caption-attachment-7057\" style=\"width: 620px\" class=\"wp-caption aligncenter\"><img decoding=\"async\" loading=\"lazy\" class=\"size-large wp-image-7057\" src=\"https:\/\/www.interdomizil.de\/reisemagazin\/wp-content\/uploads\/andrew-knechel-95288-620x465.jpg\" alt=\"\" width=\"620\" height=\"465\" srcset=\"https:\/\/www.interdomizil.de\/reisemagazin\/wp-content\/uploads\/andrew-knechel-95288-620x465.jpg 620w, https:\/\/www.interdomizil.de\/reisemagazin\/wp-content\/uploads\/andrew-knechel-95288-500x375.jpg 500w, https:\/\/www.interdomizil.de\/reisemagazin\/wp-content\/uploads\/andrew-knechel-95288-720x540.jpg 720w, https:\/\/www.interdomizil.de\/reisemagazin\/wp-content\/uploads\/andrew-knechel-95288-1536x1152.jpg 1536w, https:\/\/www.interdomizil.de\/reisemagazin\/wp-content\/uploads\/andrew-knechel-95288-2048x1536.jpg 2048w, https:\/\/www.interdomizil.de\/reisemagazin\/wp-content\/uploads\/andrew-knechel-95288-175x131.jpg 175w, https:\/\/www.interdomizil.de\/reisemagazin\/wp-content\/uploads\/andrew-knechel-95288-450x338.jpg 450w, https:\/\/www.interdomizil.de\/reisemagazin\/wp-content\/uploads\/andrew-knechel-95288-1170x878.jpg 1170w, https:\/\/www.interdomizil.de\/reisemagazin\/wp-content\/uploads\/andrew-knechel-95288-768x576.jpg 768w, https:\/\/www.interdomizil.de\/reisemagazin\/wp-content\/uploads\/andrew-knechel-95288-200x150.jpg 200w, https:\/\/www.interdomizil.de\/reisemagazin\/wp-content\/uploads\/andrew-knechel-95288-300x225.jpg 300w\" sizes=\"(max-width: 620px) 100vw, 620px\" \/><figcaption id=\"caption-attachment-7057\" class=\"wp-caption-text\">Auf der Kurb\u00fchne in Baabe wird es musikalisch \/\/ Bild: Unsplash.com &#8211; Andrew Knechel<\/figcaption><\/figure>\n","protected":false},"excerpt":{"rendered":"<p>An diesem Wochenende \u2013 vom 14.7.-15.7.2017 &#8211; wird das Osteebad Baabe zu einer bunten Feier- und Musikst\u00e4tte. Anl\u00e4sslich des Sommerfestes wird es zahlreiche Programmpunkte geben, die Klein und Gro\u00df gleicherma\u00dfen gefallen werden; auf der Kurb\u00fchne treten zahlreiche K\u00fcnstler auf. Freitag, 14.7. Zum Einstieg in das Wochenende macht die Band \u201eRagadaga-Ding-Dong\u201c ordentlich Stimmung; am Nachmittag zaubert<\/p>\n","protected":false},"author":61,"featured_media":7057,"comment_status":"closed","ping_status":"open","sticky":false,"template":"","format":"standard","meta":{"footnotes":""},"categories":[977],"tags":[978],"yoast_head":"<!-- This site is optimized with the Yoast SEO plugin v16.1.1 - https:\/\/yoast.com\/wordpress\/plugins\/seo\/ -->\n<title>Sommerfest in Baabe 2017: Veranstaltungskalender &ndash; InterDomizil Reisemagazin<\/title>\n<meta name=\"twitter:label1\" content=\"Gesch\u00e4tzte Lesezeit\">\n\t<meta name=\"twitter:data1\" content=\"1\u00a0Minute\">\n<script type=\"application\/ld+json\" class=\"yoast-schema-graph\">{\"@context\":\"https:\/\/schema.org\",\"@graph\":[{\"@type\":\"WebSite\",\"@id\":\"https:\/\/www.interdomizil.de\/reisemagazin\/#website\",\"url\":\"https:\/\/www.interdomizil.de\/reisemagazin\/\",\"name\":\"InterDomizil Reisemagazin\",\"description\":\"Reiseziele. Urlaubtipps. Sehenswertes.\",\"potentialAction\":[{\"@type\":\"SearchAction\",\"target\":\"https:\/\/www.interdomizil.de\/reisemagazin\/?s={search_term_string}\",\"query-input\":\"required name=search_term_string\"}],\"inLanguage\":\"de\"},{\"@type\":\"ImageObject\",\"@id\":\"https:\/\/www.interdomizil.de\/reisemagazin\/aktuelles\/sommerfest-in-baabe-2017-veranstaltungskalender#primaryimage\",\"inLanguage\":\"de\",\"url\":\"https:\/\/www.interdomizil.de\/reisemagazin\/wp-content\/uploads\/andrew-knechel-95288-scaled.jpg\",\"contentUrl\":\"https:\/\/www.interdomizil.de\/reisemagazin\/wp-content\/uploads\/andrew-knechel-95288-scaled.jpg\",\"width\":2560,\"height\":1920,\"caption\":\"Bild: Unsplash.com - Andrew Knechel\"},{\"@type\":\"WebPage\",\"@id\":\"https:\/\/www.interdomizil.de\/reisemagazin\/aktuelles\/sommerfest-in-baabe-2017-veranstaltungskalender#webpage\",\"url\":\"https:\/\/www.interdomizil.de\/reisemagazin\/aktuelles\/sommerfest-in-baabe-2017-veranstaltungskalender\",\"name\":\"Sommerfest in Baabe 2017: Veranstaltungskalender &ndash; InterDomizil Reisemagazin\",\"isPartOf\":{\"@id\":\"https:\/\/www.interdomizil.de\/reisemagazin\/#website\"},\"primaryImageOfPage\":{\"@id\":\"https:\/\/www.interdomizil.de\/reisemagazin\/aktuelles\/sommerfest-in-baabe-2017-veranstaltungskalender#primaryimage\"},\"datePublished\":\"2017-07-13T09:16:52+00:00\",\"dateModified\":\"2017-07-13T09:17:51+00:00\",\"author\":{\"@id\":\"https:\/\/www.interdomizil.de\/reisemagazin\/#\/schema\/person\/88e68aa5afdec9d042c8f78c340a2f6f\"},\"breadcrumb\":{\"@id\":\"https:\/\/www.interdomizil.de\/reisemagazin\/aktuelles\/sommerfest-in-baabe-2017-veranstaltungskalender#breadcrumb\"},\"inLanguage\":\"de\",\"potentialAction\":[{\"@type\":\"ReadAction\",\"target\":[\"https:\/\/www.interdomizil.de\/reisemagazin\/aktuelles\/sommerfest-in-baabe-2017-veranstaltungskalender\"]}]},{\"@type\":\"BreadcrumbList\",\"@id\":\"https:\/\/www.interdomizil.de\/reisemagazin\/aktuelles\/sommerfest-in-baabe-2017-veranstaltungskalender#breadcrumb\",\"itemListElement\":[{\"@type\":\"ListItem\",\"position\":1,\"item\":{\"@type\":\"WebPage\",\"@id\":\"https:\/\/www.interdomizil.de\/reisemagazin\/\",\"url\":\"https:\/\/www.interdomizil.de\/reisemagazin\/\",\"name\":\"Home\"}},{\"@type\":\"ListItem\",\"position\":2,\"item\":{\"@type\":\"WebPage\",\"@id\":\"https:\/\/www.interdomizil.de\/reisemagazin\/aktuelles\/sommerfest-in-baabe-2017-veranstaltungskalender\",\"url\":\"https:\/\/www.interdomizil.de\/reisemagazin\/aktuelles\/sommerfest-in-baabe-2017-veranstaltungskalender\",\"name\":\"Sommerfest in Baabe 2017: Veranstaltungskalender\"}}]},{\"@type\":\"Person\",\"@id\":\"https:\/\/www.interdomizil.de\/reisemagazin\/#\/schema\/person\/88e68aa5afdec9d042c8f78c340a2f6f\",\"name\":\"Redaktion\"}]}<\/script>\n<!-- \/ Yoast SEO plugin. -->","_links":{"self":[{"href":"https:\/\/www.interdomizil.de\/reisemagazin\/wp-json\/wp\/v2\/posts\/7054"}],"collection":[{"href":"https:\/\/www.interdomizil.de\/reisemagazin\/wp-json\/wp\/v2\/posts"}],"about":[{"href":"https:\/\/www.interdomizil.de\/reisemagazin\/wp-json\/wp\/v2\/types\/post"}],"author":[{"embeddable":true,"href":"https:\/\/www.interdomizil.de\/reisemagazin\/wp-json\/wp\/v2\/users\/61"}],"replies":[{"embeddable":true,"href":"https:\/\/www.interdomizil.de\/reisemagazin\/wp-json\/wp\/v2\/comments?post=7054"}],"version-history":[{"count":6,"href":"https:\/\/www.interdomizil.de\/reisemagazin\/wp-json\/wp\/v2\/posts\/7054\/revisions"}],"predecessor-version":[{"id":7061,"href":"https:\/\/www.interdomizil.de\/reisemagazin\/wp-json\/wp\/v2\/posts\/7054\/revisions\/7061"}],"wp:featuredmedia":[{"embeddable":true,"href":"https:\/\/www.interdomizil.de\/reisemagazin\/wp-json\/wp\/v2\/media\/7057"}],"wp:attachment":[{"href":"https:\/\/www.interdomizil.de\/reisemagazin\/wp-json\/wp\/v2\/media?parent=7054"}],"wp:term":[{"taxonomy":"category","embeddable":true,"href":"https:\/\/www.interdomizil.de\/reisemagazin\/wp-json\/wp\/v2\/categories?post=7054"},{"taxonomy":"post_tag","embeddable":true,"href":"https:\/\/www.interdomizil.de\/reisemagazin\/wp-json\/wp\/v2\/tags?post=7054"}],"curies":[{"name":"wp","href":"https:\/\/api.w.org\/{rel}","templated":true}]}}