{"id":703,"date":"2012-09-22T17:26:38","date_gmt":"2012-09-22T15:26:38","guid":{"rendered":"https:\/\/www.interdomizil.de\/reisemagazin\/?p=703"},"modified":"2016-06-01T11:06:59","modified_gmt":"2016-06-01T09:06:59","slug":"prag-die-goldene-stadt","status":"publish","type":"post","link":"https:\/\/www.interdomizil.de\/reisemagazin\/reiseziele\/tschechien\/prag-die-goldene-stadt","title":{"rendered":"Prag \u2013 die goldene Stadt"},"content":{"rendered":"<div class=\"twoclick_social_bookmarks_post_703 social_share_privacy clearfix 1.6.4 locale-de_DE sprite-de_DE\"><\/div><div class=\"twoclick-js\"><script type=\"text\/javascript\">\/* <![CDATA[ *\/\njQuery(document).ready(function($){if($('.twoclick_social_bookmarks_post_703')){$('.twoclick_social_bookmarks_post_703').socialSharePrivacy({\"services\":{\"facebook\":{\"status\":\"on\",\"txt_info\":\"2 Klicks f\\u00fcr mehr Datenschutz: Erst wenn Sie hier klicken, wird der Button aktiv und Sie k\\u00f6nnen Ihre Empfehlung an Facebook senden. Schon beim Aktivieren werden <strong>Daten an Dritte \\u00fcbertragen<\\\/strong> - siehe <strong>i<\\\/strong>.\",\"perma_option\":\"off\",\"action\":\"like\",\"language\":\"de_DE\"},\"twitter\":{\"reply_to\":\"\",\"tweet_text\":\"Prag%20%E2%80%93%20die%20goldene%20Stadt%20%C2%BB%20InterDomizil%20Reisemagazin%20%23Metropole%20%23Prag\",\"status\":\"on\",\"txt_info\":\"2 Klicks f\\u00fcr mehr Datenschutz: Erst wenn Sie hier klicken, wird der Button aktiv und Sie k\\u00f6nnen Ihre Empfehlung an Twitter senden. Schon beim Aktivieren werden <strong>Daten an Dritte \\u00fcbertragen<\\\/strong> - siehe <strong>i<\\\/strong>.\",\"perma_option\":\"off\",\"language\":\"de\"},\"pinterest\":{\"status\":\"on\",\"the_excerpt\":\"Prag \\u2013 die goldene Stadt\",\"txt_info\":\"2 Klicks f\\u00fcr mehr Datenschutz: Erst wenn Sie hier klicken, wird der Button aktiv und Sie k\\u00f6nnen Ihre Empfehlung an Pinterest senden. Schon beim Aktivieren werden <strong>Daten an Dritte \\u00fcbertragen<\\\/strong> - siehe <strong>i<\\\/strong>.\",\"perma_option\":\"off\",\"media\":\"https:\\\/\\\/www.interdomizil.de\\\/reisemagazin\\\/wp-content\\\/uploads\\\/prague-433979_960_720.jpg\"}},\"txt_help\":\"Wenn Sie diese Felder durch einen Klick aktivieren, werden Informationen an Facebook, Twitter, Flattr, Xing, t3n, LinkedIn, Pinterest oder Google eventuell ins Ausland <strong>\\u00fcbertragen<\\\/strong> und unter Umst\\u00e4nden auch dort <strong>gespeichert<\\\/strong>. N\\u00e4heres erfahren Sie durch einen Klick auf das <em>i<\\\/em>.\",\"settings_perma\":\"Dauerhaft aktivieren und Daten\\u00fcber-tragung zustimmen:\",\"info_link\":\"http:\\\/\\\/www.heise.de\\\/ct\\\/artikel\\\/2-Klicks-fuer-mehr-Datenschutz-1333879.html\",\"uri\":\"https:\\\/\\\/www.interdomizil.de\\\/reisemagazin\\\/reiseziele\\\/tschechien\\\/prag-die-goldene-stadt\",\"post_id\":703,\"post_title_referrer_track\":\"Prag+%E2%80%93+die+goldene+Stadt\",\"concat\":\"%3F\",\"display_infobox\":\"on\"});}});\n\/* ]]> *\/<\/script><\/div><p>J\u00e4hrlich besuchen Millionen Touristen die tschechische Hauptstadt, denn hier kann man viele Sehensw\u00fcrdigkeiten bewundern, sich in das wilde Nachtleben Prags st\u00fcrzen oder einfach die kulturellen Angebote wahrnehmen.<\/p>\n<p>Zu den beliebtesten Sehensw\u00fcrdigkeiten der Stadt geh\u00f6rt die Prager Burg, welche fr\u00fcher als Residenz der b\u00f6hmischen K\u00f6nige diente. Die Gr\u00f6\u00dfe ist der Anlage bringt die Besucher zum Staunen. Auf 45 Hektar befinden sich mehrere Kathedralen (St. Veit, Wenzel und Adalbert Kathedrale), der alte K\u00f6nigspalast mit dem prunkvollen Wladislaw-Saal, verschiedene Kl\u00f6ster, H\u00e4user und Burgg\u00e4rten.<\/p>\n<p>Eine der bekanntesten Sehensw\u00fcrdigkeiten ist die Karlsbr\u00fccke, welche 1357 erbaut wurde und an der sich unz\u00e4hlige Statuen von verschiedenen K\u00fcnstlern befinden.<\/p>\n<figure id=\"attachment_4833\" aria-describedby=\"caption-attachment-4833\" style=\"width: 620px\" class=\"wp-caption aligncenter\"><img decoding=\"async\" loading=\"lazy\" class=\"wp-image-4833 size-large\" src=\"https:\/\/www.interdomizil.de\/reisemagazin\/wp-content\/uploads\/prague-433979_960_720-620x349.jpg\" width=\"620\" height=\"349\" srcset=\"https:\/\/www.interdomizil.de\/reisemagazin\/wp-content\/uploads\/prague-433979_960_720-620x349.jpg 620w, https:\/\/www.interdomizil.de\/reisemagazin\/wp-content\/uploads\/prague-433979_960_720-500x281.jpg 500w, https:\/\/www.interdomizil.de\/reisemagazin\/wp-content\/uploads\/prague-433979_960_720-720x405.jpg 720w, https:\/\/www.interdomizil.de\/reisemagazin\/wp-content\/uploads\/prague-433979_960_720-175x98.jpg 175w, https:\/\/www.interdomizil.de\/reisemagazin\/wp-content\/uploads\/prague-433979_960_720-450x253.jpg 450w, https:\/\/www.interdomizil.de\/reisemagazin\/wp-content\/uploads\/prague-433979_960_720-768x432.jpg 768w, https:\/\/www.interdomizil.de\/reisemagazin\/wp-content\/uploads\/prague-433979_960_720-200x113.jpg 200w, https:\/\/www.interdomizil.de\/reisemagazin\/wp-content\/uploads\/prague-433979_960_720-300x169.jpg 300w, https:\/\/www.interdomizil.de\/reisemagazin\/wp-content\/uploads\/prague-433979_960_720.jpg 960w\" sizes=\"(max-width: 620px) 100vw, 620px\" \/><figcaption id=\"caption-attachment-4833\" class=\"wp-caption-text\">Stadtansicht Prag &#8211; Foto: Pixabay , CC0<\/figcaption><\/figure>\n<p>Die Bars, Kneipen und Restaurants in <a href=\"https:\/\/www.interdomizil.de\/prag\">Prag<\/a> stehen unter einem st\u00e4ndigen Wandel, da die Mietpreise in der Stadt sehr hoch sind. Wenn eine Lokalit\u00e4t nicht genug G\u00e4ste anziehen kann, ist die Gefahr einer Schlie\u00dfung allgegenw\u00e4rtig. Das hat aber auch Vorteile f\u00fcr die vielen Touristen und Besucher. Denn f\u00fcr jede Nische und Preisklasse ist etwas dabei. Viele Bars und Nachtclubs haben bis in den fr\u00fchen Morgen ge\u00f6ffnet. Kleidervorschriften gibt es selten. Besucher aus anderen L\u00e4ndern sollten aber bedenken, dass man f\u00fcr den Genuss alkoholischer Getr\u00e4nke ein Mindestalter einhalten muss. Das Mindestalter ist 18 Jahre.<\/p>\n<p>Neben einem lebhaften Nachtleben bietet Prag aber auch ein reichhaltiges kulturelles Programm. Orte f\u00fcr Konzerte, Theater und Museen sind in gro\u00dfer Vielzahl vorhanden. Oftmals sind Stra\u00dfenmusikanten auf den Br\u00fccken und Pl\u00e4tzen Prags unterwegs. Kl\u00e4nge von verschiedenen Musikstilen \u2013 von Klassik bis Jazz \u2013 mischen sich miteinander und begeistern die Leute.<\/p>\n<p>Wer etwas ganz besonderes erleben m\u00f6chte, sollte das Schwarze Theater besuchen. Hier werden Pantomime und Lichteffekten vor schwarzem Hintergrund aufgef\u00fchrt. Aber auch die gro\u00dfen Theater Prags sind einen Besuch Wert. Hierzu z\u00e4hlen das Nationaltheater, die Staatsoper und das Rudolfinum.<\/p>\n<p>Wozu auch immer man sich entscheidet, in Prag d\u00fcrfte es einem so schnell nicht langweilig werden.<\/p>\n<p>&nbsp;<\/p>\n<p>[sc name=&#8220;FehaWo_suchen&#8220; bezeichnungurl=&#8220;https:\/\/www.interdomizil.de\/prag&#8220; bezeichnung=&#8220;Prag&#8220; ]<\/p>\n","protected":false},"excerpt":{"rendered":"<p>J\u00e4hrlich besuchen Millionen Touristen die tschechische Hauptstadt, denn hier kann man viele Sehensw\u00fcrdigkeiten bewundern, sich in das wilde Nachtleben Prags st\u00fcrzen oder einfach die kulturellen Angebote wahrnehmen. Zu den beliebtesten Sehensw\u00fcrdigkeiten der Stadt geh\u00f6rt die Prager Burg, welche fr\u00fcher als Residenz der b\u00f6hmischen K\u00f6nige diente. Die Gr\u00f6\u00dfe ist der Anlage bringt die Besucher zum Staunen.<\/p>\n","protected":false},"author":3,"featured_media":4833,"comment_status":"open","ping_status":"open","sticky":false,"template":"","format":"standard","meta":{"footnotes":""},"categories":[618,22],"tags":[549,720],"yoast_head":"<!-- This site is optimized with the Yoast SEO plugin v16.1.1 - https:\/\/yoast.com\/wordpress\/plugins\/seo\/ -->\n<title>Prag \u2013 die goldene Stadt<\/title>\n<meta name=\"description\" content=\"Prag \u2013 die goldene Stadt\" \/>\n<link rel=\"canonical\" href=\"https:\/\/www.interdomizil.de\/reisemagazin\/reiseziele\/tschechien\/prag-die-goldene-stadt\" \/>\n<meta name=\"twitter:label1\" content=\"Gesch\u00e4tzte Lesezeit\">\n\t<meta name=\"twitter:data1\" content=\"2\u00a0Minuten\">\n<script type=\"application\/ld+json\" class=\"yoast-schema-graph\">{\"@context\":\"https:\/\/schema.org\",\"@graph\":[{\"@type\":\"WebSite\",\"@id\":\"https:\/\/www.interdomizil.de\/reisemagazin\/#website\",\"url\":\"https:\/\/www.interdomizil.de\/reisemagazin\/\",\"name\":\"InterDomizil Reisemagazin\",\"description\":\"Reiseziele. Urlaubtipps. Sehenswertes.\",\"potentialAction\":[{\"@type\":\"SearchAction\",\"target\":\"https:\/\/www.interdomizil.de\/reisemagazin\/?s={search_term_string}\",\"query-input\":\"required name=search_term_string\"}],\"inLanguage\":\"de\"},{\"@type\":\"ImageObject\",\"@id\":\"https:\/\/www.interdomizil.de\/reisemagazin\/reiseziele\/tschechien\/prag-die-goldene-stadt#primaryimage\",\"inLanguage\":\"de\",\"url\":\"https:\/\/www.interdomizil.de\/reisemagazin\/wp-content\/uploads\/prague-433979_960_720.jpg\",\"contentUrl\":\"https:\/\/www.interdomizil.de\/reisemagazin\/wp-content\/uploads\/prague-433979_960_720.jpg\",\"width\":960,\"height\":540,\"caption\":\"Stadtansicht Prag - Foto: Pixabay , CC0\"},{\"@type\":\"WebPage\",\"@id\":\"https:\/\/www.interdomizil.de\/reisemagazin\/reiseziele\/tschechien\/prag-die-goldene-stadt#webpage\",\"url\":\"https:\/\/www.interdomizil.de\/reisemagazin\/reiseziele\/tschechien\/prag-die-goldene-stadt\",\"name\":\"Prag \\u2013 die goldene Stadt\",\"isPartOf\":{\"@id\":\"https:\/\/www.interdomizil.de\/reisemagazin\/#website\"},\"primaryImageOfPage\":{\"@id\":\"https:\/\/www.interdomizil.de\/reisemagazin\/reiseziele\/tschechien\/prag-die-goldene-stadt#primaryimage\"},\"datePublished\":\"2012-09-22T15:26:38+00:00\",\"dateModified\":\"2016-06-01T09:06:59+00:00\",\"author\":{\"@id\":\"https:\/\/www.interdomizil.de\/reisemagazin\/#\/schema\/person\/ddde02f47c63e31c041176442ea05d35\"},\"description\":\"Prag \\u2013 die goldene Stadt\",\"breadcrumb\":{\"@id\":\"https:\/\/www.interdomizil.de\/reisemagazin\/reiseziele\/tschechien\/prag-die-goldene-stadt#breadcrumb\"},\"inLanguage\":\"de\",\"potentialAction\":[{\"@type\":\"ReadAction\",\"target\":[\"https:\/\/www.interdomizil.de\/reisemagazin\/reiseziele\/tschechien\/prag-die-goldene-stadt\"]}]},{\"@type\":\"BreadcrumbList\",\"@id\":\"https:\/\/www.interdomizil.de\/reisemagazin\/reiseziele\/tschechien\/prag-die-goldene-stadt#breadcrumb\",\"itemListElement\":[{\"@type\":\"ListItem\",\"position\":1,\"item\":{\"@type\":\"WebPage\",\"@id\":\"https:\/\/www.interdomizil.de\/reisemagazin\/\",\"url\":\"https:\/\/www.interdomizil.de\/reisemagazin\/\",\"name\":\"Home\"}},{\"@type\":\"ListItem\",\"position\":2,\"item\":{\"@type\":\"WebPage\",\"@id\":\"https:\/\/www.interdomizil.de\/reisemagazin\/reiseziele\/tschechien\/prag-die-goldene-stadt\",\"url\":\"https:\/\/www.interdomizil.de\/reisemagazin\/reiseziele\/tschechien\/prag-die-goldene-stadt\",\"name\":\"Prag \\u2013 die goldene Stadt\"}}]},{\"@type\":\"Person\",\"@id\":\"https:\/\/www.interdomizil.de\/reisemagazin\/#\/schema\/person\/ddde02f47c63e31c041176442ea05d35\",\"name\":\"Redaktion\"}]}<\/script>\n<!-- \/ Yoast SEO plugin. -->","_links":{"self":[{"href":"https:\/\/www.interdomizil.de\/reisemagazin\/wp-json\/wp\/v2\/posts\/703"}],"collection":[{"href":"https:\/\/www.interdomizil.de\/reisemagazin\/wp-json\/wp\/v2\/posts"}],"about":[{"href":"https:\/\/www.interdomizil.de\/reisemagazin\/wp-json\/wp\/v2\/types\/post"}],"author":[{"embeddable":true,"href":"https:\/\/www.interdomizil.de\/reisemagazin\/wp-json\/wp\/v2\/users\/3"}],"replies":[{"embeddable":true,"href":"https:\/\/www.interdomizil.de\/reisemagazin\/wp-json\/wp\/v2\/comments?post=703"}],"version-history":[{"count":7,"href":"https:\/\/www.interdomizil.de\/reisemagazin\/wp-json\/wp\/v2\/posts\/703\/revisions"}],"predecessor-version":[{"id":4835,"href":"https:\/\/www.interdomizil.de\/reisemagazin\/wp-json\/wp\/v2\/posts\/703\/revisions\/4835"}],"wp:featuredmedia":[{"embeddable":true,"href":"https:\/\/www.interdomizil.de\/reisemagazin\/wp-json\/wp\/v2\/media\/4833"}],"wp:attachment":[{"href":"https:\/\/www.interdomizil.de\/reisemagazin\/wp-json\/wp\/v2\/media?parent=703"}],"wp:term":[{"taxonomy":"category","embeddable":true,"href":"https:\/\/www.interdomizil.de\/reisemagazin\/wp-json\/wp\/v2\/categories?post=703"},{"taxonomy":"post_tag","embeddable":true,"href":"https:\/\/www.interdomizil.de\/reisemagazin\/wp-json\/wp\/v2\/tags?post=703"}],"curies":[{"name":"wp","href":"https:\/\/api.w.org\/{rel}","templated":true}]}}