{"id":6462,"date":"2017-04-07T18:00:50","date_gmt":"2017-04-07T16:00:50","guid":{"rendered":"https:\/\/www.interdomizil.de\/reisemagazin\/?p=6462"},"modified":"2019-07-15T17:00:07","modified_gmt":"2019-07-15T15:00:07","slug":"costa-del-sol-die-schoensten-straende-an-der-andalusischen-sonnenkueste","status":"publish","type":"post","link":"https:\/\/www.interdomizil.de\/reisemagazin\/reiseziele\/costa-del-sol-die-schoensten-straende-an-der-andalusischen-sonnenkueste","title":{"rendered":"Costa del Sol &#8211; die sch\u00f6nsten Str\u00e4nde an der andalusischen Sonnenk\u00fcste"},"content":{"rendered":"<div class=\"twoclick_social_bookmarks_post_6462 social_share_privacy clearfix 1.6.4 locale-de_DE sprite-de_DE\"><\/div><div class=\"twoclick-js\"><script type=\"text\/javascript\">\/* <![CDATA[ *\/\njQuery(document).ready(function($){if($('.twoclick_social_bookmarks_post_6462')){$('.twoclick_social_bookmarks_post_6462').socialSharePrivacy({\"services\":{\"facebook\":{\"status\":\"on\",\"txt_info\":\"2 Klicks f\\u00fcr mehr Datenschutz: Erst wenn Sie hier klicken, wird der Button aktiv und Sie k\\u00f6nnen Ihre Empfehlung an Facebook senden. Schon beim Aktivieren werden <strong>Daten an Dritte \\u00fcbertragen<\\\/strong> - siehe <strong>i<\\\/strong>.\",\"perma_option\":\"off\",\"action\":\"like\",\"language\":\"de_DE\"},\"twitter\":{\"reply_to\":\"\",\"tweet_text\":\"%20Costa%20del%20Sol%20%E2%80%93%20die%20sch%C3%B6nsten%20Str%C3%A4nde%20an%20der%20andalusischen%20...\",\"status\":\"on\",\"txt_info\":\"2 Klicks f\\u00fcr mehr Datenschutz: Erst wenn Sie hier klicken, wird der Button aktiv und Sie k\\u00f6nnen Ihre Empfehlung an Twitter senden. Schon beim Aktivieren werden <strong>Daten an Dritte \\u00fcbertragen<\\\/strong> - siehe <strong>i<\\\/strong>.\",\"perma_option\":\"off\",\"language\":\"de\"},\"pinterest\":{\"status\":\"on\",\"the_excerpt\":\"Costa del Sol &#8211; die sch\\u00f6nsten Str\\u00e4nde an der andalusischen Sonnenk\\u00fcste\",\"txt_info\":\"2 Klicks f\\u00fcr mehr Datenschutz: Erst wenn Sie hier klicken, wird der Button aktiv und Sie k\\u00f6nnen Ihre Empfehlung an Pinterest senden. Schon beim Aktivieren werden <strong>Daten an Dritte \\u00fcbertragen<\\\/strong> - siehe <strong>i<\\\/strong>.\",\"perma_option\":\"off\",\"media\":\"https:\\\/\\\/www.interdomizil.de\\\/reisemagazin\\\/wp-content\\\/uploads\\\/nerja-493747_1920.jpg\"}},\"txt_help\":\"Wenn Sie diese Felder durch einen Klick aktivieren, werden Informationen an Facebook, Twitter, Flattr, Xing, t3n, LinkedIn, Pinterest oder Google eventuell ins Ausland <strong>\\u00fcbertragen<\\\/strong> und unter Umst\\u00e4nden auch dort <strong>gespeichert<\\\/strong>. N\\u00e4heres erfahren Sie durch einen Klick auf das <em>i<\\\/em>.\",\"settings_perma\":\"Dauerhaft aktivieren und Daten\\u00fcber-tragung zustimmen:\",\"info_link\":\"http:\\\/\\\/www.heise.de\\\/ct\\\/artikel\\\/2-Klicks-fuer-mehr-Datenschutz-1333879.html\",\"uri\":\"https:\\\/\\\/www.interdomizil.de\\\/reisemagazin\\\/reiseziele\\\/costa-del-sol-die-schoensten-straende-an-der-andalusischen-sonnenkueste\",\"post_id\":6462,\"post_title_referrer_track\":\"Costa+del+Sol+%26%238211%3B+die+sch%C3%B6nsten+Str%C3%A4nde+an+der+andalusischen+Sonnenk%C3%BCste\",\"concat\":\"%3F\",\"display_infobox\":\"on\"});}});\n\/* ]]> *\/<\/script><\/div><p>Im S\u00fcden Spaniens erstreckt sich mit der <a href=\"https:\/\/www.interdomizil.de\/costa-del-sol\" target=\"_blank\" rel=\"noopener noreferrer\">Costa del Sol<\/a> (zu dt. Sonnenk\u00fcste) eine der beliebtesten Urlaubsregionen \u00fcberhaupt. Mit durchschnittlich 320 Sonnentagen und einem ganzj\u00e4hrig milden, subtropischen Klima bietet der abwechslungsreiche K\u00fcstenstreifen ideale Bedingungen f\u00fcr ausgedehnte Strandtage aber auch Ausfl\u00fcge zu den sch\u00f6nsten Landschaften Andalusiens. Die Costa del Sol erstreckt sich von der Provinz <a href=\"https:\/\/www.interdomizil.de\/reisemagazin\/reiseziele\/5-kostenlose-malaga-tipps-mit-der-ganzen-familie-unbeschwert-stadt-und-meer-geniessen\">Malaga<\/a> bis nach Maro (Nerja); sie grenzt im Osten an die Costa Tropical, im Westen an das Campo de Gibraltar \u2013 auf 300 Kilometern L\u00e4nge hat sie f\u00fcr jeden Geschmack den passenden Strand im Angebot. Lebhafte Stadtstr\u00e4nde sind hier ebenso zu finden wie vertr\u00e4umte Familienstr\u00e4nde und kleine Buchten mit Romantikgarantie. Und wenn der Himmel doch einmal verhangen ist, laden die Tropfsteinh\u00f6hlen von Nerja, das <a href=\"http:\/\/www.museopicassomalaga.org\/de\/\" target=\"_blank\" rel=\"noopener noreferrer\">Picasso-Museum<\/a> oder die Kathedrale von Malaga zu einem Besuch ein.<\/p>\n<h4>Der Balkon von Europa an der Playa Calahonda (Nerja)<\/h4>\n<p>Im Mittelmeer baden, spanische Sonne genie\u00dfen und dabei einen spektakul\u00e4ren Blick \u00fcber die gesamte Sonnenk\u00fcste wagen \u2013 all dies ist an der Playa Calahonda m\u00f6glich. In der Provinz Malaga zeigt sich mit der Playa Calahonda der vielleicht bekannteste Strand der Costa del Sol.<\/p>\n<figure id=\"attachment_6586\" aria-describedby=\"caption-attachment-6586\" style=\"width: 620px\" class=\"wp-caption aligncenter\"><img decoding=\"async\" loading=\"lazy\" class=\"size-large wp-image-6586\" src=\"https:\/\/www.interdomizil.de\/reisemagazin\/wp-content\/uploads\/nerja-493747_1920-620x349.jpg\" alt=\"Der beliebte Ferienort Nerja mit dem Balcon de Euopa \/\/ Bild: Pixabay (CC0)\" width=\"620\" height=\"349\" srcset=\"https:\/\/www.interdomizil.de\/reisemagazin\/wp-content\/uploads\/nerja-493747_1920-620x349.jpg 620w, https:\/\/www.interdomizil.de\/reisemagazin\/wp-content\/uploads\/nerja-493747_1920-500x281.jpg 500w, https:\/\/www.interdomizil.de\/reisemagazin\/wp-content\/uploads\/nerja-493747_1920-720x405.jpg 720w, https:\/\/www.interdomizil.de\/reisemagazin\/wp-content\/uploads\/nerja-493747_1920-1536x864.jpg 1536w, https:\/\/www.interdomizil.de\/reisemagazin\/wp-content\/uploads\/nerja-493747_1920-175x98.jpg 175w, https:\/\/www.interdomizil.de\/reisemagazin\/wp-content\/uploads\/nerja-493747_1920-450x253.jpg 450w, https:\/\/www.interdomizil.de\/reisemagazin\/wp-content\/uploads\/nerja-493747_1920-1170x658.jpg 1170w, https:\/\/www.interdomizil.de\/reisemagazin\/wp-content\/uploads\/nerja-493747_1920-768x432.jpg 768w, https:\/\/www.interdomizil.de\/reisemagazin\/wp-content\/uploads\/nerja-493747_1920-200x113.jpg 200w, https:\/\/www.interdomizil.de\/reisemagazin\/wp-content\/uploads\/nerja-493747_1920-300x169.jpg 300w, https:\/\/www.interdomizil.de\/reisemagazin\/wp-content\/uploads\/nerja-493747_1920.jpg 1920w\" sizes=\"(max-width: 620px) 100vw, 620px\" \/><figcaption id=\"caption-attachment-6586\" class=\"wp-caption-text\">Der beliebte Ferienort Nerja mit dem Balcon de Europa \/\/ Bild: Pixabay (CC0)<\/figcaption><\/figure>\n<p>Die lauschige Badebucht ist von steil aufragenden Felsen umgeben, die \u00fcppige Mittelmeerflora sorgt f\u00fcr ein urt\u00fcmliches Ambiente, das besonders von Naturliebhabern gesch\u00e4tzt wird. Sie ist zwar nur 120 Meter lang und gerade einmal 20 Meter breit, doch mit dem <em>Balcon de Europa<\/em> kann sie einen popul\u00e4ren Pluspunkt f\u00fcr sich verzeichnen. Eine der sch\u00f6nsten Aussichtsplattformen Andalusiens und Motiv von unz\u00e4hligen Postkarten, ist er fast schon ein Muss bei einem Urlaub an der Costa del Sol. Mit seiner exponierten Lage 60 Meter \u00fcber dem Meeresspiegel weist der Balkon perfekte Rahmenbedingungen f\u00fcr einen unvergesslichen Panoramablick auf. Von hier aus k\u00f6nnen Sie nicht nur die darunterliegende Bucht, sondern auch das Mittelmeer sowie die s\u00fcdlichen und n\u00f6rdlichen Ausl\u00e4ufer der Sonnenk\u00fcste sehen. Jedes Jahr kommen Tausende Besucher hierher, um ebenfalls die Aussicht zu genie\u00dfen. Erbaut wurde der <em>Balkon von Europa<\/em> von K\u00f6nig Alfons XII, eine Statue des Herrschers erinnert noch heute an den Auftraggeber. Finden Sie den Brunnen an der Plaza? Gleich dahinter f\u00fchrt Sie eine Treppe zum Strand hinunter. Unten angekommen, finden Sie andalusisches Leben von seiner authentischsten Seite. Fischerboote, die auf ihren n\u00e4chsten Einsatz warten und zwischen den Felsen versteckt vereinzelte blau-wei\u00df gestrichene Fischer- und Bootsh\u00e4user machen noch mehr Lust auf entspannten Strandtag. In der N\u00e4he k\u00f6nnen Sie im Zentrum von Nerja in aller Herzensruhe bummeln und shoppen gehen, verschiedene Gesch\u00e4fte und Restaurants warten auf Urlauber.<\/p>\n<figure id=\"attachment_6624\" aria-describedby=\"caption-attachment-6624\" style=\"width: 620px\" class=\"wp-caption aligncenter\"><img decoding=\"async\" loading=\"lazy\" class=\"size-large wp-image-6624\" src=\"https:\/\/www.interdomizil.de\/reisemagazin\/wp-content\/uploads\/nerja-1302671_1920-620x465.jpg\" alt=\"Aussichtsplattform in Nerja \/\/ Bild: PIxabay (CC0)\" width=\"620\" height=\"465\" srcset=\"https:\/\/www.interdomizil.de\/reisemagazin\/wp-content\/uploads\/nerja-1302671_1920-620x465.jpg 620w, https:\/\/www.interdomizil.de\/reisemagazin\/wp-content\/uploads\/nerja-1302671_1920-200x150.jpg 200w, https:\/\/www.interdomizil.de\/reisemagazin\/wp-content\/uploads\/nerja-1302671_1920-300x225.jpg 300w, https:\/\/www.interdomizil.de\/reisemagazin\/wp-content\/uploads\/nerja-1302671_1920-768x576.jpg 768w, https:\/\/www.interdomizil.de\/reisemagazin\/wp-content\/uploads\/nerja-1302671_1920.jpg 1920w\" sizes=\"(max-width: 620px) 100vw, 620px\" \/><figcaption id=\"caption-attachment-6624\" class=\"wp-caption-text\">Aussichtsplattform in Nerja \/\/ Bild: Pixabay (CC0)<\/figcaption><\/figure>\n<h4>Familienstrand Playa El Saladillo<\/h4>\n<p>Ebenfalls in der Provinz Malaga findet sich mit der Playa El Saladillo der l\u00e4ngste Strand von Estepona, einem ehemaligen Fischerdorf und heute beliebtem Badeort. Auf etwa drei Kilometern L\u00e4nge pr\u00e4sentiert sich der Strand gr\u00f6\u00dftenteils in h\u00fcbschen Beige- bis zarten Graut\u00f6nen. Im S\u00fcdwesten, an der Wasserkante, geht der Sand in grobe Kieselsteine \u00fcber. Der Strand ist durch D\u00fcnen von einer Ferienhaussiedlung abgetrennt, im mittleren Bereich befindet sich eine gepflegte Promenade mit einigen Gesch\u00e4ften und Lokalen. Spazieren Sie am Wasser entlang, lassen sich auf der Terrasse eines der nahegelegenen Restaurants nieder oder leihen sich ein Tretboot aus. Dank der guten Infrastruktur mit Duschen und Toiletten kann der Strandtag lange andauern. Besonders an den R\u00e4ndern des Strandes finden Sie ruhige, abgeschiedene Ecken, die zum Verweilen einladen. Familien mit kleinen Kindern werden sich an der Playa El Saladillo sehr wohlf\u00fchlen, damit die Kleinen sicher baden k\u00f6nnen, haben Rettungsschwimmer das Geschehen stets im Blick.<\/p>\n<figure id=\"attachment_6588\" aria-describedby=\"caption-attachment-6588\" style=\"width: 620px\" class=\"wp-caption aligncenter\"><img decoding=\"async\" loading=\"lazy\" class=\"size-large wp-image-6588\" src=\"https:\/\/www.interdomizil.de\/reisemagazin\/wp-content\/uploads\/sea-354054_1920-620x413.jpg\" alt=\"Typisch mediterrane Flora \/\/ Bild: Pixabay (CC0)\" width=\"620\" height=\"413\" srcset=\"https:\/\/www.interdomizil.de\/reisemagazin\/wp-content\/uploads\/sea-354054_1920-620x413.jpg 620w, https:\/\/www.interdomizil.de\/reisemagazin\/wp-content\/uploads\/sea-354054_1920-270x180.jpg 270w, https:\/\/www.interdomizil.de\/reisemagazin\/wp-content\/uploads\/sea-354054_1920-200x133.jpg 200w, https:\/\/www.interdomizil.de\/reisemagazin\/wp-content\/uploads\/sea-354054_1920-300x200.jpg 300w, https:\/\/www.interdomizil.de\/reisemagazin\/wp-content\/uploads\/sea-354054_1920-768x512.jpg 768w, https:\/\/www.interdomizil.de\/reisemagazin\/wp-content\/uploads\/sea-354054_1920.jpg 1920w\" sizes=\"(max-width: 620px) 100vw, 620px\" \/><figcaption id=\"caption-attachment-6588\" class=\"wp-caption-text\">Typisch mediterrane Flora \/\/ Bild: Pixabay (CC0)<\/figcaption><\/figure>\n<p>Neben der Playa El Saladillo finden sich in Estepona weitere tolle Str\u00e4nde: Mit Playa de la Rada liegt hier gleich einer der beliebtesten Badeabschnitte an der gesamten Costa del Sol. Er ist mit der Blauen Flagge ausgezeichnet. Daneben sind Playa del Christo, der FKK-Strand Costa Natura sowie die Playa de Galera einen Besuch wert.<\/p>\n<h4>Barrierefreier Strand Playa de Getares<\/h4>\n<figure id=\"attachment_6608\" aria-describedby=\"caption-attachment-6608\" style=\"width: 200px\" class=\"wp-caption alignleft\"><img decoding=\"async\" loading=\"lazy\" class=\"wp-image-6608 size-medium\" src=\"https:\/\/www.interdomizil.de\/reisemagazin\/wp-content\/uploads\/coast-206909_1920-200x300.jpg\" alt=\"Paradiesische Str\u00e4nde an der Costa del Sol \/\/ Bild: Pixabay (CC0)\" width=\"200\" height=\"300\" srcset=\"https:\/\/www.interdomizil.de\/reisemagazin\/wp-content\/uploads\/coast-206909_1920-200x300.jpg 200w, https:\/\/www.interdomizil.de\/reisemagazin\/wp-content\/uploads\/coast-206909_1920-768x1152.jpg 768w, https:\/\/www.interdomizil.de\/reisemagazin\/wp-content\/uploads\/coast-206909_1920-413x620.jpg 413w, https:\/\/www.interdomizil.de\/reisemagazin\/wp-content\/uploads\/coast-206909_1920.jpg 1280w\" sizes=\"(max-width: 200px) 100vw, 200px\" \/><figcaption id=\"caption-attachment-6608\" class=\"wp-caption-text\">Paradiesische Str\u00e4nde an der Costa del Sol \/\/ Bild: Pixabay (CC0)<\/figcaption><\/figure>\n<p>Unweit der Hafenstadt Algeciras, Spaniens gr\u00f6\u00dftem Handelshafen, liegt Playa de Getares. Von hier aus fahren regelm\u00e4\u00dfig F\u00e4hren nach Marokko und Ceuta. Dank des milden Klimas k\u00f6nnen Sie hier ganzj\u00e4hrig wunderbar Urlaub machen, wenn Sie hier im weichen Sand liegen, k\u00f6nnen Sie die Luft der weiten Welt schnuppern. Da vor allem Einheimische den Strand aufsuchen, kommt sehr schnell Urlaubsstimmung auf. Direkt gegen\u00fcber dem Strand \u2013 die eindrucksvollen Felsen von Gibraltar. Aus den Lautsprechern der Beachbars erklingen sanfte Kl\u00e4nge und verschiedene Restaurants locken mit typisch spanischer Cuisine. Auf der langen Promenade l\u00e4sst es sich hervorragend bummeln oder Souvenirs f\u00fcr die Familie einkaufen.<\/p>\n<p>Besonders Wassersportliebhaber werden sich hier wohlf\u00fchlen. Stand-up-Paddling ist genauso m\u00f6glich, wie Windsurfen oder eine Fahrt mit dem Kajak. Nur wenige Kilometer entfernt befindet sich Tarifa (Costa de la Luz) \u2013 ein Surferparadies. Verschiedene Holzstege und Unterstellm\u00f6glichkeiten sorgen daf\u00fcr, dass auch Rollstuhlfahrer den Strand gut besuchen k\u00f6nnen.<\/p>\n<h4><\/h4>\n<h4><\/h4>\n<h4><\/h4>\n<h4><\/h4>\n<h4>Publikumsliebling Playa Burriana<\/h4>\n<p>Ganz im Osten der Sonnenk\u00fcste befindet sich Playa Burriana, vor der eindrucksvollen Kulisse der Sierra Tejeda erstreckt sich der Abschnitt 800 Meter in der L\u00e4nge und 40 Meter in der Breite. Der h\u00fcbsche Stadtstrand ist von Palmen ums\u00e4umt und bietet alle Annehmlichkeiten, die Sie f\u00fcr einen entspannten Tag am Strand ben\u00f6tigen. Sonnenliegen sind ebenso vorhanden wie Sportpl\u00e4tze zum Beachvolley spielen, die Kleinen k\u00f6nnen sich auf verschiedenen Spielpl\u00e4tzen ordentlich austoben. Dank der zentralen Lage im Badeort Nerja k\u00f6nnen Sie hier einen Bummel unternehmen. Lassen Sie sich von den strahlend wei\u00dfen Wohnh\u00e4usern in der Altstadt verzaubern oder unternehmen einen Ausflug zu den weltber\u00fchmten Tropfsteinh\u00f6hlen <em>Cuevas de Nerja<\/em>. Schon seit 1961 sind die Tropfsteinh\u00f6hlen ein Kulturgeschichtsdenkmal, doch nur ein kleiner Teil der 4.800 Meter langen H\u00f6hlen ist der \u00d6ffentlichkeit zug\u00e4nglich.<\/p>\n<figure id=\"attachment_6589\" aria-describedby=\"caption-attachment-6589\" style=\"width: 620px\" class=\"wp-caption aligncenter\"><img decoding=\"async\" loading=\"lazy\" class=\"size-large wp-image-6589\" src=\"https:\/\/www.interdomizil.de\/reisemagazin\/wp-content\/uploads\/sunset-1227765_1920-620x384.jpg\" alt=\"Sonnenuntergang an der Costa del Sol \/\/ Bild: Pixabay (CC0)\" width=\"620\" height=\"384\" srcset=\"https:\/\/www.interdomizil.de\/reisemagazin\/wp-content\/uploads\/sunset-1227765_1920-620x384.jpg 620w, https:\/\/www.interdomizil.de\/reisemagazin\/wp-content\/uploads\/sunset-1227765_1920-200x124.jpg 200w, https:\/\/www.interdomizil.de\/reisemagazin\/wp-content\/uploads\/sunset-1227765_1920-300x186.jpg 300w, https:\/\/www.interdomizil.de\/reisemagazin\/wp-content\/uploads\/sunset-1227765_1920-768x476.jpg 768w, https:\/\/www.interdomizil.de\/reisemagazin\/wp-content\/uploads\/sunset-1227765_1920.jpg 1920w\" sizes=\"(max-width: 620px) 100vw, 620px\" \/><figcaption id=\"caption-attachment-6589\" class=\"wp-caption-text\">Sonnenuntergang an der Costa del Sol \/\/ Bild: Pixabay (CC0)<\/figcaption><\/figure>\n<h4>Naturbelassener Strand Vilchez in Torrox<\/h4>\n<p>Mit dem besten europ\u00e4ischen Klima wirbt der kleine Ort <a href=\"https:\/\/www.interdomizil.de\/costa-d-sol-costa-del-sol\/torrox-costa\" target=\"_blank\" rel=\"noopener noreferrer\">Torrox<\/a>. Der charmante Ort hat viele Deutsche in seinen Bann gezogen, der Stadtteil Torrox Costa wird oft als <em>Deutsches Dorf<\/em> bezeichnet. Im Zentrum Torrox Pueblo erleben Sie spanisches Flair pur, es wird auch als <em>Andalusisches Dorf <\/em>bezeichnet, hier zeigen sich eng verwinkelte Gassen und kleine H\u00e4user in maurischer Bauweise. Wenn Sie ein Ferienhaus in Torrox gemietet haben, k\u00f6nnen Sie von hier aus einen Spaziergang zum Strand Vilchez unternehmen. Er begeistert mit seiner Urspr\u00fcnglichkeit, umgeben von dicht bewachsenen H\u00fcgeln, die teilweise noch ihre historische Terrassierung aufweisen, k\u00f6nnen Sie hier (fast) in aller Ruhe entspannen und im Mittelmeer baden. Der Strandabschnitt ist zwar nur etwa 300 Meter lang, weist aber dunklen, feinen Sand auf. \u00dcber eine kleine Treppe erreichen Sie die kleine Bucht, die eine tolle Aussicht auf Nerja sowie die Steilk\u00fcste von Maro erm\u00f6glicht. Wenn Sie nach rechts blicken, r\u00fcckt der Leuchtturm von Torrox ins Bild. Auch in den Herbst- und Wintermonaten lohnt ein Abstecher, jetzt k\u00f6nnen Sie hier gut angeln. Die umgebenden Felsen eignen sich auch hervorragend f\u00fcr eine ausgiebige Klettertour.<\/p>\n<figure id=\"attachment_6619\" aria-describedby=\"caption-attachment-6619\" style=\"width: 620px\" class=\"wp-caption aligncenter\"><img decoding=\"async\" loading=\"lazy\" class=\"size-large wp-image-6619\" src=\"https:\/\/www.interdomizil.de\/reisemagazin\/wp-content\/uploads\/beach-699113_1920-620x465.jpg\" alt=\"Urt\u00fcmlicher Strand in Andalusien \/ BIld: Pixabay (CC0)\" width=\"620\" height=\"465\" srcset=\"https:\/\/www.interdomizil.de\/reisemagazin\/wp-content\/uploads\/beach-699113_1920-620x465.jpg 620w, https:\/\/www.interdomizil.de\/reisemagazin\/wp-content\/uploads\/beach-699113_1920-200x150.jpg 200w, https:\/\/www.interdomizil.de\/reisemagazin\/wp-content\/uploads\/beach-699113_1920-300x225.jpg 300w, https:\/\/www.interdomizil.de\/reisemagazin\/wp-content\/uploads\/beach-699113_1920-768x576.jpg 768w, https:\/\/www.interdomizil.de\/reisemagazin\/wp-content\/uploads\/beach-699113_1920.jpg 1920w\" sizes=\"(max-width: 620px) 100vw, 620px\" \/><figcaption id=\"caption-attachment-6619\" class=\"wp-caption-text\">Urt\u00fcmlicher Strand in Andalusien \/ BIld: Pixabay (CC0)<\/figcaption><\/figure>\n<p>Ganz in der N\u00e4he der Costa del Sol, im Hinterland Andalusiens finden Sie mit den Wei\u00dfen D\u00f6rfern &#8211; den Pueblos Blancos &#8211; eine weitere tolle Sehensw\u00fcrdigkeit Spaniens, die einen Ausflug allemal wert ist.<\/p>\n<p><strong>Urlaub an der Sonnenk\u00fcste:<\/strong> <a href=\"https:\/\/www.interdomizil.de\/costa-del-sol\" target=\"_blank\" rel=\"noopener noreferrer\">Ferienwohnungen an der Costa del Sol<\/a><\/p>\n","protected":false},"excerpt":{"rendered":"<p>Im S\u00fcden Spaniens erstreckt sich mit der Costa del Sol (zu dt. Sonnenk\u00fcste) eine der beliebtesten Urlaubsregionen \u00fcberhaupt. Mit durchschnittlich 320 Sonnentagen und einem ganzj\u00e4hrig milden, subtropischen Klima bietet der abwechslungsreiche K\u00fcstenstreifen ideale Bedingungen f\u00fcr ausgedehnte Strandtage aber auch Ausfl\u00fcge zu den sch\u00f6nsten Landschaften Andalusiens. Die Costa del Sol erstreckt sich von der Provinz Malaga<\/p>\n","protected":false},"author":61,"featured_media":6586,"comment_status":"closed","ping_status":"open","sticky":false,"template":"","format":"standard","meta":{"footnotes":""},"categories":[12,916],"tags":[607,1119,1115,1121,1123,1120,888,1117,1124,1122,545,1118,816,1125],"yoast_head":"<!-- This site is optimized with the Yoast SEO plugin v16.1.1 - https:\/\/yoast.com\/wordpress\/plugins\/seo\/ -->\n<title>Costa del Sol - die sch\u00f6nsten Str\u00e4nde an der andalusischen Sonnenk\u00fcste &ndash; InterDomizil Reisemagazin<\/title>\n<link rel=\"canonical\" href=\"https:\/\/www.interdomizil.de\/reisemagazin\/reiseziele\/costa-del-sol-die-schoensten-straende-an-der-andalusischen-sonnenkueste\" \/>\n<meta name=\"twitter:label1\" content=\"Gesch\u00e4tzte Lesezeit\">\n\t<meta name=\"twitter:data1\" content=\"6\u00a0Minuten\">\n<script type=\"application\/ld+json\" class=\"yoast-schema-graph\">{\"@context\":\"https:\/\/schema.org\",\"@graph\":[{\"@type\":\"WebSite\",\"@id\":\"https:\/\/www.interdomizil.de\/reisemagazin\/#website\",\"url\":\"https:\/\/www.interdomizil.de\/reisemagazin\/\",\"name\":\"InterDomizil Reisemagazin\",\"description\":\"Reiseziele. Urlaubtipps. Sehenswertes.\",\"potentialAction\":[{\"@type\":\"SearchAction\",\"target\":\"https:\/\/www.interdomizil.de\/reisemagazin\/?s={search_term_string}\",\"query-input\":\"required name=search_term_string\"}],\"inLanguage\":\"de\"},{\"@type\":\"ImageObject\",\"@id\":\"https:\/\/www.interdomizil.de\/reisemagazin\/reiseziele\/costa-del-sol-die-schoensten-straende-an-der-andalusischen-sonnenkueste#primaryimage\",\"inLanguage\":\"de\",\"url\":\"https:\/\/www.interdomizil.de\/reisemagazin\/wp-content\/uploads\/nerja-493747_1920.jpg\",\"contentUrl\":\"https:\/\/www.interdomizil.de\/reisemagazin\/wp-content\/uploads\/nerja-493747_1920.jpg\",\"width\":1920,\"height\":1080,\"caption\":\"Der beliebte Ferienort Nerja mit dem Balcon de Euopa \/\/ Bild: Pixabay (CC0)\"},{\"@type\":\"WebPage\",\"@id\":\"https:\/\/www.interdomizil.de\/reisemagazin\/reiseziele\/costa-del-sol-die-schoensten-straende-an-der-andalusischen-sonnenkueste#webpage\",\"url\":\"https:\/\/www.interdomizil.de\/reisemagazin\/reiseziele\/costa-del-sol-die-schoensten-straende-an-der-andalusischen-sonnenkueste\",\"name\":\"Costa del Sol - die sch\\u00f6nsten Str\\u00e4nde an der andalusischen Sonnenk\\u00fcste &ndash; InterDomizil Reisemagazin\",\"isPartOf\":{\"@id\":\"https:\/\/www.interdomizil.de\/reisemagazin\/#website\"},\"primaryImageOfPage\":{\"@id\":\"https:\/\/www.interdomizil.de\/reisemagazin\/reiseziele\/costa-del-sol-die-schoensten-straende-an-der-andalusischen-sonnenkueste#primaryimage\"},\"datePublished\":\"2017-04-07T16:00:50+00:00\",\"dateModified\":\"2019-07-15T15:00:07+00:00\",\"author\":{\"@id\":\"https:\/\/www.interdomizil.de\/reisemagazin\/#\/schema\/person\/88e68aa5afdec9d042c8f78c340a2f6f\"},\"breadcrumb\":{\"@id\":\"https:\/\/www.interdomizil.de\/reisemagazin\/reiseziele\/costa-del-sol-die-schoensten-straende-an-der-andalusischen-sonnenkueste#breadcrumb\"},\"inLanguage\":\"de\",\"potentialAction\":[{\"@type\":\"ReadAction\",\"target\":[\"https:\/\/www.interdomizil.de\/reisemagazin\/reiseziele\/costa-del-sol-die-schoensten-straende-an-der-andalusischen-sonnenkueste\"]}]},{\"@type\":\"BreadcrumbList\",\"@id\":\"https:\/\/www.interdomizil.de\/reisemagazin\/reiseziele\/costa-del-sol-die-schoensten-straende-an-der-andalusischen-sonnenkueste#breadcrumb\",\"itemListElement\":[{\"@type\":\"ListItem\",\"position\":1,\"item\":{\"@type\":\"WebPage\",\"@id\":\"https:\/\/www.interdomizil.de\/reisemagazin\/\",\"url\":\"https:\/\/www.interdomizil.de\/reisemagazin\/\",\"name\":\"Home\"}},{\"@type\":\"ListItem\",\"position\":2,\"item\":{\"@type\":\"WebPage\",\"@id\":\"https:\/\/www.interdomizil.de\/reisemagazin\/reiseziele\/costa-del-sol-die-schoensten-straende-an-der-andalusischen-sonnenkueste\",\"url\":\"https:\/\/www.interdomizil.de\/reisemagazin\/reiseziele\/costa-del-sol-die-schoensten-straende-an-der-andalusischen-sonnenkueste\",\"name\":\"Costa del Sol &#8211; die sch\\u00f6nsten Str\\u00e4nde an der andalusischen Sonnenk\\u00fcste\"}}]},{\"@type\":\"Person\",\"@id\":\"https:\/\/www.interdomizil.de\/reisemagazin\/#\/schema\/person\/88e68aa5afdec9d042c8f78c340a2f6f\",\"name\":\"Redaktion\"}]}<\/script>\n<!-- \/ Yoast SEO plugin. -->","_links":{"self":[{"href":"https:\/\/www.interdomizil.de\/reisemagazin\/wp-json\/wp\/v2\/posts\/6462"}],"collection":[{"href":"https:\/\/www.interdomizil.de\/reisemagazin\/wp-json\/wp\/v2\/posts"}],"about":[{"href":"https:\/\/www.interdomizil.de\/reisemagazin\/wp-json\/wp\/v2\/types\/post"}],"author":[{"embeddable":true,"href":"https:\/\/www.interdomizil.de\/reisemagazin\/wp-json\/wp\/v2\/users\/61"}],"replies":[{"embeddable":true,"href":"https:\/\/www.interdomizil.de\/reisemagazin\/wp-json\/wp\/v2\/comments?post=6462"}],"version-history":[{"count":48,"href":"https:\/\/www.interdomizil.de\/reisemagazin\/wp-json\/wp\/v2\/posts\/6462\/revisions"}],"predecessor-version":[{"id":9347,"href":"https:\/\/www.interdomizil.de\/reisemagazin\/wp-json\/wp\/v2\/posts\/6462\/revisions\/9347"}],"wp:featuredmedia":[{"embeddable":true,"href":"https:\/\/www.interdomizil.de\/reisemagazin\/wp-json\/wp\/v2\/media\/6586"}],"wp:attachment":[{"href":"https:\/\/www.interdomizil.de\/reisemagazin\/wp-json\/wp\/v2\/media?parent=6462"}],"wp:term":[{"taxonomy":"category","embeddable":true,"href":"https:\/\/www.interdomizil.de\/reisemagazin\/wp-json\/wp\/v2\/categories?post=6462"},{"taxonomy":"post_tag","embeddable":true,"href":"https:\/\/www.interdomizil.de\/reisemagazin\/wp-json\/wp\/v2\/tags?post=6462"}],"curies":[{"name":"wp","href":"https:\/\/api.w.org\/{rel}","templated":true}]}}