{"id":6265,"date":"2017-02-13T15:59:39","date_gmt":"2017-02-13T13:59:39","guid":{"rendered":"https:\/\/www.interdomizil.de\/reisemagazin\/?p=6265"},"modified":"2017-02-13T16:06:15","modified_gmt":"2017-02-13T14:06:15","slug":"museumsabende-im-warnemuender-heimatmuseum-beginnen-im-maerz","status":"publish","type":"post","link":"https:\/\/www.interdomizil.de\/reisemagazin\/aktuelles\/museumsabende-im-warnemuender-heimatmuseum-beginnen-im-maerz","title":{"rendered":"Museumsabende im Warnem\u00fcnder Heimatmuseum beginnen im M\u00e4rz"},"content":{"rendered":"<div class=\"twoclick_social_bookmarks_post_6265 social_share_privacy clearfix 1.6.4 locale-de_DE sprite-de_DE\"><\/div><div class=\"twoclick-js\"><script type=\"text\/javascript\">\/* <![CDATA[ *\/\njQuery(document).ready(function($){if($('.twoclick_social_bookmarks_post_6265')){$('.twoclick_social_bookmarks_post_6265').socialSharePrivacy({\"services\":{\"facebook\":{\"status\":\"on\",\"txt_info\":\"2 Klicks f\\u00fcr mehr Datenschutz: Erst wenn Sie hier klicken, wird der Button aktiv und Sie k\\u00f6nnen Ihre Empfehlung an Facebook senden. Schon beim Aktivieren werden <strong>Daten an Dritte \\u00fcbertragen<\\\/strong> - siehe <strong>i<\\\/strong>.\",\"perma_option\":\"off\",\"action\":\"like\",\"language\":\"de_DE\"},\"twitter\":{\"reply_to\":\"\",\"tweet_text\":\"%20Museumsabende%20im%20Warnem%C3%BCnder%20Heimatmuseum%20beginnen%20im%20M%C3%A4rz%20%C2%BB%20InterDomizil%20...\",\"status\":\"on\",\"txt_info\":\"2 Klicks f\\u00fcr mehr Datenschutz: Erst wenn Sie hier klicken, wird der Button aktiv und Sie k\\u00f6nnen Ihre Empfehlung an Twitter senden. Schon beim Aktivieren werden <strong>Daten an Dritte \\u00fcbertragen<\\\/strong> - siehe <strong>i<\\\/strong>.\",\"perma_option\":\"off\",\"language\":\"de\"},\"pinterest\":{\"status\":\"on\",\"the_excerpt\":\"Museumsabende im Warnem\\u00fcnder Heimatmuseum beginnen im M\\u00e4rz\",\"txt_info\":\"2 Klicks f\\u00fcr mehr Datenschutz: Erst wenn Sie hier klicken, wird der Button aktiv und Sie k\\u00f6nnen Ihre Empfehlung an Pinterest senden. Schon beim Aktivieren werden <strong>Daten an Dritte \\u00fcbertragen<\\\/strong> - siehe <strong>i<\\\/strong>.\",\"perma_option\":\"off\",\"media\":\"https:\\\/\\\/www.interdomizil.de\\\/reisemagazin\\\/wp-content\\\/uploads\\\/fachwerkhaus-401145_1920.jpg\"}},\"txt_help\":\"Wenn Sie diese Felder durch einen Klick aktivieren, werden Informationen an Facebook, Twitter, Flattr, Xing, t3n, LinkedIn, Pinterest oder Google eventuell ins Ausland <strong>\\u00fcbertragen<\\\/strong> und unter Umst\\u00e4nden auch dort <strong>gespeichert<\\\/strong>. N\\u00e4heres erfahren Sie durch einen Klick auf das <em>i<\\\/em>.\",\"settings_perma\":\"Dauerhaft aktivieren und Daten\\u00fcber-tragung zustimmen:\",\"info_link\":\"http:\\\/\\\/www.heise.de\\\/ct\\\/artikel\\\/2-Klicks-fuer-mehr-Datenschutz-1333879.html\",\"uri\":\"https:\\\/\\\/www.interdomizil.de\\\/reisemagazin\\\/aktuelles\\\/museumsabende-im-warnemuender-heimatmuseum-beginnen-im-maerz\",\"post_id\":6265,\"post_title_referrer_track\":\"Museumsabende+im+Warnem%C3%BCnder+Heimatmuseum+beginnen+im+M%C3%A4rz\",\"concat\":\"%3F\",\"display_infobox\":\"on\"});}});\n\/* ]]> *\/<\/script><\/div><p>Wer mehr \u00fcber das kulturelle Leben der Warnem\u00fcnder erfahren m\u00f6chte, sollte bei einem Urlaub den Besuch des Heimatmuseums in der Alexandrinenstra\u00dfe einplanen. In der Dauerausstellung sind zahlreiche historische Objekte zu sehen, die auf anschauliche Weise das Leben und Arbeitsleben der einheimischen Leute veranschaulichen.<\/p>\n<p>Im M\u00e4rz lohnt der Abstecher ins Museum noch mehr, denn jetzt geht die beliebte Reihe der <strong>Museumsabende<\/strong> in die n\u00e4chste Runde. Den Auftakt macht am <strong>01.03.2017<\/strong> ein Liederabend der Gruppe <strong>\u201eDe Plattsnackers\u201c<\/strong>. In den Folgewochen wird das Museum jeden dritten Mittwoch zur attraktiven Veranstaltungsst\u00e4tte. So erz\u00e4hlt am <strong>19.8.2017<\/strong> Hans-Joachim Luttermann, Gr\u00fcndungsmitglied des Leuchtturmvereins, aus der bewegten Geschichte des Warnem\u00fcnder Wahrzeichens. Am 18.10.2017 steht der Sanddorn im Mittelpunkt, es d\u00fcrfen leckere Produkte gekostet werden.<\/p>\n<p>Beginn ist jeweils um <strong>19:00<\/strong>, der Eintritt kostet 5,00\u20ac, Besitzer einer Jahreskarte k\u00f6nnen die <a href=\"http:\/\/heimatmuseum-warnemuende.de\/aktuelles\/termine-und-veranstaltungen\/\" target=\"_blank\">Museumsabende<\/a> kostenlos besuchen.<\/p>\n<figure id=\"attachment_6268\" aria-describedby=\"caption-attachment-6268\" style=\"width: 620px\" class=\"wp-caption aligncenter\"><img decoding=\"async\" loading=\"lazy\" class=\"size-large wp-image-6268\" src=\"https:\/\/www.interdomizil.de\/reisemagazin\/wp-content\/uploads\/fachwerkhaus-401145_1920-620x413.jpg\" alt=\"Bild: Pixabay (CC0)\" width=\"620\" height=\"413\" srcset=\"https:\/\/www.interdomizil.de\/reisemagazin\/wp-content\/uploads\/fachwerkhaus-401145_1920-620x413.jpg 620w, https:\/\/www.interdomizil.de\/reisemagazin\/wp-content\/uploads\/fachwerkhaus-401145_1920-200x133.jpg 200w, https:\/\/www.interdomizil.de\/reisemagazin\/wp-content\/uploads\/fachwerkhaus-401145_1920-300x200.jpg 300w, https:\/\/www.interdomizil.de\/reisemagazin\/wp-content\/uploads\/fachwerkhaus-401145_1920-768x512.jpg 768w, https:\/\/www.interdomizil.de\/reisemagazin\/wp-content\/uploads\/fachwerkhaus-401145_1920.jpg 1920w\" sizes=\"(max-width: 620px) 100vw, 620px\" \/><figcaption id=\"caption-attachment-6268\" class=\"wp-caption-text\">Bild: Pixabay (CC0)<\/figcaption><\/figure>\n","protected":false},"excerpt":{"rendered":"<p>Wer mehr \u00fcber das kulturelle Leben der Warnem\u00fcnder erfahren m\u00f6chte, sollte bei einem Urlaub den Besuch des Heimatmuseums in der Alexandrinenstra\u00dfe einplanen. In der Dauerausstellung sind zahlreiche historische Objekte zu sehen, die auf anschauliche Weise das Leben und Arbeitsleben der einheimischen Leute veranschaulichen. Im M\u00e4rz lohnt der Abstecher ins Museum noch mehr, denn jetzt geht<\/p>\n","protected":false},"author":61,"featured_media":0,"comment_status":"closed","ping_status":"open","sticky":false,"template":"","format":"standard","meta":{"footnotes":""},"categories":[977],"tags":[979],"yoast_head":"<!-- This site is optimized with the Yoast SEO plugin v16.1.1 - https:\/\/yoast.com\/wordpress\/plugins\/seo\/ -->\n<title>Museumsabende im Warnem\u00fcnder Heimatmuseum beginnen im M\u00e4rz &ndash; InterDomizil Reisemagazin<\/title>\n<link rel=\"canonical\" href=\"https:\/\/www.interdomizil.de\/reisemagazin\/aktuelles\/museumsabende-im-warnemuender-heimatmuseum-beginnen-im-maerz\" \/>\n<meta name=\"twitter:label1\" content=\"Gesch\u00e4tzte Lesezeit\">\n\t<meta name=\"twitter:data1\" content=\"1\u00a0Minute\">\n<script type=\"application\/ld+json\" class=\"yoast-schema-graph\">{\"@context\":\"https:\/\/schema.org\",\"@graph\":[{\"@type\":\"WebSite\",\"@id\":\"https:\/\/www.interdomizil.de\/reisemagazin\/#website\",\"url\":\"https:\/\/www.interdomizil.de\/reisemagazin\/\",\"name\":\"InterDomizil Reisemagazin\",\"description\":\"Reiseziele. Urlaubtipps. Sehenswertes.\",\"potentialAction\":[{\"@type\":\"SearchAction\",\"target\":\"https:\/\/www.interdomizil.de\/reisemagazin\/?s={search_term_string}\",\"query-input\":\"required name=search_term_string\"}],\"inLanguage\":\"de\"},{\"@type\":\"ImageObject\",\"@id\":\"https:\/\/www.interdomizil.de\/reisemagazin\/aktuelles\/museumsabende-im-warnemuender-heimatmuseum-beginnen-im-maerz#primaryimage\",\"inLanguage\":\"de\",\"url\":\"https:\/\/www.interdomizil.de\/reisemagazin\/wp-content\/uploads\/fachwerkhaus-401145_1920.jpg\",\"contentUrl\":\"https:\/\/www.interdomizil.de\/reisemagazin\/wp-content\/uploads\/fachwerkhaus-401145_1920.jpg\",\"width\":1920,\"height\":1280,\"caption\":\"Bild: Pixabay (CC0)\"},{\"@type\":\"WebPage\",\"@id\":\"https:\/\/www.interdomizil.de\/reisemagazin\/aktuelles\/museumsabende-im-warnemuender-heimatmuseum-beginnen-im-maerz#webpage\",\"url\":\"https:\/\/www.interdomizil.de\/reisemagazin\/aktuelles\/museumsabende-im-warnemuender-heimatmuseum-beginnen-im-maerz\",\"name\":\"Museumsabende im Warnem\\u00fcnder Heimatmuseum beginnen im M\\u00e4rz &ndash; InterDomizil Reisemagazin\",\"isPartOf\":{\"@id\":\"https:\/\/www.interdomizil.de\/reisemagazin\/#website\"},\"primaryImageOfPage\":{\"@id\":\"https:\/\/www.interdomizil.de\/reisemagazin\/aktuelles\/museumsabende-im-warnemuender-heimatmuseum-beginnen-im-maerz#primaryimage\"},\"datePublished\":\"2017-02-13T13:59:39+00:00\",\"dateModified\":\"2017-02-13T14:06:15+00:00\",\"author\":{\"@id\":\"https:\/\/www.interdomizil.de\/reisemagazin\/#\/schema\/person\/88e68aa5afdec9d042c8f78c340a2f6f\"},\"breadcrumb\":{\"@id\":\"https:\/\/www.interdomizil.de\/reisemagazin\/aktuelles\/museumsabende-im-warnemuender-heimatmuseum-beginnen-im-maerz#breadcrumb\"},\"inLanguage\":\"de\",\"potentialAction\":[{\"@type\":\"ReadAction\",\"target\":[\"https:\/\/www.interdomizil.de\/reisemagazin\/aktuelles\/museumsabende-im-warnemuender-heimatmuseum-beginnen-im-maerz\"]}]},{\"@type\":\"BreadcrumbList\",\"@id\":\"https:\/\/www.interdomizil.de\/reisemagazin\/aktuelles\/museumsabende-im-warnemuender-heimatmuseum-beginnen-im-maerz#breadcrumb\",\"itemListElement\":[{\"@type\":\"ListItem\",\"position\":1,\"item\":{\"@type\":\"WebPage\",\"@id\":\"https:\/\/www.interdomizil.de\/reisemagazin\/\",\"url\":\"https:\/\/www.interdomizil.de\/reisemagazin\/\",\"name\":\"Home\"}},{\"@type\":\"ListItem\",\"position\":2,\"item\":{\"@type\":\"WebPage\",\"@id\":\"https:\/\/www.interdomizil.de\/reisemagazin\/aktuelles\/museumsabende-im-warnemuender-heimatmuseum-beginnen-im-maerz\",\"url\":\"https:\/\/www.interdomizil.de\/reisemagazin\/aktuelles\/museumsabende-im-warnemuender-heimatmuseum-beginnen-im-maerz\",\"name\":\"Museumsabende im Warnem\\u00fcnder Heimatmuseum beginnen im M\\u00e4rz\"}}]},{\"@type\":\"Person\",\"@id\":\"https:\/\/www.interdomizil.de\/reisemagazin\/#\/schema\/person\/88e68aa5afdec9d042c8f78c340a2f6f\",\"name\":\"Redaktion\"}]}<\/script>\n<!-- \/ Yoast SEO plugin. -->","_links":{"self":[{"href":"https:\/\/www.interdomizil.de\/reisemagazin\/wp-json\/wp\/v2\/posts\/6265"}],"collection":[{"href":"https:\/\/www.interdomizil.de\/reisemagazin\/wp-json\/wp\/v2\/posts"}],"about":[{"href":"https:\/\/www.interdomizil.de\/reisemagazin\/wp-json\/wp\/v2\/types\/post"}],"author":[{"embeddable":true,"href":"https:\/\/www.interdomizil.de\/reisemagazin\/wp-json\/wp\/v2\/users\/61"}],"replies":[{"embeddable":true,"href":"https:\/\/www.interdomizil.de\/reisemagazin\/wp-json\/wp\/v2\/comments?post=6265"}],"version-history":[{"count":9,"href":"https:\/\/www.interdomizil.de\/reisemagazin\/wp-json\/wp\/v2\/posts\/6265\/revisions"}],"predecessor-version":[{"id":6278,"href":"https:\/\/www.interdomizil.de\/reisemagazin\/wp-json\/wp\/v2\/posts\/6265\/revisions\/6278"}],"wp:attachment":[{"href":"https:\/\/www.interdomizil.de\/reisemagazin\/wp-json\/wp\/v2\/media?parent=6265"}],"wp:term":[{"taxonomy":"category","embeddable":true,"href":"https:\/\/www.interdomizil.de\/reisemagazin\/wp-json\/wp\/v2\/categories?post=6265"},{"taxonomy":"post_tag","embeddable":true,"href":"https:\/\/www.interdomizil.de\/reisemagazin\/wp-json\/wp\/v2\/tags?post=6265"}],"curies":[{"name":"wp","href":"https:\/\/api.w.org\/{rel}","templated":true}]}}