{"id":6093,"date":"2017-01-13T14:15:00","date_gmt":"2017-01-13T12:15:00","guid":{"rendered":"https:\/\/www.interdomizil.de\/reisemagazin\/?p=6093"},"modified":"2018-09-06T11:14:43","modified_gmt":"2018-09-06T09:14:43","slug":"neu-gestalteter-saunabereich-im-haus-meeresblick","status":"publish","type":"post","link":"https:\/\/www.interdomizil.de\/reisemagazin\/aktuelles\/neu-gestalteter-saunabereich-im-haus-meeresblick","title":{"rendered":"Neu gestalteter Saunabereich im Haus Meeresblick"},"content":{"rendered":"<div class=\"twoclick_social_bookmarks_post_6093 social_share_privacy clearfix 1.6.4 locale-de_DE sprite-de_DE\"><\/div><div class=\"twoclick-js\"><script type=\"text\/javascript\">\/* <![CDATA[ *\/\njQuery(document).ready(function($){if($('.twoclick_social_bookmarks_post_6093')){$('.twoclick_social_bookmarks_post_6093').socialSharePrivacy({\"services\":{\"facebook\":{\"status\":\"on\",\"txt_info\":\"2 Klicks f\\u00fcr mehr Datenschutz: Erst wenn Sie hier klicken, wird der Button aktiv und Sie k\\u00f6nnen Ihre Empfehlung an Facebook senden. Schon beim Aktivieren werden <strong>Daten an Dritte \\u00fcbertragen<\\\/strong> - siehe <strong>i<\\\/strong>.\",\"perma_option\":\"off\",\"action\":\"like\",\"language\":\"de_DE\"},\"twitter\":{\"reply_to\":\"\",\"tweet_text\":\"%20Neu%20gestalteter%20Saunabereich%20im%20Haus%20Meeresblick%20%C2%BB%20InterDomizil%20Reisemagazin%20...\",\"status\":\"on\",\"txt_info\":\"2 Klicks f\\u00fcr mehr Datenschutz: Erst wenn Sie hier klicken, wird der Button aktiv und Sie k\\u00f6nnen Ihre Empfehlung an Twitter senden. Schon beim Aktivieren werden <strong>Daten an Dritte \\u00fcbertragen<\\\/strong> - siehe <strong>i<\\\/strong>.\",\"perma_option\":\"off\",\"language\":\"de\"},\"pinterest\":{\"status\":\"on\",\"the_excerpt\":\"Neu gestalteter Saunabereich im Haus Meeresblick\",\"txt_info\":\"2 Klicks f\\u00fcr mehr Datenschutz: Erst wenn Sie hier klicken, wird der Button aktiv und Sie k\\u00f6nnen Ihre Empfehlung an Pinterest senden. Schon beim Aktivieren werden <strong>Daten an Dritte \\u00fcbertragen<\\\/strong> - siehe <strong>i<\\\/strong>.\",\"perma_option\":\"off\",\"media\":\"https:\\\/\\\/www.interdomizil.de\\\/reisemagazin\\\/wp-content\\\/uploads\\\/CIMG0795-k.jpg\"}},\"txt_help\":\"Wenn Sie diese Felder durch einen Klick aktivieren, werden Informationen an Facebook, Twitter, Flattr, Xing, t3n, LinkedIn, Pinterest oder Google eventuell ins Ausland <strong>\\u00fcbertragen<\\\/strong> und unter Umst\\u00e4nden auch dort <strong>gespeichert<\\\/strong>. N\\u00e4heres erfahren Sie durch einen Klick auf das <em>i<\\\/em>.\",\"settings_perma\":\"Dauerhaft aktivieren und Daten\\u00fcber-tragung zustimmen:\",\"info_link\":\"http:\\\/\\\/www.heise.de\\\/ct\\\/artikel\\\/2-Klicks-fuer-mehr-Datenschutz-1333879.html\",\"uri\":\"https:\\\/\\\/www.interdomizil.de\\\/reisemagazin\\\/aktuelles\\\/neu-gestalteter-saunabereich-im-haus-meeresblick\",\"post_id\":6093,\"post_title_referrer_track\":\"Neu+gestalteter+Saunabereich+im+Haus+Meeresblick\",\"concat\":\"%3F\",\"display_infobox\":\"on\"});}});\n\/* ]]> *\/<\/script><\/div><p>Ab sofort k\u00f6nnen G\u00e4ste des Hauses Meeresblicks den neu gestalteten Saunabereich genie\u00dfen. Die helle und freundliche Optik stimmt in allen Jahreszeiten optimal auf die gesunde Hitzekur ein.<\/p>\n<figure id=\"attachment_6095\" aria-describedby=\"caption-attachment-6095\" style=\"width: 620px\" class=\"wp-caption aligncenter\"><img decoding=\"async\" loading=\"lazy\" class=\"image-border wp-image-6095 size-large\" src=\"https:\/\/www.interdomizil.de\/reisemagazin\/wp-content\/uploads\/Sauna2-620x392.jpg\" alt=\"Bild: InterDomizil GmbH\" width=\"620\" height=\"392\" srcset=\"https:\/\/www.interdomizil.de\/reisemagazin\/wp-content\/uploads\/Sauna2-620x392.jpg 620w, https:\/\/www.interdomizil.de\/reisemagazin\/wp-content\/uploads\/Sauna2-200x127.jpg 200w, https:\/\/www.interdomizil.de\/reisemagazin\/wp-content\/uploads\/Sauna2-300x190.jpg 300w, https:\/\/www.interdomizil.de\/reisemagazin\/wp-content\/uploads\/Sauna2-768x486.jpg 768w, https:\/\/www.interdomizil.de\/reisemagazin\/wp-content\/uploads\/Sauna2.jpg 1200w\" sizes=\"(max-width: 620px) 100vw, 620px\" \/><figcaption id=\"caption-attachment-6095\" class=\"wp-caption-text\">Bild: InterDomizil GmbH<\/figcaption><\/figure>\n<p>Verantwortlich f\u00fcr das Design sowie die k\u00fcnstlerische Umsetzung ist der Innnendesigner Florian Melzer. Das Ergebnis kann sich sehen lassen: Hochwertige Bilder mit handgearbeiteten Treibholzrahmen verstr\u00f6men maritimes Urlaubsflair. Zwei Skulpturen aus organisch gewachsenen \u00c4sten und H\u00f6lzern an Wand und Fensterbereich unterstreichen die heimelige Atmosph\u00e4re. Au\u00dferdem: eine angepasste Konsole aus Treibholz\u00a0f\u00fcr den Teegenuss. Neue kuschelige Decken auf den Liegen runden das stimmige Gesamtbild ab.<\/p>\n<figure id=\"attachment_6097\" aria-describedby=\"caption-attachment-6097\" style=\"width: 620px\" class=\"wp-caption aligncenter\"><img decoding=\"async\" loading=\"lazy\" class=\"image-border wp-image-6097 size-large\" src=\"https:\/\/www.interdomizil.de\/reisemagazin\/wp-content\/uploads\/Sauna1-620x442.jpg\" alt=\"Bild: InterDomizil GmbH\" width=\"620\" height=\"442\" srcset=\"https:\/\/www.interdomizil.de\/reisemagazin\/wp-content\/uploads\/Sauna1-620x442.jpg 620w, https:\/\/www.interdomizil.de\/reisemagazin\/wp-content\/uploads\/Sauna1-200x143.jpg 200w, https:\/\/www.interdomizil.de\/reisemagazin\/wp-content\/uploads\/Sauna1-300x214.jpg 300w, https:\/\/www.interdomizil.de\/reisemagazin\/wp-content\/uploads\/Sauna1-768x547.jpg 768w, https:\/\/www.interdomizil.de\/reisemagazin\/wp-content\/uploads\/Sauna1.jpg 1200w\" sizes=\"(max-width: 620px) 100vw, 620px\" \/><figcaption id=\"caption-attachment-6097\" class=\"wp-caption-text\">Bild: InterDomizil GmbH<\/figcaption><\/figure>\n<p>Anl\u00e4sslich der Neugestaltung sind einige Aktionen in der Saunasaison geplant. Im Rahmen dieser profitieren G\u00e4ste etwa von kostenlosen Saunahandt\u00fcchern.<\/p>\n<p>In der Sauna der Apartmentanlage kann eine Biosauna sowie eine Finnische Sauna in Anspruch genommen werden. Um G\u00e4sten mit einer Allergie oder empfindlichen Atemwegen ebenfalls den Besuch zu erm\u00f6glichen, finden in den beiden Saunen nur Wasseraufg\u00fcsse statt.<\/p>\n","protected":false},"excerpt":{"rendered":"<p>Ab sofort k\u00f6nnen G\u00e4ste des Hauses Meeresblicks den neu gestalteten Saunabereich genie\u00dfen. Die helle und freundliche Optik stimmt in allen Jahreszeiten optimal auf die gesunde Hitzekur ein. Verantwortlich f\u00fcr das Design sowie die k\u00fcnstlerische Umsetzung ist der Innnendesigner Florian Melzer. Das Ergebnis kann sich sehen lassen: Hochwertige Bilder mit handgearbeiteten Treibholzrahmen verstr\u00f6men maritimes Urlaubsflair. Zwei<\/p>\n","protected":false},"author":61,"featured_media":7221,"comment_status":"closed","ping_status":"closed","sticky":false,"template":"","format":"standard","meta":{"footnotes":""},"categories":[977],"tags":[978],"yoast_head":"<!-- This site is optimized with the Yoast SEO plugin v16.1.1 - https:\/\/yoast.com\/wordpress\/plugins\/seo\/ -->\n<title>Neu gestalteter Saunabereich im Haus Meeresblick &ndash; InterDomizil Reisemagazin<\/title>\n<meta name=\"description\" content=\"News zum Saunabereich im Haus Meeresblick\" \/>\n<meta name=\"twitter:label1\" content=\"Gesch\u00e4tzte Lesezeit\">\n\t<meta name=\"twitter:data1\" content=\"1\u00a0Minute\">\n<script type=\"application\/ld+json\" class=\"yoast-schema-graph\">{\"@context\":\"https:\/\/schema.org\",\"@graph\":[{\"@type\":\"WebSite\",\"@id\":\"https:\/\/www.interdomizil.de\/reisemagazin\/#website\",\"url\":\"https:\/\/www.interdomizil.de\/reisemagazin\/\",\"name\":\"InterDomizil Reisemagazin\",\"description\":\"Reiseziele. Urlaubtipps. Sehenswertes.\",\"potentialAction\":[{\"@type\":\"SearchAction\",\"target\":\"https:\/\/www.interdomizil.de\/reisemagazin\/?s={search_term_string}\",\"query-input\":\"required name=search_term_string\"}],\"inLanguage\":\"de\"},{\"@type\":\"ImageObject\",\"@id\":\"https:\/\/www.interdomizil.de\/reisemagazin\/aktuelles\/neu-gestalteter-saunabereich-im-haus-meeresblick#primaryimage\",\"inLanguage\":\"de\",\"url\":\"https:\/\/www.interdomizil.de\/reisemagazin\/wp-content\/uploads\/CIMG0795-k.jpg\",\"contentUrl\":\"https:\/\/www.interdomizil.de\/reisemagazin\/wp-content\/uploads\/CIMG0795-k.jpg\",\"width\":1290,\"height\":968},{\"@type\":\"WebPage\",\"@id\":\"https:\/\/www.interdomizil.de\/reisemagazin\/aktuelles\/neu-gestalteter-saunabereich-im-haus-meeresblick#webpage\",\"url\":\"https:\/\/www.interdomizil.de\/reisemagazin\/aktuelles\/neu-gestalteter-saunabereich-im-haus-meeresblick\",\"name\":\"Neu gestalteter Saunabereich im Haus Meeresblick &ndash; InterDomizil Reisemagazin\",\"isPartOf\":{\"@id\":\"https:\/\/www.interdomizil.de\/reisemagazin\/#website\"},\"primaryImageOfPage\":{\"@id\":\"https:\/\/www.interdomizil.de\/reisemagazin\/aktuelles\/neu-gestalteter-saunabereich-im-haus-meeresblick#primaryimage\"},\"datePublished\":\"2017-01-13T12:15:00+00:00\",\"dateModified\":\"2018-09-06T09:14:43+00:00\",\"author\":{\"@id\":\"https:\/\/www.interdomizil.de\/reisemagazin\/#\/schema\/person\/88e68aa5afdec9d042c8f78c340a2f6f\"},\"description\":\"News zum Saunabereich im Haus Meeresblick\",\"breadcrumb\":{\"@id\":\"https:\/\/www.interdomizil.de\/reisemagazin\/aktuelles\/neu-gestalteter-saunabereich-im-haus-meeresblick#breadcrumb\"},\"inLanguage\":\"de\",\"potentialAction\":[{\"@type\":\"ReadAction\",\"target\":[\"https:\/\/www.interdomizil.de\/reisemagazin\/aktuelles\/neu-gestalteter-saunabereich-im-haus-meeresblick\"]}]},{\"@type\":\"BreadcrumbList\",\"@id\":\"https:\/\/www.interdomizil.de\/reisemagazin\/aktuelles\/neu-gestalteter-saunabereich-im-haus-meeresblick#breadcrumb\",\"itemListElement\":[{\"@type\":\"ListItem\",\"position\":1,\"item\":{\"@type\":\"WebPage\",\"@id\":\"https:\/\/www.interdomizil.de\/reisemagazin\/\",\"url\":\"https:\/\/www.interdomizil.de\/reisemagazin\/\",\"name\":\"Home\"}},{\"@type\":\"ListItem\",\"position\":2,\"item\":{\"@type\":\"WebPage\",\"@id\":\"https:\/\/www.interdomizil.de\/reisemagazin\/aktuelles\/neu-gestalteter-saunabereich-im-haus-meeresblick\",\"url\":\"https:\/\/www.interdomizil.de\/reisemagazin\/aktuelles\/neu-gestalteter-saunabereich-im-haus-meeresblick\",\"name\":\"Neu gestalteter Saunabereich im Haus Meeresblick\"}}]},{\"@type\":\"Person\",\"@id\":\"https:\/\/www.interdomizil.de\/reisemagazin\/#\/schema\/person\/88e68aa5afdec9d042c8f78c340a2f6f\",\"name\":\"Redaktion\"}]}<\/script>\n<!-- \/ Yoast SEO plugin. -->","_links":{"self":[{"href":"https:\/\/www.interdomizil.de\/reisemagazin\/wp-json\/wp\/v2\/posts\/6093"}],"collection":[{"href":"https:\/\/www.interdomizil.de\/reisemagazin\/wp-json\/wp\/v2\/posts"}],"about":[{"href":"https:\/\/www.interdomizil.de\/reisemagazin\/wp-json\/wp\/v2\/types\/post"}],"author":[{"embeddable":true,"href":"https:\/\/www.interdomizil.de\/reisemagazin\/wp-json\/wp\/v2\/users\/61"}],"replies":[{"embeddable":true,"href":"https:\/\/www.interdomizil.de\/reisemagazin\/wp-json\/wp\/v2\/comments?post=6093"}],"version-history":[{"count":7,"href":"https:\/\/www.interdomizil.de\/reisemagazin\/wp-json\/wp\/v2\/posts\/6093\/revisions"}],"predecessor-version":[{"id":7971,"href":"https:\/\/www.interdomizil.de\/reisemagazin\/wp-json\/wp\/v2\/posts\/6093\/revisions\/7971"}],"wp:featuredmedia":[{"embeddable":true,"href":"https:\/\/www.interdomizil.de\/reisemagazin\/wp-json\/wp\/v2\/media\/7221"}],"wp:attachment":[{"href":"https:\/\/www.interdomizil.de\/reisemagazin\/wp-json\/wp\/v2\/media?parent=6093"}],"wp:term":[{"taxonomy":"category","embeddable":true,"href":"https:\/\/www.interdomizil.de\/reisemagazin\/wp-json\/wp\/v2\/categories?post=6093"},{"taxonomy":"post_tag","embeddable":true,"href":"https:\/\/www.interdomizil.de\/reisemagazin\/wp-json\/wp\/v2\/tags?post=6093"}],"curies":[{"name":"wp","href":"https:\/\/api.w.org\/{rel}","templated":true}]}}