{"id":5638,"date":"2016-09-12T16:27:41","date_gmt":"2016-09-12T14:27:41","guid":{"rendered":"https:\/\/www.interdomizil.de\/reisemagazin\/?p=5638"},"modified":"2021-03-02T13:09:45","modified_gmt":"2021-03-02T11:09:45","slug":"warnemuende-fuer-kunstliebhaber","status":"publish","type":"post","link":"https:\/\/www.interdomizil.de\/reisemagazin\/ortsbeschreibungen\/warnemuende-fuer-kunstliebhaber","title":{"rendered":"Warnem\u00fcnde f\u00fcr Kunstliebhaber"},"content":{"rendered":"<div class=\"twoclick_social_bookmarks_post_5638 social_share_privacy clearfix 1.6.4 locale-de_DE sprite-de_DE\"><\/div><div class=\"twoclick-js\"><script type=\"text\/javascript\">\/* <![CDATA[ *\/\njQuery(document).ready(function($){if($('.twoclick_social_bookmarks_post_5638')){$('.twoclick_social_bookmarks_post_5638').socialSharePrivacy({\"services\":{\"facebook\":{\"status\":\"on\",\"txt_info\":\"2 Klicks f\\u00fcr mehr Datenschutz: Erst wenn Sie hier klicken, wird der Button aktiv und Sie k\\u00f6nnen Ihre Empfehlung an Facebook senden. Schon beim Aktivieren werden <strong>Daten an Dritte \\u00fcbertragen<\\\/strong> - siehe <strong>i<\\\/strong>.\",\"perma_option\":\"off\",\"action\":\"like\",\"language\":\"de_DE\"},\"twitter\":{\"reply_to\":\"\",\"tweet_text\":\"%20Warnem%C3%BCnde%20f%C3%BCr%20Kunstliebhaber%20%C2%BB%20InterDomizil%20Reisemagazin%20%23Edvard%20Munch%20...\",\"status\":\"on\",\"txt_info\":\"2 Klicks f\\u00fcr mehr Datenschutz: Erst wenn Sie hier klicken, wird der Button aktiv und Sie k\\u00f6nnen Ihre Empfehlung an Twitter senden. Schon beim Aktivieren werden <strong>Daten an Dritte \\u00fcbertragen<\\\/strong> - siehe <strong>i<\\\/strong>.\",\"perma_option\":\"off\",\"language\":\"de\"},\"pinterest\":{\"status\":\"on\",\"the_excerpt\":\"Warnem\\u00fcnde f\\u00fcr Kunstliebhaber\",\"txt_info\":\"2 Klicks f\\u00fcr mehr Datenschutz: Erst wenn Sie hier klicken, wird der Button aktiv und Sie k\\u00f6nnen Ihre Empfehlung an Pinterest senden. Schon beim Aktivieren werden <strong>Daten an Dritte \\u00fcbertragen<\\\/strong> - siehe <strong>i<\\\/strong>.\",\"perma_option\":\"off\",\"media\":\"https:\\\/\\\/www.interdomizil.de\\\/reisemagazin\\\/wp-content\\\/uploads\\\/IMG_20140606_153219.jpg\"}},\"txt_help\":\"Wenn Sie diese Felder durch einen Klick aktivieren, werden Informationen an Facebook, Twitter, Flattr, Xing, t3n, LinkedIn, Pinterest oder Google eventuell ins Ausland <strong>\\u00fcbertragen<\\\/strong> und unter Umst\\u00e4nden auch dort <strong>gespeichert<\\\/strong>. N\\u00e4heres erfahren Sie durch einen Klick auf das <em>i<\\\/em>.\",\"settings_perma\":\"Dauerhaft aktivieren und Daten\\u00fcber-tragung zustimmen:\",\"info_link\":\"http:\\\/\\\/www.heise.de\\\/ct\\\/artikel\\\/2-Klicks-fuer-mehr-Datenschutz-1333879.html\",\"uri\":\"https:\\\/\\\/www.interdomizil.de\\\/reisemagazin\\\/ortsbeschreibungen\\\/warnemuende-fuer-kunstliebhaber\",\"post_id\":5638,\"post_title_referrer_track\":\"Warnem%C3%BCnde+f%C3%BCr+Kunstliebhaber\",\"concat\":\"%3F\",\"display_infobox\":\"on\"});}});\n\/* ]]> *\/<\/script><\/div><p>Sonne, Strand und Meer, das sind die Zutaten eines Urlaubs in Warnem\u00fcnde. Doch das kleine Ostseebad umwehte schon immer ein Hauch von Exklusivit\u00e4t. Da sind die strahlend wei\u00dfen <a href=\"http:\/\/www.ferienwohnung-warnemuende.de\/\" target=\"_blank\" rel=\"noopener noreferrer\">Ferienwohnungen<\/a>, aufgereiht am <strong>Alten Strom<\/strong>, immer h\u00fcbsch in Szene gesetzt mit Blumenk\u00e4sten und dekorativen Elementen. Exklusive kleine Gesch\u00e4fte, die modische Kleidung anbieten, verwinkelte kleine L\u00e4den mit ausgesuchten Souvenirs.\u00a0Selbst die Urlauber wirken hier auffallend elegant, oft schick in blau-wei\u00df gestreifte Shirts oder Strohhut geh\u00fcllt. Es gibt sie, die andere Seite <strong>Warnem\u00fcndes<\/strong>, am deutlichsten ist dies in der kleinen Gemeinschaft der Kunstfreunde zu sp\u00fcren, die das offene Meer nutzen, um sich k\u00fcnstlerisch mit der Welt auseinandersetzen, zu lernen und tief in sich zu schauen. Wenn Sie selbst \u2013 ob aktiv oder passiv \u2013 eine Affinit\u00e4t f\u00fcr die K\u00fcnste mitbringen, sind Sie in <strong>Warnem\u00fcnde<\/strong> bestens aufgehoben. Halten Sie Ihre Augen offen und staunen Sie!<\/p>\n<figure id=\"attachment_5644\" aria-describedby=\"caption-attachment-5644\" style=\"width: 500px\" class=\"wp-caption aligncenter\"><img decoding=\"async\" loading=\"lazy\" class=\"wp-image-5644\" src=\"https:\/\/www.interdomizil.de\/reisemagazin\/wp-content\/uploads\/PANO_20160729_184645-620x453.jpg\" alt=\"das Meer, Inspirationsquelle vieler K\u00fcnstler - Foto: Saskia Henck\" width=\"500\" height=\"366\" srcset=\"https:\/\/www.interdomizil.de\/reisemagazin\/wp-content\/uploads\/PANO_20160729_184645-620x453.jpg 620w, https:\/\/www.interdomizil.de\/reisemagazin\/wp-content\/uploads\/PANO_20160729_184645-200x146.jpg 200w, https:\/\/www.interdomizil.de\/reisemagazin\/wp-content\/uploads\/PANO_20160729_184645-300x219.jpg 300w, https:\/\/www.interdomizil.de\/reisemagazin\/wp-content\/uploads\/PANO_20160729_184645-768x562.jpg 768w, https:\/\/www.interdomizil.de\/reisemagazin\/wp-content\/uploads\/PANO_20160729_184645.jpg 1298w\" sizes=\"(max-width: 500px) 100vw, 500px\" \/><figcaption id=\"caption-attachment-5644\" class=\"wp-caption-text\">das Meer, Inspirationsquelle vieler K\u00fcnstler &#8211; Foto@ InterDomizil GmbH<\/figcaption><\/figure>\n<h2>Urlaubsstimmung auf Leinwand gebannt<\/h2>\n<p>Die <strong>Ostsee<\/strong> vermochte schon immer die Herzen in Wallung und die Gedanken zum Flie\u00dfen zu bringen. Zahlreiche K\u00fcnstler haben sich k\u00fcnstlerisch mit dem offenen, weiten <strong>Meer<\/strong> auseinandergesetzt und die Schwingungen der Ostseewellen visualisiert. Herausgekommen sind einige Klassiker, die einen n\u00e4heren Blick wert sind. So weilte etwa der norwegische Maler <strong>Edvard Munch<\/strong> f\u00fcr ein halbes Jahr in <strong>Warnem\u00fcnde<\/strong>, in dem alten Fischerhaus Am Strom 68 erholte er sich von einer pers\u00f6nlichen Krise. In der malerischen Umgebung findet <strong>Munch<\/strong> die Ruhe und Erholung, die er nach der Trennung von seiner Verlobten so dringend ben\u00f6tigte. Hier entstand sein bekanntes Gem\u00e4lde &#8222;<em>Badende M\u00e4nner<\/em>&#8222;, deren Motiv f\u00fcr einen gewaltigen Aufschrei in der Kunstwelt sorgte. Immerhin wurden die Badenden nackt dargestellt! Unweit von dem R\u00fcckzugsort und Wirkungst\u00e4tte Munchs,\u00a0k\u00f6nnen Sie heutzutage verschiedenen K\u00fcnstlern in wechselnden Ausstellungen n\u00e4her kommen. Am Alten Strom 53, findet man das &#8222;<a href=\"http:\/\/www.edvard-munch-haus.de\/\" target=\"_blank\" rel=\"noopener noreferrer\"><strong>Edvard Munch Haus<\/strong><\/a>&#8222;. Erleben Sie das authentische Wohngef\u00fchl eines alten Fischerhauses und lernen Sie die Kunst mal von ihrer urspr\u00fcnglichsten Seite kennen. Denn das Haus bietet aufstrebenden deutschen und norwegischen K\u00fcnstlern die M\u00f6glichkeit, hier zu wohnen und zu arbeiten. Wenn Sie es doch lieber traditionell maritim m\u00f6gen, seien Ihnen die zahlreichen <strong>Warnem\u00fcnder Galerien<\/strong> ans Herz gelegt. Hier finden Sie Kunst zum sofort Verlieben! Fischer- und Fachwerkh\u00e4user, das Zweier-Duo aus <strong>Teepott<\/strong> und <strong>Leuchtturm<\/strong> oder moderne Interpretationen der klassischen Strandansicht. Bereits seit dem Jahr 1986 ist die Kulturwissenschaftlerin Ulrike-Sabine M\u00f6ller mit ihrer <a href=\"http:\/\/www.galerie-moeller.de\/\" target=\"_blank\" rel=\"noopener noreferrer\"><strong>&#8222;Galerie M\u00f6ller&#8220;<\/strong><\/a> in dem Ostseebad ans\u00e4ssig. Hier k\u00f6nnen Sie 7 Tage die Woche nach Kunst f\u00fcr Ihr eigenes Wohnzimmer oder nach Geschenken st\u00f6bern. In der Kunstwerkstatt und <strong><a href=\"http:\/\/www.galerie-toelle.de\/\" target=\"_blank\" rel=\"noopener noreferrer\">Galerie Anke T\u00f6lle<\/a><\/strong> stellen immer wieder nationale und internationale K\u00fcnstler aus. Mit der Galerie <a href=\"http:\/\/galerie-horizont.de\/\" target=\"_blank\" rel=\"noopener noreferrer\"><strong>Horizont<\/strong><\/a>\u00a0finden Sie eine weitere Anlaufstelle f\u00fcr Kunst in der Alexandrinenstra\u00dfe. Der Neuling in der <strong>Warnem\u00fcnder<\/strong> Kunstszene ist die Galerie<a href=\"http:\/\/joostvanmar-gallery.com\/\" target=\"_blank\" rel=\"noopener noreferrer\"><strong> Joost van Mar<\/strong><\/a>, ebenfalls in der Alexandrinenstra\u00dfe. Hier finden Sie Kunst ausserhalb der klassischen <strong>Warnem\u00fcnder<\/strong> Motive.<\/p>\n<figure id=\"attachment_5647\" aria-describedby=\"caption-attachment-5647\" style=\"width: 250px\" class=\"wp-caption alignleft\"><img decoding=\"async\" loading=\"lazy\" class=\"wp-image-5647\" src=\"https:\/\/www.interdomizil.de\/reisemagazin\/wp-content\/uploads\/IMG_20140606_153219-349x620.jpg\" alt=\"viele Galerien in Warnem\u00fcnde, befinden sich in der Alexandrinenstra\u00dfe - Foto: Saskia Henck\" width=\"250\" height=\"445\" srcset=\"https:\/\/www.interdomizil.de\/reisemagazin\/wp-content\/uploads\/IMG_20140606_153219-349x620.jpg 349w, https:\/\/www.interdomizil.de\/reisemagazin\/wp-content\/uploads\/IMG_20140606_153219-281x500.jpg 281w, https:\/\/www.interdomizil.de\/reisemagazin\/wp-content\/uploads\/IMG_20140606_153219-405x720.jpg 405w, https:\/\/www.interdomizil.de\/reisemagazin\/wp-content\/uploads\/IMG_20140606_153219-175x311.jpg 175w, https:\/\/www.interdomizil.de\/reisemagazin\/wp-content\/uploads\/IMG_20140606_153219-450x801.jpg 450w, https:\/\/www.interdomizil.de\/reisemagazin\/wp-content\/uploads\/IMG_20140606_153219-200x356.jpg 200w, https:\/\/www.interdomizil.de\/reisemagazin\/wp-content\/uploads\/IMG_20140606_153219-169x300.jpg 169w, https:\/\/www.interdomizil.de\/reisemagazin\/wp-content\/uploads\/IMG_20140606_153219.jpg 534w\" sizes=\"(max-width: 250px) 100vw, 250px\" \/><figcaption id=\"caption-attachment-5647\" class=\"wp-caption-text\">viele Galerien in Warnem\u00fcnde, befinden sich in der Alexandrinenstra\u00dfe &#8211; Foto@ InterDomizil GmbH<\/figcaption><\/figure>\n<h2>Personifiziertes Warnem\u00fcnde &#8211; die Figuren Hansi Parczyks<\/h2>\n<p>Unzertrennbar mit dem Ostseebad verbunden ist der Warnem\u00fcnder Grafiker und Illustrator <em><strong><a href=\"http:\/\/www.hansiparczyk.de\/\" target=\"_blank\" rel=\"noopener noreferrer\">Hansi Parczyk<\/a><\/strong><\/em>, der es mit seinen lebenslustigen Figuren geschafft hat, ein unverwechselbares Bild mit dem Ort zu verkn\u00fcpfen. Sie haben seine Menschen bestimmt auch schon einmal gesehen. Diese satten, lebenszufriedenen Figuren, rotbackig sitzen Sie am Alten Strom, im Gr\u00fcnen oder radelnd auf dem Fahrrad. Oft finden sich seine Leute in Form eines Paares oder einer gl\u00fccklichen Familie, das den Alltag einer ganz normalen Familie widerspiegelt. Es f\u00e4llt leicht, diese Menschen ins Herz zu schlie\u00dfen. Ihr Charme ist ansteckend, die idyllische Weltordnung wieder hergestellt. Als Mitbringsel f\u00fcr die Daheimgebliebenen eignen sich Parczyks Figuren ebenfalls wunderbar.<\/p>\n<h2>Fernweh auf der Mittelmole<\/h2>\n<p>Haben Sie sie schon entdeckt? Die vier Meter gro\u00dfe Bronzefigur mit dem wundersch\u00f6nen Namen <strong><a href=\"http:\/\/www.esperanza-warnemuende.de\/\" target=\"_blank\" rel=\"noopener noreferrer\">Esperanza<\/a><\/strong>? Sie hat auf der Mittelmole Position bezogen und gr\u00fc\u00dft von hier aus ankommende und abreisende Urlauber. Besonders in den Abendstunden und nachts ist die elegante Figur ein beeindruckender Anblick, wenn sich das Licht in dem Blattgold\u00fcberzug spiegelt. Dar\u00fcber hinaus setzen Wasser- und Lichtinstallationen die Skulptur weiter in Szene. Erschaffen wurde die stilisierte Frauenfigur, deren Namen Hoffnung bedeutet, von dem K\u00fcnstler <em>En\u00e9 Slawow<\/em>, alias <em>ENEOS<\/em>. Mit ausgestreckten Armen, ganz so, als w\u00fcrde sie zum pers\u00f6nlichen T\u00e4nzchen bitten, streckt sich Esperanza dem Meer entgegen und wird so zum Symbol f\u00fcr Fernweh-Geplagte, aber auch die Weltoffenheit <strong>Warnem\u00fcndes<\/strong>. Wenn Sie die g\u00fcldene Dame ins Herz geschlossen haben, k\u00f6nnen Sie Esperanza als Souvenir mit nach Hause nehmen, als Postkarte, Schl\u00fcsselanh\u00e4nger oder kleine Figurine. ENEOS hat sich in Rostock und Warnem\u00fcnde auch in anderer Form k\u00fcnstlerisch verewigt. So hat er beispielsweise dem Wappentier der Stadt, dem Greif, in zwei Bronzeskulpturen ein neues Gesicht gegeben, die 1,20 Meter hohen Kunstwerke finden sich am Rostocker Steintor.<\/p>\n<h2>Kunstpfad bringt Urlaubern die einheimische Kunstszene n\u00e4her<\/h2>\n<p>Seit 2016 haben Sie au\u00dferdem die M\u00f6glichkeit, sich auf eine humorvolle Entdeckungsreise durch die k\u00fcnstlerische Seite des Ostseebades zu begeben. Im Rahmen eines Spaziergangs mit anschlie\u00dfendem Champagnerempfang erfahren Sie auf dem &#8222;<strong>Kunstpfad<\/strong>&#8220; spannende Anekdoten aus der Kunst- und Architekturgeschichte Warnem\u00fcndes. Besonders der Ortskern gibt hier viel her. Zu den Stationen dieser etwas anderen Stadtf\u00fchrung z\u00e4hlen unter anderem die Lieblingspl\u00e4tze <strong>Munchs<\/strong>, einige Ateliers Warnem\u00fcnder K\u00fcnstler sowie das <strong>Kurhaus<\/strong>. Auch UFA-Stars und der Dichter <strong>Joachim Ringelnatz<\/strong> haben eine festen Platz im kleinen aber feinen Programm des Kunstpfades erhalten.<\/p>\n<p><strong>Pssst<\/strong>! Falls Sie es noch nicht wussten. Eines der Gr\u00fcndungsmitglieder der &#8222;<strong>Kelly Family<\/strong>&#8220; &#8211; <em>Angelo Kelly<\/em> &#8211; ist mit einer Warnem\u00fcnderin verheiratet. Wer wei\u00df, wenn Sie oft genug in das Ostseebad kommen, k\u00f6nnen Sie sich vielleicht auch einen Promi angeln.<\/p>\n<h1><\/h1>\n","protected":false},"excerpt":{"rendered":"<p>Sonne, Strand und Meer, das sind die Zutaten eines Urlaubs in Warnem\u00fcnde. Doch das kleine Ostseebad umwehte schon immer ein Hauch von Exklusivit\u00e4t. Da sind die strahlend wei\u00dfen Ferienwohnungen, aufgereiht am Alten Strom, immer h\u00fcbsch in Szene gesetzt mit Blumenk\u00e4sten und dekorativen Elementen. Exklusive kleine Gesch\u00e4fte, die modische Kleidung anbieten, verwinkelte kleine L\u00e4den mit ausgesuchten<\/p>\n","protected":false},"author":61,"featured_media":5647,"comment_status":"closed","ping_status":"open","sticky":false,"template":"","format":"standard","meta":{"footnotes":""},"categories":[37,618],"tags":[1015,1014,1012,1013,585],"yoast_head":"<!-- This site is optimized with the Yoast SEO plugin v16.1.1 - https:\/\/yoast.com\/wordpress\/plugins\/seo\/ -->\n<title>Warnem\u00fcnde f\u00fcr Kunstliebhaber &ndash; InterDomizil Reisemagazin<\/title>\n<meta name=\"description\" content=\"Warnem\u00fcnde kann mehr als nur ein beschauliches Ostseebad zu sein. Warnem\u00fcnde kann auch Kunst. Welche Ecken Sie aufsuchen sollten, erfahren Sie hier.\" \/>\n<link rel=\"canonical\" href=\"https:\/\/www.interdomizil.de\/reisemagazin\/ortsbeschreibungen\/warnemuende-fuer-kunstliebhaber\" \/>\n<meta name=\"twitter:label1\" content=\"Gesch\u00e4tzte Lesezeit\">\n\t<meta name=\"twitter:data1\" content=\"5\u00a0Minuten\">\n<script type=\"application\/ld+json\" class=\"yoast-schema-graph\">{\"@context\":\"https:\/\/schema.org\",\"@graph\":[{\"@type\":\"WebSite\",\"@id\":\"https:\/\/www.interdomizil.de\/reisemagazin\/#website\",\"url\":\"https:\/\/www.interdomizil.de\/reisemagazin\/\",\"name\":\"InterDomizil Reisemagazin\",\"description\":\"Reiseziele. Urlaubtipps. Sehenswertes.\",\"potentialAction\":[{\"@type\":\"SearchAction\",\"target\":\"https:\/\/www.interdomizil.de\/reisemagazin\/?s={search_term_string}\",\"query-input\":\"required name=search_term_string\"}],\"inLanguage\":\"de\"},{\"@type\":\"ImageObject\",\"@id\":\"https:\/\/www.interdomizil.de\/reisemagazin\/ortsbeschreibungen\/warnemuende-fuer-kunstliebhaber#primaryimage\",\"inLanguage\":\"de\",\"url\":\"https:\/\/www.interdomizil.de\/reisemagazin\/wp-content\/uploads\/IMG_20140606_153219.jpg\",\"contentUrl\":\"https:\/\/www.interdomizil.de\/reisemagazin\/wp-content\/uploads\/IMG_20140606_153219.jpg\",\"width\":534,\"height\":950,\"caption\":\"viele Galerien in Warnem\\u00fcnde, befinden sich in der Alexandrinenstra\\u00dfe - Foto: Saskia Henck\"},{\"@type\":\"WebPage\",\"@id\":\"https:\/\/www.interdomizil.de\/reisemagazin\/ortsbeschreibungen\/warnemuende-fuer-kunstliebhaber#webpage\",\"url\":\"https:\/\/www.interdomizil.de\/reisemagazin\/ortsbeschreibungen\/warnemuende-fuer-kunstliebhaber\",\"name\":\"Warnem\\u00fcnde f\\u00fcr Kunstliebhaber &ndash; InterDomizil Reisemagazin\",\"isPartOf\":{\"@id\":\"https:\/\/www.interdomizil.de\/reisemagazin\/#website\"},\"primaryImageOfPage\":{\"@id\":\"https:\/\/www.interdomizil.de\/reisemagazin\/ortsbeschreibungen\/warnemuende-fuer-kunstliebhaber#primaryimage\"},\"datePublished\":\"2016-09-12T14:27:41+00:00\",\"dateModified\":\"2021-03-02T11:09:45+00:00\",\"author\":{\"@id\":\"https:\/\/www.interdomizil.de\/reisemagazin\/#\/schema\/person\/88e68aa5afdec9d042c8f78c340a2f6f\"},\"description\":\"Warnem\\u00fcnde kann mehr als nur ein beschauliches Ostseebad zu sein. Warnem\\u00fcnde kann auch Kunst. Welche Ecken Sie aufsuchen sollten, erfahren Sie hier.\",\"breadcrumb\":{\"@id\":\"https:\/\/www.interdomizil.de\/reisemagazin\/ortsbeschreibungen\/warnemuende-fuer-kunstliebhaber#breadcrumb\"},\"inLanguage\":\"de\",\"potentialAction\":[{\"@type\":\"ReadAction\",\"target\":[\"https:\/\/www.interdomizil.de\/reisemagazin\/ortsbeschreibungen\/warnemuende-fuer-kunstliebhaber\"]}]},{\"@type\":\"BreadcrumbList\",\"@id\":\"https:\/\/www.interdomizil.de\/reisemagazin\/ortsbeschreibungen\/warnemuende-fuer-kunstliebhaber#breadcrumb\",\"itemListElement\":[{\"@type\":\"ListItem\",\"position\":1,\"item\":{\"@type\":\"WebPage\",\"@id\":\"https:\/\/www.interdomizil.de\/reisemagazin\/\",\"url\":\"https:\/\/www.interdomizil.de\/reisemagazin\/\",\"name\":\"Home\"}},{\"@type\":\"ListItem\",\"position\":2,\"item\":{\"@type\":\"WebPage\",\"@id\":\"https:\/\/www.interdomizil.de\/reisemagazin\/ortsbeschreibungen\/warnemuende-fuer-kunstliebhaber\",\"url\":\"https:\/\/www.interdomizil.de\/reisemagazin\/ortsbeschreibungen\/warnemuende-fuer-kunstliebhaber\",\"name\":\"Warnem\\u00fcnde f\\u00fcr Kunstliebhaber\"}}]},{\"@type\":\"Person\",\"@id\":\"https:\/\/www.interdomizil.de\/reisemagazin\/#\/schema\/person\/88e68aa5afdec9d042c8f78c340a2f6f\",\"name\":\"Redaktion\"}]}<\/script>\n<!-- \/ Yoast SEO plugin. -->","_links":{"self":[{"href":"https:\/\/www.interdomizil.de\/reisemagazin\/wp-json\/wp\/v2\/posts\/5638"}],"collection":[{"href":"https:\/\/www.interdomizil.de\/reisemagazin\/wp-json\/wp\/v2\/posts"}],"about":[{"href":"https:\/\/www.interdomizil.de\/reisemagazin\/wp-json\/wp\/v2\/types\/post"}],"author":[{"embeddable":true,"href":"https:\/\/www.interdomizil.de\/reisemagazin\/wp-json\/wp\/v2\/users\/61"}],"replies":[{"embeddable":true,"href":"https:\/\/www.interdomizil.de\/reisemagazin\/wp-json\/wp\/v2\/comments?post=5638"}],"version-history":[{"count":15,"href":"https:\/\/www.interdomizil.de\/reisemagazin\/wp-json\/wp\/v2\/posts\/5638\/revisions"}],"predecessor-version":[{"id":11150,"href":"https:\/\/www.interdomizil.de\/reisemagazin\/wp-json\/wp\/v2\/posts\/5638\/revisions\/11150"}],"wp:featuredmedia":[{"embeddable":true,"href":"https:\/\/www.interdomizil.de\/reisemagazin\/wp-json\/wp\/v2\/media\/5647"}],"wp:attachment":[{"href":"https:\/\/www.interdomizil.de\/reisemagazin\/wp-json\/wp\/v2\/media?parent=5638"}],"wp:term":[{"taxonomy":"category","embeddable":true,"href":"https:\/\/www.interdomizil.de\/reisemagazin\/wp-json\/wp\/v2\/categories?post=5638"},{"taxonomy":"post_tag","embeddable":true,"href":"https:\/\/www.interdomizil.de\/reisemagazin\/wp-json\/wp\/v2\/tags?post=5638"}],"curies":[{"name":"wp","href":"https:\/\/api.w.org\/{rel}","templated":true}]}}