{"id":5353,"date":"2016-08-08T17:06:32","date_gmt":"2016-08-08T15:06:32","guid":{"rendered":"https:\/\/www.interdomizil.de\/reisemagazin\/?p=5353"},"modified":"2016-09-16T11:13:43","modified_gmt":"2016-09-16T09:13:43","slug":"persoenloicher-stadtrundgang-barcelona","status":"publish","type":"post","link":"https:\/\/www.interdomizil.de\/reisemagazin\/ortsbeschreibungen\/persoenloicher-stadtrundgang-barcelona","title":{"rendered":"Stadtrundgang durch Barcelona: La Rambla, Barri Gotic, Passeig de Gracia"},"content":{"rendered":"<div class=\"twoclick_social_bookmarks_post_5353 social_share_privacy clearfix 1.6.4 locale-de_DE sprite-de_DE\"><\/div><div class=\"twoclick-js\"><script type=\"text\/javascript\">\/* <![CDATA[ *\/\njQuery(document).ready(function($){if($('.twoclick_social_bookmarks_post_5353')){$('.twoclick_social_bookmarks_post_5353').socialSharePrivacy({\"services\":{\"facebook\":{\"status\":\"on\",\"txt_info\":\"2 Klicks f\\u00fcr mehr Datenschutz: Erst wenn Sie hier klicken, wird der Button aktiv und Sie k\\u00f6nnen Ihre Empfehlung an Facebook senden. Schon beim Aktivieren werden <strong>Daten an Dritte \\u00fcbertragen<\\\/strong> - siehe <strong>i<\\\/strong>.\",\"perma_option\":\"off\",\"action\":\"like\",\"language\":\"de_DE\"},\"twitter\":{\"reply_to\":\"\",\"tweet_text\":\"%20Stadtrundgang%20durch%20Barcelona%3A%20La%20Rambla%2C%20Barri%20Gotic%2C%20Passeig%20de%20Gracia%20%C2%BB%20...\",\"status\":\"on\",\"txt_info\":\"2 Klicks f\\u00fcr mehr Datenschutz: Erst wenn Sie hier klicken, wird der Button aktiv und Sie k\\u00f6nnen Ihre Empfehlung an Twitter senden. Schon beim Aktivieren werden <strong>Daten an Dritte \\u00fcbertragen<\\\/strong> - siehe <strong>i<\\\/strong>.\",\"perma_option\":\"off\",\"language\":\"de\"},\"pinterest\":{\"status\":\"on\",\"the_excerpt\":\"Stadtrundgang durch Barcelona: La Rambla, Barri Gotic, Passeig de Gracia\",\"txt_info\":\"2 Klicks f\\u00fcr mehr Datenschutz: Erst wenn Sie hier klicken, wird der Button aktiv und Sie k\\u00f6nnen Ihre Empfehlung an Pinterest senden. Schon beim Aktivieren werden <strong>Daten an Dritte \\u00fcbertragen<\\\/strong> - siehe <strong>i<\\\/strong>.\",\"perma_option\":\"off\",\"media\":\"https:\\\/\\\/www.interdomizil.de\\\/reisemagazin\\\/wp-content\\\/uploads\\\/20160719_202712_.jpg\"}},\"txt_help\":\"Wenn Sie diese Felder durch einen Klick aktivieren, werden Informationen an Facebook, Twitter, Flattr, Xing, t3n, LinkedIn, Pinterest oder Google eventuell ins Ausland <strong>\\u00fcbertragen<\\\/strong> und unter Umst\\u00e4nden auch dort <strong>gespeichert<\\\/strong>. N\\u00e4heres erfahren Sie durch einen Klick auf das <em>i<\\\/em>.\",\"settings_perma\":\"Dauerhaft aktivieren und Daten\\u00fcber-tragung zustimmen:\",\"info_link\":\"http:\\\/\\\/www.heise.de\\\/ct\\\/artikel\\\/2-Klicks-fuer-mehr-Datenschutz-1333879.html\",\"uri\":\"https:\\\/\\\/www.interdomizil.de\\\/reisemagazin\\\/ortsbeschreibungen\\\/persoenloicher-stadtrundgang-barcelona\",\"post_id\":5353,\"post_title_referrer_track\":\"Stadtrundgang+durch+Barcelona%3A+La+Rambla%2C+Barri+Gotic%2C+Passeig+de+Gracia\",\"concat\":\"%3F\",\"display_infobox\":\"on\"});}});\n\/* ]]> *\/<\/script><\/div><figure id=\"attachment_5354\" aria-describedby=\"caption-attachment-5354\" style=\"width: 300px\" class=\"wp-caption alignleft\"><img decoding=\"async\" loading=\"lazy\" class=\"wp-image-5354\" src=\"https:\/\/www.interdomizil.de\/reisemagazin\/wp-content\/uploads\/20160717_123048_.jpg\" alt=\"Anflug Barcelona - Foto: InterDomizil \" width=\"300\" height=\"400\" srcset=\"https:\/\/www.interdomizil.de\/reisemagazin\/wp-content\/uploads\/20160717_123048_.jpg 450w, https:\/\/www.interdomizil.de\/reisemagazin\/wp-content\/uploads\/20160717_123048_-200x267.jpg 200w, https:\/\/www.interdomizil.de\/reisemagazin\/wp-content\/uploads\/20160717_123048_-225x300.jpg 225w\" sizes=\"(max-width: 300px) 100vw, 300px\" \/><figcaption id=\"caption-attachment-5354\" class=\"wp-caption-text\">Anflug Barcelona &#8211; Foto: InterDomizil<\/figcaption><\/figure>\n<p style=\"text-align: justify;\">Als ich aus dem Flughafengeb\u00e4ude trete, glaube ich f\u00fcr einige Sekunden, blind geworden zu sein. Noch vor drei Stunden hatte ich das grautr\u00fcbe, verregnete Berlin verlassen, jetzt knallt die grelle, spanische Mittagssonne vom Himmel, brennt sich auffallend\u00a0in meine norddeutsche\u00a0Haut. Gro\u00dfe Palmen s\u00e4umen die Stra\u00dfe. Schwarz-gelbe Taxis warten auf Neuank\u00f6mmlinge. Schnell fummle ich meinen Strohhut aus meiner schwarzen Reisetasche, er ist zwar ordentlich zerknautscht und mitgenommen, gibt mir aber den ersehnten Sonnenschutz. Erst einmal durchatmen. Als ich in dem Gewimmel der vielen bunten Linien endlich den richtigen Bus gefunden habe, geht mein Urlaub im fremden Land endlich richtig los. Ich staune mit geschlossenem Mund. \u00dcberall die typischen Mittelmeerbauten aus beigefarbenem Sandstein, der sich pr\u00e4gnant vom Himmelsblau abhebt. Von Stahl, Beton oder Glas, wie in meiner Heimatstadt Hamburg, weit und breit keine Spur. Ab und zu erhebt sich der Staub und wirbelt in einer gro\u00dfen, ausgefransten Wolke \u00fcber die Stra\u00dfe. Meine Mitfahrer im Bus sprechen laut, mit wild gestikulierenden H\u00e4nden, wohl katalanisch. Mein erster Halt: <strong>Placa de Espanya<\/strong>. Der gro\u00dfe Platz am Fu\u00dfe des <strong>Montjuic<\/strong> (der 173 Meter hohe Hausberg <em>Barcelonas<\/em>), mit der umgebauten Stierkampfarena, den <strong>Venetian Towers<\/strong> und dem eindrucksvollen <strong>Palau Nacional<\/strong>, das katalanische Kunst beherbergt. Schnell einige Fotos knipsen und dann weiter zur <a href=\"https:\/\/www.interdomizil.de\/\">Ferienwohnung<\/a>. Erst einmal ankommen im neuen Land und die n\u00e4chsten Tage planen.<\/p>\n<h1 style=\"text-align: justify;\"><strong>Bummeln in der<\/strong> <strong>La Rambla <\/strong><\/h1>\n<p style=\"text-align: justify;\">Gleich am Sonntag entscheide ich mich, die wohl ber\u00fchmteste Stra\u00dfe Barcelonas zu entdecken. <strong>La Rambla<\/strong>, die Lebensader Barcelonas. Die Promenade verbindet das zentrumsnahe <strong>Placa de Catalunya<\/strong> &#8211; das Bindeglied zwischen Alt- und Neustadt &#8211; mit dem Hafen. Sofort fallen mir die vielen Souvenirst\u00e4nde auf. Sie bieten Typisches in Regenbogenfarben: Flamencokleidchen f\u00fcr M\u00e4dchen, Mosaikteller und Mobiles, Schl\u00fcsselanh\u00e4nger in Gaudi-Bunt, immer wieder Selfie-Sticks, ab und zu Blumensamen. Mein Portemonnaie sperrt sich bei diesem Angebot. Daf\u00fcr versp\u00fcre ich gro\u00dfe Lust, ein Foto nach dem anderen zu schie\u00dfen, der Speicher meines Smartphones f\u00fcllt sich schnell. Au\u00dferdem: FCB Barcelona \u00fcberall, der Fu\u00dfballverein, der die spanischen Herzen schneller schlagen l\u00e4sst. Blau-rot-gestreifte Trikots von Superstar Messi in Kindergr\u00f6\u00dfe, Small bis\u00a0XXXL. Das ideale Mitbringsel f\u00fcr meine fu\u00dfballbegeisterte Mama. Die Verhandlungen mit dem Verk\u00e4ufer in dem engen Laden beginnen. Nach und nach holt er\u00a0verschiedene Shirts in allen m\u00f6glichen Gr\u00f6\u00dfen hervor, holt sie aus der Plastikverpackung, streicht den Stoff glatt, blickt mich erwartungsvoll an. Ich kann mich nicht entscheiden. Als ich nach einem Ronaldo-Shirt frage, auch ein Liebling von Mama, reagiert er emp\u00f6rt, holt das knallig rosa Ding dann aber doch aus dem Lager. Mit meinem ersten Geschenk in der Tasche, erkunde ich weiter die lange Einkaufsstra\u00dfe. Abends qualmen die F\u00fc\u00dfe, auch mein Smarthone musste ordentlich arbeiten, ich g\u00f6nne ihm im in meiner <a href=\"https:\/\/www.interdomizil.de\/\">Ferienwohnung<\/a>\u00a0eine wohlverdiente Pause an der Steckdose.<\/p>\n<figure id=\"attachment_5392\" aria-describedby=\"caption-attachment-5392\" style=\"width: 620px\" class=\"wp-caption aligncenter\"><img decoding=\"async\" loading=\"lazy\" class=\"wp-image-5392 size-large\" src=\"https:\/\/www.interdomizil.de\/reisemagazin\/wp-content\/uploads\/20160718_100338_-620x372.jpg\" alt=\"Vereinstreue wird in Barcelona gro\u00df geschrieben - Foto: InterDomizil\" width=\"620\" height=\"372\" srcset=\"https:\/\/www.interdomizil.de\/reisemagazin\/wp-content\/uploads\/20160718_100338_-620x372.jpg 620w, https:\/\/www.interdomizil.de\/reisemagazin\/wp-content\/uploads\/20160718_100338_-200x120.jpg 200w, https:\/\/www.interdomizil.de\/reisemagazin\/wp-content\/uploads\/20160718_100338_-300x180.jpg 300w, https:\/\/www.interdomizil.de\/reisemagazin\/wp-content\/uploads\/20160718_100338_-768x461.jpg 768w, https:\/\/www.interdomizil.de\/reisemagazin\/wp-content\/uploads\/20160718_100338_.jpg 999w\" sizes=\"(max-width: 620px) 100vw, 620px\" \/><figcaption id=\"caption-attachment-5392\" class=\"wp-caption-text\">Vereinstreue wird in Barcelona gro\u00df geschrieben &#8211; Foto: InterDomizil<\/figcaption><\/figure>\n<p style=\"text-align: justify;\">Zwei Tage sp\u00e4ter die <strong>Mercat de la Bouqueria<\/strong>, eine der bekanntesten Markthallen der Stadt. Umgeben von bummelnden Menschen betrete ich die Halle, in der es aus allen Ecken nach Essen riecht. Vor allem Fisch und Meeresfr\u00fcchte. Ausgebreitet auf Eis liegen da Tintenfische, pr\u00e4sentieren mir ihr wei\u00dfes Innenleben, bereits vorbereitet f\u00fcr ihren Einsatz auf dem Gourmetteller, Schnecken, Austern, Fische mit weit ge\u00f6ffneten M\u00fcndern. Mein vegetarisches Ich muss schlucken. Ich gehe schnell weiter. N\u00fcsse, getrocknete Gew\u00fcrze, Fr\u00fcchte, Brot, alles frisch und meterhoch aufgestapelt. Gew\u00fcrze und Salz. Schwarz, wei\u00df oder mit Mangogeschmack. Ich entscheide mich f\u00fcr eine T\u00fcte Sesam mit Feigengeschmack.<\/p>\n<figure id=\"attachment_5374\" aria-describedby=\"caption-attachment-5374\" style=\"width: 317px\" class=\"wp-caption alignleft\"><img decoding=\"async\" loading=\"lazy\" class=\"wp-image-5374\" src=\"https:\/\/www.interdomizil.de\/reisemagazin\/wp-content\/uploads\/20160721_105702_bearb.jpg\" width=\"317\" height=\"300\" srcset=\"https:\/\/www.interdomizil.de\/reisemagazin\/wp-content\/uploads\/20160721_105702_bearb.jpg 558w, https:\/\/www.interdomizil.de\/reisemagazin\/wp-content\/uploads\/20160721_105702_bearb-200x189.jpg 200w, https:\/\/www.interdomizil.de\/reisemagazin\/wp-content\/uploads\/20160721_105702_bearb-300x284.jpg 300w\" sizes=\"(max-width: 317px) 100vw, 317px\" \/><figcaption id=\"caption-attachment-5374\" class=\"wp-caption-text\">Eingang zum wohl ber\u00fchmtesten Markt Barcelonas &#8211; Foto: InterDomizil<\/figcaption><\/figure>\n<figure id=\"attachment_5358\" aria-describedby=\"caption-attachment-5358\" style=\"width: 225px\" class=\"wp-caption alignright\"><img decoding=\"async\" loading=\"lazy\" class=\"wp-image-5358\" src=\"https:\/\/www.interdomizil.de\/reisemagazin\/wp-content\/uploads\/20160721_105840_.jpg\" alt=\"Leckereien f\u00fcr Jedermann - Foto: InterDomizil\" width=\"225\" height=\"300\" srcset=\"https:\/\/www.interdomizil.de\/reisemagazin\/wp-content\/uploads\/20160721_105840_.jpg 450w, https:\/\/www.interdomizil.de\/reisemagazin\/wp-content\/uploads\/20160721_105840_-200x267.jpg 200w, https:\/\/www.interdomizil.de\/reisemagazin\/wp-content\/uploads\/20160721_105840_-225x300.jpg 225w\" sizes=\"(max-width: 225px) 100vw, 225px\" \/><figcaption id=\"caption-attachment-5358\" class=\"wp-caption-text\">Leckereien f\u00fcr Jedermann &#8211; Foto: InterDomizil<\/figcaption><\/figure>\n<p style=\"text-align: justify;\">In der U-Bahn kurz durchatmen, immerhin steigt das Thermometer hier auf 30 Grad. Wie fast alle gr\u00f6\u00dferen Gesch\u00e4fte ist auch die U-Bahn angenehm k\u00fchl. Dennoch f\u00e4cheln sich viele Frauen, auch M\u00e4nner, erfrischende Luft zu. \u00dcberhaupt scheinen diese F\u00e4cher ja hier sehr beliebt zu sein. Mal schauen, wo ich mein eigenes Exemplar kaufen kann. Wenig sp\u00e4ter k\u00e4mpfe ich mit den Temperaturen, zwischen einzelnen Umsteigestationen muss ich viele Meter laufen, zwar abgelenkt durch Untergrundmusik, doch die schw\u00fcle Hitze treibt mir die Schwei\u00dfperlen auf die Stirn.<\/p>\n<p style=\"text-align: justify;\"><strong>In der Altstadt Barcelonas: Barri Gotic <\/strong><\/p>\n<p style=\"text-align: justify;\">Am n\u00e4chsten Tag steht das n\u00e4chste Highlight auf dem Urlaubsplan: das gotische Viertel, das sich n\u00f6rdlich von <strong>La Rambla <\/strong>erstreckt. <strong>Barri Gotic<\/strong> erinnert an einen steinernen Irrgarten, ich k\u00f6nnte Tage, ja Wochen hier verbringen. Ich verliebe mich auf den ersten Blick. Romantische Laternen, schick in Pastell getauchte Hausw\u00e4nde mit dem Charme vergangener Jahrzehnte, eine Kirche nach der anderen. Alles etwas alt hier, aber so sch\u00f6n retro! Ich tauche ein in die vielen Gassen, eine enger als die n\u00e4chste. Melancholische Gitarrenmusik hallt durch die Stra\u00dfen. Ich f\u00fchle mich, als w\u00e4re ich zuhause angekommen. Gusseiserne Balkone, an denen bunte W\u00e4sche h\u00e4ngt. Ornamentverzierte Fassaden, der Geruch von Kr\u00e4utern. Pl\u00f6tzlich durchstr\u00f6mt mich ein intensives Gef\u00fchl von Amsterdam. Viele kleine L\u00e4den buhlen um meine Aufmerksamkeit. Da ist der ein oder andere Concept Store, eingeklemmt zwischen Marihuana-Museum und Hipster-Kneipe, kleine R\u00e4ume voller S\u00fc\u00dfigkeiten, K\u00fcnstler, die ihre Arbeiten ausstellen, der ein oder andere Desigual-Laden. Dann ein Laden ganz nach meinem Geschmack: der Kleiderladen <strong>&#8222;Flamingo Vintage Kilo&#8220;<\/strong>. Hier finde ich einen ganzen Kleiderst\u00e4nder mit Punkten; gepunktete Blusen, R\u00f6cke, Taschen &#8211; ja Punkte im \u00dcberfluss. Ich z\u00fccke meinen neuen F\u00e4cher und w\u00fchle mich in dem stickigen Laden durch die Sch\u00e4tze.<\/p>\n<figure id=\"attachment_5355\" aria-describedby=\"caption-attachment-5355\" style=\"width: 270px\" class=\"wp-caption alignleft\"><img decoding=\"async\" loading=\"lazy\" class=\"wp-image-5355\" src=\"https:\/\/www.interdomizil.de\/reisemagazin\/wp-content\/uploads\/20160721_123546_.jpg\" alt=\"Vintage Laden - Foto: InterDomizil\" width=\"270\" height=\"360\" srcset=\"https:\/\/www.interdomizil.de\/reisemagazin\/wp-content\/uploads\/20160721_123546_.jpg 450w, https:\/\/www.interdomizil.de\/reisemagazin\/wp-content\/uploads\/20160721_123546_-200x267.jpg 200w, https:\/\/www.interdomizil.de\/reisemagazin\/wp-content\/uploads\/20160721_123546_-225x300.jpg 225w\" sizes=\"(max-width: 270px) 100vw, 270px\" \/><figcaption id=\"caption-attachment-5355\" class=\"wp-caption-text\">Vintage Laden &#8211; Foto: InterDomizil<\/figcaption><\/figure>\n<figure id=\"attachment_5356\" aria-describedby=\"caption-attachment-5356\" style=\"width: 270px\" class=\"wp-caption alignright\"><img decoding=\"async\" loading=\"lazy\" class=\"wp-image-5356\" src=\"https:\/\/www.interdomizil.de\/reisemagazin\/wp-content\/uploads\/20160717_184059_.jpg\" alt=\"Shoppen in Barcelona - Foto: InterDomizil\" width=\"270\" height=\"360\" srcset=\"https:\/\/www.interdomizil.de\/reisemagazin\/wp-content\/uploads\/20160717_184059_.jpg 450w, https:\/\/www.interdomizil.de\/reisemagazin\/wp-content\/uploads\/20160717_184059_-200x267.jpg 200w, https:\/\/www.interdomizil.de\/reisemagazin\/wp-content\/uploads\/20160717_184059_-225x300.jpg 225w\" sizes=\"(max-width: 270px) 100vw, 270px\" \/><figcaption id=\"caption-attachment-5356\" class=\"wp-caption-text\">Shoppen in Barcelona &#8211; Foto: InterDomizil<\/figcaption><\/figure>\n<p>Durch Zufall sto\u00dfe ich auf die Kathedrale, mit vollem Namen hei\u00dft sie\u00a0<strong>La Catedral de la Santa Creu i Santa Eul\u00e0lia<\/strong>. Ein Glanzst\u00fcck der Gotik. Die hoch aufragenden T\u00fcrme erinnern an Sandburgen, von K\u00f6nigen zusammengesetzt. Auf dem gro\u00dfen Platz sehe ich viele Restaurants, Caf\u00e9s, m\u00fcde Urlauber, die ihre F\u00fc\u00dfe ausruhen, sich in der Sonne aalen. Einfach nur da sind, im fremden Land, gemeinsam mit all den anderen Menschen auf der Erkundungstour durch diese lebendige Stadt. Vor dem Eingang wieder die Verk\u00e4ufer. Wasserflasche oder Selfiestick. Gerne m\u00f6chte ich die Kirche betreten, doch der Eintritt kostet 7 Euro. Au\u00dferdem habe ich meine Strickjacke zuhause gelassen, ein Tuch habe ich nicht eingepackt. Am dritten Urlaubstag ist <a href=\"http:\/\/www.sagradafamilia.org\/en\/\"><strong>Sagrada Familia<\/strong><\/a> gebucht, eine weitere Kathedrale und Gaudis unvollendetes Meisterwerk.<\/p>\n<h3 style=\"text-align: justify;\"><strong>Passeig de Gracia: Gaudi und Gucci<\/strong><\/h3>\n<p style=\"text-align: justify;\">Mein n\u00e4chstes Ziel steht fest: die zwei <strong>Gaudi-H\u00e4user<\/strong> im Stadtteil <strong>Eixample<\/strong>. Ein Luxuslabel-Laden reiht sich hier an den n\u00e4chsten, Ku&#8216; damm in Spanien. Bullig aussehende Sicherheitsm\u00e4nner stehen vor dem Eingang, schauen grimmig. Handtaschen in Miniaturformat zum Maxipreis. Ich laufe auf Anhieb in die richtige Richtung. Nur wenige Meter von der U-Bahn-Station eine Menschentraube, die in den Himmel blickt. Als auch ich hochschauen m\u00f6chte, macht mir die helle spanische Sonne einen Strich durch die Rechnung, viel sehen kann ich nicht. Ich muss auf die andere Stra\u00dfenseite, um <strong>Casa Batllo<\/strong> in ganzer Pracht sehen zu k\u00f6nnen. Organische Formen pr\u00e4gen das Haus, die Balkone wirken wie schmollende M\u00fcnder, die Fensterfronten getragen von menschlichen Rippen. Die Textur der H\u00e4userfassade erinnert an ein Mosaik, das zerbrochen ist und im kaputten Zustand wieder zusammengef\u00fcgt wurde. Wie <strong>Hundertwasser<\/strong>, nur nicht ganz so bunt. Den Eintrittspreis von 22,50 \u20ac spare ich mir, auch, weil die Schlange an der Kasse viel zu lang ist. Doch nur wenige Meter weiter gleich der n\u00e4chste Gaudi-Entwurf, <strong>La Pedrera<\/strong>, auch als <strong>Casa Mila<\/strong> bekannt, mit einem Eintrittspreis von 20,50\u20ac fast schon ein Barcelona-Schn\u00e4ppchen. Aus der Entfernung wirkt es so, als h\u00e4tten Wellen den Stein geformt, die archaisch\u00a0wirkenden Balkone mit ihren gekr\u00fcmmten Metallgel\u00e4ndern scheinen so gar nicht zu zur harmonischen Fassade zu passen. Auf der Dachterrasse eine weitere \u00dcberraschung, Kamine, die in Skulpturen in Menschenform daherkommen, in Wahrheit aber Treppen oder Wasserspeicher beherbergen. Eingeklemmt zwischen <strong>Batllo<\/strong> und <strong>Mila<\/strong> der Zankapfel, ein \u00fcppig verziertes Haus, das direkt aus dem Orient zu kommen scheint. Schn\u00f6rkel im \u00dcberma\u00df. Au\u00dferdem ein pr\u00e4chtiges Beispiel f\u00fcr den katalanischen Modernismus.<\/p>\n<p style=\"text-align: justify;\">Zwischen den Leuten entdecke ich auf einmal Greg, den amerikanischen Touristen, der mir im Flughafenbus zum ersten Mal begegnet bin. Die Hitze sei er gew\u00f6hnt, meinte er damals, schlie\u00dflich kommt er aus San Diego. In den n\u00e4chsten Tagen werden wir uns noch zwei Mal begegnen, mitten in <strong>Barcelona<\/strong>. Wir teilen Eindr\u00fccke, halten kurz inne und machen uns dann auf zur n\u00e4chsten Sehensw\u00fcrdigkeit. Gemeinsam mit Tausenden anderer Urlauber. Zwei Fremde in der Ferne. Wir kommen einander nicht n\u00e4her, beobachten einander beim Selfie knipsen, fahren gemeinsam den Turm der <strong>Sagrada Familia<\/strong> hoch, schwitzen in der Hitze, immer mit dem erwartungsvollen Grinsen im Gesicht. Immerhin sind wir in einer der gro\u00dfartigsten St\u00e4dte der Welt, oder? Ich muss wohl doch noch einmal wiederkommen, vielleicht werden dann aus Fremden Vertraute.<\/p>\n<figure id=\"attachment_5380\" aria-describedby=\"caption-attachment-5380\" style=\"width: 333px\" class=\"wp-caption alignleft\"><img decoding=\"async\" loading=\"lazy\" class=\"wp-image-5380\" src=\"https:\/\/www.interdomizil.de\/reisemagazin\/wp-content\/uploads\/20160718_105840_-300x225.jpg\" alt=\"Zu entdecken gibt es hier von innen wie von aussen - Segrada de Familia\" width=\"333\" height=\"250\" srcset=\"https:\/\/www.interdomizil.de\/reisemagazin\/wp-content\/uploads\/20160718_105840_-300x225.jpg 300w, https:\/\/www.interdomizil.de\/reisemagazin\/wp-content\/uploads\/20160718_105840_.jpg 800w, https:\/\/www.interdomizil.de\/reisemagazin\/wp-content\/uploads\/20160718_105840_-200x150.jpg 200w, https:\/\/www.interdomizil.de\/reisemagazin\/wp-content\/uploads\/20160718_105840_-768x576.jpg 768w, https:\/\/www.interdomizil.de\/reisemagazin\/wp-content\/uploads\/20160718_105840_-620x465.jpg 620w\" sizes=\"(max-width: 333px) 100vw, 333px\" \/><figcaption id=\"caption-attachment-5380\" class=\"wp-caption-text\">Zu entdecken gibt es hier von innen wie von aussen &#8211; Segrada de Familia<\/figcaption><\/figure>\n<figure id=\"attachment_5384\" aria-describedby=\"caption-attachment-5384\" style=\"width: 188px\" class=\"wp-caption alignright\"><img decoding=\"async\" loading=\"lazy\" class=\"wp-image-5384\" src=\"https:\/\/www.interdomizil.de\/reisemagazin\/wp-content\/uploads\/20160718_111051_-225x300.jpg\" alt=\"Sagrada Familia - das Bauwerk von Gaudi schlechthin - Foto: InterDomizil\" width=\"188\" height=\"250\" srcset=\"https:\/\/www.interdomizil.de\/reisemagazin\/wp-content\/uploads\/20160718_111051_-225x300.jpg 225w, https:\/\/www.interdomizil.de\/reisemagazin\/wp-content\/uploads\/20160718_111051_.jpg 450w, https:\/\/www.interdomizil.de\/reisemagazin\/wp-content\/uploads\/20160718_111051_-200x267.jpg 200w\" sizes=\"(max-width: 188px) 100vw, 188px\" \/><figcaption id=\"caption-attachment-5384\" class=\"wp-caption-text\">Sagrada Familia &#8211; das Bauwerk von Gaudi schlechthin &#8211; Foto: InterDomizil<\/figcaption><\/figure>\n<figure id=\"attachment_5399\" aria-describedby=\"caption-attachment-5399\" style=\"width: 500px\" class=\"wp-caption aligncenter\"><img decoding=\"async\" loading=\"lazy\" class=\"wp-image-5399\" src=\"https:\/\/www.interdomizil.de\/reisemagazin\/wp-content\/uploads\/photo-1444808134024-5d3ae88d0798-620x413.jpg\" alt=\"Barcelona - noch nicht vorbei? - Foto: Unsplash (CCZero)\" width=\"500\" height=\"333\" srcset=\"https:\/\/www.interdomizil.de\/reisemagazin\/wp-content\/uploads\/photo-1444808134024-5d3ae88d0798-620x413.jpg 620w, https:\/\/www.interdomizil.de\/reisemagazin\/wp-content\/uploads\/photo-1444808134024-5d3ae88d0798-270x180.jpg 270w, https:\/\/www.interdomizil.de\/reisemagazin\/wp-content\/uploads\/photo-1444808134024-5d3ae88d0798-770x515.jpg 770w, https:\/\/www.interdomizil.de\/reisemagazin\/wp-content\/uploads\/photo-1444808134024-5d3ae88d0798-200x133.jpg 200w, https:\/\/www.interdomizil.de\/reisemagazin\/wp-content\/uploads\/photo-1444808134024-5d3ae88d0798-300x200.jpg 300w, https:\/\/www.interdomizil.de\/reisemagazin\/wp-content\/uploads\/photo-1444808134024-5d3ae88d0798-768x512.jpg 768w\" sizes=\"(max-width: 500px) 100vw, 500px\" \/><figcaption id=\"caption-attachment-5399\" class=\"wp-caption-text\">Barcelona &#8211; noch nicht vorbei? &#8211; Foto: Unsplash (CCZero)<\/figcaption><\/figure>\n<p>&nbsp;<\/p>\n","protected":false},"excerpt":{"rendered":"<p>Als ich aus dem Flughafengeb\u00e4ude trete, glaube ich f\u00fcr einige Sekunden, blind geworden zu sein. Noch vor drei Stunden hatte ich das grautr\u00fcbe, verregnete Berlin verlassen, jetzt knallt die grelle, spanische Mittagssonne vom Himmel, brennt sich auffallend\u00a0in meine norddeutsche\u00a0Haut. Gro\u00dfe Palmen s\u00e4umen die Stra\u00dfe. Schwarz-gelbe Taxis warten auf Neuank\u00f6mmlinge. Schnell fummle ich meinen Strohhut aus<\/p>\n","protected":false},"author":3,"featured_media":5395,"comment_status":"closed","ping_status":"open","sticky":false,"template":"","format":"standard","meta":{"footnotes":""},"categories":[618,916],"tags":[997,998],"yoast_head":"<!-- This site is optimized with the Yoast SEO plugin v16.1.1 - https:\/\/yoast.com\/wordpress\/plugins\/seo\/ -->\n<title>Barcelona - ein pers\u00f6nlicher Stadtrundgang<\/title>\n<meta name=\"description\" content=\"Als ich aus dem Flughafengeb\u00e4ude Barcelona trete, glaube ich f\u00fcr einige Sekunden, blind geworden zu sein. Noch vor drei Stunden hatte ich das grautr\u00fcbe...\" \/>\n<link rel=\"canonical\" href=\"https:\/\/www.interdomizil.de\/reisemagazin\/ortsbeschreibungen\/persoenloicher-stadtrundgang-barcelona\" \/>\n<meta name=\"twitter:label1\" content=\"Gesch\u00e4tzte Lesezeit\">\n\t<meta name=\"twitter:data1\" content=\"8\u00a0Minuten\">\n<script type=\"application\/ld+json\" class=\"yoast-schema-graph\">{\"@context\":\"https:\/\/schema.org\",\"@graph\":[{\"@type\":\"WebSite\",\"@id\":\"https:\/\/www.interdomizil.de\/reisemagazin\/#website\",\"url\":\"https:\/\/www.interdomizil.de\/reisemagazin\/\",\"name\":\"InterDomizil Reisemagazin\",\"description\":\"Reiseziele. Urlaubtipps. Sehenswertes.\",\"potentialAction\":[{\"@type\":\"SearchAction\",\"target\":\"https:\/\/www.interdomizil.de\/reisemagazin\/?s={search_term_string}\",\"query-input\":\"required name=search_term_string\"}],\"inLanguage\":\"de\"},{\"@type\":\"ImageObject\",\"@id\":\"https:\/\/www.interdomizil.de\/reisemagazin\/ortsbeschreibungen\/persoenloicher-stadtrundgang-barcelona#primaryimage\",\"inLanguage\":\"de\",\"url\":\"https:\/\/www.interdomizil.de\/reisemagazin\/wp-content\/uploads\/20160719_202712_.jpg\",\"contentUrl\":\"https:\/\/www.interdomizil.de\/reisemagazin\/wp-content\/uploads\/20160719_202712_.jpg\",\"width\":800,\"height\":600,\"caption\":\"Barcelona und Gaudi - Foto: InterDomizil\"},{\"@type\":\"WebPage\",\"@id\":\"https:\/\/www.interdomizil.de\/reisemagazin\/ortsbeschreibungen\/persoenloicher-stadtrundgang-barcelona#webpage\",\"url\":\"https:\/\/www.interdomizil.de\/reisemagazin\/ortsbeschreibungen\/persoenloicher-stadtrundgang-barcelona\",\"name\":\"Barcelona - ein pers\\u00f6nlicher Stadtrundgang\",\"isPartOf\":{\"@id\":\"https:\/\/www.interdomizil.de\/reisemagazin\/#website\"},\"primaryImageOfPage\":{\"@id\":\"https:\/\/www.interdomizil.de\/reisemagazin\/ortsbeschreibungen\/persoenloicher-stadtrundgang-barcelona#primaryimage\"},\"datePublished\":\"2016-08-08T15:06:32+00:00\",\"dateModified\":\"2016-09-16T09:13:43+00:00\",\"author\":{\"@id\":\"https:\/\/www.interdomizil.de\/reisemagazin\/#\/schema\/person\/ddde02f47c63e31c041176442ea05d35\"},\"description\":\"Als ich aus dem Flughafengeb\\u00e4ude Barcelona trete, glaube ich f\\u00fcr einige Sekunden, blind geworden zu sein. Noch vor drei Stunden hatte ich das grautr\\u00fcbe...\",\"breadcrumb\":{\"@id\":\"https:\/\/www.interdomizil.de\/reisemagazin\/ortsbeschreibungen\/persoenloicher-stadtrundgang-barcelona#breadcrumb\"},\"inLanguage\":\"de\",\"potentialAction\":[{\"@type\":\"ReadAction\",\"target\":[\"https:\/\/www.interdomizil.de\/reisemagazin\/ortsbeschreibungen\/persoenloicher-stadtrundgang-barcelona\"]}]},{\"@type\":\"BreadcrumbList\",\"@id\":\"https:\/\/www.interdomizil.de\/reisemagazin\/ortsbeschreibungen\/persoenloicher-stadtrundgang-barcelona#breadcrumb\",\"itemListElement\":[{\"@type\":\"ListItem\",\"position\":1,\"item\":{\"@type\":\"WebPage\",\"@id\":\"https:\/\/www.interdomizil.de\/reisemagazin\/\",\"url\":\"https:\/\/www.interdomizil.de\/reisemagazin\/\",\"name\":\"Home\"}},{\"@type\":\"ListItem\",\"position\":2,\"item\":{\"@type\":\"WebPage\",\"@id\":\"https:\/\/www.interdomizil.de\/reisemagazin\/ortsbeschreibungen\/persoenloicher-stadtrundgang-barcelona\",\"url\":\"https:\/\/www.interdomizil.de\/reisemagazin\/ortsbeschreibungen\/persoenloicher-stadtrundgang-barcelona\",\"name\":\"Stadtrundgang durch Barcelona: La Rambla, Barri Gotic, Passeig de Gracia\"}}]},{\"@type\":\"Person\",\"@id\":\"https:\/\/www.interdomizil.de\/reisemagazin\/#\/schema\/person\/ddde02f47c63e31c041176442ea05d35\",\"name\":\"Redaktion\"}]}<\/script>\n<!-- \/ Yoast SEO plugin. -->","_links":{"self":[{"href":"https:\/\/www.interdomizil.de\/reisemagazin\/wp-json\/wp\/v2\/posts\/5353"}],"collection":[{"href":"https:\/\/www.interdomizil.de\/reisemagazin\/wp-json\/wp\/v2\/posts"}],"about":[{"href":"https:\/\/www.interdomizil.de\/reisemagazin\/wp-json\/wp\/v2\/types\/post"}],"author":[{"embeddable":true,"href":"https:\/\/www.interdomizil.de\/reisemagazin\/wp-json\/wp\/v2\/users\/3"}],"replies":[{"embeddable":true,"href":"https:\/\/www.interdomizil.de\/reisemagazin\/wp-json\/wp\/v2\/comments?post=5353"}],"version-history":[{"count":53,"href":"https:\/\/www.interdomizil.de\/reisemagazin\/wp-json\/wp\/v2\/posts\/5353\/revisions"}],"predecessor-version":[{"id":5669,"href":"https:\/\/www.interdomizil.de\/reisemagazin\/wp-json\/wp\/v2\/posts\/5353\/revisions\/5669"}],"wp:featuredmedia":[{"embeddable":true,"href":"https:\/\/www.interdomizil.de\/reisemagazin\/wp-json\/wp\/v2\/media\/5395"}],"wp:attachment":[{"href":"https:\/\/www.interdomizil.de\/reisemagazin\/wp-json\/wp\/v2\/media?parent=5353"}],"wp:term":[{"taxonomy":"category","embeddable":true,"href":"https:\/\/www.interdomizil.de\/reisemagazin\/wp-json\/wp\/v2\/categories?post=5353"},{"taxonomy":"post_tag","embeddable":true,"href":"https:\/\/www.interdomizil.de\/reisemagazin\/wp-json\/wp\/v2\/tags?post=5353"}],"curies":[{"name":"wp","href":"https:\/\/api.w.org\/{rel}","templated":true}]}}