{"id":524,"date":"2012-09-12T13:45:32","date_gmt":"2012-09-12T11:45:32","guid":{"rendered":"https:\/\/www.interdomizil.de\/reisemagazin\/?p=524"},"modified":"2016-05-27T15:02:13","modified_gmt":"2016-05-27T13:02:13","slug":"munchen-liegt-nicht-in-den-bergen","status":"publish","type":"post","link":"https:\/\/www.interdomizil.de\/reisemagazin\/urlaubsgeschichten\/munchen-liegt-nicht-in-den-bergen","title":{"rendered":"M\u00fcnchen liegt nicht in den Bergen"},"content":{"rendered":"<div class=\"twoclick_social_bookmarks_post_524 social_share_privacy clearfix 1.6.4 locale-de_DE sprite-de_DE\"><\/div><div class=\"twoclick-js\"><script type=\"text\/javascript\">\/* <![CDATA[ *\/\njQuery(document).ready(function($){if($('.twoclick_social_bookmarks_post_524')){$('.twoclick_social_bookmarks_post_524').socialSharePrivacy({\"services\":{\"facebook\":{\"status\":\"on\",\"txt_info\":\"2 Klicks f\\u00fcr mehr Datenschutz: Erst wenn Sie hier klicken, wird der Button aktiv und Sie k\\u00f6nnen Ihre Empfehlung an Facebook senden. Schon beim Aktivieren werden <strong>Daten an Dritte \\u00fcbertragen<\\\/strong> - siehe <strong>i<\\\/strong>.\",\"perma_option\":\"off\",\"action\":\"like\",\"language\":\"de_DE\"},\"twitter\":{\"reply_to\":\"\",\"tweet_text\":\"%20M%C3%BCnchen%20liegt%20nicht%20in%20den%20Bergen%20%C2%BB%20InterDomizil%20Reisemagazin%20%23Bayern%20...\",\"status\":\"on\",\"txt_info\":\"2 Klicks f\\u00fcr mehr Datenschutz: Erst wenn Sie hier klicken, wird der Button aktiv und Sie k\\u00f6nnen Ihre Empfehlung an Twitter senden. Schon beim Aktivieren werden <strong>Daten an Dritte \\u00fcbertragen<\\\/strong> - siehe <strong>i<\\\/strong>.\",\"perma_option\":\"off\",\"language\":\"de\"}},\"txt_help\":\"Wenn Sie diese Felder durch einen Klick aktivieren, werden Informationen an Facebook, Twitter, Flattr, Xing, t3n, LinkedIn, Pinterest oder Google eventuell ins Ausland <strong>\\u00fcbertragen<\\\/strong> und unter Umst\\u00e4nden auch dort <strong>gespeichert<\\\/strong>. N\\u00e4heres erfahren Sie durch einen Klick auf das <em>i<\\\/em>.\",\"settings_perma\":\"Dauerhaft aktivieren und Daten\\u00fcber-tragung zustimmen:\",\"info_link\":\"http:\\\/\\\/www.heise.de\\\/ct\\\/artikel\\\/2-Klicks-fuer-mehr-Datenschutz-1333879.html\",\"uri\":\"https:\\\/\\\/www.interdomizil.de\\\/reisemagazin\\\/urlaubsgeschichten\\\/munchen-liegt-nicht-in-den-bergen\",\"post_id\":524,\"post_title_referrer_track\":\"M%C3%BCnchen+liegt+nicht+in+den+Bergen\",\"concat\":\"%3F\",\"display_infobox\":\"on\"});}});\n\/* ]]> *\/<\/script><\/div><p>Ein sommerlicher Augusttag. Die Bierg\u00e4rten sind voll. Ich gehe in den Park und: Es muss nicht immer der Englische Garten sein. Zumindest vorerst.<\/p>\n<p>Ich schlendere im Schwabing jenseits der M\u00fcnchner Freiheit \u2013 also im n\u00f6rdlichen Teil, da wo Schwabing nicht ganz so hip und trendy ist. Der Luitpoldpark schl\u00e4ft um die Ecke. Ich erinnere mich nicht mehr an meinen letzten Besuch. Nur wenige Leute sind unterwegs. Irgendwo zwischen zwei B\u00e4umen haben Jugendliche ein Seil gespannt und balancieren. Eine Kamera geschultert. Entsteht gerade ein neues Video f\u00fcr YouTube?<\/p>\n<p>Der Weg steigt an. Richtig, am Scheidplatz t\u00fcrmt sich der Schuttberg auf. Einer der \u00dcberbleibsel des zweiten Weltkriegs, ich gehe auf dem Schutt des zerst\u00f6rten M\u00fcnchen. Irgendwo im Schatten steht die Erinnerungstafel \u2013 f\u00fcr viele junge M\u00fcnchner ist das nur noch ein Berg, an dem es sich im Winter wunderbar rodeln l\u00e4sst.<\/p>\n<p>M\u00fcnchen liegt in den Bergen, denken viele. Denn wer kennt sie nicht, die Postkarten mit den Turmspitzen von Frauenkirche und Altem Peter, dahinter gro\u00df, stolz und nah, die schneebedeckten bayrischen Alpen. Will man die Berge suchen, muss man in M\u00fcnchen hinaufsteigen \u2013 zum Beispiel auf den Olympiaturm oder auf den Schuttberg am Scheidplatz. Wenn das Wetter sch\u00f6n und nicht allzu diesig ist, dann sieht man sie, die Berge.<\/p>\n<p>Oben angekommen bin ich allein. B\u00e4ume s\u00e4umen den Aussichtsplatz. Da ist sie, die Bergkette \u2013 fein gezeichnet und deutlich.<\/p>\n<p>Es ist sch\u00f6n, eine Weile auf der Mauer zu sitzen, den V\u00f6geln zu lauschen, den Stadtverkehr als Sound im Hintergrund&#8230;. \u201eIch bin da!\u201c, rauscht die Stadt. 1,4 Millionen Menschen leben in M\u00fcnchen, die Stadt w\u00e4chst, hei\u00dft es, und die Mietpreise sind dementsprechend. Aber war das schon einmal anders?<\/p>\n<p>M\u00fcnchen ist begehrt. Was macht den Charme aus? Ich gehe weiter, jetzt in Richtung M\u00fcnchner Freiheit \u2013 die Clemensstra\u00dfe entlang. Eine langweilige Ecke, tags\u00fcber \u2013 aber nachts ist da oft der B\u00e4r los, wird mir erz\u00e4hlt. Hundert Meter weiter blickt eine Maria wie eh und je gelassen von der Hauswand auf das Geschehen.<\/p>\n<p>Caf\u00e9 M\u00fcnchner Freiheit \u2013 immer noch gern genutzter Treffpunkt \u2013 von der Schwabinger Schickeria, vom grantelnden Bayern, von der Mutter mit den Kindern und nat\u00fcrlich den zahlreichen Touristen. Im Sommer ist M\u00fcnchen voller Touristen.<\/p>\n<p>Ich lass\u2019 mich weiter treiben, an typischen M\u00fcnchner H\u00e4usern vorbei in Richtung Englischer Garten. Hey, da ist ja der Kleinhesseloher See \u2013 die G\u00e4nse scheinen ihn diesmal auch als Rastplatz auserkoren zu haben. Nicht nur ich nutze das Fotomotiv.<\/p>\n<p>Im n\u00f6rdlichen Teil des Englischen Gartens habe ich Ruhe. Lauschige Ecken finde ich. Das n\u00e4chste Mal nehme ich mir eine Decke und ein Buch mit. Ich gehe in Richtung S\u00fcden, denn ich will auch noch den anderen Englischen Garten sehen. Den mit den Reitwegen, dem Monopterus und dem Chinesen.<\/p>\n<p>Ich h\u00f6re Stimmen: Spanisch, Italienisch, Englisch, Japanisch \u2013 ach ja, und auch M\u00fcnchnerisch. Ich bin richtig. Ich bin am Chinesen. Der Chinesische Turm ist einer der vielen Bierg\u00e4rten in M\u00fcnchen, vielleicht ist er der bekannteste \u2013 der sch\u00f6nste ist er sicher nicht, aber trotzdem: Es macht Spa\u00df, mal wieder vorbei zu schau\u2019n.<\/p>\n<p>Seit hundert Jahren gibt es das \u201ek\u00f6niglich-bayrische Biergartengesetz\u201c \u2013 da darf man sich seinen Brotzeitkorb selbst mitbringen und muss nicht die (teuren) Biergartenpreise f\u00fcr Radi, Obatztn, Emmentaler und Leberkas zahlen. Die Ma\u00df Bier oder Radler, aber auch die gro\u00dfe Brezn, kauft man selbstredend dort. Sicher war ich mir nicht, aber es scheint auch hier noch zu gelten \u2013 zumindest im Selbstbedienungsbereich. Prost.<\/p>\n<p>&nbsp;<\/p>\n<p>&nbsp;<\/p>\n<p>&nbsp;<\/p>\n<p>&nbsp;<\/p>\n<p>&nbsp;<\/p>\n<p>&nbsp;<\/p>\n<p>M\u00fcnchen, August 2012<\/p>\n","protected":false},"excerpt":{"rendered":"<p>Ein sommerlicher Augusttag. Die Bierg\u00e4rten sind voll. Ich gehe in den Park und: Es muss nicht immer der Englische Garten sein. Zumindest vorerst. Ich schlendere im Schwabing jenseits der M\u00fcnchner Freiheit \u2013 also im n\u00f6rdlichen Teil, da wo Schwabing nicht ganz so hip und trendy ist. Der Luitpoldpark schl\u00e4ft um die Ecke. Ich erinnere mich<\/p>\n","protected":false},"author":59,"featured_media":0,"comment_status":"open","ping_status":"open","sticky":false,"template":"","format":"standard","meta":{"footnotes":""},"categories":[37,25],"tags":[621,549,721],"yoast_head":"<!-- This site is optimized with the Yoast SEO plugin v16.1.1 - https:\/\/yoast.com\/wordpress\/plugins\/seo\/ -->\n<title>M\u00fcnchen liegt nicht in den Bergen<\/title>\n<meta name=\"description\" content=\"M\u00fcnchen liegt nicht in den Bergen\" \/>\n<link rel=\"canonical\" href=\"https:\/\/www.interdomizil.de\/reisemagazin\/urlaubsgeschichten\/munchen-liegt-nicht-in-den-bergen\" \/>\n<meta name=\"twitter:label1\" content=\"Gesch\u00e4tzte Lesezeit\">\n\t<meta name=\"twitter:data1\" content=\"3\u00a0Minuten\">\n<script type=\"application\/ld+json\" class=\"yoast-schema-graph\">{\"@context\":\"https:\/\/schema.org\",\"@graph\":[{\"@type\":\"WebSite\",\"@id\":\"https:\/\/www.interdomizil.de\/reisemagazin\/#website\",\"url\":\"https:\/\/www.interdomizil.de\/reisemagazin\/\",\"name\":\"InterDomizil Reisemagazin\",\"description\":\"Reiseziele. Urlaubtipps. Sehenswertes.\",\"potentialAction\":[{\"@type\":\"SearchAction\",\"target\":\"https:\/\/www.interdomizil.de\/reisemagazin\/?s={search_term_string}\",\"query-input\":\"required name=search_term_string\"}],\"inLanguage\":\"de\"},{\"@type\":\"WebPage\",\"@id\":\"https:\/\/www.interdomizil.de\/reisemagazin\/urlaubsgeschichten\/munchen-liegt-nicht-in-den-bergen#webpage\",\"url\":\"https:\/\/www.interdomizil.de\/reisemagazin\/urlaubsgeschichten\/munchen-liegt-nicht-in-den-bergen\",\"name\":\"M\\u00fcnchen liegt nicht in den Bergen\",\"isPartOf\":{\"@id\":\"https:\/\/www.interdomizil.de\/reisemagazin\/#website\"},\"datePublished\":\"2012-09-12T11:45:32+00:00\",\"dateModified\":\"2016-05-27T13:02:13+00:00\",\"author\":{\"@id\":\"https:\/\/www.interdomizil.de\/reisemagazin\/#\/schema\/person\/dc55ca2399154fab1eab532829f0c716\"},\"description\":\"M\\u00fcnchen liegt nicht in den Bergen\",\"breadcrumb\":{\"@id\":\"https:\/\/www.interdomizil.de\/reisemagazin\/urlaubsgeschichten\/munchen-liegt-nicht-in-den-bergen#breadcrumb\"},\"inLanguage\":\"de\",\"potentialAction\":[{\"@type\":\"ReadAction\",\"target\":[\"https:\/\/www.interdomizil.de\/reisemagazin\/urlaubsgeschichten\/munchen-liegt-nicht-in-den-bergen\"]}]},{\"@type\":\"BreadcrumbList\",\"@id\":\"https:\/\/www.interdomizil.de\/reisemagazin\/urlaubsgeschichten\/munchen-liegt-nicht-in-den-bergen#breadcrumb\",\"itemListElement\":[{\"@type\":\"ListItem\",\"position\":1,\"item\":{\"@type\":\"WebPage\",\"@id\":\"https:\/\/www.interdomizil.de\/reisemagazin\/\",\"url\":\"https:\/\/www.interdomizil.de\/reisemagazin\/\",\"name\":\"Home\"}},{\"@type\":\"ListItem\",\"position\":2,\"item\":{\"@type\":\"WebPage\",\"@id\":\"https:\/\/www.interdomizil.de\/reisemagazin\/urlaubsgeschichten\/munchen-liegt-nicht-in-den-bergen\",\"url\":\"https:\/\/www.interdomizil.de\/reisemagazin\/urlaubsgeschichten\/munchen-liegt-nicht-in-den-bergen\",\"name\":\"M\\u00fcnchen liegt nicht in den Bergen\"}}]},{\"@type\":\"Person\",\"@id\":\"https:\/\/www.interdomizil.de\/reisemagazin\/#\/schema\/person\/dc55ca2399154fab1eab532829f0c716\",\"name\":\"Redaktion E\"}]}<\/script>\n<!-- \/ Yoast SEO plugin. -->","_links":{"self":[{"href":"https:\/\/www.interdomizil.de\/reisemagazin\/wp-json\/wp\/v2\/posts\/524"}],"collection":[{"href":"https:\/\/www.interdomizil.de\/reisemagazin\/wp-json\/wp\/v2\/posts"}],"about":[{"href":"https:\/\/www.interdomizil.de\/reisemagazin\/wp-json\/wp\/v2\/types\/post"}],"author":[{"embeddable":true,"href":"https:\/\/www.interdomizil.de\/reisemagazin\/wp-json\/wp\/v2\/users\/59"}],"replies":[{"embeddable":true,"href":"https:\/\/www.interdomizil.de\/reisemagazin\/wp-json\/wp\/v2\/comments?post=524"}],"version-history":[{"count":6,"href":"https:\/\/www.interdomizil.de\/reisemagazin\/wp-json\/wp\/v2\/posts\/524\/revisions"}],"predecessor-version":[{"id":4826,"href":"https:\/\/www.interdomizil.de\/reisemagazin\/wp-json\/wp\/v2\/posts\/524\/revisions\/4826"}],"wp:attachment":[{"href":"https:\/\/www.interdomizil.de\/reisemagazin\/wp-json\/wp\/v2\/media?parent=524"}],"wp:term":[{"taxonomy":"category","embeddable":true,"href":"https:\/\/www.interdomizil.de\/reisemagazin\/wp-json\/wp\/v2\/categories?post=524"},{"taxonomy":"post_tag","embeddable":true,"href":"https:\/\/www.interdomizil.de\/reisemagazin\/wp-json\/wp\/v2\/tags?post=524"}],"curies":[{"name":"wp","href":"https:\/\/api.w.org\/{rel}","templated":true}]}}