{"id":520,"date":"2012-09-11T17:24:14","date_gmt":"2012-09-11T15:24:14","guid":{"rendered":"https:\/\/www.interdomizil.de\/reisemagazin\/?p=520"},"modified":"2015-09-02T12:54:48","modified_gmt":"2015-09-02T10:54:48","slug":"traumhafter-sandstrand-und-feuersteinfelder-die-schmale-heide","status":"publish","type":"post","link":"https:\/\/www.interdomizil.de\/reisemagazin\/reiseziele\/deutschland\/traumhafter-sandstrand-und-feuersteinfelder-die-schmale-heide","title":{"rendered":"Traumhafter Sandstrand und Feuersteinfelder &#8211; Die Schmale Heide"},"content":{"rendered":"<div class=\"twoclick_social_bookmarks_post_520 social_share_privacy clearfix 1.6.4 locale-de_DE sprite-de_DE\"><\/div><div class=\"twoclick-js\"><script type=\"text\/javascript\">\/* <![CDATA[ *\/\njQuery(document).ready(function($){if($('.twoclick_social_bookmarks_post_520')){$('.twoclick_social_bookmarks_post_520').socialSharePrivacy({\"services\":{\"facebook\":{\"status\":\"on\",\"txt_info\":\"2 Klicks f\\u00fcr mehr Datenschutz: Erst wenn Sie hier klicken, wird der Button aktiv und Sie k\\u00f6nnen Ihre Empfehlung an Facebook senden. Schon beim Aktivieren werden <strong>Daten an Dritte \\u00fcbertragen<\\\/strong> - siehe <strong>i<\\\/strong>.\",\"perma_option\":\"off\",\"action\":\"like\",\"language\":\"de_DE\"},\"twitter\":{\"reply_to\":\"\",\"tweet_text\":\"%20Traumhafter%20Sandstrand%20und%20Feuersteinfelder%20%E2%80%93%20Die%20Schmale%20Heide%20%C2%BB%20...\",\"status\":\"on\",\"txt_info\":\"2 Klicks f\\u00fcr mehr Datenschutz: Erst wenn Sie hier klicken, wird der Button aktiv und Sie k\\u00f6nnen Ihre Empfehlung an Twitter senden. Schon beim Aktivieren werden <strong>Daten an Dritte \\u00fcbertragen<\\\/strong> - siehe <strong>i<\\\/strong>.\",\"perma_option\":\"off\",\"language\":\"de\"},\"pinterest\":{\"status\":\"on\",\"the_excerpt\":\"Traumhafter Sandstrand und Feuersteinfelder &#8211; Die Schmale Heide\",\"txt_info\":\"2 Klicks f\\u00fcr mehr Datenschutz: Erst wenn Sie hier klicken, wird der Button aktiv und Sie k\\u00f6nnen Ihre Empfehlung an Pinterest senden. Schon beim Aktivieren werden <strong>Daten an Dritte \\u00fcbertragen<\\\/strong> - siehe <strong>i<\\\/strong>.\",\"perma_option\":\"off\",\"media\":\"https:\\\/\\\/www.interdomizil.de\\\/reisemagazin\\\/wp-content\\\/uploads\\\/2012\\\/09\\\/ruegen.jpg\"}},\"txt_help\":\"Wenn Sie diese Felder durch einen Klick aktivieren, werden Informationen an Facebook, Twitter, Flattr, Xing, t3n, LinkedIn, Pinterest oder Google eventuell ins Ausland <strong>\\u00fcbertragen<\\\/strong> und unter Umst\\u00e4nden auch dort <strong>gespeichert<\\\/strong>. N\\u00e4heres erfahren Sie durch einen Klick auf das <em>i<\\\/em>.\",\"settings_perma\":\"Dauerhaft aktivieren und Daten\\u00fcber-tragung zustimmen:\",\"info_link\":\"http:\\\/\\\/www.heise.de\\\/ct\\\/artikel\\\/2-Klicks-fuer-mehr-Datenschutz-1333879.html\",\"uri\":\"https:\\\/\\\/www.interdomizil.de\\\/reisemagazin\\\/reiseziele\\\/deutschland\\\/traumhafter-sandstrand-und-feuersteinfelder-die-schmale-heide\",\"post_id\":520,\"post_title_referrer_track\":\"Traumhafter+Sandstrand+und+Feuersteinfelder+%26%238211%3B+Die+Schmale+Heide\",\"concat\":\"%3F\",\"display_infobox\":\"on\"});}});\n\/* ]]> *\/<\/script><\/div><p>Die Schmale Heide verbindet die Halbinsel Jasmund im Norden und das Waldgebiet der Granitz im S\u00fcden. Die Landzunge umg\u00fcrtet mit einem traumhaften kilometerlangen Sandstrand die weitl\u00e4ufig geschwungene Bucht der Porer Wiek. Fr\u00fcher Milit\u00e4rgebiet, jetzt wieder Urlaubsziel, l\u00e4sst sich dort erholen, entspannen und die Natur genie\u00dfen. Und wer die Abwechslung sucht, kann sich zwischen der rauen Sch\u00f6nheit der Feuersteinfelder im Norden und dem quirligen Leben des Ostseebads Binz im S\u00fcden entscheiden.<\/p>\n<p>Die Schmale Heide ist eine 9,5 km lange Nehrung, die als Urlaubsparadies wegen ihres breiten, kilometerlangen Sandstrands an der \u00f6stlichen K\u00fcste bekannt ist. Die westliche Seite, hin zum kleinen Jasmunder Bodden, verlandet dagegen und ist zum Teil mit dichtem Schilf bewachsen.<\/p>\n<p>F\u00fcr die Landschaft der Schmalen Heide sind der Strand, aber auch die ber\u00fchmten Feuersteinfelder charakteristisch. Sie liegen im Norden und wurden mittlerweile zum Naturschutzgebiet \u201eSchmale Heide und Feuersteinfelder\u201c deklariert. Die Feuersteinfelder, auch Steinernes Meer oder Steinheide genannt, sind meterhohe Anh\u00e4ufungen grauwei\u00dfer Feuersteine, die zum Teil in D\u00fcnenformationen die Landschaft durchziehen. Mit etwas Gl\u00fcck lassen sich dort Steinknollen mit einem Loch finden. Im Volksmund werden diese neuerdings \u201eH\u00fchnergott\u201c genannt. Es hei\u00dft, sie wurden fr\u00fcher als Talisman an Stallt\u00fcren geh\u00e4ngt, um das Federvieh zu sch\u00fctzen und wilde Tiere fern zu halten. Heute werden die Lochsteine wegen ihrer markanten Formen immer noch gern gesammelt. Die Feuersteinfelder sind licht mit Heidekraut und Wacholderb\u00fcschen, wilden Rosen und Schlehb\u00fcschen bewachsen und strahlen eine urt\u00fcmliche, wenn auch karge Sch\u00f6nheit aus.<\/p>\n<p>Bekanntheit erlangte die Schmale Heide auch wegen des \u201eKolosses von R\u00fcgen\u201c, wie die Naziarchitektur der Prora genannt wird. Der gewaltige Geb\u00e4udekomplex wurde in den 1930er Jahren als gigantomanische Ferienanlage \u201eder 20.000\u201c geplant, jedoch niemals\u00a0 fertiggestellt. Dort sollten 20.000 G\u00e4ste untergebracht werden und das gr\u00f6\u00dfte Strandbad \u00fcberhaupt entstehen. Trotzdem steht heute noch parallel zum Strand eine m\u00e4chtige sechsgeschossige Geb\u00e4udezeile von insgesamt 4,5 Kilometer L\u00e4nge. Acht Geb\u00e4udeeinheiten sind erhalten, davon k\u00f6nnen f\u00fcnf genutzt werden. Die ungenutzten Teile gleichen Ruinen, sie sind bauf\u00e4llig und verfallen zusehends. Zu DDR-Zeiten waren dort Kasernen der Nationalen Volksarmee NVA, jetzt sind Hotels, Jugendherberge, Shoppingangebote, Kunstgalerien untergebracht bzw. vorgesehen. In Block V befindet sich das Dokumentationszentrum MACHTUrlaub, das \u00fcber die Geschichte und Hintergr\u00fcnde zur Prora anschaulich informiert. Regelm\u00e4\u00dfig bieten Mitarbeiter des Dokumentationszentrums F\u00fchrungen durch die Anlage an.<\/p>\n<p>Vom Strand aus ist der \u201eKoloss von R\u00fcgen\u201c kaum zu sehen, da sich ein kieferbewachsener D\u00fcneng\u00fcrtel zwischen Meer und des heute denkmalgesch\u00fctzten Geb\u00e4udekomplexes zieht.<\/p>\n<p>F\u00fcnf Kilometer weiter s\u00fcdlich von Prora liegt das attraktive Ostseebad Binz, das ein vielf\u00e4ltiges Kultur- und Wellness Angebot bereits h\u00e4lt und zu jeder Jahreszeit einen Besuch wert ist.<\/p>\n","protected":false},"excerpt":{"rendered":"<p>Die Schmale Heide verbindet die Halbinsel Jasmund im Norden und das Waldgebiet der Granitz im S\u00fcden. Die Landzunge umg\u00fcrtet mit einem traumhaften kilometerlangen Sandstrand die weitl\u00e4ufig geschwungene Bucht der Porer Wiek. Fr\u00fcher Milit\u00e4rgebiet, jetzt wieder Urlaubsziel, l\u00e4sst sich dort erholen, entspannen und die Natur genie\u00dfen. Und wer die Abwechslung sucht, kann sich zwischen der rauen<\/p>\n","protected":false},"author":3,"featured_media":772,"comment_status":"open","ping_status":"open","sticky":false,"template":"","format":"standard","meta":{"footnotes":""},"categories":[37,618],"tags":[559,562,560,523],"yoast_head":"<!-- This site is optimized with the Yoast SEO plugin v16.1.1 - https:\/\/yoast.com\/wordpress\/plugins\/seo\/ -->\n<title>Traumhafter Sandstrand und Feuersteinfelder<\/title>\n<meta name=\"description\" content=\"Traumhafter Sandstrand und Feuersteinfelder\" \/>\n<link rel=\"canonical\" href=\"https:\/\/www.interdomizil.de\/reisemagazin\/reiseziele\/deutschland\/traumhafter-sandstrand-und-feuersteinfelder-die-schmale-heide\" \/>\n<meta name=\"twitter:label1\" content=\"Gesch\u00e4tzte Lesezeit\">\n\t<meta name=\"twitter:data1\" content=\"2\u00a0Minuten\">\n<script type=\"application\/ld+json\" class=\"yoast-schema-graph\">{\"@context\":\"https:\/\/schema.org\",\"@graph\":[{\"@type\":\"WebSite\",\"@id\":\"https:\/\/www.interdomizil.de\/reisemagazin\/#website\",\"url\":\"https:\/\/www.interdomizil.de\/reisemagazin\/\",\"name\":\"InterDomizil Reisemagazin\",\"description\":\"Reiseziele. Urlaubtipps. Sehenswertes.\",\"potentialAction\":[{\"@type\":\"SearchAction\",\"target\":\"https:\/\/www.interdomizil.de\/reisemagazin\/?s={search_term_string}\",\"query-input\":\"required name=search_term_string\"}],\"inLanguage\":\"de\"},{\"@type\":\"ImageObject\",\"@id\":\"https:\/\/www.interdomizil.de\/reisemagazin\/reiseziele\/deutschland\/traumhafter-sandstrand-und-feuersteinfelder-die-schmale-heide#primaryimage\",\"inLanguage\":\"de\",\"url\":\"https:\/\/www.interdomizil.de\/reisemagazin\/wp-content\/uploads\/2012\/09\/ruegen.jpg\",\"contentUrl\":\"https:\/\/www.interdomizil.de\/reisemagazin\/wp-content\/uploads\/2012\/09\/ruegen.jpg\",\"width\":2496,\"height\":1664,\"caption\":\"R\\u00fcgen Strand\"},{\"@type\":\"WebPage\",\"@id\":\"https:\/\/www.interdomizil.de\/reisemagazin\/reiseziele\/deutschland\/traumhafter-sandstrand-und-feuersteinfelder-die-schmale-heide#webpage\",\"url\":\"https:\/\/www.interdomizil.de\/reisemagazin\/reiseziele\/deutschland\/traumhafter-sandstrand-und-feuersteinfelder-die-schmale-heide\",\"name\":\"Traumhafter Sandstrand und Feuersteinfelder\",\"isPartOf\":{\"@id\":\"https:\/\/www.interdomizil.de\/reisemagazin\/#website\"},\"primaryImageOfPage\":{\"@id\":\"https:\/\/www.interdomizil.de\/reisemagazin\/reiseziele\/deutschland\/traumhafter-sandstrand-und-feuersteinfelder-die-schmale-heide#primaryimage\"},\"datePublished\":\"2012-09-11T15:24:14+00:00\",\"dateModified\":\"2015-09-02T10:54:48+00:00\",\"author\":{\"@id\":\"https:\/\/www.interdomizil.de\/reisemagazin\/#\/schema\/person\/ddde02f47c63e31c041176442ea05d35\"},\"description\":\"Traumhafter Sandstrand und Feuersteinfelder\",\"breadcrumb\":{\"@id\":\"https:\/\/www.interdomizil.de\/reisemagazin\/reiseziele\/deutschland\/traumhafter-sandstrand-und-feuersteinfelder-die-schmale-heide#breadcrumb\"},\"inLanguage\":\"de\",\"potentialAction\":[{\"@type\":\"ReadAction\",\"target\":[\"https:\/\/www.interdomizil.de\/reisemagazin\/reiseziele\/deutschland\/traumhafter-sandstrand-und-feuersteinfelder-die-schmale-heide\"]}]},{\"@type\":\"BreadcrumbList\",\"@id\":\"https:\/\/www.interdomizil.de\/reisemagazin\/reiseziele\/deutschland\/traumhafter-sandstrand-und-feuersteinfelder-die-schmale-heide#breadcrumb\",\"itemListElement\":[{\"@type\":\"ListItem\",\"position\":1,\"item\":{\"@type\":\"WebPage\",\"@id\":\"https:\/\/www.interdomizil.de\/reisemagazin\/\",\"url\":\"https:\/\/www.interdomizil.de\/reisemagazin\/\",\"name\":\"Home\"}},{\"@type\":\"ListItem\",\"position\":2,\"item\":{\"@type\":\"WebPage\",\"@id\":\"https:\/\/www.interdomizil.de\/reisemagazin\/reiseziele\/deutschland\/traumhafter-sandstrand-und-feuersteinfelder-die-schmale-heide\",\"url\":\"https:\/\/www.interdomizil.de\/reisemagazin\/reiseziele\/deutschland\/traumhafter-sandstrand-und-feuersteinfelder-die-schmale-heide\",\"name\":\"Traumhafter Sandstrand und Feuersteinfelder &#8211; Die Schmale Heide\"}}]},{\"@type\":\"Person\",\"@id\":\"https:\/\/www.interdomizil.de\/reisemagazin\/#\/schema\/person\/ddde02f47c63e31c041176442ea05d35\",\"name\":\"Redaktion\"}]}<\/script>\n<!-- \/ Yoast SEO plugin. -->","_links":{"self":[{"href":"https:\/\/www.interdomizil.de\/reisemagazin\/wp-json\/wp\/v2\/posts\/520"}],"collection":[{"href":"https:\/\/www.interdomizil.de\/reisemagazin\/wp-json\/wp\/v2\/posts"}],"about":[{"href":"https:\/\/www.interdomizil.de\/reisemagazin\/wp-json\/wp\/v2\/types\/post"}],"author":[{"embeddable":true,"href":"https:\/\/www.interdomizil.de\/reisemagazin\/wp-json\/wp\/v2\/users\/3"}],"replies":[{"embeddable":true,"href":"https:\/\/www.interdomizil.de\/reisemagazin\/wp-json\/wp\/v2\/comments?post=520"}],"version-history":[{"count":3,"href":"https:\/\/www.interdomizil.de\/reisemagazin\/wp-json\/wp\/v2\/posts\/520\/revisions"}],"predecessor-version":[{"id":773,"href":"https:\/\/www.interdomizil.de\/reisemagazin\/wp-json\/wp\/v2\/posts\/520\/revisions\/773"}],"wp:featuredmedia":[{"embeddable":true,"href":"https:\/\/www.interdomizil.de\/reisemagazin\/wp-json\/wp\/v2\/media\/772"}],"wp:attachment":[{"href":"https:\/\/www.interdomizil.de\/reisemagazin\/wp-json\/wp\/v2\/media?parent=520"}],"wp:term":[{"taxonomy":"category","embeddable":true,"href":"https:\/\/www.interdomizil.de\/reisemagazin\/wp-json\/wp\/v2\/categories?post=520"},{"taxonomy":"post_tag","embeddable":true,"href":"https:\/\/www.interdomizil.de\/reisemagazin\/wp-json\/wp\/v2\/tags?post=520"}],"curies":[{"name":"wp","href":"https:\/\/api.w.org\/{rel}","templated":true}]}}