{"id":4948,"date":"2016-08-26T11:20:38","date_gmt":"2016-08-26T09:20:38","guid":{"rendered":"https:\/\/www.interdomizil.de\/reisemagazin\/?p=4948"},"modified":"2016-09-16T14:01:54","modified_gmt":"2016-09-16T12:01:54","slug":"krimi-festival-nordseeinsel-juist","status":"publish","type":"post","link":"https:\/\/www.interdomizil.de\/reisemagazin\/reisetipps\/krimi-festival-nordseeinsel-juist","title":{"rendered":"Krimi- Insel Juist"},"content":{"rendered":"<div class=\"twoclick_social_bookmarks_post_4948 social_share_privacy clearfix 1.6.4 locale-de_DE sprite-de_DE\"><\/div><div class=\"twoclick-js\"><script type=\"text\/javascript\">\/* <![CDATA[ *\/\njQuery(document).ready(function($){if($('.twoclick_social_bookmarks_post_4948')){$('.twoclick_social_bookmarks_post_4948').socialSharePrivacy({\"services\":{\"facebook\":{\"status\":\"on\",\"txt_info\":\"2 Klicks f\\u00fcr mehr Datenschutz: Erst wenn Sie hier klicken, wird der Button aktiv und Sie k\\u00f6nnen Ihre Empfehlung an Facebook senden. Schon beim Aktivieren werden <strong>Daten an Dritte \\u00fcbertragen<\\\/strong> - siehe <strong>i<\\\/strong>.\",\"perma_option\":\"off\",\"action\":\"like\",\"language\":\"de_DE\"},\"twitter\":{\"reply_to\":\"\",\"tweet_text\":\"Krimi-%20Insel%20Juist%20%C2%BB%20InterDomizil%20Reisemagazin%20%23Festival%20%23Insel%20%23Juist%20%23Krimi\",\"status\":\"on\",\"txt_info\":\"2 Klicks f\\u00fcr mehr Datenschutz: Erst wenn Sie hier klicken, wird der Button aktiv und Sie k\\u00f6nnen Ihre Empfehlung an Twitter senden. Schon beim Aktivieren werden <strong>Daten an Dritte \\u00fcbertragen<\\\/strong> - siehe <strong>i<\\\/strong>.\",\"perma_option\":\"off\",\"language\":\"de\"},\"pinterest\":{\"status\":\"on\",\"the_excerpt\":\"Krimi- Insel Juist\",\"txt_info\":\"2 Klicks f\\u00fcr mehr Datenschutz: Erst wenn Sie hier klicken, wird der Button aktiv und Sie k\\u00f6nnen Ihre Empfehlung an Pinterest senden. Schon beim Aktivieren werden <strong>Daten an Dritte \\u00fcbertragen<\\\/strong> - siehe <strong>i<\\\/strong>.\",\"perma_option\":\"off\",\"media\":\"https:\\\/\\\/www.interdomizil.de\\\/reisemagazin\\\/wp-content\\\/uploads\\\/guy-690510_960_720.jpg\"}},\"txt_help\":\"Wenn Sie diese Felder durch einen Klick aktivieren, werden Informationen an Facebook, Twitter, Flattr, Xing, t3n, LinkedIn, Pinterest oder Google eventuell ins Ausland <strong>\\u00fcbertragen<\\\/strong> und unter Umst\\u00e4nden auch dort <strong>gespeichert<\\\/strong>. N\\u00e4heres erfahren Sie durch einen Klick auf das <em>i<\\\/em>.\",\"settings_perma\":\"Dauerhaft aktivieren und Daten\\u00fcber-tragung zustimmen:\",\"info_link\":\"http:\\\/\\\/www.heise.de\\\/ct\\\/artikel\\\/2-Klicks-fuer-mehr-Datenschutz-1333879.html\",\"uri\":\"https:\\\/\\\/www.interdomizil.de\\\/reisemagazin\\\/reisetipps\\\/krimi-festival-nordseeinsel-juist\",\"post_id\":4948,\"post_title_referrer_track\":\"Krimi-+Insel+Juist\",\"concat\":\"%3F\",\"display_infobox\":\"on\"});}});\n\/* ]]> *\/<\/script><\/div><p style=\"text-align: justify;\">(Auszug aus dem Juist &#8211; <strong>Krimi<\/strong> &#8222;<em>Burnout. F\u00fcr immer auskuriert<\/em>&#8220; von <strong>Alice Spogis<\/strong>)<\/p>\n<p>&#8222;Es darf nicht wahr sein. Es war die falsche Dosis. Ganz sicher. Zu wenig. Anders ist es nicht zu erkl\u00e4ren. Unkonzentriertheit. Wegen der Unterzuckerung, das w\u00e4re einleuchtend. Aber ich bin selbst schuld, war unachtsam. Muss es in Ordnung bringen. Jetzt blo\u00df die Nerven behalten.<\/p>\n<p style=\"text-align: justify;\"><em>Gut, dass ich die Vorh\u00e4nge zugezogen habe. Alle sind so vertrauensvoll. So kindlich unbedarft. Als w\u00e4re das hier ein sicherer Ort. Dabei gibt es keinen auf dieser Welt. Das Leben hat eiserne Klauen und kann dir jederzeit den Boden unter den F\u00fc\u00dfen wegrei\u00dfen. Dir alles kaputtschlagen, was du hast, dein Lachen, dein F\u00fchlen, deine Identit\u00e4t. Das Licht. Wer hier ist, muss das doch wissen. Ich wei\u00df es. Und doch ist da immer diese Hoffnung. Bitte, bitte, ich tu, was du willst. Mach du nur, dass alles wieder gut wird.&#8220;<\/em><\/p>\n<figure id=\"attachment_5300\" aria-describedby=\"caption-attachment-5300\" style=\"width: 600px\" class=\"wp-caption aligncenter\"><img decoding=\"async\" loading=\"lazy\" class=\"wp-image-5300\" src=\"https:\/\/www.interdomizil.de\/reisemagazin\/wp-content\/uploads\/guy-690510_960_720-620x410.jpg\" alt=\"Eine ganz besondere Atmosph\u00e4re, erzeugt das Genre Krimi - Foto: Pixabay, CC0\" width=\"600\" height=\"397\" srcset=\"https:\/\/www.interdomizil.de\/reisemagazin\/wp-content\/uploads\/guy-690510_960_720-620x410.jpg 620w, https:\/\/www.interdomizil.de\/reisemagazin\/wp-content\/uploads\/guy-690510_960_720-500x331.jpg 500w, https:\/\/www.interdomizil.de\/reisemagazin\/wp-content\/uploads\/guy-690510_960_720-720x476.jpg 720w, https:\/\/www.interdomizil.de\/reisemagazin\/wp-content\/uploads\/guy-690510_960_720-175x116.jpg 175w, https:\/\/www.interdomizil.de\/reisemagazin\/wp-content\/uploads\/guy-690510_960_720-450x298.jpg 450w, https:\/\/www.interdomizil.de\/reisemagazin\/wp-content\/uploads\/guy-690510_960_720-768x508.jpg 768w, https:\/\/www.interdomizil.de\/reisemagazin\/wp-content\/uploads\/guy-690510_960_720-200x132.jpg 200w, https:\/\/www.interdomizil.de\/reisemagazin\/wp-content\/uploads\/guy-690510_960_720-270x180.jpg 270w, https:\/\/www.interdomizil.de\/reisemagazin\/wp-content\/uploads\/guy-690510_960_720-300x200.jpg 300w, https:\/\/www.interdomizil.de\/reisemagazin\/wp-content\/uploads\/guy-690510_960_720.jpg 960w\" sizes=\"(max-width: 600px) 100vw, 600px\" \/><figcaption id=\"caption-attachment-5300\" class=\"wp-caption-text\">Eine ganz besondere Atmosph\u00e4re, erzeugt das Genre <strong>Krimi<\/strong> &#8211; Foto: Pixabay, CC0<\/figcaption><\/figure>\n<p style=\"text-align: justify;\">M\u00fcrrisch veranlagte Kommissare, eigenbr\u00f6tlerische Seeb\u00e4ren, der einsame Pferdekutscher, der den Mord an seinem Kollegen aufkl\u00e4ren muss &#8211; und so selbst zum Ermittler wird. Au\u00dferdem: geheimnisvoll wirkende Sandformationen, eine ordentliche Prise Heimatgef\u00fchl und das Aha-Erlebnis, wenn man den Lieblingsort wiedererkennt &#8211; der perfekte Mix f\u00fcr einen spannenden Kriminalroman von der Insel ist zusammenger\u00fchrt. Doch warum ist ausgerechnet die Ostfrieseninsel <a href=\"http:\/\/www.inselresidenz-strandburg.de\">Juist<\/a> eine so begehrte <strong>Krimi<\/strong> &#8211; Kulisse f\u00fcr Autoren?<\/p>\n<h1 style=\"text-align: justify;\"><strong>Mord in den D\u00fcnen &#8211; Faszination Regional &#8211; Krimi<\/strong><\/h1>\n<p style=\"text-align: justify;\">Eine einsame Insel mitten in den einsamen Weiten der Nordsee. Lange N\u00e4chte voller Geheimnisse und Versprechungen. Hinzu kommt die raue See und der st\u00fcrmische Wind, der von au\u00dfen an die Fenster schl\u00e4gt und das Herz ordentlich zum Klopfen bringt.<br \/>\nEinheimische und wiederkehrende G\u00e4ste kennen sich meist untereinander, sodass der T\u00e4terkreis bei einem Verbrechen kaum gr\u00f6\u00dfer ist als eine nachmitt\u00e4gliche Kaffeetafel. Cluedo-Feeling pur. Wer ist der M\u00f6rder und wo k\u00f6nnte er sich verstecken? In den D\u00fcnen, in einem selbstgebuddelten Sandloch oder doch bei Klaas in der Fischbude? Kein Wunder, dass <strong>Juist &#8211; Krimis<\/strong> immer beliebter werden. Doch woher kommen sie eigentlich?<\/p>\n<p style=\"text-align: justify;\">Pionierin in Sachen Lokalkrimi ist Donna Leon, Erfinderin des Commissario Guido Brunetti. Die <strong>Krimi<\/strong> &#8211; Reihe nahm 1992 mit &#8222;Venezianisches Finale&#8220; ihren Anfang, mittlerweile wurde die beliebte Serie sogar schon verfilmt. Heute gehen <strong>Krimis<\/strong> mit Lokalbezug millionenfach \u00fcber den Ladentisch, Tendenz steigend. Der Tatort in der Nachbarschaft weist einen hohen Wiedererkennungswert auf. Sind die Spielorte bekannt, macht das Lesen gleich noch mehr Spa\u00df. Zudem k\u00f6nnen sich die Leser mit den handelnden Figuren identifizieren, wenn sie aus der Nachbarschaft kommen. Erfolgreich sind vor allem jene B\u00fccher, in denen es d\u00f6rflich zugeht. Neben den <strong>Jacques Berndorfs<\/strong> <em>Eifel-Krimis<\/em>, sind es besonders die bayerischen Kommissare, die es den Lesern angetan haben. Kluftinger und Co. landen regelm\u00e4\u00dfig auf den Bestsellerlisten. Nach wie vor haben aber die M\u00e4nner beim Ermitteln die Nase vorn. Nur langsam erobern auch die weiblichen Kommissare, Polizistinnen und die M\u00e4nnerdom\u00e4ne.<\/p>\n<figure id=\"attachment_5298\" aria-describedby=\"caption-attachment-5298\" style=\"width: 600px\" class=\"wp-caption aligncenter\"><img decoding=\"async\" loading=\"lazy\" class=\"wp-image-5298\" src=\"https:\/\/www.interdomizil.de\/reisemagazin\/wp-content\/uploads\/walkers-486583_960_720-620x383.jpg\" alt=\"Mystisch, die Nordseeinsel Juist eignet sich hervorragend als Krimi - Schauplatz - Foto: Pixabay, CC0\" width=\"600\" height=\"371\" srcset=\"https:\/\/www.interdomizil.de\/reisemagazin\/wp-content\/uploads\/walkers-486583_960_720-620x383.jpg 620w, https:\/\/www.interdomizil.de\/reisemagazin\/wp-content\/uploads\/walkers-486583_960_720-200x124.jpg 200w, https:\/\/www.interdomizil.de\/reisemagazin\/wp-content\/uploads\/walkers-486583_960_720-300x185.jpg 300w, https:\/\/www.interdomizil.de\/reisemagazin\/wp-content\/uploads\/walkers-486583_960_720-768x474.jpg 768w, https:\/\/www.interdomizil.de\/reisemagazin\/wp-content\/uploads\/walkers-486583_960_720.jpg 960w\" sizes=\"(max-width: 600px) 100vw, 600px\" \/><figcaption id=\"caption-attachment-5298\" class=\"wp-caption-text\">Mystisch, die Nordseeinsel Juist eignet sich hervorragend als <strong>Krimi<\/strong> &#8211; Schauplatz &#8211; Foto: Pixabay, CC0<\/figcaption><\/figure>\n<h1 style=\"text-align: justify;\"><strong>\u00dcbersicht: Welche Juist &#8211; Krimis gibt es \u00fcberhaupt?<\/strong><\/h1>\n<ul style=\"text-align: justify;\">\n<li><strong>Sandra L\u00fcpkes<\/strong><\/li>\n<\/ul>\n<p style=\"text-align: justify;\">Sie l\u00e4sst die Kommissarin Wencke Tydmers auf der Insel Juist ermitteln. Ihr Erstling &#8222;<em>Die Sanddornk\u00f6nigin<\/em>&#8220; (2001) thematisiert die Sanddornsaison auf dem Eiland. Zu den Nachfolgeb\u00e4nden geh\u00f6ren unter anderem &#8222;<em>Der Brombeerpirat<\/em>&#8220; (2002), &#8222;<em>Das Hagebuttenm\u00e4dchen<\/em>&#8220; (2004) oder &#8222;<em>Die Wacholderteufel<\/em>&#8220; (2006).<\/p>\n<ul style=\"text-align: justify;\">\n<li><strong>Regine Fiedler<\/strong><\/li>\n<\/ul>\n<p style=\"text-align: justify;\">Sie schreibt Juist &#8211; <strong>Krimis<\/strong> f\u00fcr Kinder. Begonnen hat Fiedler mit der Arbeit, nachdem sie das T\u00f6werland &#8211; <strong>Krimi <\/strong>&#8211;\u00a0stipendium gewonnen hatte. Im Laufe der Jahre sind viele weitere Auszeichnungen hinzugekommen. Zu den Tatorten, die in den Geschichten der Deichbande einer Rolle spielen, geh\u00f6ren das K\u00fcstenmuseum in Loog, der Hammersee sowie der Hafen. Wer jetzt Lust bekommen hat, kann in den B\u00fcchern &#8222;<em>Geheimnisse im Rattenhaus<\/em>&#8220; (2010) oder &#8222;<em>Verschwunden in den D\u00fcnen<\/em>&#8220; (2012) mehr von den ermittelnden Kindern lesen.<\/p>\n<ul style=\"text-align: justify;\">\n<li><strong>Regula Venske<\/strong><\/li>\n<\/ul>\n<p style=\"text-align: justify;\">Die vielseitig interessierte Schriftstellerin verlegte ebenfalls schon einige ihrer <strong>Krimis<\/strong> nach Juist: &#8222;<em>Bankraub mit M\u00f6wenschiss<\/em>&#8220; (2008) sowie &#8222;<em>Ju(i)st married<\/em>&#8220; (2007) spielt an prominenten Orten auf der Insel.<\/p>\n<ul style=\"text-align: justify;\">\n<li><strong>Dieter Ebels<\/strong><\/li>\n<\/ul>\n<p style=\"text-align: justify;\">Gleich der erste <strong>Krimi<\/strong> von Ebels, der sich haupts\u00e4chlich mit seiner Heimatstadt Duisburg schriftstellerisch auseinandersetzt, spielt auf der Insel. &#8222;<em>Das Geheimnis des Billriffs<\/em>&#8220; (2010) sowie der Nachfolger &#8222;Die Bestie von Juist&#8220; (2011) r\u00fccken einige der Juist-Highlights ins Zentrum, etwa das Nationalpark-Haus sowie Billriff.<\/p>\n<ul style=\"text-align: justify;\">\n<li><strong>Bettina von Cossel<\/strong><\/li>\n<\/ul>\n<p style=\"text-align: justify;\">Auch von Cossel begann an Inselkrimis zu arbeiten, nachdem sie das Stipendium gewonnen hatte. Die Produkte ihrer kreativen Auseinandersetzung mit der Insel k\u00f6nnen <strong>Krimi<\/strong> &#8211;<strong>\u00a0<\/strong>fans heute nachlesen: &#8222;<em>Tod in den D\u00fcnen<\/em>&#8220; (2009), &#8222;Todk\u00e4ppchen&#8220; (2013)<\/p>\n<ul style=\"text-align: justify;\">\n<li><strong>Jan Zweyer<\/strong><\/li>\n<\/ul>\n<p style=\"text-align: justify;\">Sein erster Juist &#8211; <strong>Krimi<\/strong> inspirierte den Namen f\u00fcr das Juist &#8211; Krimi- Festival. &#8222;<em>Tatort T\u00f6werland<\/em>&#8220; (2001) spielt unter anderem im L\u00fctje Teehuus oder am Kalfamer. Der Nachfolger &#8222;<em>T\u00f6werland brennt<\/em>&#8220; (2012) spielt ebenfalls wieder auf der Insel.<\/p>\n<ul style=\"text-align: justify;\">\n<li><strong>Tatjana Kruse<\/strong><\/li>\n<\/ul>\n<p style=\"text-align: justify;\">Die s\u00fcddeutsche Krimi- Autorin, \u00fcbrigens immer in Schwarz gekleidet, hat ihre m\u00f6rderischen B\u00fccher ebenfalls auf die Insel verlegt. Bislang ist von ihr dieser Juist &#8211; <strong>Krimi<\/strong> erschienen: &#8222;<em>Pizza, Pasta, Sanddorngrog<\/em>&#8220; (2010).<\/p>\n<ul style=\"text-align: justify;\">\n<li><strong>Alice Spogis<\/strong><\/li>\n<\/ul>\n<p style=\"text-align: justify;\">Eigentlich vertrat Spogis Recht und Ordnung &#8211; nach einem Jura-Studium arbeitete sie als PR-Beratrerin &#8211; bevor, sie sich dem Schreiben zuwandte. 2013 erschien ihr erster Insel &#8211; <strong>Krimi<\/strong> &#8222;<em>Burnout &#8211; f\u00fcr immer auskuriert<\/em>&#8220; (2013).<\/p>\n<ul style=\"text-align: justify;\">\n<li><strong>Babara Saladin<\/strong><\/li>\n<\/ul>\n<p style=\"text-align: justify;\">Die Schweizerin arbeitet als Journalistin und Redakteurin, ver\u00f6ffentlicht aber auch Kriminalromane. Auf Juist spielt &#8222;<em>Ein Hauch von Meer und Mord<\/em>&#8220; (2012).<\/p>\n<h1 style=\"text-align: justify;\"><strong>Tatort T\u00f6werland &#8211; Krimi &#8211; Festival auf Juist<\/strong><\/h1>\n<p style=\"text-align: justify;\">F\u00fcr alle <strong>Krimi<\/strong> &#8211; Fans h\u00e4lt die Insel ein wahres Schmankerl bereit. Seit 2005 findet auf der Insel das <strong>Krimi<\/strong> &#8211; Festival &#8222;Tatort T\u00f6werland&#8220; statt. Initiiert wurde es von der Juist-Autorin Sandra L\u00fcpkes sowie dem Buchh\u00e4ndler Thomas Koch.<\/p>\n<p style=\"text-align: justify;\">Im Rahmen des Festivals wird jedes Jahr ein Krimistipendium vergeben. Gef\u00f6rdert wird diese Auszeichnung vom SYNDIKAT &#8211; einer Gruppe deutschsprachiger <strong>Krimi<\/strong> &#8211; Autoren, die es sich zur Aufgabe gemacht hat, deutsche Autoren zu unterst\u00fctzen. Der Gewinner des Preises darf zwei Wochen auf der Insel verweilen, um hier an einem Kriminalroman zu schreiben. Die Kosten f\u00fcr die F\u00e4hr\u00fcberfahrt, Verpflegung sowie die Unterkunft werden \u00fcbernommen. Wenn der Roman beendet ist, muss der Stipendiat eine kostenlose Lesung durchf\u00fchren. Au\u00dferdem muss die Insel Erw\u00e4hnung im Vor- oder Nachwort finden.<\/p>\n<p style=\"text-align: justify;\">Das elfte <strong>Krimi<\/strong> &#8211; Festival findet vom 09.-11. September 2016 an verschiedenen Veranstaltungsorten statt.<\/p>\n<p style=\"text-align: justify;\">\n","protected":false},"excerpt":{"rendered":"<p>(Auszug aus dem Juist &#8211; Krimi &#8222;Burnout. F\u00fcr immer auskuriert&#8220; von Alice Spogis) &#8222;Es darf nicht wahr sein. Es war die falsche Dosis. Ganz sicher. Zu wenig. Anders ist es nicht zu erkl\u00e4ren. Unkonzentriertheit. Wegen der Unterzuckerung, das w\u00e4re einleuchtend. Aber ich bin selbst schuld, war unachtsam. Muss es in Ordnung bringen. Jetzt blo\u00df die<\/p>\n","protected":false},"author":3,"featured_media":5300,"comment_status":"closed","ping_status":"open","sticky":false,"template":"","format":"standard","meta":{"footnotes":""},"categories":[37,11],"tags":[1002,937,541,1001],"yoast_head":"<!-- This site is optimized with the Yoast SEO plugin v16.1.1 - https:\/\/yoast.com\/wordpress\/plugins\/seo\/ -->\n<title>Tatort T\u00f6werland - 11. Krimi - Fest auf der Insel Juist<\/title>\n<meta name=\"description\" content=\"Tatort: Insel. Besser gesagt Tatort: T\u00f6werland. Wir gehen der Tatsache auf die Spur, warum sich Juist besonders gut als Krimi - Schauplatz eignet.\" \/>\n<link rel=\"canonical\" href=\"https:\/\/www.interdomizil.de\/reisemagazin\/reisetipps\/krimi-festival-nordseeinsel-juist\" \/>\n<meta name=\"twitter:label1\" content=\"Gesch\u00e4tzte Lesezeit\">\n\t<meta name=\"twitter:data1\" content=\"5\u00a0Minuten\">\n<script type=\"application\/ld+json\" class=\"yoast-schema-graph\">{\"@context\":\"https:\/\/schema.org\",\"@graph\":[{\"@type\":\"WebSite\",\"@id\":\"https:\/\/www.interdomizil.de\/reisemagazin\/#website\",\"url\":\"https:\/\/www.interdomizil.de\/reisemagazin\/\",\"name\":\"InterDomizil Reisemagazin\",\"description\":\"Reiseziele. Urlaubtipps. Sehenswertes.\",\"potentialAction\":[{\"@type\":\"SearchAction\",\"target\":\"https:\/\/www.interdomizil.de\/reisemagazin\/?s={search_term_string}\",\"query-input\":\"required name=search_term_string\"}],\"inLanguage\":\"de\"},{\"@type\":\"ImageObject\",\"@id\":\"https:\/\/www.interdomizil.de\/reisemagazin\/reisetipps\/krimi-festival-nordseeinsel-juist#primaryimage\",\"inLanguage\":\"de\",\"url\":\"https:\/\/www.interdomizil.de\/reisemagazin\/wp-content\/uploads\/guy-690510_960_720.jpg\",\"contentUrl\":\"https:\/\/www.interdomizil.de\/reisemagazin\/wp-content\/uploads\/guy-690510_960_720.jpg\",\"width\":960,\"height\":635,\"caption\":\"Krimis erzeugen eine ganz besondere Atmosph\\u00e4re - Foto: Pixabay ,CC0\"},{\"@type\":\"WebPage\",\"@id\":\"https:\/\/www.interdomizil.de\/reisemagazin\/reisetipps\/krimi-festival-nordseeinsel-juist#webpage\",\"url\":\"https:\/\/www.interdomizil.de\/reisemagazin\/reisetipps\/krimi-festival-nordseeinsel-juist\",\"name\":\"Tatort T\\u00f6werland - 11. Krimi - Fest auf der Insel Juist\",\"isPartOf\":{\"@id\":\"https:\/\/www.interdomizil.de\/reisemagazin\/#website\"},\"primaryImageOfPage\":{\"@id\":\"https:\/\/www.interdomizil.de\/reisemagazin\/reisetipps\/krimi-festival-nordseeinsel-juist#primaryimage\"},\"datePublished\":\"2016-08-26T09:20:38+00:00\",\"dateModified\":\"2016-09-16T12:01:54+00:00\",\"author\":{\"@id\":\"https:\/\/www.interdomizil.de\/reisemagazin\/#\/schema\/person\/ddde02f47c63e31c041176442ea05d35\"},\"description\":\"Tatort: Insel. Besser gesagt Tatort: T\\u00f6werland. Wir gehen der Tatsache auf die Spur, warum sich Juist besonders gut als Krimi - Schauplatz eignet.\",\"breadcrumb\":{\"@id\":\"https:\/\/www.interdomizil.de\/reisemagazin\/reisetipps\/krimi-festival-nordseeinsel-juist#breadcrumb\"},\"inLanguage\":\"de\",\"potentialAction\":[{\"@type\":\"ReadAction\",\"target\":[\"https:\/\/www.interdomizil.de\/reisemagazin\/reisetipps\/krimi-festival-nordseeinsel-juist\"]}]},{\"@type\":\"BreadcrumbList\",\"@id\":\"https:\/\/www.interdomizil.de\/reisemagazin\/reisetipps\/krimi-festival-nordseeinsel-juist#breadcrumb\",\"itemListElement\":[{\"@type\":\"ListItem\",\"position\":1,\"item\":{\"@type\":\"WebPage\",\"@id\":\"https:\/\/www.interdomizil.de\/reisemagazin\/\",\"url\":\"https:\/\/www.interdomizil.de\/reisemagazin\/\",\"name\":\"Home\"}},{\"@type\":\"ListItem\",\"position\":2,\"item\":{\"@type\":\"WebPage\",\"@id\":\"https:\/\/www.interdomizil.de\/reisemagazin\/reisetipps\/krimi-festival-nordseeinsel-juist\",\"url\":\"https:\/\/www.interdomizil.de\/reisemagazin\/reisetipps\/krimi-festival-nordseeinsel-juist\",\"name\":\"Krimi- Insel Juist\"}}]},{\"@type\":\"Person\",\"@id\":\"https:\/\/www.interdomizil.de\/reisemagazin\/#\/schema\/person\/ddde02f47c63e31c041176442ea05d35\",\"name\":\"Redaktion\"}]}<\/script>\n<!-- \/ Yoast SEO plugin. -->","_links":{"self":[{"href":"https:\/\/www.interdomizil.de\/reisemagazin\/wp-json\/wp\/v2\/posts\/4948"}],"collection":[{"href":"https:\/\/www.interdomizil.de\/reisemagazin\/wp-json\/wp\/v2\/posts"}],"about":[{"href":"https:\/\/www.interdomizil.de\/reisemagazin\/wp-json\/wp\/v2\/types\/post"}],"author":[{"embeddable":true,"href":"https:\/\/www.interdomizil.de\/reisemagazin\/wp-json\/wp\/v2\/users\/3"}],"replies":[{"embeddable":true,"href":"https:\/\/www.interdomizil.de\/reisemagazin\/wp-json\/wp\/v2\/comments?post=4948"}],"version-history":[{"count":14,"href":"https:\/\/www.interdomizil.de\/reisemagazin\/wp-json\/wp\/v2\/posts\/4948\/revisions"}],"predecessor-version":[{"id":5672,"href":"https:\/\/www.interdomizil.de\/reisemagazin\/wp-json\/wp\/v2\/posts\/4948\/revisions\/5672"}],"wp:featuredmedia":[{"embeddable":true,"href":"https:\/\/www.interdomizil.de\/reisemagazin\/wp-json\/wp\/v2\/media\/5300"}],"wp:attachment":[{"href":"https:\/\/www.interdomizil.de\/reisemagazin\/wp-json\/wp\/v2\/media?parent=4948"}],"wp:term":[{"taxonomy":"category","embeddable":true,"href":"https:\/\/www.interdomizil.de\/reisemagazin\/wp-json\/wp\/v2\/categories?post=4948"},{"taxonomy":"post_tag","embeddable":true,"href":"https:\/\/www.interdomizil.de\/reisemagazin\/wp-json\/wp\/v2\/tags?post=4948"}],"curies":[{"name":"wp","href":"https:\/\/api.w.org\/{rel}","templated":true}]}}