{"id":4053,"date":"2016-02-25T13:00:08","date_gmt":"2016-02-25T11:00:08","guid":{"rendered":"https:\/\/www.interdomizil.de\/reisemagazin\/?p=4053"},"modified":"2021-10-15T17:25:46","modified_gmt":"2021-10-15T15:25:46","slug":"feiertag-auf-den-kanaren","status":"publish","type":"post","link":"https:\/\/www.interdomizil.de\/reisemagazin\/reiseziele\/feiertag-auf-den-kanaren","title":{"rendered":"D\u00eda de las Canarias &#8211; Nationalfeiertag auf den Kanaren"},"content":{"rendered":"<div class=\"twoclick_social_bookmarks_post_4053 social_share_privacy clearfix 1.6.4 locale-de_DE sprite-de_DE\"><\/div><div class=\"twoclick-js\"><script type=\"text\/javascript\">\/* <![CDATA[ *\/\njQuery(document).ready(function($){if($('.twoclick_social_bookmarks_post_4053')){$('.twoclick_social_bookmarks_post_4053').socialSharePrivacy({\"services\":{\"facebook\":{\"status\":\"on\",\"txt_info\":\"2 Klicks f\\u00fcr mehr Datenschutz: Erst wenn Sie hier klicken, wird der Button aktiv und Sie k\\u00f6nnen Ihre Empfehlung an Facebook senden. Schon beim Aktivieren werden <strong>Daten an Dritte \\u00fcbertragen<\\\/strong> - siehe <strong>i<\\\/strong>.\",\"perma_option\":\"off\",\"action\":\"like\",\"language\":\"de_DE\"},\"twitter\":{\"reply_to\":\"\",\"tweet_text\":\"%20D%C3%ADa%20de%20las%20Canarias%20%E2%80%93%20Nationalfeiertag%20auf%20den%20Kanaren%20%C2%BB%20InterDomizil%20...\",\"status\":\"on\",\"txt_info\":\"2 Klicks f\\u00fcr mehr Datenschutz: Erst wenn Sie hier klicken, wird der Button aktiv und Sie k\\u00f6nnen Ihre Empfehlung an Twitter senden. Schon beim Aktivieren werden <strong>Daten an Dritte \\u00fcbertragen<\\\/strong> - siehe <strong>i<\\\/strong>.\",\"perma_option\":\"off\",\"language\":\"de\"},\"pinterest\":{\"status\":\"on\",\"the_excerpt\":\"D\\u00eda de las Canarias &#8211; Nationalfeiertag auf den Kanaren\",\"txt_info\":\"2 Klicks f\\u00fcr mehr Datenschutz: Erst wenn Sie hier klicken, wird der Button aktiv und Sie k\\u00f6nnen Ihre Empfehlung an Pinterest senden. Schon beim Aktivieren werden <strong>Daten an Dritte \\u00fcbertragen<\\\/strong> - siehe <strong>i<\\\/strong>.\",\"perma_option\":\"off\",\"media\":\"https:\\\/\\\/www.interdomizil.de\\\/reisemagazin\\\/wp-content\\\/uploads\\\/x-kleiner-IMG_1614-770x515-1.jpg\"}},\"txt_help\":\"Wenn Sie diese Felder durch einen Klick aktivieren, werden Informationen an Facebook, Twitter, Flattr, Xing, t3n, LinkedIn, Pinterest oder Google eventuell ins Ausland <strong>\\u00fcbertragen<\\\/strong> und unter Umst\\u00e4nden auch dort <strong>gespeichert<\\\/strong>. N\\u00e4heres erfahren Sie durch einen Klick auf das <em>i<\\\/em>.\",\"settings_perma\":\"Dauerhaft aktivieren und Daten\\u00fcber-tragung zustimmen:\",\"info_link\":\"http:\\\/\\\/www.heise.de\\\/ct\\\/artikel\\\/2-Klicks-fuer-mehr-Datenschutz-1333879.html\",\"uri\":\"https:\\\/\\\/www.interdomizil.de\\\/reisemagazin\\\/reiseziele\\\/feiertag-auf-den-kanaren\",\"post_id\":4053,\"post_title_referrer_track\":\"D%C3%ADa+de+las+Canarias+%26%238211%3B+Nationalfeiertag+auf+den+Kanaren\",\"concat\":\"%3F\",\"display_infobox\":\"on\"});}});\n\/* ]]> *\/<\/script><\/div><p style=\"text-align: justify;\">Die Kanarischen Inseln geh\u00f6ren zu Spanien und damit auch zur Europ\u00e4ischen Union. Seit dem <strong>10. August 1982<\/strong> ist die spanische Inselgruppe eine autonome Region und hat auch eine eigene offizielle Flagge:<\/p>\n<figure id=\"attachment_4066\" aria-describedby=\"caption-attachment-4066\" style=\"width: 502px\" class=\"wp-caption aligncenter\"><img decoding=\"async\" loading=\"lazy\" class=\"wp-image-4066 size-full\" src=\"https:\/\/www.interdomizil.de\/reisemagazin\/wp-content\/uploads\/flagge-rahmen.jpg\" alt=\"Die offizielle Flagge der Kanarischen Inseln\" width=\"502\" height=\"335\" srcset=\"https:\/\/www.interdomizil.de\/reisemagazin\/wp-content\/uploads\/flagge-rahmen.jpg 502w, https:\/\/www.interdomizil.de\/reisemagazin\/wp-content\/uploads\/flagge-rahmen-270x180.jpg 270w, https:\/\/www.interdomizil.de\/reisemagazin\/wp-content\/uploads\/flagge-rahmen-200x133.jpg 200w, https:\/\/www.interdomizil.de\/reisemagazin\/wp-content\/uploads\/flagge-rahmen-300x200.jpg 300w\" sizes=\"(max-width: 502px) 100vw, 502px\" \/><figcaption id=\"caption-attachment-4066\" class=\"wp-caption-text\">Die offizielle Flagge der Kanarischen Inseln @www.nationalflaggen.de<\/figcaption><\/figure>\n<p style=\"text-align: justify;\">In der Mitte der Flagge ist das Wappen der Kanarischen Inseln abgebildet.<\/p>\n<p style=\"text-align: justify;\">Das kanarische Wappen zeigt mittig ein blaues Wappenschild. Die Farbe Blau steht f\u00fcr das Meer, das alle Inseln umgibt. Die sieben silbernen Dreiecke symbolisieren die sieben Inseln Gran Canaria, Teneriffa, Fuerteventura, La Palma, La Gomera, El Hierro und Lanzarote. Die goldene Krone dar\u00fcber zeigt, dass die Inseln schon nach der Eroberung durch die Spanier Ende des 15. Jahrhunderts offiziell als K\u00f6nigreich galten. Gehalten wird das Schild von zwei aufsteigenden, braunen Hunden (Presa Canario) mit blauem Halsband. \u00dcber allem der Schriftzug \u201eOc\u00e9ano\u201c (Ozean):<\/p>\n<figure id=\"attachment_4068\" aria-describedby=\"caption-attachment-4068\" style=\"width: 400px\" class=\"wp-caption aligncenter\"><a href=\"https:\/\/www.interdomizil.de\/reisemagazin\/wp-content\/uploads\/wappen-kanaren.jpg\"><img decoding=\"async\" loading=\"lazy\" class=\"wp-image-4068 size-full\" src=\"https:\/\/www.interdomizil.de\/reisemagazin\/wp-content\/uploads\/wappen-kanaren.jpg\" alt=\"Das Wappen der kanarischen Inseln - Foto: Wikimedia\" width=\"400\" height=\"333\" srcset=\"https:\/\/www.interdomizil.de\/reisemagazin\/wp-content\/uploads\/wappen-kanaren.jpg 400w, https:\/\/www.interdomizil.de\/reisemagazin\/wp-content\/uploads\/wappen-kanaren-200x167.jpg 200w, https:\/\/www.interdomizil.de\/reisemagazin\/wp-content\/uploads\/wappen-kanaren-300x250.jpg 300w\" sizes=\"(max-width: 400px) 100vw, 400px\" \/><\/a><figcaption id=\"caption-attachment-4068\" class=\"wp-caption-text\">Das Wappen der kanarischen Inseln &#8211; Foto: wikipedia (gemeinfrei)<\/figcaption><\/figure>\n<p style=\"text-align: justify;\">Am <strong>30. Mai<\/strong> wird der Nationalfeiertag der\u00a0kanarischen Inseln <strong>D\u00eda de las Islas Canarias <\/strong>auf allen Inseln<strong>\u00a0<\/strong>gefeiert.<\/p>\n<p style=\"text-align: justify;\">Der Tag geht zur\u00fcck auf den 30. Mai 1983. Nach den ersten freien Wahlen auf den <a href=\"https:\/\/www.interdomizil.de\/kanaren\">Kanaren<\/a> trat an diesem Tag erstmals das kanarische Parlament in Santa Cruz de Tenerife zusammen. Seither wird der Tag jedes Jahr mit offiziellen Feierlichkeiten begangen. Viele tragen an diesem Tag kanarische Trachten und es wird zu Folkloremusik getanzt.<\/p>\n<figure id=\"attachment_4058\" aria-describedby=\"caption-attachment-4058\" style=\"width: 620px\" class=\"wp-caption aligncenter\"><img decoding=\"async\" loading=\"lazy\" class=\"wp-image-4058 size-large\" src=\"https:\/\/www.interdomizil.de\/reisemagazin\/wp-content\/uploads\/IMG_1616-620x465.jpg\" alt=\"Tanzgruppe in Las Palmas de Gran Canaria, Copyright \u00a9 Marion Hagedorn\/InterDomizil\" width=\"620\" height=\"465\" srcset=\"https:\/\/www.interdomizil.de\/reisemagazin\/wp-content\/uploads\/IMG_1616-620x465.jpg 620w, https:\/\/www.interdomizil.de\/reisemagazin\/wp-content\/uploads\/IMG_1616-200x150.jpg 200w, https:\/\/www.interdomizil.de\/reisemagazin\/wp-content\/uploads\/IMG_1616-300x225.jpg 300w\" sizes=\"(max-width: 620px) 100vw, 620px\" \/><figcaption id=\"caption-attachment-4058\" class=\"wp-caption-text\">Nationalfeiertag Kanarische Inseln: Tanzgruppe in Las Palmas de Gran Canaria, Copyright \u00a9 Marion Hagedorn<\/figcaption><\/figure>\n<figure id=\"attachment_4059\" aria-describedby=\"caption-attachment-4059\" style=\"width: 620px\" class=\"wp-caption aligncenter\"><img decoding=\"async\" loading=\"lazy\" class=\"wp-image-4059 size-large\" src=\"https:\/\/www.interdomizil.de\/reisemagazin\/wp-content\/uploads\/x-kleiner-IMG_1614-620x465.jpg\" alt=\"Folkloretanz in Las Palmas de Gran Canaria, Copyright \u00a9 Marion Hagedorn\/InterDomizil\" width=\"620\" height=\"465\" srcset=\"https:\/\/www.interdomizil.de\/reisemagazin\/wp-content\/uploads\/x-kleiner-IMG_1614-620x465.jpg 620w, https:\/\/www.interdomizil.de\/reisemagazin\/wp-content\/uploads\/x-kleiner-IMG_1614-768x576.jpg 768w, https:\/\/www.interdomizil.de\/reisemagazin\/wp-content\/uploads\/x-kleiner-IMG_1614-200x150.jpg 200w, https:\/\/www.interdomizil.de\/reisemagazin\/wp-content\/uploads\/x-kleiner-IMG_1614-300x225.jpg 300w, https:\/\/www.interdomizil.de\/reisemagazin\/wp-content\/uploads\/x-kleiner-IMG_1614.jpg 1632w\" sizes=\"(max-width: 620px) 100vw, 620px\" \/><figcaption id=\"caption-attachment-4059\" class=\"wp-caption-text\">Nationalfeiertag Kanarische Inseln: Folkloretanz in Las Palmas de Gran Canaria, Copyright \u00a9 Marion Hagedorn<\/figcaption><\/figure>\n<p><img decoding=\"async\" loading=\"lazy\" class=\"aligncenter wp-image-3066 size-full\" src=\"https:\/\/www.interdomizil.de\/reisemagazin\/wp-content\/uploads\/x-klein-IMG_5938.jpg\" alt=\"\" width=\"1944\" height=\"1296\" srcset=\"https:\/\/www.interdomizil.de\/reisemagazin\/wp-content\/uploads\/x-klein-IMG_5938.jpg 1944w, https:\/\/www.interdomizil.de\/reisemagazin\/wp-content\/uploads\/x-klein-IMG_5938-768x512.jpg 768w, https:\/\/www.interdomizil.de\/reisemagazin\/wp-content\/uploads\/x-klein-IMG_5938-270x180.jpg 270w, https:\/\/www.interdomizil.de\/reisemagazin\/wp-content\/uploads\/x-klein-IMG_5938-200x133.jpg 200w, https:\/\/www.interdomizil.de\/reisemagazin\/wp-content\/uploads\/x-klein-IMG_5938-300x200.jpg 300w, https:\/\/www.interdomizil.de\/reisemagazin\/wp-content\/uploads\/x-klein-IMG_5938-620x413.jpg 620w\" sizes=\"(max-width: 1944px) 100vw, 1944px\" \/><\/p>\n<p style=\"text-align: justify;\">\n","protected":false},"excerpt":{"rendered":"<p>Die Kanarischen Inseln geh\u00f6ren zu Spanien und damit auch zur Europ\u00e4ischen Union. Seit dem 10. August 1982 ist die spanische Inselgruppe eine autonome Region und hat auch eine eigene offizielle Flagge: In der Mitte der Flagge ist das Wappen der Kanarischen Inseln abgebildet. Das kanarische Wappen zeigt mittig ein blaues Wappenschild. Die Farbe Blau steht<\/p>\n","protected":false},"author":56,"featured_media":8636,"comment_status":"open","ping_status":"open","sticky":false,"template":"","format":"standard","meta":{"footnotes":""},"categories":[12,916],"tags":[912,1036,913,530,568,1021,542,571,911,545,546],"yoast_head":"<!-- This site is optimized with the Yoast SEO plugin v16.1.1 - https:\/\/yoast.com\/wordpress\/plugins\/seo\/ -->\n<title>Die Kanaren stehen Kopf - am 30. Mai wird ausgiebig gefeiert.<\/title>\n<meta name=\"description\" content=\"D\u00eda de las Canarias - Nationalfeiertag Kanarische Inseln, der Feiertag auf den Kanaren schlechthin. Am 30. Mai wird auf auf allen Inseln gefeiert.\" \/>\n<link rel=\"canonical\" href=\"https:\/\/www.interdomizil.de\/reisemagazin\/reiseziele\/feiertag-auf-den-kanaren\" \/>\n<meta name=\"twitter:label1\" content=\"Gesch\u00e4tzte Lesezeit\">\n\t<meta name=\"twitter:data1\" content=\"3\u00a0Minuten\">\n<script type=\"application\/ld+json\" class=\"yoast-schema-graph\">{\"@context\":\"https:\/\/schema.org\",\"@graph\":[{\"@type\":\"WebSite\",\"@id\":\"https:\/\/www.interdomizil.de\/reisemagazin\/#website\",\"url\":\"https:\/\/www.interdomizil.de\/reisemagazin\/\",\"name\":\"InterDomizil Reisemagazin\",\"description\":\"Reiseziele. Urlaubtipps. Sehenswertes.\",\"potentialAction\":[{\"@type\":\"SearchAction\",\"target\":\"https:\/\/www.interdomizil.de\/reisemagazin\/?s={search_term_string}\",\"query-input\":\"required name=search_term_string\"}],\"inLanguage\":\"de\"},{\"@type\":\"ImageObject\",\"@id\":\"https:\/\/www.interdomizil.de\/reisemagazin\/reiseziele\/feiertag-auf-den-kanaren#primaryimage\",\"inLanguage\":\"de\",\"url\":\"\",\"contentUrl\":\"\"},{\"@type\":\"WebPage\",\"@id\":\"https:\/\/www.interdomizil.de\/reisemagazin\/reiseziele\/feiertag-auf-den-kanaren#webpage\",\"url\":\"https:\/\/www.interdomizil.de\/reisemagazin\/reiseziele\/feiertag-auf-den-kanaren\",\"name\":\"Die Kanaren stehen Kopf - am 30. Mai wird ausgiebig gefeiert.\",\"isPartOf\":{\"@id\":\"https:\/\/www.interdomizil.de\/reisemagazin\/#website\"},\"primaryImageOfPage\":{\"@id\":\"https:\/\/www.interdomizil.de\/reisemagazin\/reiseziele\/feiertag-auf-den-kanaren#primaryimage\"},\"datePublished\":\"2016-02-25T11:00:08+00:00\",\"dateModified\":\"2021-10-15T15:25:46+00:00\",\"author\":{\"@id\":\"https:\/\/www.interdomizil.de\/reisemagazin\/#\/schema\/person\/a931eeeee0ac7e32827d2e6e99dd1084\"},\"description\":\"D\\u00eda de las Canarias - Nationalfeiertag Kanarische Inseln, der Feiertag auf den Kanaren schlechthin. Am 30. Mai wird auf auf allen Inseln gefeiert.\",\"breadcrumb\":{\"@id\":\"https:\/\/www.interdomizil.de\/reisemagazin\/reiseziele\/feiertag-auf-den-kanaren#breadcrumb\"},\"inLanguage\":\"de\",\"potentialAction\":[{\"@type\":\"ReadAction\",\"target\":[\"https:\/\/www.interdomizil.de\/reisemagazin\/reiseziele\/feiertag-auf-den-kanaren\"]}]},{\"@type\":\"BreadcrumbList\",\"@id\":\"https:\/\/www.interdomizil.de\/reisemagazin\/reiseziele\/feiertag-auf-den-kanaren#breadcrumb\",\"itemListElement\":[{\"@type\":\"ListItem\",\"position\":1,\"item\":{\"@type\":\"WebPage\",\"@id\":\"https:\/\/www.interdomizil.de\/reisemagazin\/\",\"url\":\"https:\/\/www.interdomizil.de\/reisemagazin\/\",\"name\":\"Home\"}},{\"@type\":\"ListItem\",\"position\":2,\"item\":{\"@type\":\"WebPage\",\"@id\":\"https:\/\/www.interdomizil.de\/reisemagazin\/reiseziele\/feiertag-auf-den-kanaren\",\"url\":\"https:\/\/www.interdomizil.de\/reisemagazin\/reiseziele\/feiertag-auf-den-kanaren\",\"name\":\"D\\u00eda de las Canarias &#8211; Nationalfeiertag auf den Kanaren\"}}]},{\"@type\":\"Person\",\"@id\":\"https:\/\/www.interdomizil.de\/reisemagazin\/#\/schema\/person\/a931eeeee0ac7e32827d2e6e99dd1084\",\"name\":\"Redaktion-Kanaren\"}]}<\/script>\n<!-- \/ Yoast SEO plugin. -->","_links":{"self":[{"href":"https:\/\/www.interdomizil.de\/reisemagazin\/wp-json\/wp\/v2\/posts\/4053"}],"collection":[{"href":"https:\/\/www.interdomizil.de\/reisemagazin\/wp-json\/wp\/v2\/posts"}],"about":[{"href":"https:\/\/www.interdomizil.de\/reisemagazin\/wp-json\/wp\/v2\/types\/post"}],"author":[{"embeddable":true,"href":"https:\/\/www.interdomizil.de\/reisemagazin\/wp-json\/wp\/v2\/users\/56"}],"replies":[{"embeddable":true,"href":"https:\/\/www.interdomizil.de\/reisemagazin\/wp-json\/wp\/v2\/comments?post=4053"}],"version-history":[{"count":20,"href":"https:\/\/www.interdomizil.de\/reisemagazin\/wp-json\/wp\/v2\/posts\/4053\/revisions"}],"predecessor-version":[{"id":11478,"href":"https:\/\/www.interdomizil.de\/reisemagazin\/wp-json\/wp\/v2\/posts\/4053\/revisions\/11478"}],"wp:featuredmedia":[{"embeddable":true,"href":"https:\/\/www.interdomizil.de\/reisemagazin\/wp-json\/wp\/v2\/media\/8636"}],"wp:attachment":[{"href":"https:\/\/www.interdomizil.de\/reisemagazin\/wp-json\/wp\/v2\/media?parent=4053"}],"wp:term":[{"taxonomy":"category","embeddable":true,"href":"https:\/\/www.interdomizil.de\/reisemagazin\/wp-json\/wp\/v2\/categories?post=4053"},{"taxonomy":"post_tag","embeddable":true,"href":"https:\/\/www.interdomizil.de\/reisemagazin\/wp-json\/wp\/v2\/tags?post=4053"}],"curies":[{"name":"wp","href":"https:\/\/api.w.org\/{rel}","templated":true}]}}