{"id":3896,"date":"2016-01-26T14:15:30","date_gmt":"2016-01-26T12:15:30","guid":{"rendered":"https:\/\/www.interdomizil.de\/reisemagazin\/?p=3896"},"modified":"2021-03-02T13:07:25","modified_gmt":"2021-03-02T11:07:25","slug":"warnemuender-wintervergnuegen","status":"publish","type":"post","link":"https:\/\/www.interdomizil.de\/reisemagazin\/reisetipps\/warnemuender-wintervergnuegen","title":{"rendered":"Warnem\u00fcnder Wintervergn\u00fcgen"},"content":{"rendered":"<div class=\"twoclick_social_bookmarks_post_3896 social_share_privacy clearfix 1.6.4 locale-de_DE sprite-de_DE\"><\/div><div class=\"twoclick-js\"><script type=\"text\/javascript\">\/* <![CDATA[ *\/\njQuery(document).ready(function($){if($('.twoclick_social_bookmarks_post_3896')){$('.twoclick_social_bookmarks_post_3896').socialSharePrivacy({\"services\":{\"facebook\":{\"status\":\"on\",\"txt_info\":\"2 Klicks f\\u00fcr mehr Datenschutz: Erst wenn Sie hier klicken, wird der Button aktiv und Sie k\\u00f6nnen Ihre Empfehlung an Facebook senden. Schon beim Aktivieren werden <strong>Daten an Dritte \\u00fcbertragen<\\\/strong> - siehe <strong>i<\\\/strong>.\",\"perma_option\":\"off\",\"action\":\"like\",\"language\":\"de_DE\"},\"twitter\":{\"reply_to\":\"\",\"tweet_text\":\"%20Warnem%C3%BCnder%20Wintervergn%C3%BCgen%20%C2%BB%20InterDomizil%20Reisemagazin%20%23Familie%20%23Leuchtturm%20...\",\"status\":\"on\",\"txt_info\":\"2 Klicks f\\u00fcr mehr Datenschutz: Erst wenn Sie hier klicken, wird der Button aktiv und Sie k\\u00f6nnen Ihre Empfehlung an Twitter senden. Schon beim Aktivieren werden <strong>Daten an Dritte \\u00fcbertragen<\\\/strong> - siehe <strong>i<\\\/strong>.\",\"perma_option\":\"off\",\"language\":\"de\"},\"pinterest\":{\"status\":\"on\",\"the_excerpt\":\"Warnem\\u00fcnder Wintervergn\\u00fcgen\",\"txt_info\":\"2 Klicks f\\u00fcr mehr Datenschutz: Erst wenn Sie hier klicken, wird der Button aktiv und Sie k\\u00f6nnen Ihre Empfehlung an Pinterest senden. Schon beim Aktivieren werden <strong>Daten an Dritte \\u00fcbertragen<\\\/strong> - siehe <strong>i<\\\/strong>.\",\"perma_option\":\"off\",\"media\":\"https:\\\/\\\/www.interdomizil.de\\\/reisemagazin\\\/wp-content\\\/uploads\\\/IMG_1528-Kopie.jpg\"}},\"txt_help\":\"Wenn Sie diese Felder durch einen Klick aktivieren, werden Informationen an Facebook, Twitter, Flattr, Xing, t3n, LinkedIn, Pinterest oder Google eventuell ins Ausland <strong>\\u00fcbertragen<\\\/strong> und unter Umst\\u00e4nden auch dort <strong>gespeichert<\\\/strong>. N\\u00e4heres erfahren Sie durch einen Klick auf das <em>i<\\\/em>.\",\"settings_perma\":\"Dauerhaft aktivieren und Daten\\u00fcber-tragung zustimmen:\",\"info_link\":\"http:\\\/\\\/www.heise.de\\\/ct\\\/artikel\\\/2-Klicks-fuer-mehr-Datenschutz-1333879.html\",\"uri\":\"https:\\\/\\\/www.interdomizil.de\\\/reisemagazin\\\/reisetipps\\\/warnemuender-wintervergnuegen\",\"post_id\":3896,\"post_title_referrer_track\":\"Warnem%C3%BCnder+Wintervergn%C3%BCgen\",\"concat\":\"%3F\",\"display_infobox\":\"on\"});}});\n\/* ]]> *\/<\/script><\/div><p style=\"text-align: justify;\">Ein Strandbesuch ist nur im Sommer sch\u00f6n? Weit gefehlt, denn auch in den Herbst- und Wintermonaten bieten die sch\u00f6nsten Ostsee- und Kurb\u00e4der vielf\u00e4ltige Veranstaltungsh\u00f6hepunkte f\u00fcr G\u00e4ste an. Wer in der Hansestadt Rostock Urlaub macht, sollte das Januar-Highlight nicht verpassen: Bereits zum siebten Mal findet im <a href=\"https:\/\/www.interdomizil.de\/warnemuende\">Ostseebad <strong>Warnem\u00fcnde<\/strong><\/a> das <em>Wintervergn\u00fcgen<\/em> statt.<\/p>\n<figure id=\"attachment_5291\" aria-describedby=\"caption-attachment-5291\" style=\"width: 620px\" class=\"wp-caption aligncenter\"><img decoding=\"async\" loading=\"lazy\" class=\"wp-image-5291 size-large\" src=\"https:\/\/www.interdomizil.de\/reisemagazin\/wp-content\/uploads\/IMG_1528-Kopie-620x413.jpg\" width=\"620\" height=\"413\" srcset=\"https:\/\/www.interdomizil.de\/reisemagazin\/wp-content\/uploads\/IMG_1528-Kopie-620x413.jpg 620w, https:\/\/www.interdomizil.de\/reisemagazin\/wp-content\/uploads\/IMG_1528-Kopie-500x333.jpg 500w, https:\/\/www.interdomizil.de\/reisemagazin\/wp-content\/uploads\/IMG_1528-Kopie-720x480.jpg 720w, https:\/\/www.interdomizil.de\/reisemagazin\/wp-content\/uploads\/IMG_1528-Kopie-175x117.jpg 175w, https:\/\/www.interdomizil.de\/reisemagazin\/wp-content\/uploads\/IMG_1528-Kopie-450x300.jpg 450w, https:\/\/www.interdomizil.de\/reisemagazin\/wp-content\/uploads\/IMG_1528-Kopie-768x512.jpg 768w, https:\/\/www.interdomizil.de\/reisemagazin\/wp-content\/uploads\/IMG_1528-Kopie-200x133.jpg 200w, https:\/\/www.interdomizil.de\/reisemagazin\/wp-content\/uploads\/IMG_1528-Kopie-270x180.jpg 270w, https:\/\/www.interdomizil.de\/reisemagazin\/wp-content\/uploads\/IMG_1528-Kopie-300x200.jpg 300w, https:\/\/www.interdomizil.de\/reisemagazin\/wp-content\/uploads\/IMG_1528-Kopie.jpg 900w\" sizes=\"(max-width: 620px) 100vw, 620px\" \/><figcaption id=\"caption-attachment-5291\" class=\"wp-caption-text\">Warnem\u00fcnde Wintervergn\u00fcgen mit Drachenfest der Drachenstrolche &#8211; Foto@ InterDomizil GmbH<\/figcaption><\/figure>\n<p style=\"text-align: justify;\"><strong>Das Wochenendprogramm ist vielf\u00e4ltig<br \/>\n<\/strong><br \/>\nVom 29 bis zum 31. Januar 2016 verwandelt sich das beschauliche Bad in eine bunte Feiermeile. Auf der <em>Promenade<\/em>, am <em>Leuchtturm<\/em> sowie unterhalb des <em>Teepotts<\/em> \u2013 direkt am <em>Ostseestrand<\/em> \u2013 locken zahlreiche Programmpunkte Zuschauer an. Wer mag, kann sich beispielsweise in einem der 30 Strandk\u00f6rbe niederlassen und auf die Ostsee schauen. Oder sich an einem der drei Strandfeuer der Freiwilligen Feuerwehr <strong>Warnem\u00fcnde<\/strong> w\u00e4rmen. Doch zu kalt? Dann ab in die beheizte ICE-Lounge oder in die CuBAR, beide werden in den Abendstunden zu Apr\u00e9s-Ski-Feierst\u00e4tten. Auch in der Strandsauna lassen sich die kalten Glieder wunderbar w\u00e4rmen. Familien sollten sich das Puppenmusiktheater oder eine Fahrt im Riesenrad oder Kinderkarussell nicht entgehen lassen. Daneben wartet das <strong>Warnem\u00fcnder<\/strong> <em>Wintervergn\u00fcgen<\/em> mit zahlreichen Vorf\u00fchrungen sowie Live-Musik auf.<\/p>\n<figure id=\"attachment_5292\" aria-describedby=\"caption-attachment-5292\" style=\"width: 270px\" class=\"wp-caption alignleft\"><img decoding=\"async\" loading=\"lazy\" class=\"wp-image-5292\" src=\"https:\/\/www.interdomizil.de\/reisemagazin\/wp-content\/uploads\/MG_1483-Kopie-300x200.jpg\" alt=\"Zum Wintervegn\u00fcgen werden die Strandk\u00f6rbe wieder hervorgeholt - Foto: Saskia Henck\" width=\"270\" height=\"180\" srcset=\"https:\/\/www.interdomizil.de\/reisemagazin\/wp-content\/uploads\/MG_1483-Kopie-300x200.jpg 300w, https:\/\/www.interdomizil.de\/reisemagazin\/wp-content\/uploads\/MG_1483-Kopie-270x180.jpg 270w, https:\/\/www.interdomizil.de\/reisemagazin\/wp-content\/uploads\/MG_1483-Kopie-770x515.jpg 770w, https:\/\/www.interdomizil.de\/reisemagazin\/wp-content\/uploads\/MG_1483-Kopie-200x133.jpg 200w, https:\/\/www.interdomizil.de\/reisemagazin\/wp-content\/uploads\/MG_1483-Kopie-768x512.jpg 768w, https:\/\/www.interdomizil.de\/reisemagazin\/wp-content\/uploads\/MG_1483-Kopie-620x413.jpg 620w, https:\/\/www.interdomizil.de\/reisemagazin\/wp-content\/uploads\/MG_1483-Kopie.jpg 900w\" sizes=\"(max-width: 270px) 100vw, 270px\" \/><figcaption id=\"caption-attachment-5292\" class=\"wp-caption-text\">Zum Wintervegn\u00fcgen werden die Strandk\u00f6rbe wieder hervorgeholt &#8211; Foto@ InterDomizil GmbH<\/figcaption><\/figure>\n<figure id=\"attachment_5294\" aria-describedby=\"caption-attachment-5294\" style=\"width: 270px\" class=\"wp-caption alignright\"><img decoding=\"async\" loading=\"lazy\" class=\"wp-image-5294\" src=\"https:\/\/www.interdomizil.de\/reisemagazin\/wp-content\/uploads\/IMG_1465-300x200.jpg\" width=\"270\" height=\"180\" srcset=\"https:\/\/www.interdomizil.de\/reisemagazin\/wp-content\/uploads\/IMG_1465-300x200.jpg 300w, https:\/\/www.interdomizil.de\/reisemagazin\/wp-content\/uploads\/IMG_1465-270x180.jpg 270w, https:\/\/www.interdomizil.de\/reisemagazin\/wp-content\/uploads\/IMG_1465-770x515.jpg 770w, https:\/\/www.interdomizil.de\/reisemagazin\/wp-content\/uploads\/IMG_1465-200x133.jpg 200w, https:\/\/www.interdomizil.de\/reisemagazin\/wp-content\/uploads\/IMG_1465-768x512.jpg 768w, https:\/\/www.interdomizil.de\/reisemagazin\/wp-content\/uploads\/IMG_1465-620x413.jpg 620w, https:\/\/www.interdomizil.de\/reisemagazin\/wp-content\/uploads\/IMG_1465.jpg 900w\" sizes=\"(max-width: 270px) 100vw, 270px\" \/><figcaption id=\"caption-attachment-5294\" class=\"wp-caption-text\">Immer mit dabei, die Feuerwehr &#8211; Foto@ InterDomizil GmbH<\/figcaption><\/figure>\n<p style=\"text-align: justify;\">\n<p>Eisfasching der &#8222;Rostocker Seehunde&#8220;<\/p>\n<p style=\"text-align: justify;\">Zweifellos einer der H\u00f6hepunkte wird das Winterbaden der Seehunde sein. Die Mitglieder des Vereins werden ihre w\u00f6chentliche Routine des Eisbadens diesmal vor Zuschauern abhalten. Doch anders als sonst nicht nackt, sondern in bunte Kost\u00fcme geh\u00fcllt. Wer sich traut, kann ebenfalls in die eiskalte Ostsee springen, schlie\u00dflich gilt das Bad im kalten Wasser als ideale Gesundheitsvorbeugung. Auch sehr bunt geht es am <strong>Warnem\u00fcnder<\/strong> Himmel zu, wenn die Drachenstrolche ihre bunten Windgleiter steigen lassen. Alles Gute kommt von oben \u2013 dieses Motto nehmen die Mitglieder der &#8222;Skydive Ostsee&#8220; sehr ernst, beim <em>Wintervergn\u00fcgen<\/em> zeigen sie eine Strandlandung. G\u00e4ste, die nicht nur zuschauen m\u00f6chten, haben beim Ponyreiten oder w\u00e4hrend einer Kutschfahrt ausreichend Gelegenheit, aktiv zu werden. Der Verein &#8222;Pferdefreunde an der Ostsee&#8220; veranstaltet au\u00dferdem ein Pferderennen direkt an der Ostsee.<\/p>\n<figure id=\"attachment_5295\" aria-describedby=\"caption-attachment-5295\" style=\"width: 620px\" class=\"wp-caption aligncenter\"><img decoding=\"async\" loading=\"lazy\" class=\"size-large wp-image-5295\" src=\"https:\/\/www.interdomizil.de\/reisemagazin\/wp-content\/uploads\/IMG_1438-620x413.jpg\" alt=\"Kurz nach dem Pferderennen - Foto: InterDomizil GmbH\" width=\"620\" height=\"413\" srcset=\"https:\/\/www.interdomizil.de\/reisemagazin\/wp-content\/uploads\/IMG_1438-620x413.jpg 620w, https:\/\/www.interdomizil.de\/reisemagazin\/wp-content\/uploads\/IMG_1438-270x180.jpg 270w, https:\/\/www.interdomizil.de\/reisemagazin\/wp-content\/uploads\/IMG_1438-200x133.jpg 200w, https:\/\/www.interdomizil.de\/reisemagazin\/wp-content\/uploads\/IMG_1438-300x200.jpg 300w, https:\/\/www.interdomizil.de\/reisemagazin\/wp-content\/uploads\/IMG_1438-768x512.jpg 768w, https:\/\/www.interdomizil.de\/reisemagazin\/wp-content\/uploads\/IMG_1438.jpg 900w\" sizes=\"(max-width: 620px) 100vw, 620px\" \/><figcaption id=\"caption-attachment-5295\" class=\"wp-caption-text\">Kurz nach dem Pferderennen &#8211; Foto@ InterDomizil GmbH<\/figcaption><\/figure>\n<p style=\"text-align: justify;\"><strong>Leuchtturm-Rock mit Antenne MV<\/strong><br \/>\nF\u00fcr die musikalische Unterhaltung sorgt der Radiosender Antenne MV, der mit seinem Showtruck am Leuchtturm Position bezieht. Die <a href=\"https:\/\/sideburns-rockabilly.de\/\" target=\"_blank\" rel=\"noopener noreferrer\">Sideburns<\/a> oder <a href=\"http:\/\/www.level-one-band.de\/\" target=\"_blank\" rel=\"noopener noreferrer\">Level One<\/a> verf\u00fchren zum T\u00e4nzchen oder Mitsingen. Etwas gem\u00fctlicher ist es da schon bei der Live-Auff\u00fchrung des H\u00f6rbuchs &#8222;Die alten Filme&#8220; im Caf\u00e9 Ringelnatz. Am Leuchtturm beginnt auch der Wintermarkt, der mit Bummel- und Schlemmermeile die Zeit zwischen den einzelnen Programmpunkten vertreibt. Auf der Promenade lohnt ebenfalls ein Blick, verschiedene regionale K\u00f6stlichkeiten k\u00f6nnen hier erstanden werden. Abgerundet wird das Programm des <strong>Warnem\u00fcnder<\/strong> <em>Wintervergn\u00fcgens<\/em> durch diverse Vorf\u00fchrungen und Aktionen, bei denen auch die Kleinsten gro\u00dfe Augen machen werden.<\/p>\n<p style=\"text-align: justify;\">\n","protected":false},"excerpt":{"rendered":"<p>Ein Strandbesuch ist nur im Sommer sch\u00f6n? Weit gefehlt, denn auch in den Herbst- und Wintermonaten bieten die sch\u00f6nsten Ostsee- und Kurb\u00e4der vielf\u00e4ltige Veranstaltungsh\u00f6hepunkte f\u00fcr G\u00e4ste an. Wer in der Hansestadt Rostock Urlaub macht, sollte das Januar-Highlight nicht verpassen: Bereits zum siebten Mal findet im Ostseebad Warnem\u00fcnde das Wintervergn\u00fcgen statt. Das Wochenendprogramm ist vielf\u00e4ltig Vom<\/p>\n","protected":false},"author":3,"featured_media":5291,"comment_status":"open","ping_status":"open","sticky":false,"template":"","format":"standard","meta":{"footnotes":""},"categories":[37,11,12],"tags":[857,855,562,996,854,858,585,856,853],"yoast_head":"<!-- This site is optimized with the Yoast SEO plugin v16.1.1 - https:\/\/yoast.com\/wordpress\/plugins\/seo\/ -->\n<title>Warnem\u00fcnder Wintervergn\u00fcgen &ndash; InterDomizil Reisemagazin<\/title>\n<meta name=\"description\" content=\"Auch im Winter kann sich Warnem\u00fcnde sehen lassen. Beim Wintervergn\u00fcgen im Januar steht das ganze Ostseebad Kopf und l\u00e4dt seine G\u00e4ste herzlich ein.\" \/>\n<link rel=\"canonical\" href=\"https:\/\/www.interdomizil.de\/reisemagazin\/reisetipps\/warnemuender-wintervergnuegen\" \/>\n<meta name=\"twitter:label1\" content=\"Gesch\u00e4tzte Lesezeit\">\n\t<meta name=\"twitter:data1\" content=\"3\u00a0Minuten\">\n<script type=\"application\/ld+json\" class=\"yoast-schema-graph\">{\"@context\":\"https:\/\/schema.org\",\"@graph\":[{\"@type\":\"WebSite\",\"@id\":\"https:\/\/www.interdomizil.de\/reisemagazin\/#website\",\"url\":\"https:\/\/www.interdomizil.de\/reisemagazin\/\",\"name\":\"InterDomizil Reisemagazin\",\"description\":\"Reiseziele. Urlaubtipps. Sehenswertes.\",\"potentialAction\":[{\"@type\":\"SearchAction\",\"target\":\"https:\/\/www.interdomizil.de\/reisemagazin\/?s={search_term_string}\",\"query-input\":\"required name=search_term_string\"}],\"inLanguage\":\"de\"},{\"@type\":\"ImageObject\",\"@id\":\"https:\/\/www.interdomizil.de\/reisemagazin\/reisetipps\/warnemuender-wintervergnuegen#primaryimage\",\"inLanguage\":\"de\",\"url\":\"https:\/\/www.interdomizil.de\/reisemagazin\/wp-content\/uploads\/IMG_1528-Kopie.jpg\",\"contentUrl\":\"https:\/\/www.interdomizil.de\/reisemagazin\/wp-content\/uploads\/IMG_1528-Kopie.jpg\",\"width\":900,\"height\":600,\"caption\":\"Warnem\\u00fcnde Wintervergn\\u00fcgen mit Drachenfest - Foto: Saskia Henck\"},{\"@type\":\"WebPage\",\"@id\":\"https:\/\/www.interdomizil.de\/reisemagazin\/reisetipps\/warnemuender-wintervergnuegen#webpage\",\"url\":\"https:\/\/www.interdomizil.de\/reisemagazin\/reisetipps\/warnemuender-wintervergnuegen\",\"name\":\"Warnem\\u00fcnder Wintervergn\\u00fcgen &ndash; InterDomizil Reisemagazin\",\"isPartOf\":{\"@id\":\"https:\/\/www.interdomizil.de\/reisemagazin\/#website\"},\"primaryImageOfPage\":{\"@id\":\"https:\/\/www.interdomizil.de\/reisemagazin\/reisetipps\/warnemuender-wintervergnuegen#primaryimage\"},\"datePublished\":\"2016-01-26T12:15:30+00:00\",\"dateModified\":\"2021-03-02T11:07:25+00:00\",\"author\":{\"@id\":\"https:\/\/www.interdomizil.de\/reisemagazin\/#\/schema\/person\/ddde02f47c63e31c041176442ea05d35\"},\"description\":\"Auch im Winter kann sich Warnem\\u00fcnde sehen lassen. Beim Wintervergn\\u00fcgen im Januar steht das ganze Ostseebad Kopf und l\\u00e4dt seine G\\u00e4ste herzlich ein.\",\"breadcrumb\":{\"@id\":\"https:\/\/www.interdomizil.de\/reisemagazin\/reisetipps\/warnemuender-wintervergnuegen#breadcrumb\"},\"inLanguage\":\"de\",\"potentialAction\":[{\"@type\":\"ReadAction\",\"target\":[\"https:\/\/www.interdomizil.de\/reisemagazin\/reisetipps\/warnemuender-wintervergnuegen\"]}]},{\"@type\":\"BreadcrumbList\",\"@id\":\"https:\/\/www.interdomizil.de\/reisemagazin\/reisetipps\/warnemuender-wintervergnuegen#breadcrumb\",\"itemListElement\":[{\"@type\":\"ListItem\",\"position\":1,\"item\":{\"@type\":\"WebPage\",\"@id\":\"https:\/\/www.interdomizil.de\/reisemagazin\/\",\"url\":\"https:\/\/www.interdomizil.de\/reisemagazin\/\",\"name\":\"Home\"}},{\"@type\":\"ListItem\",\"position\":2,\"item\":{\"@type\":\"WebPage\",\"@id\":\"https:\/\/www.interdomizil.de\/reisemagazin\/reisetipps\/warnemuender-wintervergnuegen\",\"url\":\"https:\/\/www.interdomizil.de\/reisemagazin\/reisetipps\/warnemuender-wintervergnuegen\",\"name\":\"Warnem\\u00fcnder Wintervergn\\u00fcgen\"}}]},{\"@type\":\"Person\",\"@id\":\"https:\/\/www.interdomizil.de\/reisemagazin\/#\/schema\/person\/ddde02f47c63e31c041176442ea05d35\",\"name\":\"Redaktion\"}]}<\/script>\n<!-- \/ Yoast SEO plugin. -->","_links":{"self":[{"href":"https:\/\/www.interdomizil.de\/reisemagazin\/wp-json\/wp\/v2\/posts\/3896"}],"collection":[{"href":"https:\/\/www.interdomizil.de\/reisemagazin\/wp-json\/wp\/v2\/posts"}],"about":[{"href":"https:\/\/www.interdomizil.de\/reisemagazin\/wp-json\/wp\/v2\/types\/post"}],"author":[{"embeddable":true,"href":"https:\/\/www.interdomizil.de\/reisemagazin\/wp-json\/wp\/v2\/users\/3"}],"replies":[{"embeddable":true,"href":"https:\/\/www.interdomizil.de\/reisemagazin\/wp-json\/wp\/v2\/comments?post=3896"}],"version-history":[{"count":12,"href":"https:\/\/www.interdomizil.de\/reisemagazin\/wp-json\/wp\/v2\/posts\/3896\/revisions"}],"predecessor-version":[{"id":11149,"href":"https:\/\/www.interdomizil.de\/reisemagazin\/wp-json\/wp\/v2\/posts\/3896\/revisions\/11149"}],"wp:featuredmedia":[{"embeddable":true,"href":"https:\/\/www.interdomizil.de\/reisemagazin\/wp-json\/wp\/v2\/media\/5291"}],"wp:attachment":[{"href":"https:\/\/www.interdomizil.de\/reisemagazin\/wp-json\/wp\/v2\/media?parent=3896"}],"wp:term":[{"taxonomy":"category","embeddable":true,"href":"https:\/\/www.interdomizil.de\/reisemagazin\/wp-json\/wp\/v2\/categories?post=3896"},{"taxonomy":"post_tag","embeddable":true,"href":"https:\/\/www.interdomizil.de\/reisemagazin\/wp-json\/wp\/v2\/tags?post=3896"}],"curies":[{"name":"wp","href":"https:\/\/api.w.org\/{rel}","templated":true}]}}