{"id":3707,"date":"2016-01-07T11:00:56","date_gmt":"2016-01-07T09:00:56","guid":{"rendered":"https:\/\/www.interdomizil.de\/reisemagazin\/?p=3707"},"modified":"2017-02-04T17:34:16","modified_gmt":"2017-02-04T15:34:16","slug":"karneval-auf-den-kanarischen-inseln","status":"publish","type":"post","link":"https:\/\/www.interdomizil.de\/reisemagazin\/reisetipps\/karneval-auf-den-kanarischen-inseln","title":{"rendered":"Karneval einmal anders &#8211; n\u00e4mlich auf den Kanarischen Inseln"},"content":{"rendered":"<div class=\"twoclick_social_bookmarks_post_3707 social_share_privacy clearfix 1.6.4 locale-de_DE sprite-de_DE\"><\/div><div class=\"twoclick-js\"><script type=\"text\/javascript\">\/* <![CDATA[ *\/\njQuery(document).ready(function($){if($('.twoclick_social_bookmarks_post_3707')){$('.twoclick_social_bookmarks_post_3707').socialSharePrivacy({\"services\":{\"facebook\":{\"status\":\"on\",\"txt_info\":\"2 Klicks f\\u00fcr mehr Datenschutz: Erst wenn Sie hier klicken, wird der Button aktiv und Sie k\\u00f6nnen Ihre Empfehlung an Facebook senden. Schon beim Aktivieren werden <strong>Daten an Dritte \\u00fcbertragen<\\\/strong> - siehe <strong>i<\\\/strong>.\",\"perma_option\":\"off\",\"action\":\"like\",\"language\":\"de_DE\"},\"twitter\":{\"reply_to\":\"\",\"tweet_text\":\"%20Karneval%20einmal%20anders%20%E2%80%93%20n%C3%A4mlich%20auf%20den%20Kanarischen%20Inseln%20%C2%BB%20...\",\"status\":\"on\",\"txt_info\":\"2 Klicks f\\u00fcr mehr Datenschutz: Erst wenn Sie hier klicken, wird der Button aktiv und Sie k\\u00f6nnen Ihre Empfehlung an Twitter senden. Schon beim Aktivieren werden <strong>Daten an Dritte \\u00fcbertragen<\\\/strong> - siehe <strong>i<\\\/strong>.\",\"perma_option\":\"off\",\"language\":\"de\"},\"pinterest\":{\"status\":\"on\",\"the_excerpt\":\"Karneval einmal anders &#8211; n\\u00e4mlich auf den Kanarischen Inseln\",\"txt_info\":\"2 Klicks f\\u00fcr mehr Datenschutz: Erst wenn Sie hier klicken, wird der Button aktiv und Sie k\\u00f6nnen Ihre Empfehlung an Pinterest senden. Schon beim Aktivieren werden <strong>Daten an Dritte \\u00fcbertragen<\\\/strong> - siehe <strong>i<\\\/strong>.\",\"perma_option\":\"off\",\"media\":\"https:\\\/\\\/www.interdomizil.de\\\/reisemagazin\\\/wp-content\\\/uploads\\\/carnival-476816_1280.jpg\"}},\"txt_help\":\"Wenn Sie diese Felder durch einen Klick aktivieren, werden Informationen an Facebook, Twitter, Flattr, Xing, t3n, LinkedIn, Pinterest oder Google eventuell ins Ausland <strong>\\u00fcbertragen<\\\/strong> und unter Umst\\u00e4nden auch dort <strong>gespeichert<\\\/strong>. N\\u00e4heres erfahren Sie durch einen Klick auf das <em>i<\\\/em>.\",\"settings_perma\":\"Dauerhaft aktivieren und Daten\\u00fcber-tragung zustimmen:\",\"info_link\":\"http:\\\/\\\/www.heise.de\\\/ct\\\/artikel\\\/2-Klicks-fuer-mehr-Datenschutz-1333879.html\",\"uri\":\"https:\\\/\\\/www.interdomizil.de\\\/reisemagazin\\\/reisetipps\\\/karneval-auf-den-kanarischen-inseln\",\"post_id\":3707,\"post_title_referrer_track\":\"Karneval+einmal+anders+%26%238211%3B+n%C3%A4mlich+auf+den+Kanarischen+Inseln\",\"concat\":\"%3F\",\"display_infobox\":\"on\"});}});\n\/* ]]> *\/<\/script><\/div><p style=\"text-align: left;\">H\u00f6rt man das Wort \u201eKarneval\u201c , denkt\u00a0 man zuerst an Rio de Janeiro oder an Karnevalsumz\u00fcge in den deutschen Hochburgen der Narren: D\u00fcsseldorf, Mainz oder K\u00f6ln. Aber auch auf den Kanarischen Inseln wird Karneval gefeiert und die Veranstaltungen, die bunten Kost\u00fcme, die T\u00e4nzer, die Musikanten und die Festumz\u00fcge stehen denen von Rio de Janeiro in nichts nach!<\/p>\n<figure id=\"attachment_3716\" aria-describedby=\"caption-attachment-3716\" style=\"width: 620px\" class=\"wp-caption aligncenter\"><img decoding=\"async\" loading=\"lazy\" class=\"wp-image-3716 size-large\" src=\"https:\/\/www.interdomizil.de\/reisemagazin\/wp-content\/uploads\/Karn2015-02-620x407.jpg\" alt=\"\" width=\"620\" height=\"407\" srcset=\"https:\/\/www.interdomizil.de\/reisemagazin\/wp-content\/uploads\/Karn2015-02-620x407.jpg 620w, https:\/\/www.interdomizil.de\/reisemagazin\/wp-content\/uploads\/Karn2015-02-768x504.jpg 768w, https:\/\/www.interdomizil.de\/reisemagazin\/wp-content\/uploads\/Karn2015-02-200x131.jpg 200w, https:\/\/www.interdomizil.de\/reisemagazin\/wp-content\/uploads\/Karn2015-02-300x197.jpg 300w, https:\/\/www.interdomizil.de\/reisemagazin\/wp-content\/uploads\/Karn2015-02.jpg 897w\" sizes=\"(max-width: 620px) 100vw, 620px\" \/><figcaption id=\"caption-attachment-3716\" class=\"wp-caption-text\">Stra\u00dfenkarneval in Las Palmas de Gran Canaria in 2015<\/figcaption><\/figure>\n<figure id=\"attachment_3721\" aria-describedby=\"caption-attachment-3721\" style=\"width: 620px\" class=\"wp-caption aligncenter\"><img decoding=\"async\" loading=\"lazy\" class=\"wp-image-3721 size-large\" src=\"https:\/\/www.interdomizil.de\/reisemagazin\/wp-content\/uploads\/karneval2015-canteras1-620x413.jpg\" alt=\"\" width=\"620\" height=\"413\" srcset=\"https:\/\/www.interdomizil.de\/reisemagazin\/wp-content\/uploads\/karneval2015-canteras1-620x413.jpg 620w, https:\/\/www.interdomizil.de\/reisemagazin\/wp-content\/uploads\/karneval2015-canteras1-768x511.jpg 768w, https:\/\/www.interdomizil.de\/reisemagazin\/wp-content\/uploads\/karneval2015-canteras1-270x180.jpg 270w, https:\/\/www.interdomizil.de\/reisemagazin\/wp-content\/uploads\/karneval2015-canteras1-200x133.jpg 200w, https:\/\/www.interdomizil.de\/reisemagazin\/wp-content\/uploads\/karneval2015-canteras1-300x200.jpg 300w, https:\/\/www.interdomizil.de\/reisemagazin\/wp-content\/uploads\/karneval2015-canteras1.jpg 900w\" sizes=\"(max-width: 620px) 100vw, 620px\" \/><figcaption id=\"caption-attachment-3721\" class=\"wp-caption-text\">Bunte Parade an der Promenade vom Canteras Strand von Las Palmas de Gran Canaria<\/figcaption><\/figure>\n<figure id=\"attachment_3719\" aria-describedby=\"caption-attachment-3719\" style=\"width: 620px\" class=\"wp-caption aligncenter\"><img decoding=\"async\" loading=\"lazy\" class=\"wp-image-3719 size-large\" src=\"https:\/\/www.interdomizil.de\/reisemagazin\/wp-content\/uploads\/Karn2015-16-620x413.jpg\" alt=\"\" width=\"620\" height=\"413\" srcset=\"https:\/\/www.interdomizil.de\/reisemagazin\/wp-content\/uploads\/Karn2015-16-620x413.jpg 620w, https:\/\/www.interdomizil.de\/reisemagazin\/wp-content\/uploads\/Karn2015-16-768x511.jpg 768w, https:\/\/www.interdomizil.de\/reisemagazin\/wp-content\/uploads\/Karn2015-16-270x180.jpg 270w, https:\/\/www.interdomizil.de\/reisemagazin\/wp-content\/uploads\/Karn2015-16-200x133.jpg 200w, https:\/\/www.interdomizil.de\/reisemagazin\/wp-content\/uploads\/Karn2015-16-300x200.jpg 300w, https:\/\/www.interdomizil.de\/reisemagazin\/wp-content\/uploads\/Karn2015-16.jpg 894w\" sizes=\"(max-width: 620px) 100vw, 620px\" \/><figcaption id=\"caption-attachment-3719\" class=\"wp-caption-text\">Abendshow mit bunten Kost\u00fcmen 2015<\/figcaption><\/figure>\n<figure id=\"attachment_3735\" aria-describedby=\"caption-attachment-3735\" style=\"width: 620px\" class=\"wp-caption aligncenter\"><img decoding=\"async\" loading=\"lazy\" class=\"wp-image-3735 size-large\" src=\"https:\/\/www.interdomizil.de\/reisemagazin\/wp-content\/uploads\/Karn2015-18-620x412.jpg\" alt=\"\" width=\"620\" height=\"412\" srcset=\"https:\/\/www.interdomizil.de\/reisemagazin\/wp-content\/uploads\/Karn2015-18-620x412.jpg 620w, https:\/\/www.interdomizil.de\/reisemagazin\/wp-content\/uploads\/Karn2015-18-200x133.jpg 200w, https:\/\/www.interdomizil.de\/reisemagazin\/wp-content\/uploads\/Karn2015-18-300x200.jpg 300w, https:\/\/www.interdomizil.de\/reisemagazin\/wp-content\/uploads\/Karn2015-18.jpg 896w\" sizes=\"(max-width: 620px) 100vw, 620px\" \/><figcaption id=\"caption-attachment-3735\" class=\"wp-caption-text\">Veranstaltung auf der gro\u00dfen B\u00fchne in Las Palmas de Gran Canaria 2015<\/figcaption><\/figure>\n<p style=\"text-align: left;\">Bei milden Temperaturen und Sonne wird auf jeder Insel gefeiert und \u00fcber mehrere Wochen folgt eine Veranstaltung der n\u00e4chsten. H\u00f6hepunkte sind dabei die Paraden mit Auftritten von Kapellen und Jecken und die Wahlen zur Karnevalsk\u00f6nigin.<\/p>\n<figure id=\"attachment_3711\" aria-describedby=\"caption-attachment-3711\" style=\"width: 620px\" class=\"wp-caption aligncenter\"><img decoding=\"async\" loading=\"lazy\" class=\"wp-image-3711 size-large\" src=\"https:\/\/www.interdomizil.de\/reisemagazin\/wp-content\/uploads\/Karn2015-01-620x413.jpg\" alt=\"Karneval Las Palmas2015\" width=\"620\" height=\"413\" srcset=\"https:\/\/www.interdomizil.de\/reisemagazin\/wp-content\/uploads\/Karn2015-01-620x413.jpg 620w, https:\/\/www.interdomizil.de\/reisemagazin\/wp-content\/uploads\/Karn2015-01-768x511.jpg 768w, https:\/\/www.interdomizil.de\/reisemagazin\/wp-content\/uploads\/Karn2015-01-270x180.jpg 270w, https:\/\/www.interdomizil.de\/reisemagazin\/wp-content\/uploads\/Karn2015-01-200x133.jpg 200w, https:\/\/www.interdomizil.de\/reisemagazin\/wp-content\/uploads\/Karn2015-01-300x200.jpg 300w, https:\/\/www.interdomizil.de\/reisemagazin\/wp-content\/uploads\/Karn2015-01.jpg 903w\" sizes=\"(max-width: 620px) 100vw, 620px\" \/><figcaption id=\"caption-attachment-3711\" class=\"wp-caption-text\">Die strahlende Karnevalsk\u00f6nigin von Las Palmas de Gran Canaria 2015: Ar\u00e1nzazu Est\u00e9vez<\/figcaption><\/figure>\n<figure id=\"attachment_3712\" aria-describedby=\"caption-attachment-3712\" style=\"width: 620px\" class=\"wp-caption aligncenter\"><img decoding=\"async\" loading=\"lazy\" class=\"wp-image-3712 size-large\" src=\"https:\/\/www.interdomizil.de\/reisemagazin\/wp-content\/uploads\/15975197443_415064bf01_b-620x414.jpg\" alt=\"\" width=\"620\" height=\"414\" srcset=\"https:\/\/www.interdomizil.de\/reisemagazin\/wp-content\/uploads\/15975197443_415064bf01_b-620x414.jpg 620w, https:\/\/www.interdomizil.de\/reisemagazin\/wp-content\/uploads\/15975197443_415064bf01_b-768x512.jpg 768w, https:\/\/www.interdomizil.de\/reisemagazin\/wp-content\/uploads\/15975197443_415064bf01_b-270x180.jpg 270w, https:\/\/www.interdomizil.de\/reisemagazin\/wp-content\/uploads\/15975197443_415064bf01_b-770x515.jpg 770w, https:\/\/www.interdomizil.de\/reisemagazin\/wp-content\/uploads\/15975197443_415064bf01_b-200x133.jpg 200w, https:\/\/www.interdomizil.de\/reisemagazin\/wp-content\/uploads\/15975197443_415064bf01_b-300x200.jpg 300w, https:\/\/www.interdomizil.de\/reisemagazin\/wp-content\/uploads\/15975197443_415064bf01_b.jpg 1024w\" sizes=\"(max-width: 620px) 100vw, 620px\" \/><figcaption id=\"caption-attachment-3712\" class=\"wp-caption-text\">Wahl der Karnevalsk\u00f6nigin 2015 in Las Palmas de Gran Canaria<\/figcaption><\/figure>\n<p style=\"text-align: center;\">Auf der gro\u00dfen Festb\u00fchne finden verschiedene Challenges statt, wie die\u00a0Wahl der\u00a0besten K\u00f6rpermalerei<\/p>\n<p style=\"text-align: left;\"><img decoding=\"async\" loading=\"lazy\" class=\" wp-image-3723 size-medium aligncenter\" src=\"https:\/\/www.interdomizil.de\/reisemagazin\/wp-content\/uploads\/koerpermal3-199x300.jpg\" alt=\"\" width=\"199\" height=\"300\" srcset=\"https:\/\/www.interdomizil.de\/reisemagazin\/wp-content\/uploads\/koerpermal3-199x300.jpg 199w, https:\/\/www.interdomizil.de\/reisemagazin\/wp-content\/uploads\/koerpermal3-200x301.jpg 200w, https:\/\/www.interdomizil.de\/reisemagazin\/wp-content\/uploads\/koerpermal3.jpg 397w\" sizes=\"(max-width: 199px) 100vw, 199px\" \/>\u00a0 \u00a0 \u00a0 \u00a0<img decoding=\"async\" loading=\"lazy\" class=\" wp-image-3736 size-medium aligncenter\" src=\"https:\/\/www.interdomizil.de\/reisemagazin\/wp-content\/uploads\/koerpermal4-199x300.jpg\" alt=\"\" width=\"199\" height=\"300\" srcset=\"https:\/\/www.interdomizil.de\/reisemagazin\/wp-content\/uploads\/koerpermal4-199x300.jpg 199w, https:\/\/www.interdomizil.de\/reisemagazin\/wp-content\/uploads\/koerpermal4.jpg 398w, https:\/\/www.interdomizil.de\/reisemagazin\/wp-content\/uploads\/koerpermal4-200x302.jpg 200w\" sizes=\"(max-width: 199px) 100vw, 199px\" \/><\/p>\n<p style=\"text-align: left;\"><img decoding=\"async\" loading=\"lazy\" class=\" wp-image-3722 size-medium aligncenter\" src=\"https:\/\/www.interdomizil.de\/reisemagazin\/wp-content\/uploads\/koerpermal2-199x300.jpg\" alt=\"\" width=\"199\" height=\"300\" srcset=\"https:\/\/www.interdomizil.de\/reisemagazin\/wp-content\/uploads\/koerpermal2-199x300.jpg 199w, https:\/\/www.interdomizil.de\/reisemagazin\/wp-content\/uploads\/koerpermal2-200x301.jpg 200w, https:\/\/www.interdomizil.de\/reisemagazin\/wp-content\/uploads\/koerpermal2.jpg 396w\" sizes=\"(max-width: 199px) 100vw, 199px\" \/>\u00a0 \u00a0 \u00a0 \u00a0<img decoding=\"async\" loading=\"lazy\" class=\" wp-image-3724 size-medium aligncenter\" src=\"https:\/\/www.interdomizil.de\/reisemagazin\/wp-content\/uploads\/koerpermal5-197x300.jpg\" alt=\"\" width=\"197\" height=\"300\" srcset=\"https:\/\/www.interdomizil.de\/reisemagazin\/wp-content\/uploads\/koerpermal5-197x300.jpg 197w, https:\/\/www.interdomizil.de\/reisemagazin\/wp-content\/uploads\/koerpermal5-200x304.jpg 200w, https:\/\/www.interdomizil.de\/reisemagazin\/wp-content\/uploads\/koerpermal5.jpg 394w\" sizes=\"(max-width: 197px) 100vw, 197px\" \/><\/p>\n<p style=\"text-align: center;\">und Veranstaltungen mit Kindern<\/p>\n<p style=\"text-align: left;\"><img decoding=\"async\" loading=\"lazy\" class=\"aligncenter wp-image-3728 size-large\" src=\"https:\/\/www.interdomizil.de\/reisemagazin\/wp-content\/uploads\/taenzer02-620x336.jpg\" alt=\"\" width=\"620\" height=\"336\" srcset=\"https:\/\/www.interdomizil.de\/reisemagazin\/wp-content\/uploads\/taenzer02-620x336.jpg 620w, https:\/\/www.interdomizil.de\/reisemagazin\/wp-content\/uploads\/taenzer02-200x108.jpg 200w, https:\/\/www.interdomizil.de\/reisemagazin\/wp-content\/uploads\/taenzer02-300x163.jpg 300w, https:\/\/www.interdomizil.de\/reisemagazin\/wp-content\/uploads\/taenzer02.jpg 965w\" sizes=\"(max-width: 620px) 100vw, 620px\" \/>\u00a0<img decoding=\"async\" loading=\"lazy\" class=\"aligncenter wp-image-3729 size-large\" src=\"https:\/\/www.interdomizil.de\/reisemagazin\/wp-content\/uploads\/tanzgruppe-620x336.jpg\" alt=\"\" width=\"620\" height=\"336\" srcset=\"https:\/\/www.interdomizil.de\/reisemagazin\/wp-content\/uploads\/tanzgruppe-620x336.jpg 620w, https:\/\/www.interdomizil.de\/reisemagazin\/wp-content\/uploads\/tanzgruppe-200x109.jpg 200w, https:\/\/www.interdomizil.de\/reisemagazin\/wp-content\/uploads\/tanzgruppe-300x163.jpg 300w, https:\/\/www.interdomizil.de\/reisemagazin\/wp-content\/uploads\/tanzgruppe.jpg 964w\" sizes=\"(max-width: 620px) 100vw, 620px\" \/><\/p>\n<p style=\"text-align: center;\">Die Wahl der Dragqueen ist ebenfalls ein H\u00f6hepunkt der Abendshows<\/p>\n<p style=\"text-align: left;\">\u00a0 \u00a0<img decoding=\"async\" loading=\"lazy\" class=\"aligncenter wp-image-3715 size-large\" src=\"https:\/\/www.interdomizil.de\/reisemagazin\/wp-content\/uploads\/dragqueen-620x442.jpg\" alt=\"\" width=\"620\" height=\"442\" srcset=\"https:\/\/www.interdomizil.de\/reisemagazin\/wp-content\/uploads\/dragqueen-620x442.jpg 620w, https:\/\/www.interdomizil.de\/reisemagazin\/wp-content\/uploads\/dragqueen-200x143.jpg 200w, https:\/\/www.interdomizil.de\/reisemagazin\/wp-content\/uploads\/dragqueen-300x214.jpg 300w, https:\/\/www.interdomizil.de\/reisemagazin\/wp-content\/uploads\/dragqueen.jpg 791w\" sizes=\"(max-width: 620px) 100vw, 620px\" \/><\/p>\n<p style=\"text-align: left;\"><img decoding=\"async\" loading=\"lazy\" class=\"aligncenter wp-image-3714 size-large\" src=\"https:\/\/www.interdomizil.de\/reisemagazin\/wp-content\/uploads\/drag2015-zweiterplatz-620x416.jpg\" alt=\"\" width=\"620\" height=\"416\" srcset=\"https:\/\/www.interdomizil.de\/reisemagazin\/wp-content\/uploads\/drag2015-zweiterplatz-620x416.jpg 620w, https:\/\/www.interdomizil.de\/reisemagazin\/wp-content\/uploads\/drag2015-zweiterplatz-768x516.jpg 768w, https:\/\/www.interdomizil.de\/reisemagazin\/wp-content\/uploads\/drag2015-zweiterplatz-270x180.jpg 270w, https:\/\/www.interdomizil.de\/reisemagazin\/wp-content\/uploads\/drag2015-zweiterplatz-770x515.jpg 770w, https:\/\/www.interdomizil.de\/reisemagazin\/wp-content\/uploads\/drag2015-zweiterplatz-200x134.jpg 200w, https:\/\/www.interdomizil.de\/reisemagazin\/wp-content\/uploads\/drag2015-zweiterplatz-300x200.jpg 300w, https:\/\/www.interdomizil.de\/reisemagazin\/wp-content\/uploads\/drag2015-zweiterplatz.jpg 898w\" sizes=\"(max-width: 620px) 100vw, 620px\" \/>\u00a0\u00a0<img decoding=\"async\" loading=\"lazy\" class=\"aligncenter wp-image-3713 size-large\" src=\"https:\/\/www.interdomizil.de\/reisemagazin\/wp-content\/uploads\/drag2015-dritterpl-620x413.jpg\" alt=\"\" width=\"620\" height=\"413\" srcset=\"https:\/\/www.interdomizil.de\/reisemagazin\/wp-content\/uploads\/drag2015-dritterpl-620x413.jpg 620w, https:\/\/www.interdomizil.de\/reisemagazin\/wp-content\/uploads\/drag2015-dritterpl-768x512.jpg 768w, https:\/\/www.interdomizil.de\/reisemagazin\/wp-content\/uploads\/drag2015-dritterpl-270x180.jpg 270w, https:\/\/www.interdomizil.de\/reisemagazin\/wp-content\/uploads\/drag2015-dritterpl-200x133.jpg 200w, https:\/\/www.interdomizil.de\/reisemagazin\/wp-content\/uploads\/drag2015-dritterpl-300x200.jpg 300w, https:\/\/www.interdomizil.de\/reisemagazin\/wp-content\/uploads\/drag2015-dritterpl.jpg 894w\" sizes=\"(max-width: 620px) 100vw, 620px\" \/><\/p>\n<p style=\"text-align: left;\">Die Feiern stehen in jedem Jahr unter einem anderen Motto. Ein Festkomitee w\u00e4hlt aus verschiedenen Vorschl\u00e4gen aus.<\/p>\n<figure id=\"attachment_3725\" aria-describedby=\"caption-attachment-3725\" style=\"width: 620px\" class=\"wp-caption aligncenter\"><img decoding=\"async\" loading=\"lazy\" class=\"wp-image-3725 size-large\" src=\"https:\/\/www.interdomizil.de\/reisemagazin\/wp-content\/uploads\/22125348903_9dd6e6555c_c-620x414.jpg\" alt=\"\" width=\"620\" height=\"414\" srcset=\"https:\/\/www.interdomizil.de\/reisemagazin\/wp-content\/uploads\/22125348903_9dd6e6555c_c-620x414.jpg 620w, https:\/\/www.interdomizil.de\/reisemagazin\/wp-content\/uploads\/22125348903_9dd6e6555c_c-768x513.jpg 768w, https:\/\/www.interdomizil.de\/reisemagazin\/wp-content\/uploads\/22125348903_9dd6e6555c_c-270x180.jpg 270w, https:\/\/www.interdomizil.de\/reisemagazin\/wp-content\/uploads\/22125348903_9dd6e6555c_c-770x515.jpg 770w, https:\/\/www.interdomizil.de\/reisemagazin\/wp-content\/uploads\/22125348903_9dd6e6555c_c-200x134.jpg 200w, https:\/\/www.interdomizil.de\/reisemagazin\/wp-content\/uploads\/22125348903_9dd6e6555c_c-300x200.jpg 300w, https:\/\/www.interdomizil.de\/reisemagazin\/wp-content\/uploads\/22125348903_9dd6e6555c_c.jpg 800w\" sizes=\"(max-width: 620px) 100vw, 620px\" \/><figcaption id=\"caption-attachment-3725\" class=\"wp-caption-text\">Festkomitee von Las Palmas de Gran Canaria<\/figcaption><\/figure>\n<figure id=\"attachment_3726\" aria-describedby=\"caption-attachment-3726\" style=\"width: 620px\" class=\"wp-caption aligncenter\"><img decoding=\"async\" loading=\"lazy\" class=\"wp-image-3726 size-large\" src=\"https:\/\/www.interdomizil.de\/reisemagazin\/wp-content\/uploads\/21425238152_597a838937_c-620x414.jpg\" alt=\"\" width=\"620\" height=\"414\" srcset=\"https:\/\/www.interdomizil.de\/reisemagazin\/wp-content\/uploads\/21425238152_597a838937_c-620x414.jpg 620w, https:\/\/www.interdomizil.de\/reisemagazin\/wp-content\/uploads\/21425238152_597a838937_c-768x513.jpg 768w, https:\/\/www.interdomizil.de\/reisemagazin\/wp-content\/uploads\/21425238152_597a838937_c-270x180.jpg 270w, https:\/\/www.interdomizil.de\/reisemagazin\/wp-content\/uploads\/21425238152_597a838937_c-770x515.jpg 770w, https:\/\/www.interdomizil.de\/reisemagazin\/wp-content\/uploads\/21425238152_597a838937_c-200x134.jpg 200w, https:\/\/www.interdomizil.de\/reisemagazin\/wp-content\/uploads\/21425238152_597a838937_c-300x200.jpg 300w, https:\/\/www.interdomizil.de\/reisemagazin\/wp-content\/uploads\/21425238152_597a838937_c.jpg 800w\" sizes=\"(max-width: 620px) 100vw, 620px\" \/><figcaption id=\"caption-attachment-3726\" class=\"wp-caption-text\">Die Wahl ist gefallen auf das Thema: &#8222;die goldenen 20er Jahre&#8220;<\/figcaption><\/figure>\n<p style=\"text-align: left;\"><img decoding=\"async\" loading=\"lazy\" class=\" size-medium wp-image-3727 aligncenter\" src=\"https:\/\/www.interdomizil.de\/reisemagazin\/wp-content\/uploads\/20813531674_ff7063db98_c-212x300.jpg\" alt=\"20813531674_ff7063db98_c\" width=\"212\" height=\"300\" srcset=\"https:\/\/www.interdomizil.de\/reisemagazin\/wp-content\/uploads\/20813531674_ff7063db98_c-212x300.jpg 212w, https:\/\/www.interdomizil.de\/reisemagazin\/wp-content\/uploads\/20813531674_ff7063db98_c-200x283.jpg 200w, https:\/\/www.interdomizil.de\/reisemagazin\/wp-content\/uploads\/20813531674_ff7063db98_c-439x620.jpg 439w, https:\/\/www.interdomizil.de\/reisemagazin\/wp-content\/uploads\/20813531674_ff7063db98_c.jpg 566w\" sizes=\"(max-width: 212px) 100vw, 212px\" \/><\/p>\n<p style=\"text-align: left;\">Der <strong>Karneval in Las Palmas\u00a0de\u00a0Gran Canaria<\/strong>, wird in diesem Jahr <strong>vom 29. Januar bis 21. Feburar 2016<\/strong> gefeiert. Das Motto lautet\u201edie Goldenen Zwanziger Jahre\u201c.<\/p>\n<p style=\"text-align: left;\">Die wichtigsten Termine: die Wahl der Karnevalsk\u00f6nigin findet in diesem Jahr am 12. Februar statt,\u00a0die beste Dragqueen wird\u00a0am 19. Februar gek\u00fcrt und\u00a0die gro\u00dfe Parade findet\u00a0am 20. Februar statt.<\/p>\n<p style=\"text-align: left;\">Der Karneval endet mit der Veranstaltung <i>El entierro de la sardina ,\u00a0<\/i>dem \u00a0\u201eBegr\u00e4bnis der Sardine\u201c in Las Palmas de Gran Canaria am 21. Februar. Klagende, schwarz gekleidete Witwen, die oft auch verkleidete &#8222;Witwer&#8220; sind, begleiten einen Trauerzug, der zum\u00a0Canteras Strand zieht, wo die Sardine\u00a0angez\u00fcndet und \u00a0&#8222;beerdigt&#8220; wird. Danach wird ein\u00a0gro\u00dfes\u00a0Feuerwerk abgebrannt.<\/p>\n<p style=\"text-align: left;\"><img decoding=\"async\" loading=\"lazy\" class=\"aligncenter wp-image-3730 size-large\" src=\"https:\/\/www.interdomizil.de\/reisemagazin\/wp-content\/uploads\/sardina9-620x410.jpg\" alt=\"\" width=\"620\" height=\"410\" srcset=\"https:\/\/www.interdomizil.de\/reisemagazin\/wp-content\/uploads\/sardina9-620x410.jpg 620w, https:\/\/www.interdomizil.de\/reisemagazin\/wp-content\/uploads\/sardina9-768x507.jpg 768w, https:\/\/www.interdomizil.de\/reisemagazin\/wp-content\/uploads\/sardina9-270x180.jpg 270w, https:\/\/www.interdomizil.de\/reisemagazin\/wp-content\/uploads\/sardina9-200x132.jpg 200w, https:\/\/www.interdomizil.de\/reisemagazin\/wp-content\/uploads\/sardina9-300x198.jpg 300w, https:\/\/www.interdomizil.de\/reisemagazin\/wp-content\/uploads\/sardina9.jpg 840w\" sizes=\"(max-width: 620px) 100vw, 620px\" \/>\u00a0\u00a0<img decoding=\"async\" loading=\"lazy\" class=\"aligncenter wp-image-3741 size-large\" src=\"https:\/\/www.interdomizil.de\/reisemagazin\/wp-content\/uploads\/sardina7-620x420.jpg\" alt=\"\" width=\"620\" height=\"420\" srcset=\"https:\/\/www.interdomizil.de\/reisemagazin\/wp-content\/uploads\/sardina7-620x420.jpg 620w, https:\/\/www.interdomizil.de\/reisemagazin\/wp-content\/uploads\/sardina7-768x520.jpg 768w, https:\/\/www.interdomizil.de\/reisemagazin\/wp-content\/uploads\/sardina7-200x135.jpg 200w, https:\/\/www.interdomizil.de\/reisemagazin\/wp-content\/uploads\/sardina7-300x203.jpg 300w, https:\/\/www.interdomizil.de\/reisemagazin\/wp-content\/uploads\/sardina7.jpg 846w\" sizes=\"(max-width: 620px) 100vw, 620px\" \/><\/p>\n<p style=\"text-align: left;\"><img decoding=\"async\" loading=\"lazy\" class=\"aligncenter wp-image-3740 size-large\" src=\"https:\/\/www.interdomizil.de\/reisemagazin\/wp-content\/uploads\/sardina2-620x458.jpg\" alt=\"\" width=\"620\" height=\"458\" srcset=\"https:\/\/www.interdomizil.de\/reisemagazin\/wp-content\/uploads\/sardina2-620x458.jpg 620w, https:\/\/www.interdomizil.de\/reisemagazin\/wp-content\/uploads\/sardina2-200x148.jpg 200w, https:\/\/www.interdomizil.de\/reisemagazin\/wp-content\/uploads\/sardina2-300x222.jpg 300w, https:\/\/www.interdomizil.de\/reisemagazin\/wp-content\/uploads\/sardina2.jpg 748w\" sizes=\"(max-width: 620px) 100vw, 620px\" \/>\u00a0\u00a0<img decoding=\"async\" loading=\"lazy\" class=\"aligncenter wp-image-3739 size-large\" src=\"https:\/\/www.interdomizil.de\/reisemagazin\/wp-content\/uploads\/sardina1-620x412.jpg\" alt=\"\" width=\"620\" height=\"412\" srcset=\"https:\/\/www.interdomizil.de\/reisemagazin\/wp-content\/uploads\/sardina1-620x412.jpg 620w, https:\/\/www.interdomizil.de\/reisemagazin\/wp-content\/uploads\/sardina1-768x510.jpg 768w, https:\/\/www.interdomizil.de\/reisemagazin\/wp-content\/uploads\/sardina1-270x180.jpg 270w, https:\/\/www.interdomizil.de\/reisemagazin\/wp-content\/uploads\/sardina1-200x133.jpg 200w, https:\/\/www.interdomizil.de\/reisemagazin\/wp-content\/uploads\/sardina1-300x200.jpg 300w, https:\/\/www.interdomizil.de\/reisemagazin\/wp-content\/uploads\/sardina1.jpg 839w\" sizes=\"(max-width: 620px) 100vw, 620px\" \/><\/p>\n<p style=\"text-align: left;\"><img decoding=\"async\" loading=\"lazy\" class=\"aligncenter wp-image-3731 size-full\" src=\"https:\/\/www.interdomizil.de\/reisemagazin\/wp-content\/uploads\/sardina10.jpg\" alt=\"\" width=\"608\" height=\"452\" srcset=\"https:\/\/www.interdomizil.de\/reisemagazin\/wp-content\/uploads\/sardina10.jpg 608w, https:\/\/www.interdomizil.de\/reisemagazin\/wp-content\/uploads\/sardina10-200x149.jpg 200w, https:\/\/www.interdomizil.de\/reisemagazin\/wp-content\/uploads\/sardina10-300x223.jpg 300w\" sizes=\"(max-width: 608px) 100vw, 608px\" \/>\u00a0\u00a0<img decoding=\"async\" loading=\"lazy\" class=\"aligncenter wp-image-3732 size-large\" src=\"https:\/\/www.interdomizil.de\/reisemagazin\/wp-content\/uploads\/sardina11-620x425.jpg\" alt=\"\" width=\"620\" height=\"425\" srcset=\"https:\/\/www.interdomizil.de\/reisemagazin\/wp-content\/uploads\/sardina11-620x425.jpg 620w, https:\/\/www.interdomizil.de\/reisemagazin\/wp-content\/uploads\/sardina11-768x526.jpg 768w, https:\/\/www.interdomizil.de\/reisemagazin\/wp-content\/uploads\/sardina11-200x137.jpg 200w, https:\/\/www.interdomizil.de\/reisemagazin\/wp-content\/uploads\/sardina11-300x205.jpg 300w, https:\/\/www.interdomizil.de\/reisemagazin\/wp-content\/uploads\/sardina11.jpg 828w\" sizes=\"(max-width: 620px) 100vw, 620px\" \/><\/p>\n<p style=\"text-align: left;\">Im Anschluss gehen die\u00a0Karnevalsfeiern im S\u00fcden der Insel, in Maspalomas, weiter wo die Veranstaltungen am\u00a020. Februar beginnen und am 28. Februar ebenso mit der &#8222;Beerdigung der Sardine&#8220; und einem gro\u00dfen Feuerwerk enden.<\/p>\n<h6 style=\"text-align: left;\"><img decoding=\"async\" loading=\"lazy\" class=\" wp-image-3742 size-medium aligncenter\" src=\"https:\/\/www.interdomizil.de\/reisemagazin\/wp-content\/uploads\/Carnaval-Maspawood-plakat-212x300.jpg\" alt=\"\" width=\"212\" height=\"300\" srcset=\"https:\/\/www.interdomizil.de\/reisemagazin\/wp-content\/uploads\/Carnaval-Maspawood-plakat.jpg 212w, https:\/\/www.interdomizil.de\/reisemagazin\/wp-content\/uploads\/Carnaval-Maspawood-plakat-200x283.jpg 200w\" sizes=\"(max-width: 212px) 100vw, 212px\" \/><\/h6>\n<p style=\"text-align: left;\">Das Thema im S\u00fcden der Insel lautet in 2016 Hollywood, das hier zu \u201eMaspawood\u201c wird.<\/p>\n<p style=\"text-align: left;\">Auch auf der <strong>Nachbarinsel Teneriffa<\/strong> wird gefeiert. In der Hauptstadt Santa Cruz finden die Veranstaltungen in<strong> 2016 vom\u00a031.\u00a0Januar\u00a0bis 04. Februar<\/strong> statt.<\/p>\n<p style=\"text-align: left;\">*Alle Fotos wurden uns von Las Palmas de Gran Canaria zur Verf\u00fcgung gestellt.<br \/>\nhttp:\/\/www.lpacarnaval.com\/<\/p>\n<p>&nbsp;<\/p>\n","protected":false},"excerpt":{"rendered":"<p>H\u00f6rt man das Wort \u201eKarneval\u201c , denkt\u00a0 man zuerst an Rio de Janeiro oder an Karnevalsumz\u00fcge in den deutschen Hochburgen der Narren: D\u00fcsseldorf, Mainz oder K\u00f6ln. Aber auch auf den Kanarischen Inseln wird Karneval gefeiert und die Veranstaltungen, die bunten Kost\u00fcme, die T\u00e4nzer, die Musikanten und die Festumz\u00fcge stehen denen von Rio de Janeiro in<\/p>\n","protected":false},"author":56,"featured_media":3710,"comment_status":"open","ping_status":"open","sticky":false,"template":"","format":"standard","meta":{"footnotes":""},"categories":[11,12,916],"tags":[556,1036,1026,568,1021,846,571,845,844,1040,545,546,1023],"yoast_head":"<!-- This site is optimized with the Yoast SEO plugin v16.1.1 - https:\/\/yoast.com\/wordpress\/plugins\/seo\/ -->\n<title>Karneval einmal anders - auf den Kanarischen Inseln<\/title>\n<meta name=\"description\" content=\"Karneval bei Temperaturen um die Null Grad oder in den warmen Gefilden der Kanarischen Inseln. Sie haben die Wahl.\" \/>\n<link rel=\"canonical\" href=\"https:\/\/www.interdomizil.de\/reisemagazin\/reisetipps\/karneval-auf-den-kanarischen-inseln\" \/>\n<meta name=\"twitter:label1\" content=\"Gesch\u00e4tzte Lesezeit\">\n\t<meta name=\"twitter:data1\" content=\"2\u00a0Minuten\">\n<script type=\"application\/ld+json\" class=\"yoast-schema-graph\">{\"@context\":\"https:\/\/schema.org\",\"@graph\":[{\"@type\":\"WebSite\",\"@id\":\"https:\/\/www.interdomizil.de\/reisemagazin\/#website\",\"url\":\"https:\/\/www.interdomizil.de\/reisemagazin\/\",\"name\":\"InterDomizil Reisemagazin\",\"description\":\"Reiseziele. Urlaubtipps. Sehenswertes.\",\"potentialAction\":[{\"@type\":\"SearchAction\",\"target\":\"https:\/\/www.interdomizil.de\/reisemagazin\/?s={search_term_string}\",\"query-input\":\"required name=search_term_string\"}],\"inLanguage\":\"de\"},{\"@type\":\"ImageObject\",\"@id\":\"https:\/\/www.interdomizil.de\/reisemagazin\/reisetipps\/karneval-auf-den-kanarischen-inseln#primaryimage\",\"inLanguage\":\"de\",\"url\":\"\",\"contentUrl\":\"\"},{\"@type\":\"WebPage\",\"@id\":\"https:\/\/www.interdomizil.de\/reisemagazin\/reisetipps\/karneval-auf-den-kanarischen-inseln#webpage\",\"url\":\"https:\/\/www.interdomizil.de\/reisemagazin\/reisetipps\/karneval-auf-den-kanarischen-inseln\",\"name\":\"Karneval einmal anders - auf den Kanarischen Inseln\",\"isPartOf\":{\"@id\":\"https:\/\/www.interdomizil.de\/reisemagazin\/#website\"},\"primaryImageOfPage\":{\"@id\":\"https:\/\/www.interdomizil.de\/reisemagazin\/reisetipps\/karneval-auf-den-kanarischen-inseln#primaryimage\"},\"datePublished\":\"2016-01-07T09:00:56+00:00\",\"dateModified\":\"2017-02-04T15:34:16+00:00\",\"author\":{\"@id\":\"https:\/\/www.interdomizil.de\/reisemagazin\/#\/schema\/person\/a931eeeee0ac7e32827d2e6e99dd1084\"},\"description\":\"Karneval bei Temperaturen um die Null Grad oder in den warmen Gefilden der Kanarischen Inseln. Sie haben die Wahl.\",\"breadcrumb\":{\"@id\":\"https:\/\/www.interdomizil.de\/reisemagazin\/reisetipps\/karneval-auf-den-kanarischen-inseln#breadcrumb\"},\"inLanguage\":\"de\",\"potentialAction\":[{\"@type\":\"ReadAction\",\"target\":[\"https:\/\/www.interdomizil.de\/reisemagazin\/reisetipps\/karneval-auf-den-kanarischen-inseln\"]}]},{\"@type\":\"BreadcrumbList\",\"@id\":\"https:\/\/www.interdomizil.de\/reisemagazin\/reisetipps\/karneval-auf-den-kanarischen-inseln#breadcrumb\",\"itemListElement\":[{\"@type\":\"ListItem\",\"position\":1,\"item\":{\"@type\":\"WebPage\",\"@id\":\"https:\/\/www.interdomizil.de\/reisemagazin\/\",\"url\":\"https:\/\/www.interdomizil.de\/reisemagazin\/\",\"name\":\"Home\"}},{\"@type\":\"ListItem\",\"position\":2,\"item\":{\"@type\":\"WebPage\",\"@id\":\"https:\/\/www.interdomizil.de\/reisemagazin\/reisetipps\/karneval-auf-den-kanarischen-inseln\",\"url\":\"https:\/\/www.interdomizil.de\/reisemagazin\/reisetipps\/karneval-auf-den-kanarischen-inseln\",\"name\":\"Karneval einmal anders &#8211; n\\u00e4mlich auf den Kanarischen Inseln\"}}]},{\"@type\":\"Person\",\"@id\":\"https:\/\/www.interdomizil.de\/reisemagazin\/#\/schema\/person\/a931eeeee0ac7e32827d2e6e99dd1084\",\"name\":\"Redaktion-Kanaren\"}]}<\/script>\n<!-- \/ Yoast SEO plugin. -->","_links":{"self":[{"href":"https:\/\/www.interdomizil.de\/reisemagazin\/wp-json\/wp\/v2\/posts\/3707"}],"collection":[{"href":"https:\/\/www.interdomizil.de\/reisemagazin\/wp-json\/wp\/v2\/posts"}],"about":[{"href":"https:\/\/www.interdomizil.de\/reisemagazin\/wp-json\/wp\/v2\/types\/post"}],"author":[{"embeddable":true,"href":"https:\/\/www.interdomizil.de\/reisemagazin\/wp-json\/wp\/v2\/users\/56"}],"replies":[{"embeddable":true,"href":"https:\/\/www.interdomizil.de\/reisemagazin\/wp-json\/wp\/v2\/comments?post=3707"}],"version-history":[{"count":27,"href":"https:\/\/www.interdomizil.de\/reisemagazin\/wp-json\/wp\/v2\/posts\/3707\/revisions"}],"predecessor-version":[{"id":5743,"href":"https:\/\/www.interdomizil.de\/reisemagazin\/wp-json\/wp\/v2\/posts\/3707\/revisions\/5743"}],"wp:featuredmedia":[{"embeddable":true,"href":"https:\/\/www.interdomizil.de\/reisemagazin\/wp-json\/wp\/v2\/media\/3710"}],"wp:attachment":[{"href":"https:\/\/www.interdomizil.de\/reisemagazin\/wp-json\/wp\/v2\/media?parent=3707"}],"wp:term":[{"taxonomy":"category","embeddable":true,"href":"https:\/\/www.interdomizil.de\/reisemagazin\/wp-json\/wp\/v2\/categories?post=3707"},{"taxonomy":"post_tag","embeddable":true,"href":"https:\/\/www.interdomizil.de\/reisemagazin\/wp-json\/wp\/v2\/tags?post=3707"}],"curies":[{"name":"wp","href":"https:\/\/api.w.org\/{rel}","templated":true}]}}