{"id":3586,"date":"2015-12-03T15:00:51","date_gmt":"2015-12-03T13:00:51","guid":{"rendered":"https:\/\/www.interdomizil.de\/reisemagazin\/?p=3586"},"modified":"2018-10-27T04:15:25","modified_gmt":"2018-10-27T02:15:25","slug":"parken-in-warnemuende-gewusst-wie-und-wo","status":"publish","type":"post","link":"https:\/\/www.interdomizil.de\/reisemagazin\/reiseziele\/deutschland\/parken-in-warnemuende-gewusst-wie-und-wo","title":{"rendered":"Parken in Warnem\u00fcnde \u2013 gewusst wo"},"content":{"rendered":"<div class=\"twoclick_social_bookmarks_post_3586 social_share_privacy clearfix 1.6.4 locale-de_DE sprite-de_DE\"><\/div><div class=\"twoclick-js\"><script type=\"text\/javascript\">\/* <![CDATA[ *\/\njQuery(document).ready(function($){if($('.twoclick_social_bookmarks_post_3586')){$('.twoclick_social_bookmarks_post_3586').socialSharePrivacy({\"services\":{\"facebook\":{\"status\":\"on\",\"txt_info\":\"2 Klicks f\\u00fcr mehr Datenschutz: Erst wenn Sie hier klicken, wird der Button aktiv und Sie k\\u00f6nnen Ihre Empfehlung an Facebook senden. Schon beim Aktivieren werden <strong>Daten an Dritte \\u00fcbertragen<\\\/strong> - siehe <strong>i<\\\/strong>.\",\"perma_option\":\"off\",\"action\":\"like\",\"language\":\"de_DE\"},\"twitter\":{\"reply_to\":\"\",\"tweet_text\":\"%20Parken%20in%20Warnem%C3%BCnde%20%E2%80%93%20gewusst%20wo%20%C2%BB%20InterDomizil%20Reisemagazin%20%23Auto%20...\",\"status\":\"on\",\"txt_info\":\"2 Klicks f\\u00fcr mehr Datenschutz: Erst wenn Sie hier klicken, wird der Button aktiv und Sie k\\u00f6nnen Ihre Empfehlung an Twitter senden. Schon beim Aktivieren werden <strong>Daten an Dritte \\u00fcbertragen<\\\/strong> - siehe <strong>i<\\\/strong>.\",\"perma_option\":\"off\",\"language\":\"de\"},\"pinterest\":{\"status\":\"on\",\"the_excerpt\":\"Parken in Warnem\\u00fcnde \\u2013 gewusst wo\",\"txt_info\":\"2 Klicks f\\u00fcr mehr Datenschutz: Erst wenn Sie hier klicken, wird der Button aktiv und Sie k\\u00f6nnen Ihre Empfehlung an Pinterest senden. Schon beim Aktivieren werden <strong>Daten an Dritte \\u00fcbertragen<\\\/strong> - siehe <strong>i<\\\/strong>.\",\"perma_option\":\"off\",\"media\":\"https:\\\/\\\/www.interdomizil.de\\\/reisemagazin\\\/wp-content\\\/uploads\\\/IMG_0150-Kopie.png\"}},\"txt_help\":\"Wenn Sie diese Felder durch einen Klick aktivieren, werden Informationen an Facebook, Twitter, Flattr, Xing, t3n, LinkedIn, Pinterest oder Google eventuell ins Ausland <strong>\\u00fcbertragen<\\\/strong> und unter Umst\\u00e4nden auch dort <strong>gespeichert<\\\/strong>. N\\u00e4heres erfahren Sie durch einen Klick auf das <em>i<\\\/em>.\",\"settings_perma\":\"Dauerhaft aktivieren und Daten\\u00fcber-tragung zustimmen:\",\"info_link\":\"http:\\\/\\\/www.heise.de\\\/ct\\\/artikel\\\/2-Klicks-fuer-mehr-Datenschutz-1333879.html\",\"uri\":\"https:\\\/\\\/www.interdomizil.de\\\/reisemagazin\\\/reiseziele\\\/deutschland\\\/parken-in-warnemuende-gewusst-wie-und-wo\",\"post_id\":3586,\"post_title_referrer_track\":\"Parken+in+Warnem%C3%BCnde+%E2%80%93+gewusst+wo\",\"concat\":\"%3F\",\"display_infobox\":\"on\"});}});\n\/* ]]> *\/<\/script><\/div><p>Die Parksituation in Warnem\u00fcnde gestaltet sich mitunter als recht schwierig. Aber keine Panik: Urlauber, die sich im Vorfeld informieren, k\u00f6nnen entspannt mit dem Auto in das Ostseebad reisen. Im Folgenden werden die wichtigsten Parkm\u00f6glichkeiten in Warnem\u00fcnde vorgestellt.<\/p>\n<figure id=\"attachment_3612\" aria-describedby=\"caption-attachment-3612\" style=\"width: 354px\" class=\"wp-caption aligncenter\"><a href=\"https:\/\/www.interdomizil.de\/reisemagazin\/wp-content\/uploads\/brauer-und-meyer-153.png\"><img decoding=\"async\" loading=\"lazy\" class=\"wp-image-3612 size-full\" src=\"https:\/\/www.interdomizil.de\/reisemagazin\/wp-content\/uploads\/brauer-und-meyer-153.png\" alt=\"Parken in Warnem\u00fcnde, nicht immer ganz einfach - Foto: InterDomizil GmbH\" width=\"354\" height=\"472\" srcset=\"https:\/\/www.interdomizil.de\/reisemagazin\/wp-content\/uploads\/brauer-und-meyer-153.png 354w, https:\/\/www.interdomizil.de\/reisemagazin\/wp-content\/uploads\/brauer-und-meyer-153-200x267.png 200w, https:\/\/www.interdomizil.de\/reisemagazin\/wp-content\/uploads\/brauer-und-meyer-153-225x300.png 225w\" sizes=\"(max-width: 354px) 100vw, 354px\" \/><\/a><figcaption id=\"caption-attachment-3612\" class=\"wp-caption-text\">Parken in Warnem\u00fcnde, nicht immer ganz einfach &#8211; Foto: InterDomizil GmbH<\/figcaption><\/figure>\n<p>Zum einen gibt es das \u00fcberdachte <strong>Parkhaus Kurgarten<\/strong>. Dieses ist \u00f6ffentlich zug\u00e4nglich und Tag und Nacht ge\u00f6ffnet. Der Tagestarif betr\u00e4gt 12 Euro*. G\u00e4ste, die nicht den ganzen Tag in Warnem\u00fcnde bleiben wollen, bezahlen pro angefangene Stunde 2 Euro*. Ist bereits die vierte Stunde angefangen, so sind nur noch 1 Euro* pro Stunde zu zahlen.<\/p>\n<p>Das <span class=\" UFICommentActorAndBody\"><span data-ft=\"{&quot;tn&quot;:&quot;K&quot;}\"><span class=\"UFICommentBody\"><strong>Parkhaus am Molenfeuer<\/strong> ist ein hei\u00dfer Tipp von einem unserer Facebook User . Aktuell kostet das Parken dort 1\u20ac\/h oder 8\u20ac\/Tag*.\u00a0 Die Anbindung an den \u00d6PNV ist super. Oder man geht ein paar Meter zu Fu\u00df.<\/span><\/span><\/span><\/p>\n<p>Nur tags\u00fcber kann hingegen de<strong>r Parkplatz am Alten Strom<\/strong> genutzt werden und zwar maximal bis zwei Stunden. Abgerechnet wird je halbe Stunde \u2013 daf\u00fcr fallen je 50 Cent* an. \u00c4hnliches gilt preislich auch f\u00fcr das <strong>Parken an der Promenade<\/strong>: 50 Cent* f\u00fcr 30 Minuten bei einer H\u00f6chstparkdauer von vier Stunden. Alternativ k\u00f6nnen G\u00e4ste ein Tagesticket f\u00fcr 9 Euro*erwerben. Preisbewusste werden auf dem <strong>Parkplatz an der Jugendherberge<\/strong> gl\u00fccklich. W\u00e4hrend eine Stunde parken hier nur 50 Cent* kosten, sind f\u00fcr das Tagesticket drei Euro* zu zahlen. Dieser Parkplatz ist in den Sommermonaten immer sehr gut ausgelastet, fr\u00fches Erscheinen ist also angeraten. Dies trifft auch f\u00fcr den sehr zentral gelegenen <strong>Parkplatz am Kirchenplatz<\/strong> zu, hier fallen Geb\u00fchren von 50 Cent* pro 30 Minuten an, jeweils tags\u00fcber werktags sowie Samstag nachmittags an. G\u00e4ste, die nicht so sehr auf Ihre Urlaubskasse achten m\u00fcssen, k\u00f6nnen Ihr Auto au\u00dferdem im <strong>Parkhaus Ostsee (Parkstra\u00dfe)<\/strong> abstellen. Hier kostet eine Stunde 2,50 Euro*.<\/p>\n<figure id=\"attachment_3611\" aria-describedby=\"caption-attachment-3611\" style=\"width: 620px\" class=\"wp-caption aligncenter\"><a href=\"https:\/\/www.interdomizil.de\/reisemagazin\/wp-content\/uploads\/DSCF2278.png\"><img decoding=\"async\" loading=\"lazy\" class=\"wp-image-3611 size-large\" src=\"https:\/\/www.interdomizil.de\/reisemagazin\/wp-content\/uploads\/DSCF2278-620x348.png\" alt=\"Parken bei den Gro\u00dfen - Wohnmobile auf der Mittelmole mit Blick auf benachbarte Kreuzfahrtschiffe - Foto: InterDomizil GmbH\" width=\"620\" height=\"348\" srcset=\"https:\/\/www.interdomizil.de\/reisemagazin\/wp-content\/uploads\/DSCF2278-620x348.png 620w, https:\/\/www.interdomizil.de\/reisemagazin\/wp-content\/uploads\/DSCF2278-200x112.png 200w, https:\/\/www.interdomizil.de\/reisemagazin\/wp-content\/uploads\/DSCF2278-300x169.png 300w, https:\/\/www.interdomizil.de\/reisemagazin\/wp-content\/uploads\/DSCF2278.png 945w\" sizes=\"(max-width: 620px) 100vw, 620px\" \/><\/a><figcaption id=\"caption-attachment-3611\" class=\"wp-caption-text\">Parken bei den Gro\u00dfen &#8211; Wohnmobile auf der Mittelmole mit Blick auf benachbarte Kreuzfahrtschiffe &#8211; Foto: InterDomizil GmbH<\/figcaption><\/figure>\n<p>Eine weitere Parkm\u00f6glichkeit gibt es auch an der <strong>Mittelmole<\/strong>. Abgerechnet wird hier nach Staffeltarif. Urlauber d\u00fcrfen hier ihren Pkw bei einer Parkdauer von drei Stunden f\u00fcr 3 Euro* abstellen. F\u00fcr sechs Stunden werden 6 Euro* f\u00e4llig. Noch g\u00fcnstiger wird es, wenn das Fahrzeug ganze 12 Stunden geparkt wird &#8211; 9 Euro*. F\u00fcr 24 Stunden sind hingegen 12 Euro* zu zahlen. Einen noch g\u00fcnstigeren Tagestarif, und zwar acht Euro*, bekommt man am <strong>Strand West<\/strong>. G\u00e4ste, die an den Strand wollen, sind mit diesem Parkplatz bestens beraten, da eine direkte Busverbindung besteht.<\/p>\n<p>Abschlie\u00dfend bietet sich der<strong> Parkplatz an der Stadtautobahn<\/strong> an, wenn das Auto in Warnem\u00fcnde abgestellt werden soll. Zw\u00f6lf Stunden parken kosten hier 3 Euro*, w\u00e4hrend die Wochenkarte f\u00fcr 20 Euro* zu haben ist. Ein weiterer Vorteil dieser Parkm\u00f6glichkeit: Ganz in der N\u00e4he des Parkplatzes haben Urlauber die M\u00f6glichkeit, in den Bus zu steigen. Dieser f\u00e4hrt ohne Umwege direkt an den Warnem\u00fcnder Strand.<\/p>\n<p>Kleiner Tipp: in der <strong>Residenz am Kurpark<\/strong> geh\u00f6ren zu vielen der Ferienwohnungen <strong>eigene Parkpl\u00e4tze<\/strong>.<br \/>\nSie sind interessiert? Erkunden Sie sich bei\u00a0unseren Kolleginnen am Kirchenplatz.<\/p>\n<h5><strong>Mobil in Warnem\u00fcnde mit \u00f6ffentlichen Verkehrsmitteln<\/strong><\/h5>\n<p>G\u00e4ste, nicht mit dem Auto anreisen wollen, finden in Rostock und Warnem\u00fcnde ein hervorragend ausgebautes \u00d6ffentliches Verkehrsnetz vor. Mit Bus, S-Bahn und F\u00e4hre k\u00f6nnen alle Sehensw\u00fcrdigkeiten und Attraktionen des Ostseebades komfortabel erreicht werden. Dabei sind viele Haltestellen barrierefrei. Eine Tageskarte der RSAG kostet nicht viel und kann auch in Warnem\u00fcnde benutzt werden.<\/p>\n<p>*alle Preise Stand Dezember 2015, bitte schauen Sie nach den jeweils aktuellen Preisen der Parkpl\u00e4tze<\/p>\n<h5>Update Parkplatz Kosten Oktober 2018<\/h5>\n<p>&#8211;<strong> Parkhaus Kurgarten<\/strong> hat zwei Tarife ( Sommer\/Winter ). Im Winter kostet der Parkplatz f\u00fcr einen ganzen Tag immer noch 12 Euro ( Sommer 16 Euro ), die angefangende Stunde liegt bei 2 Euro ( Sommer 3 Euro ). Die ersten drei Stunden werden nach diesem Tarif berechnet, aber dann jede weitere Stunde 1 Euro ( Sommer 2 Euro ).<br \/>\n&#8211; das <strong>Hotel Neptun<\/strong> bietet ebenfalls Ganztags Parkpl\u00e4tze an, 10 Stunden kosten 20 Euro, eine Stunde 4 Euro.<br \/>\n&#8211; im <strong>Parkhaus Ostsee<\/strong> (Parkstra\u00dfe) kostet die angefangene Stunde inzwischen 3 Euro, der Tag parken 16 Euro.<br \/>\n&#8211; Parkpl\u00e4tze am Kurhaus ( Kurhausstra\u00dfe 18 ) gibt es ab 3 Euro ( Stunde ) bis 16 Euro ( 24 Stunden ).<\/p>\n<p>&nbsp;<\/p>\n","protected":false},"excerpt":{"rendered":"<p>Die Parksituation in Warnem\u00fcnde gestaltet sich mitunter als recht schwierig. Aber keine Panik: Urlauber, die sich im Vorfeld informieren, k\u00f6nnen entspannt mit dem Auto in das Ostseebad reisen. Im Folgenden werden die wichtigsten Parkm\u00f6glichkeiten in Warnem\u00fcnde vorgestellt. Zum einen gibt es das \u00fcberdachte Parkhaus Kurgarten. Dieses ist \u00f6ffentlich zug\u00e4nglich und Tag und Nacht ge\u00f6ffnet. Der<\/p>\n","protected":false},"author":60,"featured_media":3622,"comment_status":"closed","ping_status":"closed","sticky":false,"template":"","format":"standard","meta":{"footnotes":""},"categories":[37],"tags":[822,819,821,820,818,584,823,585],"yoast_head":"<!-- This site is optimized with the Yoast SEO plugin v16.1.1 - https:\/\/yoast.com\/wordpress\/plugins\/seo\/ -->\n<title>Parken in Warnem\u00fcnde - gewusst wo<\/title>\n<meta name=\"description\" content=\"Das InterDomizil Reisemagazin verr\u00e4t wie der Urlaub an der Ostsee schnellst m\u00f6glich beginnen kann ohne l\u00e4stige Parkplatzsuche.\" \/>\n<link rel=\"canonical\" href=\"https:\/\/www.interdomizil.de\/reisemagazin\/reiseziele\/deutschland\/parken-in-warnemuende-gewusst-wie-und-wo\" \/>\n<meta name=\"twitter:label1\" content=\"Gesch\u00e4tzte Lesezeit\">\n\t<meta name=\"twitter:data1\" content=\"4\u00a0Minuten\">\n<script type=\"application\/ld+json\" class=\"yoast-schema-graph\">{\"@context\":\"https:\/\/schema.org\",\"@graph\":[{\"@type\":\"WebSite\",\"@id\":\"https:\/\/www.interdomizil.de\/reisemagazin\/#website\",\"url\":\"https:\/\/www.interdomizil.de\/reisemagazin\/\",\"name\":\"InterDomizil Reisemagazin\",\"description\":\"Reiseziele. Urlaubtipps. Sehenswertes.\",\"potentialAction\":[{\"@type\":\"SearchAction\",\"target\":\"https:\/\/www.interdomizil.de\/reisemagazin\/?s={search_term_string}\",\"query-input\":\"required name=search_term_string\"}],\"inLanguage\":\"de\"},{\"@type\":\"ImageObject\",\"@id\":\"https:\/\/www.interdomizil.de\/reisemagazin\/reiseziele\/deutschland\/parken-in-warnemuende-gewusst-wie-und-wo#primaryimage\",\"inLanguage\":\"de\",\"url\":\"\",\"contentUrl\":\"\"},{\"@type\":\"WebPage\",\"@id\":\"https:\/\/www.interdomizil.de\/reisemagazin\/reiseziele\/deutschland\/parken-in-warnemuende-gewusst-wie-und-wo#webpage\",\"url\":\"https:\/\/www.interdomizil.de\/reisemagazin\/reiseziele\/deutschland\/parken-in-warnemuende-gewusst-wie-und-wo\",\"name\":\"Parken in Warnem\\u00fcnde - gewusst wo\",\"isPartOf\":{\"@id\":\"https:\/\/www.interdomizil.de\/reisemagazin\/#website\"},\"primaryImageOfPage\":{\"@id\":\"https:\/\/www.interdomizil.de\/reisemagazin\/reiseziele\/deutschland\/parken-in-warnemuende-gewusst-wie-und-wo#primaryimage\"},\"datePublished\":\"2015-12-03T13:00:51+00:00\",\"dateModified\":\"2018-10-27T02:15:25+00:00\",\"author\":{\"@id\":\"https:\/\/www.interdomizil.de\/reisemagazin\/#\/schema\/person\/97fe55ce47e49898fef84d0f79e6df37\"},\"description\":\"Das InterDomizil Reisemagazin verr\\u00e4t wie der Urlaub an der Ostsee schnellst m\\u00f6glich beginnen kann ohne l\\u00e4stige Parkplatzsuche.\",\"breadcrumb\":{\"@id\":\"https:\/\/www.interdomizil.de\/reisemagazin\/reiseziele\/deutschland\/parken-in-warnemuende-gewusst-wie-und-wo#breadcrumb\"},\"inLanguage\":\"de\",\"potentialAction\":[{\"@type\":\"ReadAction\",\"target\":[\"https:\/\/www.interdomizil.de\/reisemagazin\/reiseziele\/deutschland\/parken-in-warnemuende-gewusst-wie-und-wo\"]}]},{\"@type\":\"BreadcrumbList\",\"@id\":\"https:\/\/www.interdomizil.de\/reisemagazin\/reiseziele\/deutschland\/parken-in-warnemuende-gewusst-wie-und-wo#breadcrumb\",\"itemListElement\":[{\"@type\":\"ListItem\",\"position\":1,\"item\":{\"@type\":\"WebPage\",\"@id\":\"https:\/\/www.interdomizil.de\/reisemagazin\/\",\"url\":\"https:\/\/www.interdomizil.de\/reisemagazin\/\",\"name\":\"Home\"}},{\"@type\":\"ListItem\",\"position\":2,\"item\":{\"@type\":\"WebPage\",\"@id\":\"https:\/\/www.interdomizil.de\/reisemagazin\/reiseziele\/deutschland\/parken-in-warnemuende-gewusst-wie-und-wo\",\"url\":\"https:\/\/www.interdomizil.de\/reisemagazin\/reiseziele\/deutschland\/parken-in-warnemuende-gewusst-wie-und-wo\",\"name\":\"Parken in Warnem\\u00fcnde \\u2013 gewusst wo\"}}]},{\"@type\":\"Person\",\"@id\":\"https:\/\/www.interdomizil.de\/reisemagazin\/#\/schema\/person\/97fe55ce47e49898fef84d0f79e6df37\",\"name\":\"Redaktion Wissenswertes\"}]}<\/script>\n<!-- \/ Yoast SEO plugin. -->","_links":{"self":[{"href":"https:\/\/www.interdomizil.de\/reisemagazin\/wp-json\/wp\/v2\/posts\/3586"}],"collection":[{"href":"https:\/\/www.interdomizil.de\/reisemagazin\/wp-json\/wp\/v2\/posts"}],"about":[{"href":"https:\/\/www.interdomizil.de\/reisemagazin\/wp-json\/wp\/v2\/types\/post"}],"author":[{"embeddable":true,"href":"https:\/\/www.interdomizil.de\/reisemagazin\/wp-json\/wp\/v2\/users\/60"}],"replies":[{"embeddable":true,"href":"https:\/\/www.interdomizil.de\/reisemagazin\/wp-json\/wp\/v2\/comments?post=3586"}],"version-history":[{"count":21,"href":"https:\/\/www.interdomizil.de\/reisemagazin\/wp-json\/wp\/v2\/posts\/3586\/revisions"}],"predecessor-version":[{"id":8211,"href":"https:\/\/www.interdomizil.de\/reisemagazin\/wp-json\/wp\/v2\/posts\/3586\/revisions\/8211"}],"wp:featuredmedia":[{"embeddable":true,"href":"https:\/\/www.interdomizil.de\/reisemagazin\/wp-json\/wp\/v2\/media\/3622"}],"wp:attachment":[{"href":"https:\/\/www.interdomizil.de\/reisemagazin\/wp-json\/wp\/v2\/media?parent=3586"}],"wp:term":[{"taxonomy":"category","embeddable":true,"href":"https:\/\/www.interdomizil.de\/reisemagazin\/wp-json\/wp\/v2\/categories?post=3586"},{"taxonomy":"post_tag","embeddable":true,"href":"https:\/\/www.interdomizil.de\/reisemagazin\/wp-json\/wp\/v2\/tags?post=3586"}],"curies":[{"name":"wp","href":"https:\/\/api.w.org\/{rel}","templated":true}]}}