{"id":3499,"date":"2015-11-21T17:58:04","date_gmt":"2015-11-21T15:58:04","guid":{"rendered":"https:\/\/www.interdomizil.de\/reisemagazin\/?p=3499"},"modified":"2018-02-19T17:30:45","modified_gmt":"2018-02-19T15:30:45","slug":"stil-ist-kaeuflich-mode-in-berlin","status":"publish","type":"post","link":"https:\/\/www.interdomizil.de\/reisemagazin\/reisetipps\/stil-ist-kaeuflich-mode-in-berlin","title":{"rendered":"Stil ist k\u00e4uflich &#8211; Mode in Berlin"},"content":{"rendered":"<div class=\"twoclick_social_bookmarks_post_3499 social_share_privacy clearfix 1.6.4 locale-de_DE sprite-de_DE\"><\/div><div class=\"twoclick-js\"><script type=\"text\/javascript\">\/* <![CDATA[ *\/\njQuery(document).ready(function($){if($('.twoclick_social_bookmarks_post_3499')){$('.twoclick_social_bookmarks_post_3499').socialSharePrivacy({\"services\":{\"facebook\":{\"status\":\"on\",\"txt_info\":\"2 Klicks f\\u00fcr mehr Datenschutz: Erst wenn Sie hier klicken, wird der Button aktiv und Sie k\\u00f6nnen Ihre Empfehlung an Facebook senden. Schon beim Aktivieren werden <strong>Daten an Dritte \\u00fcbertragen<\\\/strong> - siehe <strong>i<\\\/strong>.\",\"perma_option\":\"off\",\"action\":\"like\",\"language\":\"de_DE\"},\"twitter\":{\"reply_to\":\"\",\"tweet_text\":\"Stil%20ist%20k%C3%A4uflich%20%E2%80%93%20Mode%20in%20Berlin%20%C2%BB%20InterDomizil%20Reisemagazin\",\"status\":\"on\",\"txt_info\":\"2 Klicks f\\u00fcr mehr Datenschutz: Erst wenn Sie hier klicken, wird der Button aktiv und Sie k\\u00f6nnen Ihre Empfehlung an Twitter senden. Schon beim Aktivieren werden <strong>Daten an Dritte \\u00fcbertragen<\\\/strong> - siehe <strong>i<\\\/strong>.\",\"perma_option\":\"off\",\"language\":\"de\"},\"pinterest\":{\"status\":\"on\",\"the_excerpt\":\"Stil ist k\\u00e4uflich &#8211; Mode in Berlin\",\"txt_info\":\"2 Klicks f\\u00fcr mehr Datenschutz: Erst wenn Sie hier klicken, wird der Button aktiv und Sie k\\u00f6nnen Ihre Empfehlung an Pinterest senden. Schon beim Aktivieren werden <strong>Daten an Dritte \\u00fcbertragen<\\\/strong> - siehe <strong>i<\\\/strong>.\",\"perma_option\":\"off\",\"media\":\"https:\\\/\\\/www.interdomizil.de\\\/reisemagazin\\\/wp-content\\\/uploads\\\/photo-1457972851104-4fd469440bf9.jpg\"}},\"txt_help\":\"Wenn Sie diese Felder durch einen Klick aktivieren, werden Informationen an Facebook, Twitter, Flattr, Xing, t3n, LinkedIn, Pinterest oder Google eventuell ins Ausland <strong>\\u00fcbertragen<\\\/strong> und unter Umst\\u00e4nden auch dort <strong>gespeichert<\\\/strong>. N\\u00e4heres erfahren Sie durch einen Klick auf das <em>i<\\\/em>.\",\"settings_perma\":\"Dauerhaft aktivieren und Daten\\u00fcber-tragung zustimmen:\",\"info_link\":\"http:\\\/\\\/www.heise.de\\\/ct\\\/artikel\\\/2-Klicks-fuer-mehr-Datenschutz-1333879.html\",\"uri\":\"https:\\\/\\\/www.interdomizil.de\\\/reisemagazin\\\/reisetipps\\\/stil-ist-kaeuflich-mode-in-berlin\",\"post_id\":3499,\"post_title_referrer_track\":\"Stil+ist+k%C3%A4uflich+%26%238211%3B+Mode+in+Berlin\",\"concat\":\"%3F\",\"display_infobox\":\"on\"});}});\n\/* ]]> *\/<\/script><\/div><p>Man darf geteilter Meinung dar\u00fcber sein, ob es Berlin mittlerweile gelungen ist, sich als Modemetropole zu etablieren oder nicht. Immerhin ist mittlerweile von Armani bis Versace das Who\u2019s Who der internationalen Modeszene mit einer Dependance am Kurf\u00fcrstendamm vertreten, die Mercedes-Benz Fashion Week baut regelm\u00e4\u00dfig ihre Laufstege in der Stadt auf und auch die Modemesse Bread &amp; Butter soll wiederbelebt werden. Kenner der Szene attestieren den Berliner Fashionistas zumindest einen sehr individuellen und bisweilen mutigen Stil &#8211; der je nach Bezirk variiert, weswegen auch kein einheitlicher Berliner Stil auszumachen ist &#8211; und einen Hang zum Experimentellen. Die Vielzahl der verschiedenen Boutiquen, Fashion Stores und Outlets in jedem Preissegment muss den Vergleich mit den Modemetropolen allerdings nicht scheuen. Berliner Designer, die noch als Geheimtipp gelten oder den internationalen Sprung bereits geschafft haben sowie eine F\u00fclle kleinerer Gesch\u00e4fte machen die Stadt zu einem wahren Shopping-Mekka. Wer hier nur die Filialen der g\u00e4ngigen Modeketten ansteuert, ist selbst schuld.<\/p>\n<p><strong>Made in Berlin: Berliner Designer, die anziehen<\/strong><br \/>\nDie Berliner Designerszene ist mittlerweile so abwechslungsreich, dass sich hier vom nonkonformistischen St\u00fcck bis hin zum einer Prinzessin w\u00fcrdigen Braut- oder Abendkleid alles findet. Zu den bekanntesten, mittlerweile auch international gefeierten Berliner Designern geh\u00f6rt wohl Michael Michalsky mit seinem Mix aus mit Streetstyle-Elementen kombinierten Basics &#8211; zu finden in der Neuen Sch\u00f6nhauser Stra\u00dfe in Mitte. Auf die Wolle gekommen ist Leyla Piedayesh und das so erfolgreich, dass ihr Label lala Berlin mittlerweile weltweit die exklusiven Strickkreationen mit dem charakteristischen Totenkopf vertreibt. Das Berliner Atelier befindet sich in der Alten Sch\u00f6nhauser Stra\u00dfe. Einmal in die edlen Roben der Berliner Designerinnen schl\u00fcpfen, die sonst u.a. Heidi Klum, Heike Makatsch oder andere prominente Kundinnen wie Prinzessinnen aussehen lassen? Ein Besuch im Atelier von Kaviar Gauche in der Linienstra\u00dfe l\u00e4sst diesen Traum in Erf\u00fcllung gehen. Ein Geheimtipp ist der Shop der beiden Designerinnen in der Brunnestra\u00dfe, denn dort sind ausgew\u00e4hlte Einzelst\u00fccke zu deutlich reduzierten Preisen erh\u00e4ltlich. Gar nicht m\u00e4rchenhaft, sondern rockig und eigenwillig geht es bei der Moderebellin Esther Perbrandt in der Almstadtstra\u00dfe zu. Und wer zeitlose, schlicht geschnittene und erwachsene Mode sucht, wird bei Evelin Brandt f\u00fcndig, die mittlerweile f\u00fcnf Stores in <a href=\"https:\/\/www.interdomizil.de\/berlin\">Berlin<\/a> betreibt. Wer preisbewusst shoppen m\u00f6chte, schaut am besten in ihrem Outlet in der Frankfurter Allee vorbei. Und weil zum perfekten Outfit auch die richtigen Accessoires geh\u00f6ren, lohnt vielleicht ein Besuch in der Brunnenstra\u00dfe bei dem Berliner Label Mykita, dessen Sonnenbrillen schon der Filmheldin Carrie Bradshaw gut zu Gesicht standen.<\/p>\n<p>\u2022 Michalsky: <a href=\"http:\/\/www.michalsky.com\/home\">www.michalsky.com\/home<\/a><br \/>\n\u2022 lala Berlin: <a href=\"http:\/\/www.lalaberlin.com\/\">www.lalaberlin.com\/<\/a><br \/>\n\u2022 Kaviar Gauche: <a href=\"http:\/\/www.kaviargauche.com\/de\">www.kaviargauche.com\/de<\/a><br \/>\n\u2022 Esther Perbrandt: <a href=\"http:\/\/www.estherperbandt.com\/\">www.estherperbandt.com\/<\/a><br \/>\n\u2022 Evelin Brandt: <a href=\"http:\/\/www.evelin-brandt.de\/\">www.evelin-brandt.de\/<\/a><br \/>\n\u2022 Mykita: <a href=\"http:\/\/www.mykita.com\/de\">www.mykita.com\/de<\/a><\/p>\n<p><strong>Factory Outlets \u2013 G\u00fcnstige St\u00fccke aus Vorjahreskollektionen<\/strong><br \/>\nSchlichte und businesstaugliche Designermode von Marc Cain aus der Vorsaison und somit deutlich preisreduziert h\u00e4lt das Outlet in der Oudenarder Stra\u00dfe bereit. Wer stattdessen die ebenfalls aus der letzten Kollektion stammenden St\u00fccke von Marc O\u2019Polo inspizieren und dabei ordentlich sparen m\u00f6chte, steuert das Outlet am Kaiserdamm in Charlottenburg an. Dazu noch Designerschuhe zum halben Preis? Am Savignyplatz k\u00f6nnen Schuhliebhaber im Outlet des Designers Riccardo Cartillione st\u00f6bern. Und weil es sich hierbei ebenfalls um die Vorjahreskollektion handelt, sind die Modelle um bis zu 50 Prozent reduziert. Eine weitere Adresse f\u00fcr Shoeholics, die reduzierte Designerschuhe sch\u00e4tzen, sind die Filialen und das Outlet von Luccico.<\/p>\n<p>\u2022 Marc Cain: <a href=\"http:\/\/www.marc-cain.com\/startseite\/\">www.marc-cain.com\/startseite\/<\/a><br \/>\n\u2022 Marc O\u2019Polo: <a href=\"http:\/\/de.marc-o-polo.com\/home\">http:\/\/de.marc-o-polo.com\/home<\/a><br \/>\n\u2022 Riccardo Cartillione: <a href=\"http:\/\/www.riccardocartillone.com\/de\/filiale-savignyplatz-4\">www.riccardocartillone.com\/de\/filiale-savignyplatz-4<\/a><br \/>\n\u2022 Luccico: <a href=\"http:\/\/www.luccico.de\">www.luccico.de<\/a><\/p>\n<p><strong>Edle Secondhandboutiquen \u2013 Designermode zum erschwinglichen Preis<\/strong><br \/>\nAuf der Suche nach hochwertigen St\u00fccken von Armani, Calvin Klein, Dolce &amp; Gabbana, Yves Saint Laurent , Isabel Marant, Martin Margiela, Missoni, Sonya Rykiel, Versace, Valentino und anderen namhaften Designern? Und das mit Preisnachl\u00e4ssen von bis zu 50 Prozent, weil es sich um bestens erhaltene Secondhandware handelt? In Berlin nichts leichter als das. Anlaufstellen f\u00fcr High-End Fashion zum fairen Preis sind unter anderem:<\/p>\n<p>\u2022 Das neue Schwarz in der Mulackstra\u00dfe: <a href=\"http:\/\/www.dasneueschwarz.de\/\">http:\/\/www.dasneueschwarz.de\/<\/a><br \/>\n\u2022 Designer Depot am Hackeschen Markt: <a href=\"http:\/\/www.designer-depot.net\/\">http:\/\/www.designer-depot.net\/<\/a><br \/>\n\u2022 Isobel Gowdie in der Alten Sch\u00f6nhauser Stra\u00dfe: <a href=\"http:\/\/isobelgowdie-berlin.com\/\">http:\/\/isobelgowdie-berlin.com\/<\/a><br \/>\n\u2022 Madonna in der Mommsenstra\u00dfe: <a href=\"http:\/\/www.madonna-adon.de\/\">http:\/\/www.madonna-adon.de\/<\/a><br \/>\n\u2022 Yuu Shop in der Steinstra\u00dfe: <a href=\"http:\/\/www.yuu-shop.de\/\">http:\/\/www.yuu-shop.de\/<\/a><\/p>\n<p><strong>Secondhand: Mode aus zweiter Hand zum Schn\u00e4ppchenpreis<\/strong><br \/>\nWer wirklich g\u00fcnstig, aber nicht in den g\u00e4ngigen Modeketten shoppen m\u00f6chte, wird in zahlreichen Secondhandshops f\u00fcndig. Hier geht es zwar nicht so edel zu wie in den auf Designermode spezialisierten Boutiquen, aber daf\u00fcr wird die Kleidung mitunter zum Schn\u00e4ppchenpreis pro Kilogramm verkauft. So beispielsweise im Colours in der Bergmannstra\u00dfe, welches mit 1000m\u00b2 eine Fundgrube f\u00fcr Vintage-Liebhaber ist. Das Made in Berlin hatte sogar schon einen Fernsehauftritt im Vox-Dauerbrenner Shopping Queen. Kein Wunder, denn bei dieser geballten Ladung an Modeklassiker aus den 50er \u2013 80er Jahren kommen preisbewusste Fashionistas ebenso auf ihre Kosten wie Stylisten und Kost\u00fcmbildner. Wer nicht nur shoppen, sondern auch essen m\u00f6chte, ist im Sing Blackbird, eine Kombination aus Shop und Caf\u00e9 gut aufgehoben. Und wer in den Kleidern vergangener Jahrzehnte schwelgen und sich eventuell sogar f\u00fcr eine Kost\u00fcmparty ausstaffieren m\u00f6chte, schaut am besten im Vintage Berlin vorbei.<\/p>\n<p>\u2022 Colours: <a href=\"http:\/\/kleidermarkt-vintage.de\/portfolios\/colours-berlin\/#!slide_1\">http:\/\/kleidermarkt-vintage.de\/portfolios\/colours-berlin\/#!slide_1<\/a><br \/>\n\u2022 Made in Berlin: <a href=\"http:\/\/kleidermarkt-vintage.de\/portfolios\/made-in-berlin\/#!slide_1\">http:\/\/kleidermarkt-vintage.de\/portfolios\/made-in-berlin\/#!slide_1<\/a><br \/>\n\u2022 Sing Blackbird:<a href=\"http:\/\/singblackbird.tumblr.com\/\"> http:\/\/singblackbird.tumblr.com\/<\/a><br \/>\n\u2022 Vintage Berlin: <a href=\"http:\/\/www.vintageberlin.de\/\">http:\/\/www.vintageberlin.de\/<\/a><\/p>\n<p>Und wer nun wider Erwarten noch nicht das veranschlagte Budget ausgegeben hat, der wird, wie eingangs erw\u00e4hnt, am Kurf\u00fcrstendamm f\u00fcndig.<\/p>\n<p>&nbsp;<\/p>\n","protected":false},"excerpt":{"rendered":"<p>Man darf geteilter Meinung dar\u00fcber sein, ob es Berlin mittlerweile gelungen ist, sich als Modemetropole zu etablieren oder nicht. Immerhin ist mittlerweile von Armani bis Versace das Who\u2019s Who der internationalen Modeszene mit einer Dependance am Kurf\u00fcrstendamm vertreten, die Mercedes-Benz Fashion Week baut regelm\u00e4\u00dfig ihre Laufstege in der Stadt auf und auch die Modemesse Bread<\/p>\n","protected":false},"author":57,"featured_media":4758,"comment_status":"open","ping_status":"open","sticky":false,"template":"","format":"standard","meta":{"footnotes":""},"categories":[37,11],"tags":[],"yoast_head":"<!-- This site is optimized with the Yoast SEO plugin v16.1.1 - https:\/\/yoast.com\/wordpress\/plugins\/seo\/ -->\n<title>Stil ist k\u00e4uflich - Mode in Berlin &ndash; InterDomizil Reisemagazin<\/title>\n<link rel=\"canonical\" href=\"https:\/\/www.interdomizil.de\/reisemagazin\/reisetipps\/stil-ist-kaeuflich-mode-in-berlin\" \/>\n<meta name=\"twitter:label1\" content=\"Gesch\u00e4tzte Lesezeit\">\n\t<meta name=\"twitter:data1\" content=\"5\u00a0Minuten\">\n<script type=\"application\/ld+json\" class=\"yoast-schema-graph\">{\"@context\":\"https:\/\/schema.org\",\"@graph\":[{\"@type\":\"WebSite\",\"@id\":\"https:\/\/www.interdomizil.de\/reisemagazin\/#website\",\"url\":\"https:\/\/www.interdomizil.de\/reisemagazin\/\",\"name\":\"InterDomizil Reisemagazin\",\"description\":\"Reiseziele. Urlaubtipps. Sehenswertes.\",\"potentialAction\":[{\"@type\":\"SearchAction\",\"target\":\"https:\/\/www.interdomizil.de\/reisemagazin\/?s={search_term_string}\",\"query-input\":\"required name=search_term_string\"}],\"inLanguage\":\"de\"},{\"@type\":\"ImageObject\",\"@id\":\"https:\/\/www.interdomizil.de\/reisemagazin\/reisetipps\/stil-ist-kaeuflich-mode-in-berlin#primaryimage\",\"inLanguage\":\"de\",\"url\":\"https:\/\/www.interdomizil.de\/reisemagazin\/wp-content\/uploads\/photo-1457972851104-4fd469440bf9.jpg\",\"contentUrl\":\"https:\/\/www.interdomizil.de\/reisemagazin\/wp-content\/uploads\/photo-1457972851104-4fd469440bf9.jpg\",\"width\":900,\"height\":600,\"caption\":\"Fashion in Berlin - Foto: Unsplash, CC0\"},{\"@type\":\"WebPage\",\"@id\":\"https:\/\/www.interdomizil.de\/reisemagazin\/reisetipps\/stil-ist-kaeuflich-mode-in-berlin#webpage\",\"url\":\"https:\/\/www.interdomizil.de\/reisemagazin\/reisetipps\/stil-ist-kaeuflich-mode-in-berlin\",\"name\":\"Stil ist k\\u00e4uflich - Mode in Berlin &ndash; InterDomizil Reisemagazin\",\"isPartOf\":{\"@id\":\"https:\/\/www.interdomizil.de\/reisemagazin\/#website\"},\"primaryImageOfPage\":{\"@id\":\"https:\/\/www.interdomizil.de\/reisemagazin\/reisetipps\/stil-ist-kaeuflich-mode-in-berlin#primaryimage\"},\"datePublished\":\"2015-11-21T15:58:04+00:00\",\"dateModified\":\"2018-02-19T15:30:45+00:00\",\"author\":{\"@id\":\"https:\/\/www.interdomizil.de\/reisemagazin\/#\/schema\/person\/75df0f0a400392deb8827d035999374b\"},\"breadcrumb\":{\"@id\":\"https:\/\/www.interdomizil.de\/reisemagazin\/reisetipps\/stil-ist-kaeuflich-mode-in-berlin#breadcrumb\"},\"inLanguage\":\"de\",\"potentialAction\":[{\"@type\":\"ReadAction\",\"target\":[\"https:\/\/www.interdomizil.de\/reisemagazin\/reisetipps\/stil-ist-kaeuflich-mode-in-berlin\"]}]},{\"@type\":\"BreadcrumbList\",\"@id\":\"https:\/\/www.interdomizil.de\/reisemagazin\/reisetipps\/stil-ist-kaeuflich-mode-in-berlin#breadcrumb\",\"itemListElement\":[{\"@type\":\"ListItem\",\"position\":1,\"item\":{\"@type\":\"WebPage\",\"@id\":\"https:\/\/www.interdomizil.de\/reisemagazin\/\",\"url\":\"https:\/\/www.interdomizil.de\/reisemagazin\/\",\"name\":\"Home\"}},{\"@type\":\"ListItem\",\"position\":2,\"item\":{\"@type\":\"WebPage\",\"@id\":\"https:\/\/www.interdomizil.de\/reisemagazin\/reisetipps\/stil-ist-kaeuflich-mode-in-berlin\",\"url\":\"https:\/\/www.interdomizil.de\/reisemagazin\/reisetipps\/stil-ist-kaeuflich-mode-in-berlin\",\"name\":\"Stil ist k\\u00e4uflich &#8211; Mode in Berlin\"}}]},{\"@type\":\"Person\",\"@id\":\"https:\/\/www.interdomizil.de\/reisemagazin\/#\/schema\/person\/75df0f0a400392deb8827d035999374b\",\"name\":\"Redaktion Sehenswertes\"}]}<\/script>\n<!-- \/ Yoast SEO plugin. -->","_links":{"self":[{"href":"https:\/\/www.interdomizil.de\/reisemagazin\/wp-json\/wp\/v2\/posts\/3499"}],"collection":[{"href":"https:\/\/www.interdomizil.de\/reisemagazin\/wp-json\/wp\/v2\/posts"}],"about":[{"href":"https:\/\/www.interdomizil.de\/reisemagazin\/wp-json\/wp\/v2\/types\/post"}],"author":[{"embeddable":true,"href":"https:\/\/www.interdomizil.de\/reisemagazin\/wp-json\/wp\/v2\/users\/57"}],"replies":[{"embeddable":true,"href":"https:\/\/www.interdomizil.de\/reisemagazin\/wp-json\/wp\/v2\/comments?post=3499"}],"version-history":[{"count":6,"href":"https:\/\/www.interdomizil.de\/reisemagazin\/wp-json\/wp\/v2\/posts\/3499\/revisions"}],"predecessor-version":[{"id":7390,"href":"https:\/\/www.interdomizil.de\/reisemagazin\/wp-json\/wp\/v2\/posts\/3499\/revisions\/7390"}],"wp:featuredmedia":[{"embeddable":true,"href":"https:\/\/www.interdomizil.de\/reisemagazin\/wp-json\/wp\/v2\/media\/4758"}],"wp:attachment":[{"href":"https:\/\/www.interdomizil.de\/reisemagazin\/wp-json\/wp\/v2\/media?parent=3499"}],"wp:term":[{"taxonomy":"category","embeddable":true,"href":"https:\/\/www.interdomizil.de\/reisemagazin\/wp-json\/wp\/v2\/categories?post=3499"},{"taxonomy":"post_tag","embeddable":true,"href":"https:\/\/www.interdomizil.de\/reisemagazin\/wp-json\/wp\/v2\/tags?post=3499"}],"curies":[{"name":"wp","href":"https:\/\/api.w.org\/{rel}","templated":true}]}}