{"id":3330,"date":"2015-09-15T12:57:31","date_gmt":"2015-09-15T10:57:31","guid":{"rendered":"https:\/\/www.interdomizil.de\/reisemagazin\/?p=3330"},"modified":"2018-08-16T17:25:08","modified_gmt":"2018-08-16T15:25:08","slug":"urlaub-im-herbst-nach-kroatien","status":"publish","type":"post","link":"https:\/\/www.interdomizil.de\/reisemagazin\/reiseziele\/kroatien\/urlaub-im-herbst-nach-kroatien","title":{"rendered":"Urlaub: Im Herbst nach Kroatien?"},"content":{"rendered":"<div class=\"twoclick_social_bookmarks_post_3330 social_share_privacy clearfix 1.6.4 locale-de_DE sprite-de_DE\"><\/div><div class=\"twoclick-js\"><script type=\"text\/javascript\">\/* <![CDATA[ *\/\njQuery(document).ready(function($){if($('.twoclick_social_bookmarks_post_3330')){$('.twoclick_social_bookmarks_post_3330').socialSharePrivacy({\"services\":{\"facebook\":{\"status\":\"on\",\"txt_info\":\"2 Klicks f\\u00fcr mehr Datenschutz: Erst wenn Sie hier klicken, wird der Button aktiv und Sie k\\u00f6nnen Ihre Empfehlung an Facebook senden. Schon beim Aktivieren werden <strong>Daten an Dritte \\u00fcbertragen<\\\/strong> - siehe <strong>i<\\\/strong>.\",\"perma_option\":\"off\",\"action\":\"like\",\"language\":\"de_DE\"},\"twitter\":{\"reply_to\":\"\",\"tweet_text\":\"%20Urlaub%3A%20Im%20Herbst%20nach%20Kroatien%3F%20%C2%BB%20InterDomizil%20Reisemagazin%20%23Adria%20...\",\"status\":\"on\",\"txt_info\":\"2 Klicks f\\u00fcr mehr Datenschutz: Erst wenn Sie hier klicken, wird der Button aktiv und Sie k\\u00f6nnen Ihre Empfehlung an Twitter senden. Schon beim Aktivieren werden <strong>Daten an Dritte \\u00fcbertragen<\\\/strong> - siehe <strong>i<\\\/strong>.\",\"perma_option\":\"off\",\"language\":\"de\"},\"pinterest\":{\"status\":\"on\",\"the_excerpt\":\"Urlaub: Im Herbst nach Kroatien?\",\"txt_info\":\"2 Klicks f\\u00fcr mehr Datenschutz: Erst wenn Sie hier klicken, wird der Button aktiv und Sie k\\u00f6nnen Ihre Empfehlung an Pinterest senden. Schon beim Aktivieren werden <strong>Daten an Dritte \\u00fcbertragen<\\\/strong> - siehe <strong>i<\\\/strong>.\",\"perma_option\":\"off\",\"media\":\"https:\\\/\\\/www.interdomizil.de\\\/reisemagazin\\\/wp-content\\\/uploads\\\/croatia-dalmatien-sibenik-387813.png\"}},\"txt_help\":\"Wenn Sie diese Felder durch einen Klick aktivieren, werden Informationen an Facebook, Twitter, Flattr, Xing, t3n, LinkedIn, Pinterest oder Google eventuell ins Ausland <strong>\\u00fcbertragen<\\\/strong> und unter Umst\\u00e4nden auch dort <strong>gespeichert<\\\/strong>. N\\u00e4heres erfahren Sie durch einen Klick auf das <em>i<\\\/em>.\",\"settings_perma\":\"Dauerhaft aktivieren und Daten\\u00fcber-tragung zustimmen:\",\"info_link\":\"http:\\\/\\\/www.heise.de\\\/ct\\\/artikel\\\/2-Klicks-fuer-mehr-Datenschutz-1333879.html\",\"uri\":\"https:\\\/\\\/www.interdomizil.de\\\/reisemagazin\\\/reiseziele\\\/kroatien\\\/urlaub-im-herbst-nach-kroatien\",\"post_id\":3330,\"post_title_referrer_track\":\"Urlaub%3A+Im+Herbst+nach+Kroatien%3F\",\"concat\":\"%3F\",\"display_infobox\":\"on\"});}});\n\/* ]]> *\/<\/script><\/div><p>Dichter und Literaten geben sich zwar alle M\u00fche, den Herbst von seiner sch\u00f6nsten Seite zu beschreiben, in anderen erwacht ab der ersten Dauerregen-Periode allerdings zunehmend der Wunsch, den Sommer noch ein wenig zu verl\u00e4ngern und dem tr\u00fcben Herbsteinerlei zu entfliehen. Wer diesen Wunsch Gestalt annehmen lassen m\u00f6chte, findet gut zwei Flugstunden entfernt den Ort, der diese W\u00fcnsche wahr werden l\u00e4sst. Bei Temperaturen von um die 20-25\u00b0C \u00b0C im Caf\u00e9 sitzen und den Blick \u00fcber strahlend blaues Meer schweifen lassen? Am Strand faullenzen und ein wenig Sonne tanken? Oder vielleicht doch lieber die m\u00e4rchenhafte Zauberwelt der kroatischen Nationalparks genie\u00dfen? Klingt wie Urlaub im Paradies? Das ist Kroatien im Herbst\u2026<\/p>\n<figure id=\"attachment_3387\" aria-describedby=\"caption-attachment-3387\" style=\"width: 620px\" class=\"wp-caption aligncenter\"><img decoding=\"async\" loading=\"lazy\" class=\"wp-image-3387 size-large\" src=\"https:\/\/www.interdomizil.de\/reisemagazin\/wp-content\/uploads\/croatia-dalmatien-sibenik-387813-620x414.png\" alt=\"Kroatien Dalmatien \/ Pixabay (CC0 Public Domain)\" width=\"620\" height=\"414\" srcset=\"https:\/\/www.interdomizil.de\/reisemagazin\/wp-content\/uploads\/croatia-dalmatien-sibenik-387813-620x414.png 620w, https:\/\/www.interdomizil.de\/reisemagazin\/wp-content\/uploads\/croatia-dalmatien-sibenik-387813-500x334.png 500w, https:\/\/www.interdomizil.de\/reisemagazin\/wp-content\/uploads\/croatia-dalmatien-sibenik-387813-720x480.png 720w, https:\/\/www.interdomizil.de\/reisemagazin\/wp-content\/uploads\/croatia-dalmatien-sibenik-387813-175x117.png 175w, https:\/\/www.interdomizil.de\/reisemagazin\/wp-content\/uploads\/croatia-dalmatien-sibenik-387813-450x300.png 450w, https:\/\/www.interdomizil.de\/reisemagazin\/wp-content\/uploads\/croatia-dalmatien-sibenik-387813-768x512.png 768w, https:\/\/www.interdomizil.de\/reisemagazin\/wp-content\/uploads\/croatia-dalmatien-sibenik-387813-200x133.png 200w, https:\/\/www.interdomizil.de\/reisemagazin\/wp-content\/uploads\/croatia-dalmatien-sibenik-387813-270x180.png 270w, https:\/\/www.interdomizil.de\/reisemagazin\/wp-content\/uploads\/croatia-dalmatien-sibenik-387813-770x515.png 770w, https:\/\/www.interdomizil.de\/reisemagazin\/wp-content\/uploads\/croatia-dalmatien-sibenik-387813-300x200.png 300w, https:\/\/www.interdomizil.de\/reisemagazin\/wp-content\/uploads\/croatia-dalmatien-sibenik-387813.png 1000w\" sizes=\"(max-width: 620px) 100vw, 620px\" \/><figcaption id=\"caption-attachment-3387\" class=\"wp-caption-text\">Sch\u00f6ne Aussicht in Dalmatien \/ Pixabay (CC0 Public Domain)<\/figcaption><\/figure>\n<h2>Einige gute Gr\u00fcnde f\u00fcr Kroatien im Herbst<\/h2>\n<p>Die Zeiten, in denen Kroatien als Geheimtipp f\u00fcr die Sommermonate galt, sind l\u00e4ngst vorbei. Bisweilen geht es in der Hochsaison in den beliebten Destinationen sogar allzu quirlig und lebhaft zu, was nicht zuletzt daran liegt, dass auch die Einheimischen gerne im eigenen Land urlauben. Noch nicht \u00fcberall herumgesprochen hat sich indes, dass Kroatien auch im Sp\u00e4tsommer und im Herbst ein wunderbares Reiseziel ist und das hat mehrere Gr\u00fcnde:<\/p>\n<ul>\n<li>Der gr\u00f6\u00dfte Sommerreisetrubel ist vorbei, es kehrt langsam Ruhe ein. Caf\u00e9s und Restaurants sind nicht mehr \u00fcberf\u00fcllt und wer sich ein wenig auf das kroatische Lebensgef\u00fchl einschwingen m\u00f6chte, findet jetzt eine ideale Gelegenheit dazu.<\/li>\n<li>Bei einer durchschnittlichen Wassertemperatur von 19-22 \u00b0C steht einem Badeurlaub nichts im Wege. Ideales Reiseziel hierf\u00fcr sind vor allem die Adriak\u00fcste, die kroatische Riviera oder die Insel in der Kvarner-Bucht.<\/li>\n<li>Dort, wo noch vor kurzem dichtes Gedr\u00e4nge herrschte, ist pl\u00f6tzlich entspanntes Flanieren m\u00f6glich &#8211; perfekte Bedingungen also, um sich nicht im G\u00e4nsemarsch durch kulturelle Highlights wie die Altstadt von Dubrovnik schieben zu lassen, sondern um sie wirklich zu genie\u00dfen.<\/li>\n<li>Das Klima ist angenehm mild. Tagesdurchschnittstemperaturen von 25\u00b0C (September) bis 19\u00b0C (Oktober) sind ideal f\u00fcr alle sportlich ambitionierten Aktivit\u00e4ten, f\u00fcr die es im Sommer schlichtweg zu hei\u00df ist.<br \/>\nUnd zu guter Letzt macht sich auch der Preisvorteil au\u00dferhalb der Hauptsaison deutlich bemerkbar.<\/li>\n<\/ul>\n<p>&nbsp;<\/p>\n<figure id=\"attachment_3390\" aria-describedby=\"caption-attachment-3390\" style=\"width: 620px\" class=\"wp-caption aligncenter\"><img decoding=\"async\" loading=\"lazy\" class=\"wp-image-3390 size-large\" src=\"https:\/\/www.interdomizil.de\/reisemagazin\/wp-content\/uploads\/bol-838285_1280-620x412.png\" alt=\"Kroatiens Adria \/ Pixabay (CC0 Public Domain)\" width=\"620\" height=\"412\" srcset=\"https:\/\/www.interdomizil.de\/reisemagazin\/wp-content\/uploads\/bol-838285_1280-620x412.png 620w, https:\/\/www.interdomizil.de\/reisemagazin\/wp-content\/uploads\/bol-838285_1280-768x511.png 768w, https:\/\/www.interdomizil.de\/reisemagazin\/wp-content\/uploads\/bol-838285_1280-270x180.png 270w, https:\/\/www.interdomizil.de\/reisemagazin\/wp-content\/uploads\/bol-838285_1280-200x133.png 200w, https:\/\/www.interdomizil.de\/reisemagazin\/wp-content\/uploads\/bol-838285_1280-300x200.png 300w, https:\/\/www.interdomizil.de\/reisemagazin\/wp-content\/uploads\/bol-838285_1280.png 1280w\" sizes=\"(max-width: 620px) 100vw, 620px\" \/><figcaption id=\"caption-attachment-3390\" class=\"wp-caption-text\">Kroatiens Adria \/ Pixabay (CC0 Public Domain)<\/figcaption><\/figure>\n<h2>Badeurlaub im Herbst? Mediterranes Klima macht\u2019s m\u00f6glich.<\/h2>\n<p>Badeurlauber kommen in Kroatien auch im Herbst noch auf ihre Kosten. Das Land wird von drei Klimazonen gepr\u00e4gt und die Adriak\u00fcste, insbesondere die kroatische Riviera bieten mediterranes Klima mit Tagesdurchschnittstemperaturen von 20 bis 25 \u00b0C sowie eine durchschnittliche Wassertemperatur von 19 \u2013 22\u00b0C. Oder anders gesagt: Reizvolle Reiseziele wie Split, Dubrovnik oder die Inseln Krk und Cres in der Kvarner-Bucht locken nicht nur mit t\u00fcrkisblauem Meer und Badewetter, sondern auch mit Kultursch\u00e4tzen, die von der UNESCO zum Weltkulturerbe ernannt wurden.<\/p>\n<h2>Die Ruhe nach dem Besucheransturm: Dubrovnik, Split oder Krk in Ruhe erleben<\/h2>\n<p>In Dubrovnik, deren Beinamen \u201ekroatisches Athen\u201c schon erahnen l\u00e4sst, was den Besucher erwartet, liegen nicht umsonst auch die gro\u00dfen Kreuzfahrtschiffe vor Anker. Woraus folgt, dass im Sommer in den Gassen bisweilen kein Durchkommen ist. Zum Gl\u00fcck ist die Perle der Adria jedoch auch ein ideales Herbstreiseziel. Denn bei milden 21\u00b0C selbst im Oktober l\u00e4sst sich die Altstadt, die seit 1979 als UNESCO-Weltkulturerbe gilt, ganz entspannt erkunden. Und inmitten wuchtiger Mauern und imposanter Bauten wie der Kathedrale, die alle deutlich von Dubrovniks wohlhabender Vergangenheit als Seehandelsknotenpunkt k\u00fcnden, f\u00fchlt sich so mancher Besucher um Jahrhunderte zur\u00fcckversetzt. Daf\u00fcr, dass die Geschichte nicht allzu verstaubt erscheint, sorgt allerdings das moderne Treiben in Gestalt von Boutiquen, Shops und Bars in der Altstadt.<\/p>\n<p>Auch Split &#8211; die zweitgr\u00f6\u00dfte Stadt Kroatiens und von den Einwohnern nicht nur als Hauptstadt Dalmatiens, sondern auch als sch\u00f6nste Stadt der Welt bezeichnet &#8211; bietet ein Ambiente, in dem sich der Besucher beinahe in einem Freiluftmuseum w\u00e4hnt. Zugleich lebt die Stadt jedoch vom Kontrast. Und so gehen die Kathedrale, der Diokletianspalast und die ehrfurchtgebietenden Mauern eine spannende Verbindung mit gl\u00e4sernen Fassaden und modernen Shoppingpal\u00e4sten ein \u2013 zur Freude der Besucher.<\/p>\n<p>Ebenfalls ein Muss in der Nebensaison ist die sonst recht quirlige, fast schon zu \u00fcberlaufene Insel Krk. Sie ist nicht nur mit traumhaften Badebuchten und mediterranem Flair gesegnet, sondern auch mit malerischen \u00d6rtchen wie Ba\u0161ka oder Krk, deren historische Altst\u00e4dte die Besucher mit so manch architektonischem Highlight bezaubern.<\/p>\n<figure id=\"attachment_3389\" aria-describedby=\"caption-attachment-3389\" style=\"width: 620px\" class=\"wp-caption aligncenter\"><img decoding=\"async\" loading=\"lazy\" class=\"wp-image-3389 size-large\" src=\"https:\/\/www.interdomizil.de\/reisemagazin\/wp-content\/uploads\/town-of-krk-386070_1280-620x465.png\" alt=\"Historische Altstadt mit Hafen in Krk \/ Pixabay (CC0 Public Domain)\" width=\"620\" height=\"465\" srcset=\"https:\/\/www.interdomizil.de\/reisemagazin\/wp-content\/uploads\/town-of-krk-386070_1280-620x465.png 620w, https:\/\/www.interdomizil.de\/reisemagazin\/wp-content\/uploads\/town-of-krk-386070_1280-768x576.png 768w, https:\/\/www.interdomizil.de\/reisemagazin\/wp-content\/uploads\/town-of-krk-386070_1280-200x150.png 200w, https:\/\/www.interdomizil.de\/reisemagazin\/wp-content\/uploads\/town-of-krk-386070_1280-300x225.png 300w, https:\/\/www.interdomizil.de\/reisemagazin\/wp-content\/uploads\/town-of-krk-386070_1280.png 1280w\" sizes=\"(max-width: 620px) 100vw, 620px\" \/><figcaption id=\"caption-attachment-3389\" class=\"wp-caption-text\">Historische Altstadt mit Hafen in Krk \/ Pixabay (CC0 Public Domain)<\/figcaption><\/figure>\n<p>Dar\u00fcber hinaus lockt auch der m\u00e4rchenhafte Herbstzauber in den kroatischen Nationalparks. Und Aktivurlauber, die es gerne so richtig sportlich m\u00f6gen, k\u00f6nnen sich beim Wandern oder Klettern sowie bei verschiedenen weiteren Freizeitaktivit\u00e4ten verausgaben (siehe dazu unseren Beitrag \u00fcber\u00a0<a href=\"https:\/\/www.interdomizil.de\/reisemagazin\/reisetipps\/kroatien-im-herbst-ideal-fuer-aktivurlauber\">Kroatien im Herbst f\u00fcr Aktivurlauber<\/a>).<\/p>\n<p>Bleibt festzuhalten, dass die Gestaltung der Urlaubstage im Herbst so vielgestaltig sein kann, dass ein Urlaub kaum gen\u00fcgt, um alles in einer Reise unterzubringen. Doch da wirft Kroatien ja netterweise noch ein weiteres Herbstpfund in die Waagschale: Die g\u00fcnstigen Preise in der Nebensaison\u2026<\/p>\n<p>&nbsp;<\/p>\n","protected":false},"excerpt":{"rendered":"<p>Dichter und Literaten geben sich zwar alle M\u00fche, den Herbst von seiner sch\u00f6nsten Seite zu beschreiben, in anderen erwacht ab der ersten Dauerregen-Periode allerdings zunehmend der Wunsch, den Sommer noch ein wenig zu verl\u00e4ngern und dem tr\u00fcben Herbsteinerlei zu entfliehen. Wer diesen Wunsch Gestalt annehmen lassen m\u00f6chte, findet gut zwei Flugstunden entfernt den Ort, der<\/p>\n","protected":false},"author":57,"featured_media":3387,"comment_status":"closed","ping_status":"closed","sticky":false,"template":"","format":"standard","meta":{"footnotes":""},"categories":[731],"tags":[783,522,795,794,709,710,776,792,793,574,778,790,548,536,791],"yoast_head":"<!-- This site is optimized with the Yoast SEO plugin v16.1.1 - https:\/\/yoast.com\/wordpress\/plugins\/seo\/ -->\n<title>Urlaub: Im Herbst nach Kroatien? &ndash; InterDomizil Reisemagazin<\/title>\n<link rel=\"canonical\" href=\"https:\/\/www.interdomizil.de\/reisemagazin\/reiseziele\/kroatien\/urlaub-im-herbst-nach-kroatien\" \/>\n<meta name=\"twitter:label1\" content=\"Gesch\u00e4tzte Lesezeit\">\n\t<meta name=\"twitter:data1\" content=\"4\u00a0Minuten\">\n<script type=\"application\/ld+json\" class=\"yoast-schema-graph\">{\"@context\":\"https:\/\/schema.org\",\"@graph\":[{\"@type\":\"WebSite\",\"@id\":\"https:\/\/www.interdomizil.de\/reisemagazin\/#website\",\"url\":\"https:\/\/www.interdomizil.de\/reisemagazin\/\",\"name\":\"InterDomizil Reisemagazin\",\"description\":\"Reiseziele. Urlaubtipps. Sehenswertes.\",\"potentialAction\":[{\"@type\":\"SearchAction\",\"target\":\"https:\/\/www.interdomizil.de\/reisemagazin\/?s={search_term_string}\",\"query-input\":\"required name=search_term_string\"}],\"inLanguage\":\"de\"},{\"@type\":\"ImageObject\",\"@id\":\"https:\/\/www.interdomizil.de\/reisemagazin\/reiseziele\/kroatien\/urlaub-im-herbst-nach-kroatien#primaryimage\",\"inLanguage\":\"de\",\"url\":\"\",\"contentUrl\":\"\"},{\"@type\":\"WebPage\",\"@id\":\"https:\/\/www.interdomizil.de\/reisemagazin\/reiseziele\/kroatien\/urlaub-im-herbst-nach-kroatien#webpage\",\"url\":\"https:\/\/www.interdomizil.de\/reisemagazin\/reiseziele\/kroatien\/urlaub-im-herbst-nach-kroatien\",\"name\":\"Urlaub: Im Herbst nach Kroatien? &ndash; InterDomizil Reisemagazin\",\"isPartOf\":{\"@id\":\"https:\/\/www.interdomizil.de\/reisemagazin\/#website\"},\"primaryImageOfPage\":{\"@id\":\"https:\/\/www.interdomizil.de\/reisemagazin\/reiseziele\/kroatien\/urlaub-im-herbst-nach-kroatien#primaryimage\"},\"datePublished\":\"2015-09-15T10:57:31+00:00\",\"dateModified\":\"2018-08-16T15:25:08+00:00\",\"author\":{\"@id\":\"https:\/\/www.interdomizil.de\/reisemagazin\/#\/schema\/person\/75df0f0a400392deb8827d035999374b\"},\"breadcrumb\":{\"@id\":\"https:\/\/www.interdomizil.de\/reisemagazin\/reiseziele\/kroatien\/urlaub-im-herbst-nach-kroatien#breadcrumb\"},\"inLanguage\":\"de\",\"potentialAction\":[{\"@type\":\"ReadAction\",\"target\":[\"https:\/\/www.interdomizil.de\/reisemagazin\/reiseziele\/kroatien\/urlaub-im-herbst-nach-kroatien\"]}]},{\"@type\":\"BreadcrumbList\",\"@id\":\"https:\/\/www.interdomizil.de\/reisemagazin\/reiseziele\/kroatien\/urlaub-im-herbst-nach-kroatien#breadcrumb\",\"itemListElement\":[{\"@type\":\"ListItem\",\"position\":1,\"item\":{\"@type\":\"WebPage\",\"@id\":\"https:\/\/www.interdomizil.de\/reisemagazin\/\",\"url\":\"https:\/\/www.interdomizil.de\/reisemagazin\/\",\"name\":\"Home\"}},{\"@type\":\"ListItem\",\"position\":2,\"item\":{\"@type\":\"WebPage\",\"@id\":\"https:\/\/www.interdomizil.de\/reisemagazin\/reiseziele\/kroatien\/urlaub-im-herbst-nach-kroatien\",\"url\":\"https:\/\/www.interdomizil.de\/reisemagazin\/reiseziele\/kroatien\/urlaub-im-herbst-nach-kroatien\",\"name\":\"Urlaub: Im Herbst nach Kroatien?\"}}]},{\"@type\":\"Person\",\"@id\":\"https:\/\/www.interdomizil.de\/reisemagazin\/#\/schema\/person\/75df0f0a400392deb8827d035999374b\",\"name\":\"Redaktion Sehenswertes\"}]}<\/script>\n<!-- \/ Yoast SEO plugin. -->","_links":{"self":[{"href":"https:\/\/www.interdomizil.de\/reisemagazin\/wp-json\/wp\/v2\/posts\/3330"}],"collection":[{"href":"https:\/\/www.interdomizil.de\/reisemagazin\/wp-json\/wp\/v2\/posts"}],"about":[{"href":"https:\/\/www.interdomizil.de\/reisemagazin\/wp-json\/wp\/v2\/types\/post"}],"author":[{"embeddable":true,"href":"https:\/\/www.interdomizil.de\/reisemagazin\/wp-json\/wp\/v2\/users\/57"}],"replies":[{"embeddable":true,"href":"https:\/\/www.interdomizil.de\/reisemagazin\/wp-json\/wp\/v2\/comments?post=3330"}],"version-history":[{"count":18,"href":"https:\/\/www.interdomizil.de\/reisemagazin\/wp-json\/wp\/v2\/posts\/3330\/revisions"}],"predecessor-version":[{"id":5834,"href":"https:\/\/www.interdomizil.de\/reisemagazin\/wp-json\/wp\/v2\/posts\/3330\/revisions\/5834"}],"wp:featuredmedia":[{"embeddable":true,"href":"https:\/\/www.interdomizil.de\/reisemagazin\/wp-json\/wp\/v2\/media\/3387"}],"wp:attachment":[{"href":"https:\/\/www.interdomizil.de\/reisemagazin\/wp-json\/wp\/v2\/media?parent=3330"}],"wp:term":[{"taxonomy":"category","embeddable":true,"href":"https:\/\/www.interdomizil.de\/reisemagazin\/wp-json\/wp\/v2\/categories?post=3330"},{"taxonomy":"post_tag","embeddable":true,"href":"https:\/\/www.interdomizil.de\/reisemagazin\/wp-json\/wp\/v2\/tags?post=3330"}],"curies":[{"name":"wp","href":"https:\/\/api.w.org\/{rel}","templated":true}]}}