{"id":3238,"date":"2015-11-26T18:00:34","date_gmt":"2015-11-26T16:00:34","guid":{"rendered":"https:\/\/www.interdomizil.de\/reisemagazin\/?p=3238"},"modified":"2016-09-27T14:42:49","modified_gmt":"2016-09-27T12:42:49","slug":"die-scaligerburg-das-aushaengeschild-von-malcesine","status":"publish","type":"post","link":"https:\/\/www.interdomizil.de\/reisemagazin\/reiseziele\/italien\/die-scaligerburg-das-aushaengeschild-von-malcesine","title":{"rendered":"Die Scaligerburg \u2013 das Aush\u00e4ngeschild von Malcesine"},"content":{"rendered":"<div class=\"twoclick_social_bookmarks_post_3238 social_share_privacy clearfix 1.6.4 locale-de_DE sprite-de_DE\"><\/div><div class=\"twoclick-js\"><script type=\"text\/javascript\">\/* <![CDATA[ *\/\njQuery(document).ready(function($){if($('.twoclick_social_bookmarks_post_3238')){$('.twoclick_social_bookmarks_post_3238').socialSharePrivacy({\"services\":{\"facebook\":{\"status\":\"on\",\"txt_info\":\"2 Klicks f\\u00fcr mehr Datenschutz: Erst wenn Sie hier klicken, wird der Button aktiv und Sie k\\u00f6nnen Ihre Empfehlung an Facebook senden. Schon beim Aktivieren werden <strong>Daten an Dritte \\u00fcbertragen<\\\/strong> - siehe <strong>i<\\\/strong>.\",\"perma_option\":\"off\",\"action\":\"like\",\"language\":\"de_DE\"},\"twitter\":{\"reply_to\":\"\",\"tweet_text\":\"%20Die%20Scaligerburg%20%E2%80%93%20das%20Aush%C3%A4ngeschild%20von%20Malcesine%20%C2%BB%20InterDomizil%20...\",\"status\":\"on\",\"txt_info\":\"2 Klicks f\\u00fcr mehr Datenschutz: Erst wenn Sie hier klicken, wird der Button aktiv und Sie k\\u00f6nnen Ihre Empfehlung an Twitter senden. Schon beim Aktivieren werden <strong>Daten an Dritte \\u00fcbertragen<\\\/strong> - siehe <strong>i<\\\/strong>.\",\"perma_option\":\"off\",\"language\":\"de\"},\"pinterest\":{\"status\":\"on\",\"the_excerpt\":\"Die Scaligerburg \\u2013 das Aush\\u00e4ngeschild von Malcesine\",\"txt_info\":\"2 Klicks f\\u00fcr mehr Datenschutz: Erst wenn Sie hier klicken, wird der Button aktiv und Sie k\\u00f6nnen Ihre Empfehlung an Pinterest senden. Schon beim Aktivieren werden <strong>Daten an Dritte \\u00fcbertragen<\\\/strong> - siehe <strong>i<\\\/strong>.\",\"perma_option\":\"off\",\"media\":\"https:\\\/\\\/www.interdomizil.de\\\/reisemagazin\\\/wp-content\\\/uploads\\\/malcesine-411483_960_720.jpg\"}},\"txt_help\":\"Wenn Sie diese Felder durch einen Klick aktivieren, werden Informationen an Facebook, Twitter, Flattr, Xing, t3n, LinkedIn, Pinterest oder Google eventuell ins Ausland <strong>\\u00fcbertragen<\\\/strong> und unter Umst\\u00e4nden auch dort <strong>gespeichert<\\\/strong>. N\\u00e4heres erfahren Sie durch einen Klick auf das <em>i<\\\/em>.\",\"settings_perma\":\"Dauerhaft aktivieren und Daten\\u00fcber-tragung zustimmen:\",\"info_link\":\"http:\\\/\\\/www.heise.de\\\/ct\\\/artikel\\\/2-Klicks-fuer-mehr-Datenschutz-1333879.html\",\"uri\":\"https:\\\/\\\/www.interdomizil.de\\\/reisemagazin\\\/reiseziele\\\/italien\\\/die-scaligerburg-das-aushaengeschild-von-malcesine\",\"post_id\":3238,\"post_title_referrer_track\":\"Die+Scaligerburg+%E2%80%93+das+Aush%C3%A4ngeschild+von+Malcesine\",\"concat\":\"%3F\",\"display_infobox\":\"on\"});}});\n\/* ]]> *\/<\/script><\/div><figure id=\"attachment_3650\" aria-describedby=\"caption-attachment-3650\" style=\"width: 620px\" class=\"wp-caption aligncenter\"><a href=\"https:\/\/www.interdomizil.de\/reisemagazin\/wp-content\/uploads\/malcesine-411483_960_720.jpg\"><img decoding=\"async\" loading=\"lazy\" class=\"wp-image-3650 size-large\" src=\"https:\/\/www.interdomizil.de\/reisemagazin\/wp-content\/uploads\/malcesine-411483_960_720-620x413.jpg\" alt=\"Italien Malescine - Foto: Pixabay, CC0\" width=\"620\" height=\"413\" srcset=\"https:\/\/www.interdomizil.de\/reisemagazin\/wp-content\/uploads\/malcesine-411483_960_720-620x413.jpg 620w, https:\/\/www.interdomizil.de\/reisemagazin\/wp-content\/uploads\/malcesine-411483_960_720-500x333.jpg 500w, https:\/\/www.interdomizil.de\/reisemagazin\/wp-content\/uploads\/malcesine-411483_960_720-720x480.jpg 720w, https:\/\/www.interdomizil.de\/reisemagazin\/wp-content\/uploads\/malcesine-411483_960_720-175x117.jpg 175w, https:\/\/www.interdomizil.de\/reisemagazin\/wp-content\/uploads\/malcesine-411483_960_720-450x300.jpg 450w, https:\/\/www.interdomizil.de\/reisemagazin\/wp-content\/uploads\/malcesine-411483_960_720-768x512.jpg 768w, https:\/\/www.interdomizil.de\/reisemagazin\/wp-content\/uploads\/malcesine-411483_960_720-200x133.jpg 200w, https:\/\/www.interdomizil.de\/reisemagazin\/wp-content\/uploads\/malcesine-411483_960_720-270x180.jpg 270w, https:\/\/www.interdomizil.de\/reisemagazin\/wp-content\/uploads\/malcesine-411483_960_720-300x200.jpg 300w, https:\/\/www.interdomizil.de\/reisemagazin\/wp-content\/uploads\/malcesine-411483_960_720.jpg 960w\" sizes=\"(max-width: 620px) 100vw, 620px\" \/><\/a><figcaption id=\"caption-attachment-3650\" class=\"wp-caption-text\">Italien Malescine &#8211; Foto: Pixabay, CC0<\/figcaption><\/figure>\n<p>Malcesine wird gerne als \u201edie Perle\u201c oder als \u201edie sch\u00f6nste Stadt des Gardasees\u201c bezeichnet. Nicht nur Urlauber sind von der malerischen Stadt hingerissen, selbst Dichterf\u00fcrst Goethe zeigte sich beeindruckt. Er weilte w\u00e4hrend seiner Italienreise (1786-1788) ebenfalls in Malcesine und war voll des Lobes f\u00fcr die Sch\u00f6nheit der Region. G\u00e4ste, die Ihren Urlaubserinnerungen erneut nachsp\u00fcren m\u00f6chten, k\u00f6nnen dies in Goethes literarischem Bericht &#8222;Italienische Reise&#8220; tun.<\/p>\n<p><strong>Malcesine: Goethe und wie er die Burg sah<\/strong><br \/>\nMalcesines ber\u00fchmte Scaligerburg inspirierte den Dichter so sehr, dass er sich abermals als bildender K\u00fcnstler hervortat. Ein dramatisches Missverst\u00e4ndnis f\u00fchrte jedoch dazu, dass der Dichter einige Tage in der Pulverkammer verbrachte. Als sich der Schriftsteller am Fu\u00df der Burg niedergelassen hatte, um einige Skizzen als Andenken anzufertigen, wurde er kurzerhand festgenommen. Italienische Wachleute vermuteten in ihm einen \u00f6sterreichischem Spion. Interessierte k\u00f6nnen die Pulverkammer mitsamt des kleinen Goethe-Museums besichtigen und hier etwa die ber\u00fchmten Skizzen der Scaligerburg anschauen. Aber auch eine Gedenktafel sowie eine Bronzeb\u00fcste erinnern an den denkw\u00fcrdigen Aufenthalt des Dichters.<\/p>\n<figure id=\"attachment_3651\" aria-describedby=\"caption-attachment-3651\" style=\"width: 534px\" class=\"wp-caption aligncenter\"><a href=\"https:\/\/www.interdomizil.de\/reisemagazin\/wp-content\/uploads\/Goethe.png\"><img decoding=\"async\" loading=\"lazy\" class=\"wp-image-3651 size-full\" src=\"https:\/\/www.interdomizil.de\/reisemagazin\/wp-content\/uploads\/Goethe.png\" alt=\"Goethe - Foto: Pixabay, CC0\" width=\"534\" height=\"501\" srcset=\"https:\/\/www.interdomizil.de\/reisemagazin\/wp-content\/uploads\/Goethe.png 534w, https:\/\/www.interdomizil.de\/reisemagazin\/wp-content\/uploads\/Goethe-200x188.png 200w, https:\/\/www.interdomizil.de\/reisemagazin\/wp-content\/uploads\/Goethe-300x281.png 300w\" sizes=\"(max-width: 534px) 100vw, 534px\" \/><\/a><figcaption id=\"caption-attachment-3651\" class=\"wp-caption-text\">Goethe &#8211; Foto: Pixabay, CC0<\/figcaption><\/figure>\n<p><strong>Hinauf zur Scaligerburg: Ein lohnender Aufstieg<\/strong><br \/>\nAn der pr\u00e4chtigen Burg aus dem 14.Jahrhundert kommt tats\u00e4chlich kaum jemand vorbei, der in <a href=\"https:\/\/www.interdomizil.de\/gardasee-und-umgebung\/malcesine\">Malcesine<\/a> weilt. Das historische Gem\u00e4uer, das sich pomp\u00f6s \u00fcber den Felsen emporhebt, dominiert die Altstadt Malcesines. Wer die Burg erklimmt ist allerdings besser gut zu Fu\u00df, der Aufstieg hat es sich. Die Belohnung folgt allerdings prompt \u2013 nat\u00fcrlich mit einem fantastischen Ausblick \u00fcber die Burganlage, die Stadt und den Gardasee. Wem es gelingt, sich von diesem unvergesslichen Ausblick loszurei\u00dfen, der kann die Burg erkunden. Die Burganlage mit dem eindrucksvollen, alles \u00fcberragenden Bergfried sowie den drei verschachtelten, einander \u00fcberragenden Innenh\u00f6fen wurde von den Scaligern erbaut. 1602 folgte im unteren der drei H\u00f6fe auf Gehei\u00df Venedigs der \u201ePalazzo Inferiore\u201c. Im Inneren des wundersch\u00f6n begr\u00fcnten Burgkomplexes k\u00f6nnen zwei Museen besichtigt werden: das &#8222;<strong>Museo del Garda<\/strong>&#8220; und das &#8222;<strong>Museo di Storia Naturale del Baldo<\/strong>\u201c \u2013 beide besch\u00e4ftigen sich mit der Geschichte des Gardasees und den geografischen Besonderheiten der Region.<\/p>\n<figure id=\"attachment_3652\" aria-describedby=\"caption-attachment-3652\" style=\"width: 620px\" class=\"wp-caption aligncenter\"><a href=\"https:\/\/www.interdomizil.de\/reisemagazin\/wp-content\/uploads\/sylvester-970863_960_720.jpg\"><img decoding=\"async\" loading=\"lazy\" class=\"wp-image-3652 size-large\" src=\"https:\/\/www.interdomizil.de\/reisemagazin\/wp-content\/uploads\/sylvester-970863_960_720-620x413.jpg\" alt=\"Feuerwerk Foto: Pixabay, CC0\" width=\"620\" height=\"413\" srcset=\"https:\/\/www.interdomizil.de\/reisemagazin\/wp-content\/uploads\/sylvester-970863_960_720-620x413.jpg 620w, https:\/\/www.interdomizil.de\/reisemagazin\/wp-content\/uploads\/sylvester-970863_960_720-768x512.jpg 768w, https:\/\/www.interdomizil.de\/reisemagazin\/wp-content\/uploads\/sylvester-970863_960_720-270x180.jpg 270w, https:\/\/www.interdomizil.de\/reisemagazin\/wp-content\/uploads\/sylvester-970863_960_720-200x133.jpg 200w, https:\/\/www.interdomizil.de\/reisemagazin\/wp-content\/uploads\/sylvester-970863_960_720-300x200.jpg 300w, https:\/\/www.interdomizil.de\/reisemagazin\/wp-content\/uploads\/sylvester-970863_960_720.jpg 960w\" sizes=\"(max-width: 620px) 100vw, 620px\" \/><\/a><figcaption id=\"caption-attachment-3652\" class=\"wp-caption-text\">Feuerwerk Foto: Pixabay, CC0<\/figcaption><\/figure>\n<p><strong>Kopf\u00fcber in den siebten Himmel<\/strong><br \/>\nDar\u00fcber hinaus finden in der Burg immer wieder verschiedene Events statt. Antiquit\u00e4tenm\u00e4rkte, Weinfeste und bunte Volksfeste laden zum Bummeln und Entdecken ein, oft runden pr\u00e4chtige Feuerwerke die Feierlichkeiten ab. Einmal im Jahr\u00a0 zeigen Turmspringer, die sich aus schwindelerregender H\u00f6he in den Gardasee st\u00fcrzen, ihr K\u00f6nnen. Andere hingegen schlie\u00dfen auf der Burg den Bund f\u00fcrs Leben. Und wieder andere genie\u00dfen ohne Risiken und Nebenwirkungen einfach nur die malerische Atmosph\u00e4re.<\/p>\n","protected":false},"excerpt":{"rendered":"<p>Malcesine wird gerne als \u201edie Perle\u201c oder als \u201edie sch\u00f6nste Stadt des Gardasees\u201c bezeichnet. Nicht nur Urlauber sind von der malerischen Stadt hingerissen, selbst Dichterf\u00fcrst Goethe zeigte sich beeindruckt. Er weilte w\u00e4hrend seiner Italienreise (1786-1788) ebenfalls in Malcesine und war voll des Lobes f\u00fcr die Sch\u00f6nheit der Region. G\u00e4ste, die Ihren Urlaubserinnerungen erneut nachsp\u00fcren m\u00f6chten,<\/p>\n","protected":false},"author":57,"featured_media":3650,"comment_status":"open","ping_status":"open","sticky":false,"template":"","format":"standard","meta":{"footnotes":""},"categories":[49],"tags":[825,519,824],"yoast_head":"<!-- This site is optimized with the Yoast SEO plugin v16.1.1 - https:\/\/yoast.com\/wordpress\/plugins\/seo\/ -->\n<title>Die Scaligerburg \u2013 das Aush\u00e4ngeschild von Malcesine &ndash; InterDomizil Reisemagazin<\/title>\n<link rel=\"canonical\" href=\"https:\/\/www.interdomizil.de\/reisemagazin\/reiseziele\/italien\/die-scaligerburg-das-aushaengeschild-von-malcesine\" \/>\n<meta name=\"twitter:label1\" content=\"Gesch\u00e4tzte Lesezeit\">\n\t<meta name=\"twitter:data1\" content=\"2\u00a0Minuten\">\n<script type=\"application\/ld+json\" class=\"yoast-schema-graph\">{\"@context\":\"https:\/\/schema.org\",\"@graph\":[{\"@type\":\"WebSite\",\"@id\":\"https:\/\/www.interdomizil.de\/reisemagazin\/#website\",\"url\":\"https:\/\/www.interdomizil.de\/reisemagazin\/\",\"name\":\"InterDomizil Reisemagazin\",\"description\":\"Reiseziele. Urlaubtipps. Sehenswertes.\",\"potentialAction\":[{\"@type\":\"SearchAction\",\"target\":\"https:\/\/www.interdomizil.de\/reisemagazin\/?s={search_term_string}\",\"query-input\":\"required name=search_term_string\"}],\"inLanguage\":\"de\"},{\"@type\":\"ImageObject\",\"@id\":\"https:\/\/www.interdomizil.de\/reisemagazin\/reiseziele\/italien\/die-scaligerburg-das-aushaengeschild-von-malcesine#primaryimage\",\"inLanguage\":\"de\",\"url\":\"\",\"contentUrl\":\"\"},{\"@type\":\"WebPage\",\"@id\":\"https:\/\/www.interdomizil.de\/reisemagazin\/reiseziele\/italien\/die-scaligerburg-das-aushaengeschild-von-malcesine#webpage\",\"url\":\"https:\/\/www.interdomizil.de\/reisemagazin\/reiseziele\/italien\/die-scaligerburg-das-aushaengeschild-von-malcesine\",\"name\":\"Die Scaligerburg \\u2013 das Aush\\u00e4ngeschild von Malcesine &ndash; InterDomizil Reisemagazin\",\"isPartOf\":{\"@id\":\"https:\/\/www.interdomizil.de\/reisemagazin\/#website\"},\"primaryImageOfPage\":{\"@id\":\"https:\/\/www.interdomizil.de\/reisemagazin\/reiseziele\/italien\/die-scaligerburg-das-aushaengeschild-von-malcesine#primaryimage\"},\"datePublished\":\"2015-11-26T16:00:34+00:00\",\"dateModified\":\"2016-09-27T12:42:49+00:00\",\"author\":{\"@id\":\"https:\/\/www.interdomizil.de\/reisemagazin\/#\/schema\/person\/75df0f0a400392deb8827d035999374b\"},\"breadcrumb\":{\"@id\":\"https:\/\/www.interdomizil.de\/reisemagazin\/reiseziele\/italien\/die-scaligerburg-das-aushaengeschild-von-malcesine#breadcrumb\"},\"inLanguage\":\"de\",\"potentialAction\":[{\"@type\":\"ReadAction\",\"target\":[\"https:\/\/www.interdomizil.de\/reisemagazin\/reiseziele\/italien\/die-scaligerburg-das-aushaengeschild-von-malcesine\"]}]},{\"@type\":\"BreadcrumbList\",\"@id\":\"https:\/\/www.interdomizil.de\/reisemagazin\/reiseziele\/italien\/die-scaligerburg-das-aushaengeschild-von-malcesine#breadcrumb\",\"itemListElement\":[{\"@type\":\"ListItem\",\"position\":1,\"item\":{\"@type\":\"WebPage\",\"@id\":\"https:\/\/www.interdomizil.de\/reisemagazin\/\",\"url\":\"https:\/\/www.interdomizil.de\/reisemagazin\/\",\"name\":\"Home\"}},{\"@type\":\"ListItem\",\"position\":2,\"item\":{\"@type\":\"WebPage\",\"@id\":\"https:\/\/www.interdomizil.de\/reisemagazin\/reiseziele\/italien\/die-scaligerburg-das-aushaengeschild-von-malcesine\",\"url\":\"https:\/\/www.interdomizil.de\/reisemagazin\/reiseziele\/italien\/die-scaligerburg-das-aushaengeschild-von-malcesine\",\"name\":\"Die Scaligerburg \\u2013 das Aush\\u00e4ngeschild von Malcesine\"}}]},{\"@type\":\"Person\",\"@id\":\"https:\/\/www.interdomizil.de\/reisemagazin\/#\/schema\/person\/75df0f0a400392deb8827d035999374b\",\"name\":\"Redaktion Sehenswertes\"}]}<\/script>\n<!-- \/ Yoast SEO plugin. -->","_links":{"self":[{"href":"https:\/\/www.interdomizil.de\/reisemagazin\/wp-json\/wp\/v2\/posts\/3238"}],"collection":[{"href":"https:\/\/www.interdomizil.de\/reisemagazin\/wp-json\/wp\/v2\/posts"}],"about":[{"href":"https:\/\/www.interdomizil.de\/reisemagazin\/wp-json\/wp\/v2\/types\/post"}],"author":[{"embeddable":true,"href":"https:\/\/www.interdomizil.de\/reisemagazin\/wp-json\/wp\/v2\/users\/57"}],"replies":[{"embeddable":true,"href":"https:\/\/www.interdomizil.de\/reisemagazin\/wp-json\/wp\/v2\/comments?post=3238"}],"version-history":[{"count":12,"href":"https:\/\/www.interdomizil.de\/reisemagazin\/wp-json\/wp\/v2\/posts\/3238\/revisions"}],"predecessor-version":[{"id":5752,"href":"https:\/\/www.interdomizil.de\/reisemagazin\/wp-json\/wp\/v2\/posts\/3238\/revisions\/5752"}],"wp:featuredmedia":[{"embeddable":true,"href":"https:\/\/www.interdomizil.de\/reisemagazin\/wp-json\/wp\/v2\/media\/3650"}],"wp:attachment":[{"href":"https:\/\/www.interdomizil.de\/reisemagazin\/wp-json\/wp\/v2\/media?parent=3238"}],"wp:term":[{"taxonomy":"category","embeddable":true,"href":"https:\/\/www.interdomizil.de\/reisemagazin\/wp-json\/wp\/v2\/categories?post=3238"},{"taxonomy":"post_tag","embeddable":true,"href":"https:\/\/www.interdomizil.de\/reisemagazin\/wp-json\/wp\/v2\/tags?post=3238"}],"curies":[{"name":"wp","href":"https:\/\/api.w.org\/{rel}","templated":true}]}}