{"id":2755,"date":"2016-02-04T16:30:23","date_gmt":"2016-02-04T14:30:23","guid":{"rendered":"https:\/\/www.interdomizil.de\/reisemagazin\/?p=2755"},"modified":"2019-07-15T17:26:17","modified_gmt":"2019-07-15T15:26:17","slug":"berlin-kongresshalle-die-schwangere-auster-im-tiergarten","status":"publish","type":"post","link":"https:\/\/www.interdomizil.de\/reisemagazin\/reisetipps\/berlin-kongresshalle-die-schwangere-auster-im-tiergarten","title":{"rendered":"Berlin: Kongresshalle \u2013 die Schwangere Auster im Tiergarten"},"content":{"rendered":"<div class=\"twoclick_social_bookmarks_post_2755 social_share_privacy clearfix 1.6.4 locale-de_DE sprite-de_DE\"><\/div><div class=\"twoclick-js\"><script type=\"text\/javascript\">\/* <![CDATA[ *\/\njQuery(document).ready(function($){if($('.twoclick_social_bookmarks_post_2755')){$('.twoclick_social_bookmarks_post_2755').socialSharePrivacy({\"services\":{\"facebook\":{\"status\":\"on\",\"txt_info\":\"2 Klicks f\\u00fcr mehr Datenschutz: Erst wenn Sie hier klicken, wird der Button aktiv und Sie k\\u00f6nnen Ihre Empfehlung an Facebook senden. Schon beim Aktivieren werden <strong>Daten an Dritte \\u00fcbertragen<\\\/strong> - siehe <strong>i<\\\/strong>.\",\"perma_option\":\"off\",\"action\":\"like\",\"language\":\"de_DE\"},\"twitter\":{\"reply_to\":\"\",\"tweet_text\":\"%20Berlin%3A%20Kongresshalle%20%E2%80%93%20die%20Schwangere%20Auster%20im%20Tiergarten%20%C2%BB%20InterDomizil%20...\",\"status\":\"on\",\"txt_info\":\"2 Klicks f\\u00fcr mehr Datenschutz: Erst wenn Sie hier klicken, wird der Button aktiv und Sie k\\u00f6nnen Ihre Empfehlung an Twitter senden. Schon beim Aktivieren werden <strong>Daten an Dritte \\u00fcbertragen<\\\/strong> - siehe <strong>i<\\\/strong>.\",\"perma_option\":\"off\",\"language\":\"de\"},\"pinterest\":{\"status\":\"on\",\"the_excerpt\":\"Berlin: Kongresshalle \\u2013 die Schwangere Auster im Tiergarten\",\"txt_info\":\"2 Klicks f\\u00fcr mehr Datenschutz: Erst wenn Sie hier klicken, wird der Button aktiv und Sie k\\u00f6nnen Ihre Empfehlung an Pinterest senden. Schon beim Aktivieren werden <strong>Daten an Dritte \\u00fcbertragen<\\\/strong> - siehe <strong>i<\\\/strong>.\",\"perma_option\":\"off\",\"media\":\"https:\\\/\\\/www.interdomizil.de\\\/reisemagazin\\\/wp-content\\\/uploads\\\/482761_original_R_K_B_by_Ole-Klemm_pixelio.de_klein.jpg\"}},\"txt_help\":\"Wenn Sie diese Felder durch einen Klick aktivieren, werden Informationen an Facebook, Twitter, Flattr, Xing, t3n, LinkedIn, Pinterest oder Google eventuell ins Ausland <strong>\\u00fcbertragen<\\\/strong> und unter Umst\\u00e4nden auch dort <strong>gespeichert<\\\/strong>. N\\u00e4heres erfahren Sie durch einen Klick auf das <em>i<\\\/em>.\",\"settings_perma\":\"Dauerhaft aktivieren und Daten\\u00fcber-tragung zustimmen:\",\"info_link\":\"http:\\\/\\\/www.heise.de\\\/ct\\\/artikel\\\/2-Klicks-fuer-mehr-Datenschutz-1333879.html\",\"uri\":\"https:\\\/\\\/www.interdomizil.de\\\/reisemagazin\\\/reisetipps\\\/berlin-kongresshalle-die-schwangere-auster-im-tiergarten\",\"post_id\":2755,\"post_title_referrer_track\":\"Berlin%3A+Kongresshalle+%E2%80%93+die+Schwangere+Auster+im+Tiergarten\",\"concat\":\"%3F\",\"display_infobox\":\"on\"});}});\n\/* ]]> *\/<\/script><\/div><p style=\"text-align: justify;\">An ihr scheiden sich die Geister. Auf den ersten Blick k\u00f6nnte man meinen, ein Ufo h\u00e4tte sich im Tiergarten niedergelassen, so futuristisch erscheint der Bau mit seiner charakteristischen Dachkonstruktion. Nicht von ungef\u00e4hr wurde hier u.a. der Science-Fiction-Film <em>\u00c6on Flux<\/em> mit Charlize Theron in der Hauptrolle gedreht. Und so erntet das vom Architekten Hugh Stubbins entworfene Geb\u00e4ude im Stil der Neuen Sachlichkeit entweder begeisterte oder entgeisterte Blicke \u2013 lauwarme Reaktionen sind selten. Die Rede ist nat\u00fcrlich von der Kongresshalle. Oder dem Haus der Kulturen der Welt. Besser bekannt ist das Bauwerk allerdings als: die \u201eSchwangere Auster\u201c. Wie die Kongresshalle zu ihrem ausgefallenen Spitznamen kam, erkl\u00e4rt sich beim Blick auf die Dachkonstruktion.<\/p>\n<figure id=\"attachment_4697\" aria-describedby=\"caption-attachment-4697\" style=\"width: 620px\" class=\"wp-caption aligncenter\"><img decoding=\"async\" loading=\"lazy\" class=\"size-large wp-image-4697\" src=\"https:\/\/www.interdomizil.de\/reisemagazin\/wp-content\/uploads\/482761_original_R_K_B_by_Ole-Klemm_pixelio.de_klein-620x465.jpg\" alt=\"Das Dach der Auster - Foto: Ole Klemm \/ Pixelio.de (rkn)\" width=\"620\" height=\"465\" srcset=\"https:\/\/www.interdomizil.de\/reisemagazin\/wp-content\/uploads\/482761_original_R_K_B_by_Ole-Klemm_pixelio.de_klein-620x465.jpg 620w, https:\/\/www.interdomizil.de\/reisemagazin\/wp-content\/uploads\/482761_original_R_K_B_by_Ole-Klemm_pixelio.de_klein-500x375.jpg 500w, https:\/\/www.interdomizil.de\/reisemagazin\/wp-content\/uploads\/482761_original_R_K_B_by_Ole-Klemm_pixelio.de_klein-720x540.jpg 720w, https:\/\/www.interdomizil.de\/reisemagazin\/wp-content\/uploads\/482761_original_R_K_B_by_Ole-Klemm_pixelio.de_klein-175x131.jpg 175w, https:\/\/www.interdomizil.de\/reisemagazin\/wp-content\/uploads\/482761_original_R_K_B_by_Ole-Klemm_pixelio.de_klein-450x338.jpg 450w, https:\/\/www.interdomizil.de\/reisemagazin\/wp-content\/uploads\/482761_original_R_K_B_by_Ole-Klemm_pixelio.de_klein-768x576.jpg 768w, https:\/\/www.interdomizil.de\/reisemagazin\/wp-content\/uploads\/482761_original_R_K_B_by_Ole-Klemm_pixelio.de_klein-200x150.jpg 200w, https:\/\/www.interdomizil.de\/reisemagazin\/wp-content\/uploads\/482761_original_R_K_B_by_Ole-Klemm_pixelio.de_klein.jpg 800w, https:\/\/www.interdomizil.de\/reisemagazin\/wp-content\/uploads\/482761_original_R_K_B_by_Ole-Klemm_pixelio.de_klein-300x225.jpg 300w\" sizes=\"(max-width: 620px) 100vw, 620px\" \/><figcaption id=\"caption-attachment-4697\" class=\"wp-caption-text\">Das Dach der Auster &#8211; Foto: Ole Klemm \/ Pixelio.de (rkn)<\/figcaption><\/figure>\n<p style=\"text-align: justify;\"><strong>Das Kreuz mit dem Dach<\/strong><\/p>\n<p style=\"text-align: justify;\">Gerade diese Dachkonstruktion war es allerdings auch, die im Lauf der Jahre immer wieder Beachtung forderte \u2013 leider die von Statikern, Architekten und Bautrupps, denn ein so schwungvolles Dach aus Spanbeton war scheinbar nicht f\u00fcr die Ewigkeit gebaut. Gestiftet wurde die 17 Millionen DM teure Kongresshalle 1957 von den Amerikanern. Als \u201eSymbol der Freiheit des Gedankenaustauschs\u201c und auch als Zeichen der Freundschaft zwischen Deutschland und Amerika, die unzerbrechlich sein sollte. Und dann st\u00fcrzte im Mai 1980 das Dach ein. Ein Teil der 600 Tonnen schweren Dachkrempe war auf die Terrasse gekracht. Lange wurde Ursachenforschung betrieben, ehe Korrosion und Materialerm\u00fcdung als Ungl\u00fccksursache ermittelt wurde. Auch scheuten sich die Verantwortlichen, das teure Wiederaufbauprojekt in Angriff zu nehmen, zumal mittlerweile die ganze Halle als einsturzgef\u00e4hrdet galt. 1984 folgt der Wiederaufbau unter Federf\u00fchrung der Architekten Hans-Peter St\u00f6rl und Wolf-R\u00fcdiger Borchardt. Mit leichten, der Sicherheit geschuldeten Konstruktions\u00e4nderungen wurde das Geb\u00e4ude, das mittlerweile Haus der Kulturen der Welt hei\u00dft, wiederer\u00f6ffnet &#8211; die Bauma\u00dfnahmen verschlangen ca. 25 Millionen DM. Sp\u00e4ter folgen erneut aufw\u00e4ndige Bauma\u00dfnahmen und im Jahr 2007 die dritte Wiederer\u00f6ffnung.<\/p>\n<p style=\"text-align: left;\"><strong> Ein Platz f\u00fcr die Kulturen der Welt<\/strong><\/p>\n<p style=\"text-align: justify;\">Damals stie\u00df das Geschenk mit dem eigenwilligen Design nicht \u00fcberall auf Begeisterung und vielen war es gar ein missgestalteter Dorn im Auge. Publizist und Architekturkritiker Wolf Jobst Siedler beispielsweise sah in dem Bauwerk eher \u201eeinen Nierentisch\u201c \u2013 so zu lesen im Spiegel 4\/1984. Mittlerweile haben die Berliner und ihre Besucher Frieden mit der \u201eschwangeren Auster\u201c geschlossen. Heute beherbergt die ehemalige Kongresshalle <a href=\"https:\/\/www.interdomizil.de\/reisemagazin\/reiseziele\/5-berlin-tipps-fuer-die-ganze-familie-die-nichts-kosten\">in Berlin<\/a> zeitgen\u00f6ssische Kunst, zudem finden Konzerte und zahlreiche andere Veranstaltungen in den R\u00e4umlichkeiten statt \u2013 das ausf\u00fchrliche Programm kann auf der Website des Hauses eingesehen werden.<\/p>\n<figure id=\"attachment_3996\" aria-describedby=\"caption-attachment-3996\" style=\"width: 465px\" class=\"wp-caption aligncenter\"><a href=\"https:\/\/www.interdomizil.de\/reisemagazin\/wp-content\/uploads\/482638_Haus-der-Kulturen-Berlin_R_K_B_by_Ole-Klemm_pixelio.de_.jpg\"><img decoding=\"async\" loading=\"lazy\" class=\"wp-image-3996 size-large\" src=\"https:\/\/www.interdomizil.de\/reisemagazin\/wp-content\/uploads\/482638_Haus-der-Kulturen-Berlin_R_K_B_by_Ole-Klemm_pixelio.de_-465x620.jpg\" alt=\"Seitenansicht der Schwangeren Auster - Foto: Ole Klemm \/ pixelio.de (rkn)\" width=\"465\" height=\"620\" srcset=\"https:\/\/www.interdomizil.de\/reisemagazin\/wp-content\/uploads\/482638_Haus-der-Kulturen-Berlin_R_K_B_by_Ole-Klemm_pixelio.de_-465x620.jpg 465w, https:\/\/www.interdomizil.de\/reisemagazin\/wp-content\/uploads\/482638_Haus-der-Kulturen-Berlin_R_K_B_by_Ole-Klemm_pixelio.de_-200x267.jpg 200w, https:\/\/www.interdomizil.de\/reisemagazin\/wp-content\/uploads\/482638_Haus-der-Kulturen-Berlin_R_K_B_by_Ole-Klemm_pixelio.de_-225x300.jpg 225w\" sizes=\"(max-width: 465px) 100vw, 465px\" \/><\/a><figcaption id=\"caption-attachment-3996\" class=\"wp-caption-text\">Seitenansicht der Schwangeren Auster &#8211; Foto: Ole Klemm \/ pixelio.de (rkn)<\/figcaption><\/figure>\n<p style=\"text-align: left;\"><strong>Haus der Kulturen der Welt<br \/>\n<\/strong><br \/>\nJohn-Foster-Dulles-Allee 10<br \/>\n10575 Berlin<br \/>\n\u00d6ffnungszeiten: t\u00e4glich von 10-19 Uhr<br \/>\n<a href=\"http:\/\/www.hkw.de\/de\/index.php\">http:\/\/www.hkw.de\/de\/index.php<\/a><\/p>\n<p style=\"text-align: justify;\">\n","protected":false},"excerpt":{"rendered":"<p>An ihr scheiden sich die Geister. Auf den ersten Blick k\u00f6nnte man meinen, ein Ufo h\u00e4tte sich im Tiergarten niedergelassen, so futuristisch erscheint der Bau mit seiner charakteristischen Dachkonstruktion. Nicht von ungef\u00e4hr wurde hier u.a. der Science-Fiction-Film \u00c6on Flux mit Charlize Theron in der Hauptrolle gedreht. Und so erntet das vom Architekten Hugh Stubbins entworfene<\/p>\n","protected":false},"author":57,"featured_media":4697,"comment_status":"open","ping_status":"open","sticky":false,"template":"","format":"standard","meta":{"footnotes":""},"categories":[37,11,12],"tags":[892,890,532,893,894,891,889],"yoast_head":"<!-- This site is optimized with the Yoast SEO plugin v16.1.1 - https:\/\/yoast.com\/wordpress\/plugins\/seo\/ -->\n<title>Kongresshalle Berlin - die Schwangere Auster<\/title>\n<meta name=\"description\" content=\"Die Schwangere Auster begeistert nicht nur Anh\u00e4nger von Krustentierchen sondern ist auch ein \u00fcberdimensionales Architekturspektakel.\" \/>\n<link rel=\"canonical\" href=\"https:\/\/www.interdomizil.de\/reisemagazin\/reisetipps\/berlin-kongresshalle-die-schwangere-auster-im-tiergarten\" \/>\n<meta name=\"twitter:label1\" content=\"Gesch\u00e4tzte Lesezeit\">\n\t<meta name=\"twitter:data1\" content=\"2\u00a0Minuten\">\n<script type=\"application\/ld+json\" class=\"yoast-schema-graph\">{\"@context\":\"https:\/\/schema.org\",\"@graph\":[{\"@type\":\"WebSite\",\"@id\":\"https:\/\/www.interdomizil.de\/reisemagazin\/#website\",\"url\":\"https:\/\/www.interdomizil.de\/reisemagazin\/\",\"name\":\"InterDomizil Reisemagazin\",\"description\":\"Reiseziele. Urlaubtipps. Sehenswertes.\",\"potentialAction\":[{\"@type\":\"SearchAction\",\"target\":\"https:\/\/www.interdomizil.de\/reisemagazin\/?s={search_term_string}\",\"query-input\":\"required name=search_term_string\"}],\"inLanguage\":\"de\"},{\"@type\":\"ImageObject\",\"@id\":\"https:\/\/www.interdomizil.de\/reisemagazin\/reisetipps\/berlin-kongresshalle-die-schwangere-auster-im-tiergarten#primaryimage\",\"inLanguage\":\"de\",\"url\":\"https:\/\/www.interdomizil.de\/reisemagazin\/wp-content\/uploads\/482761_original_R_K_B_by_Ole-Klemm_pixelio.de_klein.jpg\",\"contentUrl\":\"https:\/\/www.interdomizil.de\/reisemagazin\/wp-content\/uploads\/482761_original_R_K_B_by_Ole-Klemm_pixelio.de_klein.jpg\",\"width\":800,\"height\":600,\"caption\":\"Das Dach der Auster - Foto: Ole Klemm \/ Pixelio.de (rkn)\"},{\"@type\":\"WebPage\",\"@id\":\"https:\/\/www.interdomizil.de\/reisemagazin\/reisetipps\/berlin-kongresshalle-die-schwangere-auster-im-tiergarten#webpage\",\"url\":\"https:\/\/www.interdomizil.de\/reisemagazin\/reisetipps\/berlin-kongresshalle-die-schwangere-auster-im-tiergarten\",\"name\":\"Kongresshalle Berlin - die Schwangere Auster\",\"isPartOf\":{\"@id\":\"https:\/\/www.interdomizil.de\/reisemagazin\/#website\"},\"primaryImageOfPage\":{\"@id\":\"https:\/\/www.interdomizil.de\/reisemagazin\/reisetipps\/berlin-kongresshalle-die-schwangere-auster-im-tiergarten#primaryimage\"},\"datePublished\":\"2016-02-04T14:30:23+00:00\",\"dateModified\":\"2019-07-15T15:26:17+00:00\",\"author\":{\"@id\":\"https:\/\/www.interdomizil.de\/reisemagazin\/#\/schema\/person\/75df0f0a400392deb8827d035999374b\"},\"description\":\"Die Schwangere Auster begeistert nicht nur Anh\\u00e4nger von Krustentierchen sondern ist auch ein \\u00fcberdimensionales Architekturspektakel.\",\"breadcrumb\":{\"@id\":\"https:\/\/www.interdomizil.de\/reisemagazin\/reisetipps\/berlin-kongresshalle-die-schwangere-auster-im-tiergarten#breadcrumb\"},\"inLanguage\":\"de\",\"potentialAction\":[{\"@type\":\"ReadAction\",\"target\":[\"https:\/\/www.interdomizil.de\/reisemagazin\/reisetipps\/berlin-kongresshalle-die-schwangere-auster-im-tiergarten\"]}]},{\"@type\":\"BreadcrumbList\",\"@id\":\"https:\/\/www.interdomizil.de\/reisemagazin\/reisetipps\/berlin-kongresshalle-die-schwangere-auster-im-tiergarten#breadcrumb\",\"itemListElement\":[{\"@type\":\"ListItem\",\"position\":1,\"item\":{\"@type\":\"WebPage\",\"@id\":\"https:\/\/www.interdomizil.de\/reisemagazin\/\",\"url\":\"https:\/\/www.interdomizil.de\/reisemagazin\/\",\"name\":\"Home\"}},{\"@type\":\"ListItem\",\"position\":2,\"item\":{\"@type\":\"WebPage\",\"@id\":\"https:\/\/www.interdomizil.de\/reisemagazin\/reisetipps\/berlin-kongresshalle-die-schwangere-auster-im-tiergarten\",\"url\":\"https:\/\/www.interdomizil.de\/reisemagazin\/reisetipps\/berlin-kongresshalle-die-schwangere-auster-im-tiergarten\",\"name\":\"Berlin: Kongresshalle \\u2013 die Schwangere Auster im Tiergarten\"}}]},{\"@type\":\"Person\",\"@id\":\"https:\/\/www.interdomizil.de\/reisemagazin\/#\/schema\/person\/75df0f0a400392deb8827d035999374b\",\"name\":\"Redaktion Sehenswertes\"}]}<\/script>\n<!-- \/ Yoast SEO plugin. -->","_links":{"self":[{"href":"https:\/\/www.interdomizil.de\/reisemagazin\/wp-json\/wp\/v2\/posts\/2755"}],"collection":[{"href":"https:\/\/www.interdomizil.de\/reisemagazin\/wp-json\/wp\/v2\/posts"}],"about":[{"href":"https:\/\/www.interdomizil.de\/reisemagazin\/wp-json\/wp\/v2\/types\/post"}],"author":[{"embeddable":true,"href":"https:\/\/www.interdomizil.de\/reisemagazin\/wp-json\/wp\/v2\/users\/57"}],"replies":[{"embeddable":true,"href":"https:\/\/www.interdomizil.de\/reisemagazin\/wp-json\/wp\/v2\/comments?post=2755"}],"version-history":[{"count":15,"href":"https:\/\/www.interdomizil.de\/reisemagazin\/wp-json\/wp\/v2\/posts\/2755\/revisions"}],"predecessor-version":[{"id":9351,"href":"https:\/\/www.interdomizil.de\/reisemagazin\/wp-json\/wp\/v2\/posts\/2755\/revisions\/9351"}],"wp:featuredmedia":[{"embeddable":true,"href":"https:\/\/www.interdomizil.de\/reisemagazin\/wp-json\/wp\/v2\/media\/4697"}],"wp:attachment":[{"href":"https:\/\/www.interdomizil.de\/reisemagazin\/wp-json\/wp\/v2\/media?parent=2755"}],"wp:term":[{"taxonomy":"category","embeddable":true,"href":"https:\/\/www.interdomizil.de\/reisemagazin\/wp-json\/wp\/v2\/categories?post=2755"},{"taxonomy":"post_tag","embeddable":true,"href":"https:\/\/www.interdomizil.de\/reisemagazin\/wp-json\/wp\/v2\/tags?post=2755"}],"curies":[{"name":"wp","href":"https:\/\/api.w.org\/{rel}","templated":true}]}}