{"id":264,"date":"2012-08-17T16:58:14","date_gmt":"2012-08-17T14:58:14","guid":{"rendered":"http:\/\/reisemagazin.ferien-privat.de\/?p=264"},"modified":"2016-05-25T17:04:39","modified_gmt":"2016-05-25T15:04:39","slug":"von-warnemunde-nach-heiligendamm-radtour","status":"publish","type":"post","link":"https:\/\/www.interdomizil.de\/reisemagazin\/reiserouten\/von-warnemunde-nach-heiligendamm-radtour","title":{"rendered":"Radtour von Warnem\u00fcnde nach Heiligendamm (Ostsee)"},"content":{"rendered":"<div class=\"twoclick_social_bookmarks_post_264 social_share_privacy clearfix 1.6.4 locale-de_DE sprite-de_DE\"><\/div><div class=\"twoclick-js\"><script type=\"text\/javascript\">\/* <![CDATA[ *\/\njQuery(document).ready(function($){if($('.twoclick_social_bookmarks_post_264')){$('.twoclick_social_bookmarks_post_264').socialSharePrivacy({\"services\":{\"facebook\":{\"status\":\"on\",\"txt_info\":\"2 Klicks f\\u00fcr mehr Datenschutz: Erst wenn Sie hier klicken, wird der Button aktiv und Sie k\\u00f6nnen Ihre Empfehlung an Facebook senden. Schon beim Aktivieren werden <strong>Daten an Dritte \\u00fcbertragen<\\\/strong> - siehe <strong>i<\\\/strong>.\",\"perma_option\":\"off\",\"action\":\"like\",\"language\":\"de_DE\"},\"twitter\":{\"reply_to\":\"\",\"tweet_text\":\"%20Radtour%20von%20Warnem%C3%BCnde%20nach%20Heiligendamm%20%28Ostsee%29%20%C2%BB%20InterDomizil%20Reisemagazin%20...\",\"status\":\"on\",\"txt_info\":\"2 Klicks f\\u00fcr mehr Datenschutz: Erst wenn Sie hier klicken, wird der Button aktiv und Sie k\\u00f6nnen Ihre Empfehlung an Twitter senden. Schon beim Aktivieren werden <strong>Daten an Dritte \\u00fcbertragen<\\\/strong> - siehe <strong>i<\\\/strong>.\",\"perma_option\":\"off\",\"language\":\"de\"},\"pinterest\":{\"status\":\"on\",\"the_excerpt\":\"Radtour von Warnem\\u00fcnde nach Heiligendamm (Ostsee)\",\"txt_info\":\"2 Klicks f\\u00fcr mehr Datenschutz: Erst wenn Sie hier klicken, wird der Button aktiv und Sie k\\u00f6nnen Ihre Empfehlung an Pinterest senden. Schon beim Aktivieren werden <strong>Daten an Dritte \\u00fcbertragen<\\\/strong> - siehe <strong>i<\\\/strong>.\",\"perma_option\":\"off\",\"media\":\"https:\\\/\\\/www.interdomizil.de\\\/reisemagazin\\\/wp-content\\\/uploads\\\/2012\\\/09\\\/heiligendamm.jpg\"}},\"txt_help\":\"Wenn Sie diese Felder durch einen Klick aktivieren, werden Informationen an Facebook, Twitter, Flattr, Xing, t3n, LinkedIn, Pinterest oder Google eventuell ins Ausland <strong>\\u00fcbertragen<\\\/strong> und unter Umst\\u00e4nden auch dort <strong>gespeichert<\\\/strong>. N\\u00e4heres erfahren Sie durch einen Klick auf das <em>i<\\\/em>.\",\"settings_perma\":\"Dauerhaft aktivieren und Daten\\u00fcber-tragung zustimmen:\",\"info_link\":\"http:\\\/\\\/www.heise.de\\\/ct\\\/artikel\\\/2-Klicks-fuer-mehr-Datenschutz-1333879.html\",\"uri\":\"https:\\\/\\\/www.interdomizil.de\\\/reisemagazin\\\/reiserouten\\\/von-warnemunde-nach-heiligendamm-radtour\",\"post_id\":264,\"post_title_referrer_track\":\"Radtour+von+Warnem%C3%BCnde+nach+Heiligendamm+%28Ostsee%29\",\"concat\":\"%3F\",\"display_infobox\":\"on\"});}});\n\/* ]]> *\/<\/script><\/div><div class='dropshadowboxes-container dropshadowboxes-right ' style='width:250px;'>\r\n                            <div class='dropshadowboxes-drop-shadow dropshadowboxes-rounded-corners dropshadowboxes-inside-and-outside-shadow dropshadowboxes-curved dropshadowboxes-curved-vertical-2 dropshadowboxes-effect-default' style=' border: 1px solid #dddddd; height:; background-color:#eace8f;    '>\r\n                            <br \/>\n<strong>Streckenverlauf:<\/strong><br \/>\n(1) Warnem\u00fcnde \u2013 (2) Aussichtspunkt Wilhelmsh\u00f6he \/ Kap Stoltera \u2013 (3) Nienhagen mit \u201eGespensterwald\u201c \u2013 (4) B\u00f6rgerende und Conventer See \u2013 (5) Heiligendamm<\/p>\n<p><strong>Streckenmarkierung:<\/strong><br \/>\nOstseek\u00fcstenradweg<\/p>\n<p><strong>Dauer:<\/strong><br \/>\nca. 4 Stunden<\/p>\n<p><strong>Entfernung (hin und zur\u00fcck):<\/strong><br \/>\n32 Kilometer<br \/>\n\r\n                            <\/div>\r\n                        <\/div>\n<p>Wir starten in Warnem\u00fcnde am Kirchplatz und fahren in westliche Richtung. \u00dcber den Mittelweg und D\u00e4nische Stra\u00dfe erreichen wir die M\u00fchlenstra\u00dfe. Sie \u00e4ndert den Namen in Parkstra\u00dfe und f\u00fchrt am Stephan-Jantzen-Park und Arankapark vorbei, direkt zum Ortsausgang. Dort verl\u00e4uft die Stra\u00dfe leicht nach links, wir folgen jedoch der Markierung des Ostseek\u00fcstenradwanderwegs und biegen halbrechts ab. Ab jetzt sind wir die Autos los und k\u00f6nnen uns ganz dem Radfahren und der Natur widmen. Der Weg f\u00fchrt in Richtung Strand, der uns bis nach Heiligendamm leiten wird.<\/p>\n<p>Seeluft und Meeresrauschen sind jetzt unsere Begleiter und lassen uns durch einen lichten K\u00fcsten-Mischwald, der f\u00fcr diese Region charakteristisch ist, radeln. Der Radwanderweg passiert im Laufe der Strecke mehrere Aussichtspunkte und Naturattraktionen. Nach etwa drei Kilometern erreichen wir den Aussichtspunkt Wilhelmsh\u00f6he, an dem sich auch ein Restaurant befindet. Eine traumhafte Sonnenterrasse erlaubt uns einen Blick vom Steilufer auf das Meer. Kaffee, Kuchen, Fischspezialit\u00e4ten und vieles mehr sind dort zu haben&#8230;.. aber die Rast k\u00f6nnen wir uns ja auch f\u00fcr den\u00a0 Heimweg aufsparen&#8230;. noch sind wir nicht weit gefahren.<\/p>\n<p>Kurz nach Wilhelmsh\u00f6he geht es um das Kap Stoltera, an dem sich die Steilk\u00fcste am aufregendsten pr\u00e4sentiert. Stoltera ist ein Naturschutzgebiet, das sogar einen astronomischen und einen naturkundlichen Lehrpfad bietet. Der Strand ist an diesem Abschnitt steinig und mit etwas Gl\u00fcck k\u00f6nnen dort Fossilien gefunden werden.<\/p>\n<p>Gute f\u00fcnf Kilometer haben wir bereits hinter uns gelassen. Nun geht es weiter in Richtung Nienhagen. Der Radweg f\u00fchrt bequem knapp 6 Kilometer oberhalb der Kilffk\u00fcste entlang. Wenn wir die ersten H\u00e4user von Nienhagen erreichen, biegt der Weg leicht nach rechts, und unvermutet stehen wir auf dem Kurplatz. Nun hei\u00dft es vom Fahrrad absteigen, humorvolle Stra\u00dfenschilder machen uns darauf aufmerksam. Am Kurplatz finden wir zwei Gastst\u00e4tten und k\u00f6nnen von dort eine wunderbare Aussicht auf das Meer genie\u00dfen.<\/p>\n<p>Unsere Tour f\u00fchrt uns jetzt weiter zur Hauptattraktion von Nienhagen, zum \u201eGespensterwald\u201c. Seinen Namen tr\u00e4gt er wegen seines bizarren Aussehens \u2013 die Erkl\u00e4rung daf\u00fcr ist einfach: Wind, Regen und salzhaltige Luft haben in dem K\u00fcstenwald ihre Spuren hinterlassen. Wir lassen uns bezaubern von der urigen Atmosph\u00e4re und radeln auf naturbelassenen Wegen vorbei an schrullig geformten Baumst\u00e4mmen.<\/p>\n<p>Auf unserer Strecke von <a href=\"https:\/\/www.interdomizil.de\/warnemuende\">Warnem\u00fcnde<\/a> nach Heiligendamm haben wir nun etwa die H\u00e4lfte des Weges \u00fcberwunden. Rechts das Meer, links D\u00fcnen, K\u00fcstenwald, mecklenpommersche K\u00fcstenlandschaft, so geht\u2019s weiter bis nach Heiligendamm. Hinter B\u00f6rgerende, an der Jennitz-Schleuse, k\u00f6nnen wir einen Blick auf den Conventer See werfen. Er ist einst aus einer Meeresbucht entstanden, die zur Meeresseite verlandete und einen Strandsee entstehen lie\u00df. Heute ist der Conventer See ein Naturschutzgebiet, das ein wahres Paradies f\u00fcr Sumpf- und Wasserv\u00f6gel darstellt. Hier hei\u00dft es \u201eBetreten Verboten\u201c, aus Gr\u00fcnden des Naturschutzes.<\/p>\n<figure id=\"attachment_649\" aria-describedby=\"caption-attachment-649\" style=\"width: 300px\" class=\"wp-caption alignleft\"><a href=\"https:\/\/www.interdomizil.de\/reisemagazin\/wp-content\/uploads\/2012\/09\/heiligendamm.jpg\"><img decoding=\"async\" loading=\"lazy\" class=\"wp-image-649 size-medium\" title=\"heiligendamm\" src=\"https:\/\/www.interdomizil.de\/reisemagazin\/wp-content\/uploads\/2012\/09\/heiligendamm-300x200.jpg\" alt=\"Strand (Foto \u00a9 InterDomizil GmbH)\" width=\"300\" height=\"200\" srcset=\"https:\/\/www.interdomizil.de\/reisemagazin\/wp-content\/uploads\/2012\/09\/heiligendamm-300x200.jpg 300w, https:\/\/www.interdomizil.de\/reisemagazin\/wp-content\/uploads\/2012\/09\/heiligendamm-500x333.jpg 500w, https:\/\/www.interdomizil.de\/reisemagazin\/wp-content\/uploads\/2012\/09\/heiligendamm-720x480.jpg 720w, https:\/\/www.interdomizil.de\/reisemagazin\/wp-content\/uploads\/2012\/09\/heiligendamm-175x117.jpg 175w, https:\/\/www.interdomizil.de\/reisemagazin\/wp-content\/uploads\/2012\/09\/heiligendamm-450x300.jpg 450w, https:\/\/www.interdomizil.de\/reisemagazin\/wp-content\/uploads\/2012\/09\/heiligendamm-200x133.jpg 200w, https:\/\/www.interdomizil.de\/reisemagazin\/wp-content\/uploads\/2012\/09\/heiligendamm-270x180.jpg 270w, https:\/\/www.interdomizil.de\/reisemagazin\/wp-content\/uploads\/2012\/09\/heiligendamm-620x413.jpg 620w, https:\/\/www.interdomizil.de\/reisemagazin\/wp-content\/uploads\/2012\/09\/heiligendamm.jpg 750w\" sizes=\"(max-width: 300px) 100vw, 300px\" \/><\/a><figcaption id=\"caption-attachment-649\" class=\"wp-caption-text\">Strand (Foto \u00a9 InterDomizil GmbH)<\/figcaption><\/figure>\n<p>Nun ist es nicht mehr weit bis nach Heiligendamm. Bald sind die leuchtend wei\u00dfen H\u00e4user zu sehen, die Heiligendamm im Volksmund auch den Namen \u201eWei\u00dfe Stadt am Meer\u201c verliehen haben. Eine Pause haben wir uns verdient, und wer noch weiter m\u00f6chte, kann die Fahrt verl\u00e4ngern bis nach K\u00fchlungsborn. Dazu m\u00fcssen wir in Richtung des Molli-Bahnhofs fahren, der hiesigen Strandbahn. Dort befindet sich auch das Restaurant \u201eHerzoglicher Wartesaal\u201c, das t\u00e4glich Speis und Trank in einer Atmosph\u00e4re, die vom Charme vergangener Zeiten erz\u00e4hlt, anbietet.<\/p>\n<p>Nicht vergessen sollten wir, dass wir auch wieder zur\u00fcck nach Warnem\u00fcnde fahren m\u00fcssen. Hoffentlich haben wir keinen Gegenwind&#8230;&#8230;<\/p>\n<p>Weitere Infos zu den Rastm\u00f6glichkeiten finden Sie auf den Webseiten von ostseehotel-wilhelmshoehe.de, herzoglicher-wartesaal.de<\/p>\n","protected":false},"excerpt":{"rendered":"<p>Wir starten in Warnem\u00fcnde am Kirchplatz und fahren in westliche Richtung. \u00dcber den Mittelweg und D\u00e4nische Stra\u00dfe erreichen wir die M\u00fchlenstra\u00dfe. Sie \u00e4ndert den Namen in Parkstra\u00dfe und f\u00fchrt am Stephan-Jantzen-Park und Arankapark vorbei, direkt zum Ortsausgang. Dort verl\u00e4uft die Stra\u00dfe leicht nach links, wir folgen jedoch der Markierung des Ostseek\u00fcstenradwanderwegs und biegen halbrechts ab.<\/p>\n","protected":false},"author":3,"featured_media":649,"comment_status":"open","ping_status":"open","sticky":false,"template":"","format":"standard","meta":{"footnotes":""},"categories":[37,10],"tags":[637,723,559,766,773,585],"yoast_head":"<!-- This site is optimized with the Yoast SEO plugin v16.1.1 - https:\/\/yoast.com\/wordpress\/plugins\/seo\/ -->\n<title>Radtour von Warnem\u00fcnde nach Heiligendamm (Ostsee)<\/title>\n<meta name=\"description\" content=\"Radtour von Warnem\u00fcnde nach Heiligendamm (Ostsee)\" \/>\n<link rel=\"canonical\" href=\"https:\/\/www.interdomizil.de\/reisemagazin\/reiserouten\/von-warnemunde-nach-heiligendamm-radtour\" \/>\n<meta name=\"twitter:label1\" content=\"Gesch\u00e4tzte Lesezeit\">\n\t<meta name=\"twitter:data1\" content=\"3\u00a0Minuten\">\n<script type=\"application\/ld+json\" class=\"yoast-schema-graph\">{\"@context\":\"https:\/\/schema.org\",\"@graph\":[{\"@type\":\"WebSite\",\"@id\":\"https:\/\/www.interdomizil.de\/reisemagazin\/#website\",\"url\":\"https:\/\/www.interdomizil.de\/reisemagazin\/\",\"name\":\"InterDomizil Reisemagazin\",\"description\":\"Reiseziele. Urlaubtipps. Sehenswertes.\",\"potentialAction\":[{\"@type\":\"SearchAction\",\"target\":\"https:\/\/www.interdomizil.de\/reisemagazin\/?s={search_term_string}\",\"query-input\":\"required name=search_term_string\"}],\"inLanguage\":\"de\"},{\"@type\":\"ImageObject\",\"@id\":\"https:\/\/www.interdomizil.de\/reisemagazin\/reiserouten\/von-warnemunde-nach-heiligendamm-radtour#primaryimage\",\"inLanguage\":\"de\",\"url\":\"https:\/\/www.interdomizil.de\/reisemagazin\/wp-content\/uploads\/2012\/09\/heiligendamm.jpg\",\"contentUrl\":\"https:\/\/www.interdomizil.de\/reisemagazin\/wp-content\/uploads\/2012\/09\/heiligendamm.jpg\",\"width\":750,\"height\":500},{\"@type\":\"WebPage\",\"@id\":\"https:\/\/www.interdomizil.de\/reisemagazin\/reiserouten\/von-warnemunde-nach-heiligendamm-radtour#webpage\",\"url\":\"https:\/\/www.interdomizil.de\/reisemagazin\/reiserouten\/von-warnemunde-nach-heiligendamm-radtour\",\"name\":\"Radtour von Warnem\\u00fcnde nach Heiligendamm (Ostsee)\",\"isPartOf\":{\"@id\":\"https:\/\/www.interdomizil.de\/reisemagazin\/#website\"},\"primaryImageOfPage\":{\"@id\":\"https:\/\/www.interdomizil.de\/reisemagazin\/reiserouten\/von-warnemunde-nach-heiligendamm-radtour#primaryimage\"},\"datePublished\":\"2012-08-17T14:58:14+00:00\",\"dateModified\":\"2016-05-25T15:04:39+00:00\",\"author\":{\"@id\":\"https:\/\/www.interdomizil.de\/reisemagazin\/#\/schema\/person\/ddde02f47c63e31c041176442ea05d35\"},\"description\":\"Radtour von Warnem\\u00fcnde nach Heiligendamm (Ostsee)\",\"breadcrumb\":{\"@id\":\"https:\/\/www.interdomizil.de\/reisemagazin\/reiserouten\/von-warnemunde-nach-heiligendamm-radtour#breadcrumb\"},\"inLanguage\":\"de\",\"potentialAction\":[{\"@type\":\"ReadAction\",\"target\":[\"https:\/\/www.interdomizil.de\/reisemagazin\/reiserouten\/von-warnemunde-nach-heiligendamm-radtour\"]}]},{\"@type\":\"BreadcrumbList\",\"@id\":\"https:\/\/www.interdomizil.de\/reisemagazin\/reiserouten\/von-warnemunde-nach-heiligendamm-radtour#breadcrumb\",\"itemListElement\":[{\"@type\":\"ListItem\",\"position\":1,\"item\":{\"@type\":\"WebPage\",\"@id\":\"https:\/\/www.interdomizil.de\/reisemagazin\/\",\"url\":\"https:\/\/www.interdomizil.de\/reisemagazin\/\",\"name\":\"Home\"}},{\"@type\":\"ListItem\",\"position\":2,\"item\":{\"@type\":\"WebPage\",\"@id\":\"https:\/\/www.interdomizil.de\/reisemagazin\/reiserouten\/von-warnemunde-nach-heiligendamm-radtour\",\"url\":\"https:\/\/www.interdomizil.de\/reisemagazin\/reiserouten\/von-warnemunde-nach-heiligendamm-radtour\",\"name\":\"Radtour von Warnem\\u00fcnde nach Heiligendamm (Ostsee)\"}}]},{\"@type\":\"Person\",\"@id\":\"https:\/\/www.interdomizil.de\/reisemagazin\/#\/schema\/person\/ddde02f47c63e31c041176442ea05d35\",\"name\":\"Redaktion\"}]}<\/script>\n<!-- \/ Yoast SEO plugin. -->","_links":{"self":[{"href":"https:\/\/www.interdomizil.de\/reisemagazin\/wp-json\/wp\/v2\/posts\/264"}],"collection":[{"href":"https:\/\/www.interdomizil.de\/reisemagazin\/wp-json\/wp\/v2\/posts"}],"about":[{"href":"https:\/\/www.interdomizil.de\/reisemagazin\/wp-json\/wp\/v2\/types\/post"}],"author":[{"embeddable":true,"href":"https:\/\/www.interdomizil.de\/reisemagazin\/wp-json\/wp\/v2\/users\/3"}],"replies":[{"embeddable":true,"href":"https:\/\/www.interdomizil.de\/reisemagazin\/wp-json\/wp\/v2\/comments?post=264"}],"version-history":[{"count":8,"href":"https:\/\/www.interdomizil.de\/reisemagazin\/wp-json\/wp\/v2\/posts\/264\/revisions"}],"predecessor-version":[{"id":4598,"href":"https:\/\/www.interdomizil.de\/reisemagazin\/wp-json\/wp\/v2\/posts\/264\/revisions\/4598"}],"wp:featuredmedia":[{"embeddable":true,"href":"https:\/\/www.interdomizil.de\/reisemagazin\/wp-json\/wp\/v2\/media\/649"}],"wp:attachment":[{"href":"https:\/\/www.interdomizil.de\/reisemagazin\/wp-json\/wp\/v2\/media?parent=264"}],"wp:term":[{"taxonomy":"category","embeddable":true,"href":"https:\/\/www.interdomizil.de\/reisemagazin\/wp-json\/wp\/v2\/categories?post=264"},{"taxonomy":"post_tag","embeddable":true,"href":"https:\/\/www.interdomizil.de\/reisemagazin\/wp-json\/wp\/v2\/tags?post=264"}],"curies":[{"name":"wp","href":"https:\/\/api.w.org\/{rel}","templated":true}]}}