{"id":2404,"date":"2015-03-20T14:54:11","date_gmt":"2015-03-20T12:54:11","guid":{"rendered":"https:\/\/www.interdomizil.de\/reisemagazin\/?p=2404"},"modified":"2019-03-13T06:10:15","modified_gmt":"2019-03-13T04:10:15","slug":"friedrichstadt","status":"publish","type":"post","link":"https:\/\/www.interdomizil.de\/reisemagazin\/reiseziele\/deutschland\/friedrichstadt","title":{"rendered":"Friedrichstadt, die Holl\u00e4nderstadt"},"content":{"rendered":"<div class=\"twoclick_social_bookmarks_post_2404 social_share_privacy clearfix 1.6.4 locale-de_DE sprite-de_DE\"><\/div><div class=\"twoclick-js\"><script type=\"text\/javascript\">\/* <![CDATA[ *\/\njQuery(document).ready(function($){if($('.twoclick_social_bookmarks_post_2404')){$('.twoclick_social_bookmarks_post_2404').socialSharePrivacy({\"services\":{\"facebook\":{\"status\":\"on\",\"txt_info\":\"2 Klicks f\\u00fcr mehr Datenschutz: Erst wenn Sie hier klicken, wird der Button aktiv und Sie k\\u00f6nnen Ihre Empfehlung an Facebook senden. Schon beim Aktivieren werden <strong>Daten an Dritte \\u00fcbertragen<\\\/strong> - siehe <strong>i<\\\/strong>.\",\"perma_option\":\"off\",\"action\":\"like\",\"language\":\"de_DE\"},\"twitter\":{\"reply_to\":\"\",\"tweet_text\":\"%20Friedrichstadt%2C%20die%20Holl%C3%A4nderstadt%20%C2%BB%20InterDomizil%20Reisemagazin%20%23besonderer%20...\",\"status\":\"on\",\"txt_info\":\"2 Klicks f\\u00fcr mehr Datenschutz: Erst wenn Sie hier klicken, wird der Button aktiv und Sie k\\u00f6nnen Ihre Empfehlung an Twitter senden. Schon beim Aktivieren werden <strong>Daten an Dritte \\u00fcbertragen<\\\/strong> - siehe <strong>i<\\\/strong>.\",\"perma_option\":\"off\",\"language\":\"de\"},\"pinterest\":{\"status\":\"on\",\"the_excerpt\":\"Friedrichstadt, die Holl\\u00e4nderstadt\",\"txt_info\":\"2 Klicks f\\u00fcr mehr Datenschutz: Erst wenn Sie hier klicken, wird der Button aktiv und Sie k\\u00f6nnen Ihre Empfehlung an Pinterest senden. Schon beim Aktivieren werden <strong>Daten an Dritte \\u00fcbertragen<\\\/strong> - siehe <strong>i<\\\/strong>.\",\"perma_option\":\"off\",\"media\":\"https:\\\/\\\/www.interdomizil.de\\\/reisemagazin\\\/wp-content\\\/uploads\\\/48901_neu.jpg\"}},\"txt_help\":\"Wenn Sie diese Felder durch einen Klick aktivieren, werden Informationen an Facebook, Twitter, Flattr, Xing, t3n, LinkedIn, Pinterest oder Google eventuell ins Ausland <strong>\\u00fcbertragen<\\\/strong> und unter Umst\\u00e4nden auch dort <strong>gespeichert<\\\/strong>. N\\u00e4heres erfahren Sie durch einen Klick auf das <em>i<\\\/em>.\",\"settings_perma\":\"Dauerhaft aktivieren und Daten\\u00fcber-tragung zustimmen:\",\"info_link\":\"http:\\\/\\\/www.heise.de\\\/ct\\\/artikel\\\/2-Klicks-fuer-mehr-Datenschutz-1333879.html\",\"uri\":\"https:\\\/\\\/www.interdomizil.de\\\/reisemagazin\\\/reiseziele\\\/deutschland\\\/friedrichstadt\",\"post_id\":2404,\"post_title_referrer_track\":\"Friedrichstadt%2C+die+Holl%C3%A4nderstadt\",\"concat\":\"%3F\",\"display_infobox\":\"on\"});}});\n\/* ]]> *\/<\/script><\/div><p>Wer noch nie vom Beinamen Friedrichstadts geh\u00f6rt hat, mag sich im ersten Moment verwundert die Augen reiben. \u00dcberall schmale und kopfsteingepflasterte Stra\u00dfen, Treppengiebelh\u00e4user, duftende Rosenst\u00f6cke, Br\u00fccken und Grachten \u2013 das sieht so gar nicht schleswig-holsteinisch aus , sondern erweckt eher den Anschein, als w\u00e4re man in den Niederlanden.<\/p>\n<figure id=\"attachment_2405\" aria-describedby=\"caption-attachment-2405\" style=\"width: 620px\" class=\"wp-caption aligncenter\"><img decoding=\"async\" loading=\"lazy\" class=\"wp-image-2405 size-large\" src=\"https:\/\/www.interdomizil.de\/reisemagazin\/wp-content\/uploads\/412886_neu-620x402.jpg\" alt=\"Als w\u00e4re man in den Niederlanden: Marktplatz in Friedrichstadt - \u00a9 Doris Rennekamp \/ pixelio.de (rkn)\" width=\"620\" height=\"402\" srcset=\"https:\/\/www.interdomizil.de\/reisemagazin\/wp-content\/uploads\/412886_neu-620x402.jpg 620w, https:\/\/www.interdomizil.de\/reisemagazin\/wp-content\/uploads\/412886_neu-768x497.jpg 768w, https:\/\/www.interdomizil.de\/reisemagazin\/wp-content\/uploads\/412886_neu-200x130.jpg 200w, https:\/\/www.interdomizil.de\/reisemagazin\/wp-content\/uploads\/412886_neu-300x194.jpg 300w, https:\/\/www.interdomizil.de\/reisemagazin\/wp-content\/uploads\/412886_neu.jpg 1544w\" sizes=\"(max-width: 620px) 100vw, 620px\" \/><figcaption id=\"caption-attachment-2405\" class=\"wp-caption-text\">Als w\u00e4re man in den Niederlanden: Marktplatz in Friedrichstadt &#8211; \u00a9 Doris Rennekamp \/ pixelio.de (rkn)<\/figcaption><\/figure>\n<p>Und tats\u00e4chlich waren es vor gut 400 Jahren niederl\u00e4ndische Glaubensfl\u00fcchtlinge, denen Herzog Friedrich III. im 17.Jahrhundert unter anderem freie Religionsaus\u00fcbung sowie einige andere Privilegien gew\u00e4hrte, weswegen sie sich in Friedrichstadt niederlie\u00dfen und so das Gesicht der Stadt pr\u00e4gten, weswegen die Stadt heute auch gerne als \u201edie Holl\u00e4nderstadt\u201c bezeichnet wird. Noch immer verzaubert dieses besondere Flair die Besucher, so dass das kleine St\u00e4dtchen mit seinen ca. 2500 Einwohnern eine der besonderen Sehensw\u00fcrdigkeiten in dem Naturraum <i>Eiderstedter Marsch<\/i> ist.<\/p>\n<h2 style=\"text-align: justify;\">Ein Bummel durch die Innenstadt<b> <\/b><\/h2>\n<p>Alle Wege f\u00fchren auf dem Marktplatz und hier findet an jedem Freitag von 8-12 Uhr der Wochenmarkt statt. Doch neben den pr\u00e4sentierten Leckereien ziehen auch die angrenzenden Gr\u00fcndungszeith\u00e4user die Blicke auf sich, gibt es doch einige architektonische Perlen in sch\u00f6nstem Holl\u00e4nderstil zu bestaunen.<\/p>\n<p>Auch sehenswert: Das 1637 erbaute Paludanushaus oder das 1622 erbaute Grafenhaus. Neben der holl\u00e4ndischen Architektur und dem besonderen Flair wirft die Stadt noch ein weiteres Pfund in die Waagschale, n\u00e4mlich Kunst und Kultur \u2013 zu erleben in \u00fcber 15 Galerien und Ateliers.<\/p>\n<p>Auch verschiedene Museen und Gedenkst\u00e4tten laden zum Besuch ein. Besonders eindrucksvoll zeigt sich die \u201eAlte M\u00fcnze\u201c, ein niederl\u00e4ndisches Renaissancehaus von 1626, in welchem einst der Statthalter residierte und welches heute das Historische Museum beherbergt. Erlebenswert auch das Puppenmuseum mit einer liebevoll zusammengestellten Sammlung, die sich \u00fcber drei Etagen erstreckt. Oder das Tischlereimuseum mit seinen historischen Werkzeugen.<\/p>\n<h2>Keine Frage des Glaubens<b> <\/b><\/h2>\n<p>Besonderer Raum geb\u00fchrt der Geschichte Friedrichstadts bedingt nat\u00fcrlich auch der Glaubensentwicklung und die steht ganz im Zeichen der Toleranz. Friedlich vereint finden sich hier die Gottesh\u00e4user der verschiedensten Religionen und alle lohnen einen Besuch. Sei es die die im klassizistischen Stil erbaute Remonstrantenkirche in der Prinze\u00dfstra\u00dfe, die als die sch\u00f6nste Kirche der Stadt gilt. Beeindruckend auch die Evangelisch Lutherische Kirche am Mittelburgwall oder die am F\u00fcrstenburgwall zu findende Katholische Kirche, erbaut 1853. Und nat\u00fcrlich sei auch ein Besuch in der ehemaligen Synagoge empfohlen, in der sich heute eine Kultur- und Gedenkst\u00e4tte befindet.<\/p>\n<figure id=\"attachment_2408\" aria-describedby=\"caption-attachment-2408\" style=\"width: 463px\" class=\"wp-caption aligncenter\"><img decoding=\"async\" loading=\"lazy\" class=\"wp-image-2408 size-large\" src=\"https:\/\/www.interdomizil.de\/reisemagazin\/wp-content\/uploads\/friedrichstadt_kath_kirche-463x620.jpg\" alt=\"Die Katholische Kirche am F\u00fcrstenburgwall - \u00a9 InterDomizil GmbH\" width=\"463\" height=\"620\" srcset=\"https:\/\/www.interdomizil.de\/reisemagazin\/wp-content\/uploads\/friedrichstadt_kath_kirche-463x620.jpg 463w, https:\/\/www.interdomizil.de\/reisemagazin\/wp-content\/uploads\/friedrichstadt_kath_kirche-200x268.jpg 200w, https:\/\/www.interdomizil.de\/reisemagazin\/wp-content\/uploads\/friedrichstadt_kath_kirche-224x300.jpg 224w, https:\/\/www.interdomizil.de\/reisemagazin\/wp-content\/uploads\/friedrichstadt_kath_kirche.jpg 747w\" sizes=\"(max-width: 463px) 100vw, 463px\" \/><figcaption id=\"caption-attachment-2408\" class=\"wp-caption-text\">Die Katholische Kirche am F\u00fcrstenburgwall &#8211; \u00a9 InterDomizil GmbH<\/figcaption><\/figure>\n<p>Bleibt festzuhalten, dass Friedrichstadt so spannend und geschichtstr\u00e4chtig ist, dass es sich anbietet, die Stadt unter fachkundiger F\u00fchrung zu erleben, um nicht das Beste zu verpassen. Von April bis Oktober gibt es hierzu t\u00e4glich die Gelegenheit und das nicht nur zu Lande, sondern sogar zu Wasser -w\u00e4hrend dieser Zeit verkehren n\u00e4mlich auch die Grachtenschiffe zu einer einst\u00fcndigen Rundfahrt, bei der ganz besondere Ein- und Ausblicke garantiert sind.<\/p>\n<figure id=\"attachment_2412\" aria-describedby=\"caption-attachment-2412\" style=\"width: 620px\" class=\"wp-caption aligncenter\"><img decoding=\"async\" loading=\"lazy\" class=\"wp-image-2412 size-large\" src=\"https:\/\/www.interdomizil.de\/reisemagazin\/wp-content\/uploads\/88630_neu-620x413.jpg\" alt=\"Bei einer Fahrt durch die Grachten l\u00e4sst sich die Stadt ganz neu entdecken - \u00a9 RKB by Thomas \/ pixelio.de (rkn)\" width=\"620\" height=\"413\" srcset=\"https:\/\/www.interdomizil.de\/reisemagazin\/wp-content\/uploads\/88630_neu-620x413.jpg 620w, https:\/\/www.interdomizil.de\/reisemagazin\/wp-content\/uploads\/88630_neu-768x512.jpg 768w, https:\/\/www.interdomizil.de\/reisemagazin\/wp-content\/uploads\/88630_neu-270x180.jpg 270w, https:\/\/www.interdomizil.de\/reisemagazin\/wp-content\/uploads\/88630_neu-200x133.jpg 200w, https:\/\/www.interdomizil.de\/reisemagazin\/wp-content\/uploads\/88630_neu-300x200.jpg 300w, https:\/\/www.interdomizil.de\/reisemagazin\/wp-content\/uploads\/88630_neu.jpg 1500w\" sizes=\"(max-width: 620px) 100vw, 620px\" \/><figcaption id=\"caption-attachment-2412\" class=\"wp-caption-text\">Bei einer Fahrt durch die Grachten l\u00e4sst sich die Stadt ganz neu entdecken &#8211; \u00a9 RKB by Thomas \/ pixelio.de (rkn)<\/figcaption><\/figure>\n<h2>\u00a0Events und Veranstaltungen: Es darf gefeiert werden<\/h2>\n<p>Die Friedrichst\u00e4dter feiern gerne und so gut, dass viele der Veranstaltungen auch G\u00e4ste von weither anziehen. Beispielsweise am ersten Juliwochenende, wenn im Rahmen der Friedrichst\u00e4dter Rosentr\u00e4ume alles im Zeichen der Rose steht und nicht nur Rosen und anderer Zierrat f\u00fcr Garten und Balkon bestaunt und erworben werden k\u00f6nnen, sondern sich die Besucher auch durch k\u00f6stliche Leckereien probieren d\u00fcrfen. Buchst\u00e4blich ein Highlight ist auch das Lampionfest, bei dem die festlich geschm\u00fcckten und illuminierten Grachten eine wahrhaft m\u00e4rchenhafte Atmosph\u00e4re verbreiten. Der letzte Augustsamstag ist der Friedrichst\u00e4dter Kulturnacht gewidmet und im September lockt der Herbstzauber. Auch sonst gibt es zahlreiche kleinere und gr\u00f6\u00dfere Events, die von quirligem Kram- und Flohmarkttreiben bis hin zu einem \u00f6ffentlichen Picknick vor historischen Gem\u00e4uern reichen. Die genauen Veranstaltungstermine k\u00f6nnen bei der Touristeninformation erfragt oder online eingesehen werden.<\/p>\n<p>[sc name=&#8220;FehaWo_suchen bezeichnungurl=&#8220;eiderstedt&#8220; bezeichnung=&#8220;Eiderstedt \/ Nordsee&#8220; ]<\/p>\n","protected":false},"excerpt":{"rendered":"<p>Wer noch nie vom Beinamen Friedrichstadts geh\u00f6rt hat, mag sich im ersten Moment verwundert die Augen reiben. \u00dcberall schmale und kopfsteingepflasterte Stra\u00dfen, Treppengiebelh\u00e4user, duftende Rosenst\u00f6cke, Br\u00fccken und Grachten \u2013 das sieht so gar nicht schleswig-holsteinisch aus , sondern erweckt eher den Anschein, als w\u00e4re man in den Niederlanden. Und tats\u00e4chlich waren es vor gut 400<\/p>\n","protected":false},"author":3,"featured_media":2417,"comment_status":"open","ping_status":"open","sticky":false,"template":"","format":"standard","meta":{"footnotes":""},"categories":[37,618],"tags":[556,552,590,530,558,550],"yoast_head":"<!-- This site is optimized with the Yoast SEO plugin v16.1.1 - https:\/\/yoast.com\/wordpress\/plugins\/seo\/ -->\n<title>Friedrichstadt, die Holl\u00e4nderstadt &ndash; InterDomizil Reisemagazin<\/title>\n<meta name=\"description\" content=\"Die &quot;Holl\u00e4nderstadt&quot; Friedrichstadt auf der Halbinsel Eiderstedt hat zu jeder Jahreszeit viel zu bieten.\" \/>\n<link rel=\"canonical\" href=\"https:\/\/www.interdomizil.de\/reisemagazin\/reiseziele\/deutschland\/friedrichstadt\" \/>\n<meta name=\"twitter:label1\" content=\"Gesch\u00e4tzte Lesezeit\">\n\t<meta name=\"twitter:data1\" content=\"3\u00a0Minuten\">\n<script type=\"application\/ld+json\" class=\"yoast-schema-graph\">{\"@context\":\"https:\/\/schema.org\",\"@graph\":[{\"@type\":\"WebSite\",\"@id\":\"https:\/\/www.interdomizil.de\/reisemagazin\/#website\",\"url\":\"https:\/\/www.interdomizil.de\/reisemagazin\/\",\"name\":\"InterDomizil Reisemagazin\",\"description\":\"Reiseziele. Urlaubtipps. Sehenswertes.\",\"potentialAction\":[{\"@type\":\"SearchAction\",\"target\":\"https:\/\/www.interdomizil.de\/reisemagazin\/?s={search_term_string}\",\"query-input\":\"required name=search_term_string\"}],\"inLanguage\":\"de\"},{\"@type\":\"ImageObject\",\"@id\":\"https:\/\/www.interdomizil.de\/reisemagazin\/reiseziele\/deutschland\/friedrichstadt#primaryimage\",\"inLanguage\":\"de\",\"url\":\"https:\/\/www.interdomizil.de\/reisemagazin\/wp-content\/uploads\/48901_neu.jpg\",\"contentUrl\":\"https:\/\/www.interdomizil.de\/reisemagazin\/wp-content\/uploads\/48901_neu.jpg\",\"width\":1500,\"height\":1000,\"caption\":\"Bildquelle: Helga Schmadel \/ pixelio.de\"},{\"@type\":\"WebPage\",\"@id\":\"https:\/\/www.interdomizil.de\/reisemagazin\/reiseziele\/deutschland\/friedrichstadt#webpage\",\"url\":\"https:\/\/www.interdomizil.de\/reisemagazin\/reiseziele\/deutschland\/friedrichstadt\",\"name\":\"Friedrichstadt, die Holl\\u00e4nderstadt &ndash; InterDomizil Reisemagazin\",\"isPartOf\":{\"@id\":\"https:\/\/www.interdomizil.de\/reisemagazin\/#website\"},\"primaryImageOfPage\":{\"@id\":\"https:\/\/www.interdomizil.de\/reisemagazin\/reiseziele\/deutschland\/friedrichstadt#primaryimage\"},\"datePublished\":\"2015-03-20T12:54:11+00:00\",\"dateModified\":\"2019-03-13T04:10:15+00:00\",\"author\":{\"@id\":\"https:\/\/www.interdomizil.de\/reisemagazin\/#\/schema\/person\/ddde02f47c63e31c041176442ea05d35\"},\"description\":\"Die \\\"Holl\\u00e4nderstadt\\\" Friedrichstadt auf der Halbinsel Eiderstedt hat zu jeder Jahreszeit viel zu bieten.\",\"breadcrumb\":{\"@id\":\"https:\/\/www.interdomizil.de\/reisemagazin\/reiseziele\/deutschland\/friedrichstadt#breadcrumb\"},\"inLanguage\":\"de\",\"potentialAction\":[{\"@type\":\"ReadAction\",\"target\":[\"https:\/\/www.interdomizil.de\/reisemagazin\/reiseziele\/deutschland\/friedrichstadt\"]}]},{\"@type\":\"BreadcrumbList\",\"@id\":\"https:\/\/www.interdomizil.de\/reisemagazin\/reiseziele\/deutschland\/friedrichstadt#breadcrumb\",\"itemListElement\":[{\"@type\":\"ListItem\",\"position\":1,\"item\":{\"@type\":\"WebPage\",\"@id\":\"https:\/\/www.interdomizil.de\/reisemagazin\/\",\"url\":\"https:\/\/www.interdomizil.de\/reisemagazin\/\",\"name\":\"Home\"}},{\"@type\":\"ListItem\",\"position\":2,\"item\":{\"@type\":\"WebPage\",\"@id\":\"https:\/\/www.interdomizil.de\/reisemagazin\/reiseziele\/deutschland\/friedrichstadt\",\"url\":\"https:\/\/www.interdomizil.de\/reisemagazin\/reiseziele\/deutschland\/friedrichstadt\",\"name\":\"Friedrichstadt, die Holl\\u00e4nderstadt\"}}]},{\"@type\":\"Person\",\"@id\":\"https:\/\/www.interdomizil.de\/reisemagazin\/#\/schema\/person\/ddde02f47c63e31c041176442ea05d35\",\"name\":\"Redaktion\"}]}<\/script>\n<!-- \/ Yoast SEO plugin. -->","_links":{"self":[{"href":"https:\/\/www.interdomizil.de\/reisemagazin\/wp-json\/wp\/v2\/posts\/2404"}],"collection":[{"href":"https:\/\/www.interdomizil.de\/reisemagazin\/wp-json\/wp\/v2\/posts"}],"about":[{"href":"https:\/\/www.interdomizil.de\/reisemagazin\/wp-json\/wp\/v2\/types\/post"}],"author":[{"embeddable":true,"href":"https:\/\/www.interdomizil.de\/reisemagazin\/wp-json\/wp\/v2\/users\/3"}],"replies":[{"embeddable":true,"href":"https:\/\/www.interdomizil.de\/reisemagazin\/wp-json\/wp\/v2\/comments?post=2404"}],"version-history":[{"count":17,"href":"https:\/\/www.interdomizil.de\/reisemagazin\/wp-json\/wp\/v2\/posts\/2404\/revisions"}],"predecessor-version":[{"id":8799,"href":"https:\/\/www.interdomizil.de\/reisemagazin\/wp-json\/wp\/v2\/posts\/2404\/revisions\/8799"}],"wp:featuredmedia":[{"embeddable":true,"href":"https:\/\/www.interdomizil.de\/reisemagazin\/wp-json\/wp\/v2\/media\/2417"}],"wp:attachment":[{"href":"https:\/\/www.interdomizil.de\/reisemagazin\/wp-json\/wp\/v2\/media?parent=2404"}],"wp:term":[{"taxonomy":"category","embeddable":true,"href":"https:\/\/www.interdomizil.de\/reisemagazin\/wp-json\/wp\/v2\/categories?post=2404"},{"taxonomy":"post_tag","embeddable":true,"href":"https:\/\/www.interdomizil.de\/reisemagazin\/wp-json\/wp\/v2\/tags?post=2404"}],"curies":[{"name":"wp","href":"https:\/\/api.w.org\/{rel}","templated":true}]}}