{"id":2347,"date":"2015-03-06T10:00:50","date_gmt":"2015-03-06T08:00:50","guid":{"rendered":"https:\/\/www.interdomizil.de\/reisemagazin\/?p=2347"},"modified":"2016-05-26T15:49:00","modified_gmt":"2016-05-26T13:49:00","slug":"wanderung_in_schweden","status":"publish","type":"post","link":"https:\/\/www.interdomizil.de\/reisemagazin\/reiserouten\/wanderung_in_schweden","title":{"rendered":"Durch den Fj\u00e4ll &#8211; Eine Wanderung in Schweden"},"content":{"rendered":"<div class=\"twoclick_social_bookmarks_post_2347 social_share_privacy clearfix 1.6.4 locale-de_DE sprite-de_DE\"><\/div><div class=\"twoclick-js\"><script type=\"text\/javascript\">\/* <![CDATA[ *\/\njQuery(document).ready(function($){if($('.twoclick_social_bookmarks_post_2347')){$('.twoclick_social_bookmarks_post_2347').socialSharePrivacy({\"services\":{\"facebook\":{\"status\":\"on\",\"txt_info\":\"2 Klicks f\\u00fcr mehr Datenschutz: Erst wenn Sie hier klicken, wird der Button aktiv und Sie k\\u00f6nnen Ihre Empfehlung an Facebook senden. Schon beim Aktivieren werden <strong>Daten an Dritte \\u00fcbertragen<\\\/strong> - siehe <strong>i<\\\/strong>.\",\"perma_option\":\"off\",\"action\":\"like\",\"language\":\"de_DE\"},\"twitter\":{\"reply_to\":\"\",\"tweet_text\":\"%20Durch%20den%20Fj%C3%A4ll%20%E2%80%93%20Eine%20Wanderung%20in%20Schweden%20%C2%BB%20InterDomizil%20...\",\"status\":\"on\",\"txt_info\":\"2 Klicks f\\u00fcr mehr Datenschutz: Erst wenn Sie hier klicken, wird der Button aktiv und Sie k\\u00f6nnen Ihre Empfehlung an Twitter senden. Schon beim Aktivieren werden <strong>Daten an Dritte \\u00fcbertragen<\\\/strong> - siehe <strong>i<\\\/strong>.\",\"perma_option\":\"off\",\"language\":\"de\"},\"pinterest\":{\"status\":\"on\",\"the_excerpt\":\"Durch den Fj\\u00e4ll &#8211; Eine Wanderung in Schweden\",\"txt_info\":\"2 Klicks f\\u00fcr mehr Datenschutz: Erst wenn Sie hier klicken, wird der Button aktiv und Sie k\\u00f6nnen Ihre Empfehlung an Pinterest senden. Schon beim Aktivieren werden <strong>Daten an Dritte \\u00fcbertragen<\\\/strong> - siehe <strong>i<\\\/strong>.\",\"perma_option\":\"off\",\"media\":\"https:\\\/\\\/www.interdomizil.de\\\/reisemagazin\\\/wp-content\\\/uploads\\\/198804_neu.jpg\"}},\"txt_help\":\"Wenn Sie diese Felder durch einen Klick aktivieren, werden Informationen an Facebook, Twitter, Flattr, Xing, t3n, LinkedIn, Pinterest oder Google eventuell ins Ausland <strong>\\u00fcbertragen<\\\/strong> und unter Umst\\u00e4nden auch dort <strong>gespeichert<\\\/strong>. N\\u00e4heres erfahren Sie durch einen Klick auf das <em>i<\\\/em>.\",\"settings_perma\":\"Dauerhaft aktivieren und Daten\\u00fcber-tragung zustimmen:\",\"info_link\":\"http:\\\/\\\/www.heise.de\\\/ct\\\/artikel\\\/2-Klicks-fuer-mehr-Datenschutz-1333879.html\",\"uri\":\"https:\\\/\\\/www.interdomizil.de\\\/reisemagazin\\\/reiserouten\\\/wanderung_in_schweden\",\"post_id\":2347,\"post_title_referrer_track\":\"Durch+den+Fj%C3%A4ll+%26%238211%3B+Eine+Wanderung+in+Schweden\",\"concat\":\"%3F\",\"display_infobox\":\"on\"});}});\n\/* ]]> *\/<\/script><\/div><p style=\"margin-bottom: 0cm;\">Der Kungsleden wurde Anfang des 20.Jahrhundert ins Leben gerufen, um die Natursch\u00f6nheiten Lapplands ein wenig leichter zug\u00e4nglich zu machen. Und das ist so gut gelungen, dass die Route, die auch als \u201eschwedischer K\u00f6nigspfad\u201c bezeichnet wird, nicht nur zu den beliebtesten Wanderwegen Skandinaviens geh\u00f6rt, sondern sogar zu den \u201eTop-Ten-Trails\u201c \u00fcberhaupt.<\/p>\n<p style=\"margin-bottom: 0cm;\">Fj\u00e4ll bedeutet nichts anderes als \u201eGebirge\u201c und so findet ein Gro\u00dfteil dieser Wanderung in Schweden oberhalb der Nadelwaldgrenze statt. Und neben der atemberaubenden, eiszeitlich gepr\u00e4gten Wildnis und einer Einsamkeit, wie sie Gro\u00dfstadtbewohner bisher kaum erlebt haben d\u00fcrften, ist auch das Wandern unter der ber\u00fchmten Mitternachtssonne ein unvergessliches Erlebnis.<\/p>\n<h2 style=\"text-align: justify; margin-bottom: 0cm;\">Wandern auf dem schwedischen K\u00f6nigspfad<b> <\/b><\/h2>\n<p style=\"margin-bottom: 0cm;\">Der Kungsleden ist ein Wanderweg f\u00fcr alle, die das Abenteuer und die Herausforderung lieben und die auch bereit sind, einige Unannehmlichkeiten in Kauf zu nehmen. Die Gegend jenseits des n\u00f6rdlichen Polarkreises wird oft als unwirtlich beschrieben und gerne gibt man ihr auch eine Schlechtwetter-Garantie. Wanderer, die den Kungsleden beschritten habe, berichten allerdings ganz andere Dinge. Die eiszeitlich gepr\u00e4gte Landschaft beeindruckt durch Berge und T\u00e4ler, Urw\u00e4lder und karge Hochebenen, Gebirgsseen, Fl\u00fcsse oder Sumpfgebiete und eine urspr\u00fcngliche Wildheit. Auch die Einsamkeit ist \u00fcberw\u00e4ltigend und ehe andere Wanderer den Weg kreuzen, ist es wahrscheinlicher, einem Rentier oder einem Elch zu begegnen. Vielleicht auch einem Wolf oder einem Braunb\u00e4ren.<\/p>\n<p style=\"margin-bottom: 0cm;\">Der Kungsleden bietet beinahe alles, was das Abenteurerherz begehrt, denn eine bequeme Route f\u00fcr Freizeitwanderer ist er nicht. Sumpfgebiete m\u00fcssen durchquert werden und nicht jeder Fluss verf\u00fcgt \u00fcber eine Br\u00fccke. Streckenweise geht es auch nur auf Holzbohlen voran. In den Sommermonaten sind es zudem die M\u00fccken, die zu einer wahren Plage werden k\u00f6nnen. Und nat\u00fcrlich zeigt sich auch das Wetter gerne mal von seiner rauen Seite. Dennoch hat sich die Route zu einer der beliebtesten in Europa gemausert, was neben der grandiosen Naturkulisse vielleicht auch daran liegt, dass sich die Route gut in Teilabschnitten bewandern l\u00e4sst.<\/p>\n<figure id=\"attachment_2352\" aria-describedby=\"caption-attachment-2352\" style=\"width: 620px\" class=\"wp-caption aligncenter\"><img decoding=\"async\" loading=\"lazy\" class=\"wp-image-2352 size-large\" src=\"https:\/\/www.interdomizil.de\/reisemagazin\/wp-content\/uploads\/198804_neu-620x403.jpg\" alt=\"Raues Wetter am Abisko-Nationalpark - \u00a9 Matthias P\u00e4tzold \/ pixelio.de (rkn)\" width=\"620\" height=\"403\" \/><figcaption id=\"caption-attachment-2352\" class=\"wp-caption-text\">Raues Wetter am Abisko-Nationalpark &#8211; \u00a9 Matthias P\u00e4tzold \/ pixelio.de (rkn)<\/figcaption><\/figure>\n<h2 style=\"margin-bottom: 0cm;\">Unterwegs am n\u00f6rdlichen Polarkreis &#8211; von Abisko nach Nikkaluokta<\/h2>\n<p style=\"margin-bottom: 0cm;\">Der Kungsleden in seiner Gesamtl\u00e4nge misst um die 1000 km, die meisten Tourempfehlungen beschr\u00e4nken sich aber auf einen Teilabschnitt der Route, der um die 110 \u2013 160 km betr\u00e4gt und sich auf den n\u00f6rdlichen Teil bezieht. Die Tour beginnt in Abisko. Weiter geht es \u00fcber Abiskojaurestugorna, Alesjauretugorna, Tj\u00e4ktjastugan, S\u00e4lkastugorna, Singistugorna, Kebnekaise Fj\u00e4llstation und Kebnekaise. Die Route endet in Nikkaluokta. Die Anreise nach Schweden erfolgt am bequemsten per Flug nach Stockholm. Vor dort aus k\u00f6nnen sowohl Abisko als auch Nikkaluotka per Zug oder Bus erreicht werden.<\/p>\n<figure id=\"attachment_2354\" aria-describedby=\"caption-attachment-2354\" style=\"width: 620px\" class=\"wp-caption aligncenter\"><img decoding=\"async\" loading=\"lazy\" class=\"wp-image-2354 size-large\" src=\"https:\/\/www.interdomizil.de\/reisemagazin\/wp-content\/uploads\/600240_neu-620x465.jpg\" alt=\"Wildes Wasser im Abisko-Nationalpark - \u00a9 Dieter Sch\u00fctz \/ pixelio.de (rkn)\" width=\"620\" height=\"465\" srcset=\"https:\/\/www.interdomizil.de\/reisemagazin\/wp-content\/uploads\/600240_neu-620x465.jpg 620w, https:\/\/www.interdomizil.de\/reisemagazin\/wp-content\/uploads\/600240_neu-768x576.jpg 768w, https:\/\/www.interdomizil.de\/reisemagazin\/wp-content\/uploads\/600240_neu-200x150.jpg 200w, https:\/\/www.interdomizil.de\/reisemagazin\/wp-content\/uploads\/600240_neu-300x225.jpg 300w, https:\/\/www.interdomizil.de\/reisemagazin\/wp-content\/uploads\/600240_neu.jpg 1333w\" sizes=\"(max-width: 620px) 100vw, 620px\" \/><figcaption id=\"caption-attachment-2354\" class=\"wp-caption-text\">Wildes Wasser im Abisko-Nationalpark &#8211; \u00a9 Dieter Sch\u00fctz \/ pixelio.de (rkn)<\/figcaption><\/figure>\n<h2 style=\"margin-bottom: 0cm;\">Gut geplant, entspannter gewandert<b> <\/b><\/h2>\n<p style=\"margin-bottom: 0cm;\">Die Standardausr\u00fcstung f\u00fcr eine Fernwanderung will immer mit Bedacht zusammengestellt werden, einmal mehr gilt das jedoch, wenn die Reise in so einsame Regionen geht. Selbst Gep\u00e4ckminimalisten werden hier an ihre Grenzen sto\u00dfen. Neben all den Wetterkapriolen sowie alpinen Regionen, Flussdurchquerungen und Sumpfgebieten, auf die man sich von der Kleidung her einstellen muss, geh\u00f6ren auch ein Sonnenschutz und im Sommer zwingend ein gutes M\u00fcckenmittel in den Rucksack.<\/p>\n<figure id=\"attachment_2355\" aria-describedby=\"caption-attachment-2355\" style=\"width: 620px\" class=\"wp-caption aligncenter\"><img decoding=\"async\" loading=\"lazy\" class=\"wp-image-2355 size-large\" src=\"https:\/\/www.interdomizil.de\/reisemagazin\/wp-content\/uploads\/703158_neu-620x413.jpg\" alt=\"Festes Schuhwerk ist f\u00fcr jede Wanderung ein Muss - und ganz besonders f\u00fcr diese - \u00a9 Martin J\u00e4ger \/ pixelio.de (rkn)\" width=\"620\" height=\"413\" srcset=\"https:\/\/www.interdomizil.de\/reisemagazin\/wp-content\/uploads\/703158_neu-620x413.jpg 620w, https:\/\/www.interdomizil.de\/reisemagazin\/wp-content\/uploads\/703158_neu-768x512.jpg 768w, https:\/\/www.interdomizil.de\/reisemagazin\/wp-content\/uploads\/703158_neu-270x180.jpg 270w, https:\/\/www.interdomizil.de\/reisemagazin\/wp-content\/uploads\/703158_neu-200x133.jpg 200w, https:\/\/www.interdomizil.de\/reisemagazin\/wp-content\/uploads\/703158_neu-300x200.jpg 300w, https:\/\/www.interdomizil.de\/reisemagazin\/wp-content\/uploads\/703158_neu.jpg 1500w\" sizes=\"(max-width: 620px) 100vw, 620px\" \/><figcaption id=\"caption-attachment-2355\" class=\"wp-caption-text\">Festes Schuhwerk ist f\u00fcr jede Wanderung ein Muss &#8211; und ganz besonders f\u00fcr diese &#8211; \u00a9 Martin J\u00e4ger \/ pixelio.de (rkn)<\/figcaption><\/figure>\n<p style=\"margin-bottom: 0cm;\">Ebenfalls wichtig ist das Mitf\u00fchren von gen\u00fcgend Proviant und Trinkwasser, da es in schwedischer Wildnis beinahe unm\u00f6glich ist, sich mal eben mit Nachschub einzudecken. Und ist der Pfad zwar \u00fcberwiegend gut ausgeschildert, so sind aktuelles Kartenmaterial und vielleicht auch GPS doch eine gute Hilfe f\u00fcr unterwegs. F\u00fcr die \u00dcbernachtung stehen an den einzelnen Etappen H\u00fctten bereit, wer nicht vor verschlossenen T\u00fcren stehen m\u00f6chte, k\u00fcmmert sich jedoch besser vorab um eine Reservierung.<\/p>\n<p>[sc name=&#8220;FehaWo_suchen bezeichnungurl=&#8220;schweden&#8220; bezeichnung=&#8220;Schweden&#8220; ]<\/p>\n","protected":false},"excerpt":{"rendered":"<p>Der Kungsleden wurde Anfang des 20.Jahrhundert ins Leben gerufen, um die Natursch\u00f6nheiten Lapplands ein wenig leichter zug\u00e4nglich zu machen. Und das ist so gut gelungen, dass die Route, die auch als \u201eschwedischer K\u00f6nigspfad\u201c bezeichnet wird, nicht nur zu den beliebtesten Wanderwegen Skandinaviens geh\u00f6rt, sondern sogar zu den \u201eTop-Ten-Trails\u201c \u00fcberhaupt. Fj\u00e4ll bedeutet nichts anderes als \u201eGebirge\u201c<\/p>\n","protected":false},"author":3,"featured_media":2352,"comment_status":"open","ping_status":"open","sticky":false,"template":"","format":"standard","meta":{"footnotes":""},"categories":[10,16],"tags":[602,600,556,598,599,601,603,539,537],"yoast_head":"<!-- This site is optimized with the Yoast SEO plugin v16.1.1 - https:\/\/yoast.com\/wordpress\/plugins\/seo\/ -->\n<title>Durch den Fj\u00e4ll - Eine Wanderung in Schweden &ndash; InterDomizil Reisemagazin<\/title>\n<meta name=\"description\" content=\"Auf einer Wanderung in Schweden - entlang des K\u00f6nigsweges Kungsleden - zeigt sich das Land von seiner wilden Seite.\" \/>\n<link rel=\"canonical\" href=\"https:\/\/www.interdomizil.de\/reisemagazin\/reiserouten\/wanderung_in_schweden\" \/>\n<meta name=\"twitter:label1\" content=\"Gesch\u00e4tzte Lesezeit\">\n\t<meta name=\"twitter:data1\" content=\"3\u00a0Minuten\">\n<script type=\"application\/ld+json\" class=\"yoast-schema-graph\">{\"@context\":\"https:\/\/schema.org\",\"@graph\":[{\"@type\":\"WebSite\",\"@id\":\"https:\/\/www.interdomizil.de\/reisemagazin\/#website\",\"url\":\"https:\/\/www.interdomizil.de\/reisemagazin\/\",\"name\":\"InterDomizil Reisemagazin\",\"description\":\"Reiseziele. Urlaubtipps. Sehenswertes.\",\"potentialAction\":[{\"@type\":\"SearchAction\",\"target\":\"https:\/\/www.interdomizil.de\/reisemagazin\/?s={search_term_string}\",\"query-input\":\"required name=search_term_string\"}],\"inLanguage\":\"de\"},{\"@type\":\"ImageObject\",\"@id\":\"https:\/\/www.interdomizil.de\/reisemagazin\/reiserouten\/wanderung_in_schweden#primaryimage\",\"inLanguage\":\"de\",\"url\":\"https:\/\/www.interdomizil.de\/reisemagazin\/wp-content\/uploads\/198804_neu.jpg\",\"contentUrl\":\"https:\/\/www.interdomizil.de\/reisemagazin\/wp-content\/uploads\/198804_neu.jpg\",\"width\":1535,\"height\":1000,\"caption\":\"Raues Wetter am Abisko-Nationalpark - \\u00a9 Matthias P\\u00e4tzold \/ pixelio.de (rkn)\"},{\"@type\":\"WebPage\",\"@id\":\"https:\/\/www.interdomizil.de\/reisemagazin\/reiserouten\/wanderung_in_schweden#webpage\",\"url\":\"https:\/\/www.interdomizil.de\/reisemagazin\/reiserouten\/wanderung_in_schweden\",\"name\":\"Durch den Fj\\u00e4ll - Eine Wanderung in Schweden &ndash; InterDomizil Reisemagazin\",\"isPartOf\":{\"@id\":\"https:\/\/www.interdomizil.de\/reisemagazin\/#website\"},\"primaryImageOfPage\":{\"@id\":\"https:\/\/www.interdomizil.de\/reisemagazin\/reiserouten\/wanderung_in_schweden#primaryimage\"},\"datePublished\":\"2015-03-06T08:00:50+00:00\",\"dateModified\":\"2016-05-26T13:49:00+00:00\",\"author\":{\"@id\":\"https:\/\/www.interdomizil.de\/reisemagazin\/#\/schema\/person\/ddde02f47c63e31c041176442ea05d35\"},\"description\":\"Auf einer Wanderung in Schweden - entlang des K\\u00f6nigsweges Kungsleden - zeigt sich das Land von seiner wilden Seite.\",\"breadcrumb\":{\"@id\":\"https:\/\/www.interdomizil.de\/reisemagazin\/reiserouten\/wanderung_in_schweden#breadcrumb\"},\"inLanguage\":\"de\",\"potentialAction\":[{\"@type\":\"ReadAction\",\"target\":[\"https:\/\/www.interdomizil.de\/reisemagazin\/reiserouten\/wanderung_in_schweden\"]}]},{\"@type\":\"BreadcrumbList\",\"@id\":\"https:\/\/www.interdomizil.de\/reisemagazin\/reiserouten\/wanderung_in_schweden#breadcrumb\",\"itemListElement\":[{\"@type\":\"ListItem\",\"position\":1,\"item\":{\"@type\":\"WebPage\",\"@id\":\"https:\/\/www.interdomizil.de\/reisemagazin\/\",\"url\":\"https:\/\/www.interdomizil.de\/reisemagazin\/\",\"name\":\"Home\"}},{\"@type\":\"ListItem\",\"position\":2,\"item\":{\"@type\":\"WebPage\",\"@id\":\"https:\/\/www.interdomizil.de\/reisemagazin\/reiserouten\/wanderung_in_schweden\",\"url\":\"https:\/\/www.interdomizil.de\/reisemagazin\/reiserouten\/wanderung_in_schweden\",\"name\":\"Durch den Fj\\u00e4ll &#8211; Eine Wanderung in Schweden\"}}]},{\"@type\":\"Person\",\"@id\":\"https:\/\/www.interdomizil.de\/reisemagazin\/#\/schema\/person\/ddde02f47c63e31c041176442ea05d35\",\"name\":\"Redaktion\"}]}<\/script>\n<!-- \/ Yoast SEO plugin. -->","_links":{"self":[{"href":"https:\/\/www.interdomizil.de\/reisemagazin\/wp-json\/wp\/v2\/posts\/2347"}],"collection":[{"href":"https:\/\/www.interdomizil.de\/reisemagazin\/wp-json\/wp\/v2\/posts"}],"about":[{"href":"https:\/\/www.interdomizil.de\/reisemagazin\/wp-json\/wp\/v2\/types\/post"}],"author":[{"embeddable":true,"href":"https:\/\/www.interdomizil.de\/reisemagazin\/wp-json\/wp\/v2\/users\/3"}],"replies":[{"embeddable":true,"href":"https:\/\/www.interdomizil.de\/reisemagazin\/wp-json\/wp\/v2\/comments?post=2347"}],"version-history":[{"count":12,"href":"https:\/\/www.interdomizil.de\/reisemagazin\/wp-json\/wp\/v2\/posts\/2347\/revisions"}],"predecessor-version":[{"id":4694,"href":"https:\/\/www.interdomizil.de\/reisemagazin\/wp-json\/wp\/v2\/posts\/2347\/revisions\/4694"}],"wp:featuredmedia":[{"embeddable":true,"href":"https:\/\/www.interdomizil.de\/reisemagazin\/wp-json\/wp\/v2\/media\/2352"}],"wp:attachment":[{"href":"https:\/\/www.interdomizil.de\/reisemagazin\/wp-json\/wp\/v2\/media?parent=2347"}],"wp:term":[{"taxonomy":"category","embeddable":true,"href":"https:\/\/www.interdomizil.de\/reisemagazin\/wp-json\/wp\/v2\/categories?post=2347"},{"taxonomy":"post_tag","embeddable":true,"href":"https:\/\/www.interdomizil.de\/reisemagazin\/wp-json\/wp\/v2\/tags?post=2347"}],"curies":[{"name":"wp","href":"https:\/\/api.w.org\/{rel}","templated":true}]}}