{"id":2222,"date":"2015-02-02T12:12:55","date_gmt":"2015-02-02T10:12:55","guid":{"rendered":"https:\/\/www.interdomizil.de\/reisemagazin\/?p=2222"},"modified":"2016-11-17T15:00:08","modified_gmt":"2016-11-17T13:00:08","slug":"wandern_auf_gran_canaria","status":"publish","type":"post","link":"https:\/\/www.interdomizil.de\/reisemagazin\/reiseziele\/spanien\/wandern_auf_gran_canaria","title":{"rendered":"Wandern auf Gran Canaria"},"content":{"rendered":"<div class=\"twoclick_social_bookmarks_post_2222 social_share_privacy clearfix 1.6.4 locale-de_DE sprite-de_DE\"><\/div><div class=\"twoclick-js\"><script type=\"text\/javascript\">\/* <![CDATA[ *\/\njQuery(document).ready(function($){if($('.twoclick_social_bookmarks_post_2222')){$('.twoclick_social_bookmarks_post_2222').socialSharePrivacy({\"services\":{\"facebook\":{\"status\":\"on\",\"txt_info\":\"2 Klicks f\\u00fcr mehr Datenschutz: Erst wenn Sie hier klicken, wird der Button aktiv und Sie k\\u00f6nnen Ihre Empfehlung an Facebook senden. Schon beim Aktivieren werden <strong>Daten an Dritte \\u00fcbertragen<\\\/strong> - siehe <strong>i<\\\/strong>.\",\"perma_option\":\"off\",\"action\":\"like\",\"language\":\"de_DE\"},\"twitter\":{\"reply_to\":\"\",\"tweet_text\":\"%20Wandern%20auf%20Gran%20Canaria%20%C2%BB%20InterDomizil%20Reisemagazin%20%23Gran%20Canaria%20%23Gran%20...\",\"status\":\"on\",\"txt_info\":\"2 Klicks f\\u00fcr mehr Datenschutz: Erst wenn Sie hier klicken, wird der Button aktiv und Sie k\\u00f6nnen Ihre Empfehlung an Twitter senden. Schon beim Aktivieren werden <strong>Daten an Dritte \\u00fcbertragen<\\\/strong> - siehe <strong>i<\\\/strong>.\",\"perma_option\":\"off\",\"language\":\"de\"},\"pinterest\":{\"status\":\"on\",\"the_excerpt\":\"Wandern auf Gran Canaria\",\"txt_info\":\"2 Klicks f\\u00fcr mehr Datenschutz: Erst wenn Sie hier klicken, wird der Button aktiv und Sie k\\u00f6nnen Ihre Empfehlung an Pinterest senden. Schon beim Aktivieren werden <strong>Daten an Dritte \\u00fcbertragen<\\\/strong> - siehe <strong>i<\\\/strong>.\",\"perma_option\":\"off\",\"media\":\"https:\\\/\\\/www.interdomizil.de\\\/reisemagazin\\\/wp-content\\\/uploads\\\/forest-1019246_960_720.jpg\"}},\"txt_help\":\"Wenn Sie diese Felder durch einen Klick aktivieren, werden Informationen an Facebook, Twitter, Flattr, Xing, t3n, LinkedIn, Pinterest oder Google eventuell ins Ausland <strong>\\u00fcbertragen<\\\/strong> und unter Umst\\u00e4nden auch dort <strong>gespeichert<\\\/strong>. N\\u00e4heres erfahren Sie durch einen Klick auf das <em>i<\\\/em>.\",\"settings_perma\":\"Dauerhaft aktivieren und Daten\\u00fcber-tragung zustimmen:\",\"info_link\":\"http:\\\/\\\/www.heise.de\\\/ct\\\/artikel\\\/2-Klicks-fuer-mehr-Datenschutz-1333879.html\",\"uri\":\"https:\\\/\\\/www.interdomizil.de\\\/reisemagazin\\\/reiseziele\\\/spanien\\\/wandern_auf_gran_canaria\",\"post_id\":2222,\"post_title_referrer_track\":\"Wandern+auf+Gran+Canaria\",\"concat\":\"%3F\",\"display_infobox\":\"on\"});}});\n\/* ]]> *\/<\/script><\/div><figure id=\"attachment_5569\" aria-describedby=\"caption-attachment-5569\" style=\"width: 600px\" class=\"wp-caption aligncenter\"><img decoding=\"async\" loading=\"lazy\" class=\"wp-image-5569\" src=\"https:\/\/www.interdomizil.de\/reisemagazin\/wp-content\/uploads\/forest-1019246_960_720.jpg\" width=\"600\" height=\"399\" srcset=\"https:\/\/www.interdomizil.de\/reisemagazin\/wp-content\/uploads\/forest-1019246_960_720.jpg 960w, https:\/\/www.interdomizil.de\/reisemagazin\/wp-content\/uploads\/forest-1019246_960_720-500x333.jpg 500w, https:\/\/www.interdomizil.de\/reisemagazin\/wp-content\/uploads\/forest-1019246_960_720-720x479.jpg 720w, https:\/\/www.interdomizil.de\/reisemagazin\/wp-content\/uploads\/forest-1019246_960_720-175x116.jpg 175w, https:\/\/www.interdomizil.de\/reisemagazin\/wp-content\/uploads\/forest-1019246_960_720-450x300.jpg 450w, https:\/\/www.interdomizil.de\/reisemagazin\/wp-content\/uploads\/forest-1019246_960_720-768x511.jpg 768w, https:\/\/www.interdomizil.de\/reisemagazin\/wp-content\/uploads\/forest-1019246_960_720-200x133.jpg 200w, https:\/\/www.interdomizil.de\/reisemagazin\/wp-content\/uploads\/forest-1019246_960_720-270x180.jpg 270w, https:\/\/www.interdomizil.de\/reisemagazin\/wp-content\/uploads\/forest-1019246_960_720-300x200.jpg 300w, https:\/\/www.interdomizil.de\/reisemagazin\/wp-content\/uploads\/forest-1019246_960_720-620x413.jpg 620w\" sizes=\"(max-width: 600px) 100vw, 600px\" \/><figcaption id=\"caption-attachment-5569\" class=\"wp-caption-text\">Gran Canaria kann auch mit Bergen auftrumpfen &#8211; Foto: Pixabay (CC0)<\/figcaption><\/figure>\n<p style=\"margin-bottom: 0cm;\"><strong>Gran Canaria<\/strong>, die drittgr\u00f6\u00dfte Kanareninsel , die auch als die \u201eInsel des ewigen Fr\u00fchlings\u201c bezeichnet wird, ist ein Eldorado f\u00fcr Wanderer. Wer glaubt, dass <a title=\"Ferienwohnung Ferienhaus Gran Canaria\" href=\"http:\/\/www.ferien-privat.de\/spanien\/gran-canaria\">Gran Canaria<\/a> haupts\u00e4chlich das rege Strandtreiben um <a title=\"Ferienwohnung Maspalomas\" href=\"http:\/\/www.ferien-privat.de\/spanien\/kanaren\/maspalomas-playa-meloneras\">Maspalomas<\/a>, <a title=\"Ferienwohnungen Playa del Ingl\u00e9s\" href=\"http:\/\/www.ferien-privat.de\/spanien\/kanaren\/playa-del-ingles-san-agustin\">Playa del Ingl\u00e9s<\/a> und <strong>San Agust\u00edn<\/strong> zu bieten hat, wird im Inselinneren eines Besseren belehrt. Der \u201eMiniaturkontinent\u201c, der mit einer Gr\u00f6\u00dfe von ca. 1532km\u00b2 auf relativ engem Raum die verschiedensten Landschaftsformen und Vegetationszonen beherbergt, bietet faszinierend abwechslungsreiche An- und Aussichten, die beim Wandern entdeckt werden k\u00f6nnen. Denn auf schroffe Berglandschaften folgen Obstplantagen, paradiesische T\u00e4ler, \u00fcppige Kiefernw\u00e4lder, D\u00fcnen oder Postkartenstr\u00e4nde.<\/p>\n<p><strong>Festival f\u00fcr Wanderfans: Gran Canaria Walking Festival<\/strong><\/p>\n<p>Fast die H\u00e4lfte der Fl\u00e4che der Insel ist ein Biosph\u00e4renreservat, zahlreiche Gelegenheiten, sich der exotischen Insel mal von ihrer nat\u00fcrlichsten Seite aus zu n\u00e4hern. Jedes Jahr wird die Kanareninsel au\u00dferdem zum Treffpunkt f\u00fcr Wanderfreunde aus aller Welt, wenn sie sich zum <a href=\"http:\/\/www.grancanariawalkingfestival.com\/de\/\" target=\"_blank\">Walking Festival<\/a> treffen. So wird aus einer sportlichen Aktivit\u00e4t ein spielerisches und kulturelles Ereignis. Zahlreiche spannende Routen entf\u00fchren in die Geschichte und die geologischen Besonderheiten der Insel, so locken etwa Touren durch den Lorbeerwald oder durch malerische Schluchten.<\/p>\n<p style=\"margin-bottom: 0cm;\">Das aktuelle <a href=\"http:\/\/www.grancanariawalkingfestival.com\/de\/gcwf-2016-de\/einfuehrung-gcwf-2016\">Programm<\/a> k\u00f6nnen Interessierte auf der Seite der Veranstalter erfahren.<\/p>\n<h2 style=\"margin-bottom: 0cm;\">Wandern auf K\u00f6nigswegen oder lieber hoch hinaus?<b> <\/b><\/h2>\n<p style=\"margin-bottom: 0cm;\">Das Wandern auf <strong>Gran Canaria<\/strong> ist mitnichten eine neue Errungenschaft. Schon in den Zeiten vor der spanischen Eroberung wurde die Insel von einem raffinierten Wegenetz durchzogen. Die Spanier sorgten sp\u00e4ter mit Geldern aus des K\u00f6nigs Schatulle daf\u00fcr, dass diese Wege gut befestigt und weiter ausgebaut wurden, weswegen sie heute auch als <strong>\u201eK\u00f6nigswege\u201c<\/strong> (Camino Reales) bezeichnet werden. Neben dem Wandern auf ebendiesen K\u00f6nigswegen, einem Aufstieg zum <strong>Pico de las Nieves<\/strong>, mit 1949m die h\u00f6chste Erhebung der Insel, oder dem <strong>Roque Nublo<\/strong>,<\/p>\n<figure id=\"attachment_5567\" aria-describedby=\"caption-attachment-5567\" style=\"width: 225px\" class=\"wp-caption alignright\"><img decoding=\"async\" loading=\"lazy\" class=\"size-medium wp-image-5567\" src=\"https:\/\/www.interdomizil.de\/reisemagazin\/wp-content\/uploads\/487565_original_R_K_B_by_Carlosh-von-Irmer_pixelio.de_-225x300.png\" alt=\"Roque Nublo - Carlosh von Irmer\/pixelio.de (rkn)\" width=\"225\" height=\"300\" srcset=\"https:\/\/www.interdomizil.de\/reisemagazin\/wp-content\/uploads\/487565_original_R_K_B_by_Carlosh-von-Irmer_pixelio.de_-225x300.png 225w, https:\/\/www.interdomizil.de\/reisemagazin\/wp-content\/uploads\/487565_original_R_K_B_by_Carlosh-von-Irmer_pixelio.de_.png 450w, https:\/\/www.interdomizil.de\/reisemagazin\/wp-content\/uploads\/487565_original_R_K_B_by_Carlosh-von-Irmer_pixelio.de_-200x267.png 200w\" sizes=\"(max-width: 225px) 100vw, 225px\" \/><figcaption id=\"caption-attachment-5567\" class=\"wp-caption-text\">Roque Nublo &#8211; Carlosh von Irmer\/pixelio.de (rkn)<\/figcaption><\/figure>\n<p style=\"margin-bottom: 0cm;\">dem 1803m hohen Wahrzeichen <strong>Gran Canarias<\/strong>, gibt es noch zahlreiche weitere Wanderrouten, die zwar klein, aber fein sind.<\/p>\n<h2 style=\"margin-bottom: 0cm;\">Von Las Casas de Veneguera nach Puerto de Mog\u00e1n<b> <\/b><\/h2>\n<p style=\"margin-bottom: 0cm;\">Ausgehend vom im Westen der Insel gelegenen <strong>Las Casas de Veneguera<\/strong> f\u00fchrt eine Wanderroute \u00fcber die <strong>Playa de Veneguera<\/strong> &#8211; ein traumhafter Strand, der sich dem Massentourismus bislang erfolgreich widersetzt hat \u2013 und von dort aus geht es weiter nach <strong>Puerto Mog\u00e1n<\/strong>, ein malerisches Fischerd\u00f6rfchen, das als Venedig des S\u00fcdens bezeichnet wird. Die Wanderung erfolgt auf \u00fcberwiegend befestigten Schotterpisten und gro\u00dfe H\u00f6henunterschiede sind nicht zu bew\u00e4ltigen. Im Sommer kann es allerdings vor allem in den Mittagsstunden recht hei\u00df werden, Schattenspender sind rar ges\u00e4t. Die Route misst 24 km und bei normalem Tempo k\u00f6nnen um die 6 Stunden f\u00fcr die einfache Tour veranschlagt werden.<\/p>\n<figure id=\"attachment_5568\" aria-describedby=\"caption-attachment-5568\" style=\"width: 300px\" class=\"wp-caption alignleft\"><img decoding=\"async\" loading=\"lazy\" class=\"wp-image-5568 size-medium\" src=\"https:\/\/www.interdomizil.de\/reisemagazin\/wp-content\/uploads\/canary-islands-1157646_960_720-300x200.jpg\" width=\"300\" height=\"200\" srcset=\"https:\/\/www.interdomizil.de\/reisemagazin\/wp-content\/uploads\/canary-islands-1157646_960_720-300x200.jpg 300w, https:\/\/www.interdomizil.de\/reisemagazin\/wp-content\/uploads\/canary-islands-1157646_960_720-270x180.jpg 270w, https:\/\/www.interdomizil.de\/reisemagazin\/wp-content\/uploads\/canary-islands-1157646_960_720-770x515.jpg 770w, https:\/\/www.interdomizil.de\/reisemagazin\/wp-content\/uploads\/canary-islands-1157646_960_720-200x133.jpg 200w, https:\/\/www.interdomizil.de\/reisemagazin\/wp-content\/uploads\/canary-islands-1157646_960_720-768x512.jpg 768w, https:\/\/www.interdomizil.de\/reisemagazin\/wp-content\/uploads\/canary-islands-1157646_960_720-620x413.jpg 620w, https:\/\/www.interdomizil.de\/reisemagazin\/wp-content\/uploads\/canary-islands-1157646_960_720.jpg 960w\" sizes=\"(max-width: 300px) 100vw, 300px\" \/><figcaption id=\"caption-attachment-5568\" class=\"wp-caption-text\">Puerto Mog\u00e1n, oder aber auch &#8222;klein Venedig&#8220; &#8211; Foto: Pixabay (CC0)<\/figcaption><\/figure>\n<p style=\"margin-bottom: 0cm;\">Am Ausgangspunkt <strong>Las Casas de Veneguera<\/strong>, wo bei Bedarf der Wagen abgestellt werden kann, folgt der Wanderer erst der der Asphalt- und sp\u00e4ter einer Schotterpiste und erlebt hierbei eine Tour der Kontraste. Auf die w\u00fcsten\u00e4hnliche Landschaft folgt eine karge und wildromantische Schlucht, ehe sich in der Talsohle Bananenplantagen und ein Orangenhain und schlie\u00dflich das Meer zeigen. Weiter geht es auf dem links vom Tal liegenden Schotterweg, ehe sich der Weg gabelt und eine Biegung zur K\u00fcste macht. Hier l\u00e4sst es sich am dunkelsandigen Strand der <strong>Playa de Veneguera<\/strong> wunderbar rasten und entspannen. Wer nach Puerto Mog\u00e1n weiterwandern m\u00f6chte, kehrt nun zur Weggabelung zur\u00fcck und w\u00e4hlt den rechten Weg, der den Wanderer auf ein Felsplateau f\u00fchrt, von dem aus sich ein grandioser Blick auf das kleine Fischerd\u00f6rfchen bietet. Und von ebendiesem Aussichtsplateau sind es, immer der serpentinenreichen Piste nach, noch gut 10 Kilometer, ehe <strong>Puerto Mog\u00e1n<\/strong>, der Endpunkt dieser Wanderung, erreicht ist.<\/p>\n<h2 style=\"margin-bottom: 0cm;\">Gut geplant, entspannter gewandert<b> <\/b><\/h2>\n<p style=\"margin-bottom: 0cm;\">Eine gute Planung ist essentiell und die betrifft zuerst einmal das Reisegep\u00e4ck. Aufgrund der geografischen Lage kann die Sonnenstrahlung auf <strong>Gran Canaria<\/strong> st\u00e4rker als erwartet ausfallen, zudem tendiert man aufgrund des Windes oft dazu, die Sonnenintensit\u00e4t zu untersch\u00e4tzen. Ein guter Sonnenschutz nebst geeigneter Kopfbedeckung ist daher ratsam. Und da das Wetter rasch umschlagen kann und es vor allen in h\u00f6heren Lagen schnell frisch und windig wird, ist eine wind- und wetterfeste Jacke ebenso Pflicht wie robustes und festes Schuhwerk. Und zu guter Letzt sollte neben ausreichend Trinkwasser auch gen\u00fcgend Proviant eingepackt werden, denn am Wegesrand gibt es w\u00e4hrend dieser Tour kaum die Gelegenheit, sich mit Verpflegung einzudecken.<\/p>\n<p style=\"margin-bottom: 0cm;\"><a href=\"https:\/\/www.interdomizil.de\/gran-canaria\" target=\"_blank\"><img decoding=\"async\" loading=\"lazy\" class=\"aligncenter wp-image-5534\" src=\"https:\/\/www.interdomizil.de\/reisemagazin\/wp-content\/uploads\/klicken_06-620x310.jpg\" width=\"500\" height=\"250\" srcset=\"https:\/\/www.interdomizil.de\/reisemagazin\/wp-content\/uploads\/klicken_06-620x310.jpg 620w, https:\/\/www.interdomizil.de\/reisemagazin\/wp-content\/uploads\/klicken_06-200x100.jpg 200w, https:\/\/www.interdomizil.de\/reisemagazin\/wp-content\/uploads\/klicken_06-300x150.jpg 300w, https:\/\/www.interdomizil.de\/reisemagazin\/wp-content\/uploads\/klicken_06-768x384.jpg 768w, https:\/\/www.interdomizil.de\/reisemagazin\/wp-content\/uploads\/klicken_06.jpg 1250w\" sizes=\"(max-width: 500px) 100vw, 500px\" \/><\/a><\/p>\n","protected":false},"excerpt":{"rendered":"<p>Gran Canaria, die drittgr\u00f6\u00dfte Kanareninsel , die auch als die \u201eInsel des ewigen Fr\u00fchlings\u201c bezeichnet wird, ist ein Eldorado f\u00fcr Wanderer. Wer glaubt, dass Gran Canaria haupts\u00e4chlich das rege Strandtreiben um Maspalomas, Playa del Ingl\u00e9s und San Agust\u00edn zu bieten hat, wird im Inselinneren eines Besseren belehrt. Der \u201eMiniaturkontinent\u201c, der mit einer Gr\u00f6\u00dfe von ca.<\/p>\n","protected":false},"author":3,"featured_media":5569,"comment_status":"open","ping_status":"open","sticky":false,"template":"","format":"standard","meta":{"footnotes":""},"categories":[11,916],"tags":[568,1021,571,638,639,523,545,919,539,537],"yoast_head":"<!-- This site is optimized with the Yoast SEO plugin v16.1.1 - https:\/\/yoast.com\/wordpress\/plugins\/seo\/ -->\n<title>Wandern auf Gran Canaria &ndash; InterDomizil Reisemagazin<\/title>\n<meta name=\"description\" content=\"Die &quot;Insel des ewigen Fr\u00fchlings&quot; hat mehr zu bieten als Strand und Meer - endecken Sie die kanarische Trauminsel von einer anderen Seite - beim Wandern.\" \/>\n<link rel=\"canonical\" href=\"https:\/\/www.interdomizil.de\/reisemagazin\/reiseziele\/spanien\/wandern_auf_gran_canaria\" \/>\n<meta name=\"twitter:label1\" content=\"Gesch\u00e4tzte Lesezeit\">\n\t<meta name=\"twitter:data1\" content=\"4\u00a0Minuten\">\n<script type=\"application\/ld+json\" class=\"yoast-schema-graph\">{\"@context\":\"https:\/\/schema.org\",\"@graph\":[{\"@type\":\"WebSite\",\"@id\":\"https:\/\/www.interdomizil.de\/reisemagazin\/#website\",\"url\":\"https:\/\/www.interdomizil.de\/reisemagazin\/\",\"name\":\"InterDomizil Reisemagazin\",\"description\":\"Reiseziele. Urlaubtipps. Sehenswertes.\",\"potentialAction\":[{\"@type\":\"SearchAction\",\"target\":\"https:\/\/www.interdomizil.de\/reisemagazin\/?s={search_term_string}\",\"query-input\":\"required name=search_term_string\"}],\"inLanguage\":\"de\"},{\"@type\":\"ImageObject\",\"@id\":\"https:\/\/www.interdomizil.de\/reisemagazin\/reiseziele\/spanien\/wandern_auf_gran_canaria#primaryimage\",\"inLanguage\":\"de\",\"url\":\"https:\/\/www.interdomizil.de\/reisemagazin\/wp-content\/uploads\/forest-1019246_960_720.jpg\",\"contentUrl\":\"https:\/\/www.interdomizil.de\/reisemagazin\/wp-content\/uploads\/forest-1019246_960_720.jpg\",\"width\":960,\"height\":639,\"caption\":\"Gran Canaria kann auch mit Bergen auftrumpfen - Foto: Pixabay (CC0)\"},{\"@type\":\"WebPage\",\"@id\":\"https:\/\/www.interdomizil.de\/reisemagazin\/reiseziele\/spanien\/wandern_auf_gran_canaria#webpage\",\"url\":\"https:\/\/www.interdomizil.de\/reisemagazin\/reiseziele\/spanien\/wandern_auf_gran_canaria\",\"name\":\"Wandern auf Gran Canaria &ndash; InterDomizil Reisemagazin\",\"isPartOf\":{\"@id\":\"https:\/\/www.interdomizil.de\/reisemagazin\/#website\"},\"primaryImageOfPage\":{\"@id\":\"https:\/\/www.interdomizil.de\/reisemagazin\/reiseziele\/spanien\/wandern_auf_gran_canaria#primaryimage\"},\"datePublished\":\"2015-02-02T10:12:55+00:00\",\"dateModified\":\"2016-11-17T13:00:08+00:00\",\"author\":{\"@id\":\"https:\/\/www.interdomizil.de\/reisemagazin\/#\/schema\/person\/ddde02f47c63e31c041176442ea05d35\"},\"description\":\"Die \\\"Insel des ewigen Fr\\u00fchlings\\\" hat mehr zu bieten als Strand und Meer - endecken Sie die kanarische Trauminsel von einer anderen Seite - beim Wandern.\",\"breadcrumb\":{\"@id\":\"https:\/\/www.interdomizil.de\/reisemagazin\/reiseziele\/spanien\/wandern_auf_gran_canaria#breadcrumb\"},\"inLanguage\":\"de\",\"potentialAction\":[{\"@type\":\"ReadAction\",\"target\":[\"https:\/\/www.interdomizil.de\/reisemagazin\/reiseziele\/spanien\/wandern_auf_gran_canaria\"]}]},{\"@type\":\"BreadcrumbList\",\"@id\":\"https:\/\/www.interdomizil.de\/reisemagazin\/reiseziele\/spanien\/wandern_auf_gran_canaria#breadcrumb\",\"itemListElement\":[{\"@type\":\"ListItem\",\"position\":1,\"item\":{\"@type\":\"WebPage\",\"@id\":\"https:\/\/www.interdomizil.de\/reisemagazin\/\",\"url\":\"https:\/\/www.interdomizil.de\/reisemagazin\/\",\"name\":\"Home\"}},{\"@type\":\"ListItem\",\"position\":2,\"item\":{\"@type\":\"WebPage\",\"@id\":\"https:\/\/www.interdomizil.de\/reisemagazin\/reiseziele\/spanien\/wandern_auf_gran_canaria\",\"url\":\"https:\/\/www.interdomizil.de\/reisemagazin\/reiseziele\/spanien\/wandern_auf_gran_canaria\",\"name\":\"Wandern auf Gran Canaria\"}}]},{\"@type\":\"Person\",\"@id\":\"https:\/\/www.interdomizil.de\/reisemagazin\/#\/schema\/person\/ddde02f47c63e31c041176442ea05d35\",\"name\":\"Redaktion\"}]}<\/script>\n<!-- \/ Yoast SEO plugin. -->","_links":{"self":[{"href":"https:\/\/www.interdomizil.de\/reisemagazin\/wp-json\/wp\/v2\/posts\/2222"}],"collection":[{"href":"https:\/\/www.interdomizil.de\/reisemagazin\/wp-json\/wp\/v2\/posts"}],"about":[{"href":"https:\/\/www.interdomizil.de\/reisemagazin\/wp-json\/wp\/v2\/types\/post"}],"author":[{"embeddable":true,"href":"https:\/\/www.interdomizil.de\/reisemagazin\/wp-json\/wp\/v2\/users\/3"}],"replies":[{"embeddable":true,"href":"https:\/\/www.interdomizil.de\/reisemagazin\/wp-json\/wp\/v2\/comments?post=2222"}],"version-history":[{"count":20,"href":"https:\/\/www.interdomizil.de\/reisemagazin\/wp-json\/wp\/v2\/posts\/2222\/revisions"}],"predecessor-version":[{"id":5704,"href":"https:\/\/www.interdomizil.de\/reisemagazin\/wp-json\/wp\/v2\/posts\/2222\/revisions\/5704"}],"wp:featuredmedia":[{"embeddable":true,"href":"https:\/\/www.interdomizil.de\/reisemagazin\/wp-json\/wp\/v2\/media\/5569"}],"wp:attachment":[{"href":"https:\/\/www.interdomizil.de\/reisemagazin\/wp-json\/wp\/v2\/media?parent=2222"}],"wp:term":[{"taxonomy":"category","embeddable":true,"href":"https:\/\/www.interdomizil.de\/reisemagazin\/wp-json\/wp\/v2\/categories?post=2222"},{"taxonomy":"post_tag","embeddable":true,"href":"https:\/\/www.interdomizil.de\/reisemagazin\/wp-json\/wp\/v2\/tags?post=2222"}],"curies":[{"name":"wp","href":"https:\/\/api.w.org\/{rel}","templated":true}]}}