{"id":2178,"date":"2014-12-18T14:27:54","date_gmt":"2014-12-18T12:27:54","guid":{"rendered":"https:\/\/www.interdomizil.de\/reisemagazin\/?p=2178"},"modified":"2016-05-27T12:05:07","modified_gmt":"2016-05-27T10:05:07","slug":"ein-leuchtturm-in-flammen-silvester-in-warnemuende","status":"publish","type":"post","link":"https:\/\/www.interdomizil.de\/reisemagazin\/reisetipps\/ein-leuchtturm-in-flammen-silvester-in-warnemuende","title":{"rendered":"Ein Leuchtturm in Flammen &#8211; Silvester in Warnem\u00fcnde"},"content":{"rendered":"<div class=\"twoclick_social_bookmarks_post_2178 social_share_privacy clearfix 1.6.4 locale-de_DE sprite-de_DE\"><\/div><div class=\"twoclick-js\"><script type=\"text\/javascript\">\/* <![CDATA[ *\/\njQuery(document).ready(function($){if($('.twoclick_social_bookmarks_post_2178')){$('.twoclick_social_bookmarks_post_2178').socialSharePrivacy({\"services\":{\"facebook\":{\"status\":\"on\",\"txt_info\":\"2 Klicks f\\u00fcr mehr Datenschutz: Erst wenn Sie hier klicken, wird der Button aktiv und Sie k\\u00f6nnen Ihre Empfehlung an Facebook senden. Schon beim Aktivieren werden <strong>Daten an Dritte \\u00fcbertragen<\\\/strong> - siehe <strong>i<\\\/strong>.\",\"perma_option\":\"off\",\"action\":\"like\",\"language\":\"de_DE\"},\"twitter\":{\"reply_to\":\"\",\"tweet_text\":\"%20Ein%20Leuchtturm%20in%20Flammen%20%E2%80%93%20Silvester%20in%20Warnem%C3%BCnde%20%C2%BB%20InterDomizil%20...\",\"status\":\"on\",\"txt_info\":\"2 Klicks f\\u00fcr mehr Datenschutz: Erst wenn Sie hier klicken, wird der Button aktiv und Sie k\\u00f6nnen Ihre Empfehlung an Twitter senden. Schon beim Aktivieren werden <strong>Daten an Dritte \\u00fcbertragen<\\\/strong> - siehe <strong>i<\\\/strong>.\",\"perma_option\":\"off\",\"language\":\"de\"}},\"txt_help\":\"Wenn Sie diese Felder durch einen Klick aktivieren, werden Informationen an Facebook, Twitter, Flattr, Xing, t3n, LinkedIn, Pinterest oder Google eventuell ins Ausland <strong>\\u00fcbertragen<\\\/strong> und unter Umst\\u00e4nden auch dort <strong>gespeichert<\\\/strong>. N\\u00e4heres erfahren Sie durch einen Klick auf das <em>i<\\\/em>.\",\"settings_perma\":\"Dauerhaft aktivieren und Daten\\u00fcber-tragung zustimmen:\",\"info_link\":\"http:\\\/\\\/www.heise.de\\\/ct\\\/artikel\\\/2-Klicks-fuer-mehr-Datenschutz-1333879.html\",\"uri\":\"https:\\\/\\\/www.interdomizil.de\\\/reisemagazin\\\/reisetipps\\\/ein-leuchtturm-in-flammen-silvester-in-warnemuende\",\"post_id\":2178,\"post_title_referrer_track\":\"Ein+Leuchtturm+in+Flammen+%26%238211%3B+Silvester+in+Warnem%C3%BCnde\",\"concat\":\"%3F\",\"display_infobox\":\"on\"});}});\n\/* ]]> *\/<\/script><\/div><p>Das Event &#8222;Leuchtturm in Flammen&#8220; ist weit \u00fcber die Grenzen von <a title=\"Ferienwohnungen in Warnem\u00fcnde\" href=\"http:\/\/www.ferienwohnung-warnemuende.de\/\">Warnem\u00fcnde <\/a>hinaus bekannt. Auch zum Jahreswechsel 2014\/2015 wird die gro\u00dfe Neujahrsshow rund um Leuchtturm und Mole zu einem der spektakul\u00e4rsten Ereignisse an der K\u00fcste von Mecklenburg-Vorpommern. Neben den Warnem\u00fcndern begr\u00fc\u00dfen zahlreiche Urlauber das neue Jahr und lassen sich von Showeffekten mit Laser, Licht und Feuerwerk sowie viel Musik verzaubern. Viele nutzen die Gelegenheit, um ein Silvester-Arrangement in Warnem\u00fcnde mit einem verl\u00e4ngerten Neujahrstag stimmungsvoll ausklingen zu lassen. Erstmalig wird an Neujahr 2015 das Event seinen Namen wechseln und als &#8222;Warnem\u00fcnder Turmleuchten&#8220; seine Magie entfalten.<\/p>\n<h2>Feuerwerk mit Tradition seit der Jahrtausendwende<\/h2>\n<p>Bereits zum 16. Mal steht Warnem\u00fcnde am Neujahrstag 2015 ganz im Zeichen von &#8222;Leuchtturm in Flammen&#8220;. Angefangen hatte alles mit der gro\u00dfen Milleniumsfeier auf der Mole, um das neue Jahrtausend mit einem Feuerwerk rund um den Leuchtturm geb\u00fchrend zu begr\u00fc\u00dfen. Aus diesem Ereignis entwickelte sich eine liebgewordene Tradition, die von Jahr zu Jahr immer aufw\u00e4ndiger und spektakul\u00e4rer wurde. Zum &#8222;Warnem\u00fcnder Turmleuchten&#8220; werden dieses Mal rund 70.000 Besucher erwartet. Der Leuchtturm als Bauwerk ist \u00fcbrigens wesentlich \u00e4lter als das Event und kann auf eine \u00fcber einhundertj\u00e4hrige Geschichte zur\u00fcckblicken. Der 37 Meter hohe Turm wurde 1897 erbaut und dient bis heute als Seezeichen f\u00fcr Schiffe. Wenn die Show am Neujahrstag ihren H\u00f6hepunkt erreicht, wird traditionell die neue Jahreszahl am Turm aufleuchten.<\/p>\n<h2>Hochkar\u00e4tige Spezialisten f\u00fcr Licht, Laser und Feuerwerk<\/h2>\n<p>F\u00fcr die spektakul\u00e4re Show &#8222;Warnem\u00fcnder Turmleuchten&#8220; 2015 wurden hochkar\u00e4tige K\u00f6nner ihres Fachs verpflichtet. Spezialisten f\u00fcr Ton, Licht und Effekte geh\u00f6ren ebenso dazu wie Experten f\u00fcr Lasershows und Kunstfeuerwerke. Musikalisch wird in Warnem\u00fcnde ebenfalls eine Menge auf die Beine gestellt, unter Teilnahme von K\u00fcnstlern wie Veronika Fischer, Ola van Sander und Matrosen in Lederhosen. F\u00fcr das leibliche Wohl ist mit zahlreichen gastronomischen Angeboten bestens gesorgt. Das Vorprogramm zu &#8222;Leuchtturm in Flammen&#8220; beginnt bereits um 15 Uhr am Neujahrstag, die eigentliche Show startet traditionell nach Einbruch der Dunkelheit um 18 Uhr mit einem gro\u00dfen Countdown. Der Eintritt ist frei, da die Show voll durch Sponsoren finanziert wird.<\/p>\n<p>&nbsp;<\/p>\n","protected":false},"excerpt":{"rendered":"<p>Das Event &#8222;Leuchtturm in Flammen&#8220; ist weit \u00fcber die Grenzen von Warnem\u00fcnde hinaus bekannt. Auch zum Jahreswechsel 2014\/2015 wird die gro\u00dfe Neujahrsshow rund um Leuchtturm und Mole zu einem der spektakul\u00e4rsten Ereignisse an der K\u00fcste von Mecklenburg-Vorpommern. Neben den Warnem\u00fcndern begr\u00fc\u00dfen zahlreiche Urlauber das neue Jahr und lassen sich von Showeffekten mit Laser, Licht und<\/p>\n","protected":false},"author":59,"featured_media":0,"comment_status":"open","ping_status":"open","sticky":false,"template":"","format":"standard","meta":{"footnotes":""},"categories":[37,11],"tags":[559,773,657,585],"yoast_head":"<!-- This site is optimized with the Yoast SEO plugin v16.1.1 - https:\/\/yoast.com\/wordpress\/plugins\/seo\/ -->\n<title>Ein Leuchtturm in Flammen - Silvester in Warnem\u00fcnde<\/title>\n<meta name=\"description\" content=\"Ein Leuchtturm in Flammen - Silvester in Warnem\u00fcnde\" \/>\n<link rel=\"canonical\" href=\"https:\/\/www.interdomizil.de\/reisemagazin\/reisetipps\/ein-leuchtturm-in-flammen-silvester-in-warnemuende\" \/>\n<meta name=\"twitter:label1\" content=\"Gesch\u00e4tzte Lesezeit\">\n\t<meta name=\"twitter:data1\" content=\"2\u00a0Minuten\">\n<script type=\"application\/ld+json\" class=\"yoast-schema-graph\">{\"@context\":\"https:\/\/schema.org\",\"@graph\":[{\"@type\":\"WebSite\",\"@id\":\"https:\/\/www.interdomizil.de\/reisemagazin\/#website\",\"url\":\"https:\/\/www.interdomizil.de\/reisemagazin\/\",\"name\":\"InterDomizil Reisemagazin\",\"description\":\"Reiseziele. Urlaubtipps. Sehenswertes.\",\"potentialAction\":[{\"@type\":\"SearchAction\",\"target\":\"https:\/\/www.interdomizil.de\/reisemagazin\/?s={search_term_string}\",\"query-input\":\"required name=search_term_string\"}],\"inLanguage\":\"de\"},{\"@type\":\"WebPage\",\"@id\":\"https:\/\/www.interdomizil.de\/reisemagazin\/reisetipps\/ein-leuchtturm-in-flammen-silvester-in-warnemuende#webpage\",\"url\":\"https:\/\/www.interdomizil.de\/reisemagazin\/reisetipps\/ein-leuchtturm-in-flammen-silvester-in-warnemuende\",\"name\":\"Ein Leuchtturm in Flammen - Silvester in Warnem\\u00fcnde\",\"isPartOf\":{\"@id\":\"https:\/\/www.interdomizil.de\/reisemagazin\/#website\"},\"datePublished\":\"2014-12-18T12:27:54+00:00\",\"dateModified\":\"2016-05-27T10:05:07+00:00\",\"author\":{\"@id\":\"https:\/\/www.interdomizil.de\/reisemagazin\/#\/schema\/person\/dc55ca2399154fab1eab532829f0c716\"},\"description\":\"Ein Leuchtturm in Flammen - Silvester in Warnem\\u00fcnde\",\"breadcrumb\":{\"@id\":\"https:\/\/www.interdomizil.de\/reisemagazin\/reisetipps\/ein-leuchtturm-in-flammen-silvester-in-warnemuende#breadcrumb\"},\"inLanguage\":\"de\",\"potentialAction\":[{\"@type\":\"ReadAction\",\"target\":[\"https:\/\/www.interdomizil.de\/reisemagazin\/reisetipps\/ein-leuchtturm-in-flammen-silvester-in-warnemuende\"]}]},{\"@type\":\"BreadcrumbList\",\"@id\":\"https:\/\/www.interdomizil.de\/reisemagazin\/reisetipps\/ein-leuchtturm-in-flammen-silvester-in-warnemuende#breadcrumb\",\"itemListElement\":[{\"@type\":\"ListItem\",\"position\":1,\"item\":{\"@type\":\"WebPage\",\"@id\":\"https:\/\/www.interdomizil.de\/reisemagazin\/\",\"url\":\"https:\/\/www.interdomizil.de\/reisemagazin\/\",\"name\":\"Home\"}},{\"@type\":\"ListItem\",\"position\":2,\"item\":{\"@type\":\"WebPage\",\"@id\":\"https:\/\/www.interdomizil.de\/reisemagazin\/reisetipps\/ein-leuchtturm-in-flammen-silvester-in-warnemuende\",\"url\":\"https:\/\/www.interdomizil.de\/reisemagazin\/reisetipps\/ein-leuchtturm-in-flammen-silvester-in-warnemuende\",\"name\":\"Ein Leuchtturm in Flammen &#8211; Silvester in Warnem\\u00fcnde\"}}]},{\"@type\":\"Person\",\"@id\":\"https:\/\/www.interdomizil.de\/reisemagazin\/#\/schema\/person\/dc55ca2399154fab1eab532829f0c716\",\"name\":\"Redaktion E\"}]}<\/script>\n<!-- \/ Yoast SEO plugin. -->","_links":{"self":[{"href":"https:\/\/www.interdomizil.de\/reisemagazin\/wp-json\/wp\/v2\/posts\/2178"}],"collection":[{"href":"https:\/\/www.interdomizil.de\/reisemagazin\/wp-json\/wp\/v2\/posts"}],"about":[{"href":"https:\/\/www.interdomizil.de\/reisemagazin\/wp-json\/wp\/v2\/types\/post"}],"author":[{"embeddable":true,"href":"https:\/\/www.interdomizil.de\/reisemagazin\/wp-json\/wp\/v2\/users\/59"}],"replies":[{"embeddable":true,"href":"https:\/\/www.interdomizil.de\/reisemagazin\/wp-json\/wp\/v2\/comments?post=2178"}],"version-history":[{"count":4,"href":"https:\/\/www.interdomizil.de\/reisemagazin\/wp-json\/wp\/v2\/posts\/2178\/revisions"}],"predecessor-version":[{"id":3177,"href":"https:\/\/www.interdomizil.de\/reisemagazin\/wp-json\/wp\/v2\/posts\/2178\/revisions\/3177"}],"wp:attachment":[{"href":"https:\/\/www.interdomizil.de\/reisemagazin\/wp-json\/wp\/v2\/media?parent=2178"}],"wp:term":[{"taxonomy":"category","embeddable":true,"href":"https:\/\/www.interdomizil.de\/reisemagazin\/wp-json\/wp\/v2\/categories?post=2178"},{"taxonomy":"post_tag","embeddable":true,"href":"https:\/\/www.interdomizil.de\/reisemagazin\/wp-json\/wp\/v2\/tags?post=2178"}],"curies":[{"name":"wp","href":"https:\/\/api.w.org\/{rel}","templated":true}]}}