{"id":2143,"date":"2014-11-04T12:47:10","date_gmt":"2014-11-04T10:47:10","guid":{"rendered":"https:\/\/www.interdomizil.de\/reisemagazin\/?p=2143"},"modified":"2016-06-01T16:39:10","modified_gmt":"2016-06-01T14:39:10","slug":"kraft-tanken-zwischen-den-jahren","status":"publish","type":"post","link":"https:\/\/www.interdomizil.de\/reisemagazin\/reisetipps\/kraft-tanken-zwischen-den-jahren","title":{"rendered":"Kraft tanken zwischen den Jahren auf R\u00fcgen"},"content":{"rendered":"<div class=\"twoclick_social_bookmarks_post_2143 social_share_privacy clearfix 1.6.4 locale-de_DE sprite-de_DE\"><\/div><div class=\"twoclick-js\"><script type=\"text\/javascript\">\/* <![CDATA[ *\/\njQuery(document).ready(function($){if($('.twoclick_social_bookmarks_post_2143')){$('.twoclick_social_bookmarks_post_2143').socialSharePrivacy({\"services\":{\"facebook\":{\"status\":\"on\",\"txt_info\":\"2 Klicks f\\u00fcr mehr Datenschutz: Erst wenn Sie hier klicken, wird der Button aktiv und Sie k\\u00f6nnen Ihre Empfehlung an Facebook senden. Schon beim Aktivieren werden <strong>Daten an Dritte \\u00fcbertragen<\\\/strong> - siehe <strong>i<\\\/strong>.\",\"perma_option\":\"off\",\"action\":\"like\",\"language\":\"de_DE\"},\"twitter\":{\"reply_to\":\"\",\"tweet_text\":\"%20Kraft%20tanken%20zwischen%20den%20Jahren%20auf%20R%C3%BCgen%20%C2%BB%20InterDomizil%20Reisemagazin%20...\",\"status\":\"on\",\"txt_info\":\"2 Klicks f\\u00fcr mehr Datenschutz: Erst wenn Sie hier klicken, wird der Button aktiv und Sie k\\u00f6nnen Ihre Empfehlung an Twitter senden. Schon beim Aktivieren werden <strong>Daten an Dritte \\u00fcbertragen<\\\/strong> - siehe <strong>i<\\\/strong>.\",\"perma_option\":\"off\",\"language\":\"de\"},\"pinterest\":{\"status\":\"on\",\"the_excerpt\":\"Kraft tanken zwischen den Jahren auf R\\u00fcgen\",\"txt_info\":\"2 Klicks f\\u00fcr mehr Datenschutz: Erst wenn Sie hier klicken, wird der Button aktiv und Sie k\\u00f6nnen Ihre Empfehlung an Pinterest senden. Schon beim Aktivieren werden <strong>Daten an Dritte \\u00fcbertragen<\\\/strong> - siehe <strong>i<\\\/strong>.\",\"perma_option\":\"off\",\"media\":\"https:\\\/\\\/www.interdomizil.de\\\/reisemagazin\\\/wp-content\\\/uploads\\\/2014-01-23-08.52.06-scaled.jpg\"}},\"txt_help\":\"Wenn Sie diese Felder durch einen Klick aktivieren, werden Informationen an Facebook, Twitter, Flattr, Xing, t3n, LinkedIn, Pinterest oder Google eventuell ins Ausland <strong>\\u00fcbertragen<\\\/strong> und unter Umst\\u00e4nden auch dort <strong>gespeichert<\\\/strong>. N\\u00e4heres erfahren Sie durch einen Klick auf das <em>i<\\\/em>.\",\"settings_perma\":\"Dauerhaft aktivieren und Daten\\u00fcber-tragung zustimmen:\",\"info_link\":\"http:\\\/\\\/www.heise.de\\\/ct\\\/artikel\\\/2-Klicks-fuer-mehr-Datenschutz-1333879.html\",\"uri\":\"https:\\\/\\\/www.interdomizil.de\\\/reisemagazin\\\/reisetipps\\\/kraft-tanken-zwischen-den-jahren\",\"post_id\":2143,\"post_title_referrer_track\":\"Kraft+tanken+zwischen+den+Jahren+auf+R%C3%BCgen\",\"concat\":\"%3F\",\"display_infobox\":\"on\"});}});\n\/* ]]> *\/<\/script><\/div><figure id=\"attachment_2147\" aria-describedby=\"caption-attachment-2147\" style=\"width: 293px\" class=\"wp-caption alignright\"><img decoding=\"async\" loading=\"lazy\" class=\"wp-image-2147\" src=\"https:\/\/www.interdomizil.de\/reisemagazin\/wp-content\/uploads\/MG_6267.gif\" alt=\"entspannen im Haus Meeresblick - Foto: InterDomizil GmbH\" width=\"293\" height=\"194\" \/><figcaption id=\"caption-attachment-2147\" class=\"wp-caption-text\">entspannen im Haus Meeresblick &#8211; Foto: InterDomizil GmbH<\/figcaption><\/figure>\n<p style=\"text-align: justify;\">R\u00fcgen im Winter ist immer wieder ein besonderes Erlebnis. Die endlosen Sandstr\u00e4nde und die Kiefern bewachsenenen D\u00fcnenwege haben gerade in der kalten\u00a0Jahreszeit ihren ganz eigenen Charme und laden auch bei widriger Witterung zu langen Spazierg\u00e4ngen ein. Die Steilk\u00fcste mit ihren Kreidefelsen und die unber\u00fchrte Natur im Nationalpark Jasmund, die Seeb\u00e4der Binz und G\u00f6hren\u00a0mit ihren gr\u00fcnderzeitlichen Prachtbauten und die Halbinsel M\u00f6nchgut mit ihrer naturbelassenen Landschaft zeigen sich dem aufmerksamen Besucher von einer anderen Seite und bieten spannende neue Eindr\u00fccke. Nach Wind und Wetter wartet dann eine gem\u00fctliche Unterkunft und verspricht Entspannung und Ruhe in der stillen Zeit zwischen den Jahren.<\/p>\n<h2 style=\"text-align: justify;\">Residenz Haus Meeresblick<\/h2>\n<figure id=\"attachment_2148\" aria-describedby=\"caption-attachment-2148\" style=\"width: 303px\" class=\"wp-caption alignleft\"><img decoding=\"async\" loading=\"lazy\" class=\"wp-image-2148\" src=\"https:\/\/www.interdomizil.de\/reisemagazin\/wp-content\/uploads\/HausMeeresblicWellnessBereich-Schrift.jpg\" alt=\"eigene Wellness Lounge im Haus Meeresblick - Foto: InterDomizil GmbH\" width=\"303\" height=\"177\" srcset=\"https:\/\/www.interdomizil.de\/reisemagazin\/wp-content\/uploads\/HausMeeresblicWellnessBereich-Schrift.jpg 718w, https:\/\/www.interdomizil.de\/reisemagazin\/wp-content\/uploads\/HausMeeresblicWellnessBereich-Schrift-200x117.jpg 200w, https:\/\/www.interdomizil.de\/reisemagazin\/wp-content\/uploads\/HausMeeresblicWellnessBereich-Schrift-620x363.jpg 620w, https:\/\/www.interdomizil.de\/reisemagazin\/wp-content\/uploads\/HausMeeresblicWellnessBereich-Schrift-300x175.jpg 300w\" sizes=\"(max-width: 303px) 100vw, 303px\" \/><figcaption id=\"caption-attachment-2148\" class=\"wp-caption-text\">eigene Wellness Lounge im Haus Meeresblick &#8211; Foto: InterDomizil GmbH<\/figcaption><\/figure>\n<p style=\"text-align: justify;\">Die Residenz Haus Meeresblick \u00fcberzeugt seit ihrer Er\u00f6ffnung 2012 durch ihre herrliche Lage direkt in den D\u00fcnen, nur wenige Meter vom Sandstrand entfernt und die gehobene Ausstattung der Ferienwohnungen. Auch der gro\u00dfe Wellnessbereich mit Schwimmbad, Sauna und Duschanlage hat in den vergangenen Jahren zum Erfolg des Hauses entscheidend beigetragen. Seit Oktober verf\u00fcgt das Haus nun \u00fcber ein neues Highlight: Jetzt gibt es auch eine reichhaltige Auswahl an <a href=\"http:\/\/www.meeresblick-baabe.de\/index_ruegen_wellnessbereich.htm\" target=\"_blank\">Massagen und Kosmetikanwendungen<\/a>, die den G\u00e4sten des Hauses zu moderaten Preisen zur Verf\u00fcgung steht. Das Angebot ist dabei breit gef\u00e4chert. Das Repertoire der Massagen reicht von medizinischen Fu\u00dfmassagen \u00fcber Kopf- und Nackenbehandlungen bis zu entspannenden Hot-Stone-Packungen. Das der Kosmetik von einem reinigenden Peeling bis zum Luxuspaket mit Gold und Kaviar. Auch reine Pflegeangebote wie Manik\u00fcre, Pedik\u00fcre oder eine professionelle Haarentfernung k\u00f6nnen hier gebucht werden. Das gut geschulte Pflegeteam nimmt sich Zeit f\u00fcr die Behandlungen, zwischen 30 und 90 Minuten dauern die Anwendungen je nach Angebot. Hier k\u00f6nnen die G\u00e4ste die Seele baumeln und den hektischen Alltag hinter sich lassen \u2013 unabh\u00e4ngig von Wetter und Jahreszeit k\u00f6nnen sie sich in der Wellness-Oase eine entspannende Auszeit g\u00f6nnen. So wird der Weihnachtsurlaub doppelt sch\u00f6n. Bei der Terminbuchung stehen die Damen der Rezeption im <a href=\"http:\/\/www.meeresblick-baabe.de\/Kontakt\/impressum.htm\" target=\"_blank\">Haus Meeresblick<\/a> gerne als Ansprechpartner zur Verf\u00fcgung.<\/p>\n<p style=\"text-align: justify;\">[sc name=&#8220;FehaWo_suchen bezeichnungurl=&#8220;baabe&#8220; bezeichnung=&#8220;Baabe&#8220; ]<\/p>\n<p>&nbsp;<\/p>\n","protected":false},"excerpt":{"rendered":"<p>R\u00fcgen im Winter ist immer wieder ein besonderes Erlebnis. Die endlosen Sandstr\u00e4nde und die Kiefern bewachsenenen D\u00fcnenwege haben gerade in der kalten\u00a0Jahreszeit ihren ganz eigenen Charme und laden auch bei widriger Witterung zu langen Spazierg\u00e4ngen ein. Die Steilk\u00fcste mit ihren Kreidefelsen und die unber\u00fchrte Natur im Nationalpark Jasmund, die Seeb\u00e4der Binz und G\u00f6hren\u00a0mit ihren gr\u00fcnderzeitlichen<\/p>\n","protected":false},"author":3,"featured_media":2144,"comment_status":"open","ping_status":"open","sticky":false,"template":"","format":"standard","meta":{"footnotes":""},"categories":[37,11],"tags":[565,566,718,667,559,562,560,523,561,658],"yoast_head":"<!-- This site is optimized with the Yoast SEO plugin v16.1.1 - https:\/\/yoast.com\/wordpress\/plugins\/seo\/ -->\n<title>Kraft tanken zwischen den Jahren<\/title>\n<meta name=\"description\" content=\"Kraft tanken zwischen den Jahren\" \/>\n<link rel=\"canonical\" href=\"https:\/\/www.interdomizil.de\/reisemagazin\/reisetipps\/kraft-tanken-zwischen-den-jahren\" \/>\n<meta name=\"twitter:label1\" content=\"Gesch\u00e4tzte Lesezeit\">\n\t<meta name=\"twitter:data1\" content=\"2\u00a0Minuten\">\n<script type=\"application\/ld+json\" class=\"yoast-schema-graph\">{\"@context\":\"https:\/\/schema.org\",\"@graph\":[{\"@type\":\"WebSite\",\"@id\":\"https:\/\/www.interdomizil.de\/reisemagazin\/#website\",\"url\":\"https:\/\/www.interdomizil.de\/reisemagazin\/\",\"name\":\"InterDomizil Reisemagazin\",\"description\":\"Reiseziele. Urlaubtipps. Sehenswertes.\",\"potentialAction\":[{\"@type\":\"SearchAction\",\"target\":\"https:\/\/www.interdomizil.de\/reisemagazin\/?s={search_term_string}\",\"query-input\":\"required name=search_term_string\"}],\"inLanguage\":\"de\"},{\"@type\":\"ImageObject\",\"@id\":\"https:\/\/www.interdomizil.de\/reisemagazin\/reisetipps\/kraft-tanken-zwischen-den-jahren#primaryimage\",\"inLanguage\":\"de\",\"url\":\"https:\/\/www.interdomizil.de\/reisemagazin\/wp-content\/uploads\/2014-01-23-08.52.06-scaled.jpg\",\"contentUrl\":\"https:\/\/www.interdomizil.de\/reisemagazin\/wp-content\/uploads\/2014-01-23-08.52.06-scaled.jpg\",\"width\":2560,\"height\":1440},{\"@type\":\"WebPage\",\"@id\":\"https:\/\/www.interdomizil.de\/reisemagazin\/reisetipps\/kraft-tanken-zwischen-den-jahren#webpage\",\"url\":\"https:\/\/www.interdomizil.de\/reisemagazin\/reisetipps\/kraft-tanken-zwischen-den-jahren\",\"name\":\"Kraft tanken zwischen den Jahren\",\"isPartOf\":{\"@id\":\"https:\/\/www.interdomizil.de\/reisemagazin\/#website\"},\"primaryImageOfPage\":{\"@id\":\"https:\/\/www.interdomizil.de\/reisemagazin\/reisetipps\/kraft-tanken-zwischen-den-jahren#primaryimage\"},\"datePublished\":\"2014-11-04T10:47:10+00:00\",\"dateModified\":\"2016-06-01T14:39:10+00:00\",\"author\":{\"@id\":\"https:\/\/www.interdomizil.de\/reisemagazin\/#\/schema\/person\/ddde02f47c63e31c041176442ea05d35\"},\"description\":\"Kraft tanken zwischen den Jahren\",\"breadcrumb\":{\"@id\":\"https:\/\/www.interdomizil.de\/reisemagazin\/reisetipps\/kraft-tanken-zwischen-den-jahren#breadcrumb\"},\"inLanguage\":\"de\",\"potentialAction\":[{\"@type\":\"ReadAction\",\"target\":[\"https:\/\/www.interdomizil.de\/reisemagazin\/reisetipps\/kraft-tanken-zwischen-den-jahren\"]}]},{\"@type\":\"BreadcrumbList\",\"@id\":\"https:\/\/www.interdomizil.de\/reisemagazin\/reisetipps\/kraft-tanken-zwischen-den-jahren#breadcrumb\",\"itemListElement\":[{\"@type\":\"ListItem\",\"position\":1,\"item\":{\"@type\":\"WebPage\",\"@id\":\"https:\/\/www.interdomizil.de\/reisemagazin\/\",\"url\":\"https:\/\/www.interdomizil.de\/reisemagazin\/\",\"name\":\"Home\"}},{\"@type\":\"ListItem\",\"position\":2,\"item\":{\"@type\":\"WebPage\",\"@id\":\"https:\/\/www.interdomizil.de\/reisemagazin\/reisetipps\/kraft-tanken-zwischen-den-jahren\",\"url\":\"https:\/\/www.interdomizil.de\/reisemagazin\/reisetipps\/kraft-tanken-zwischen-den-jahren\",\"name\":\"Kraft tanken zwischen den Jahren auf R\\u00fcgen\"}}]},{\"@type\":\"Person\",\"@id\":\"https:\/\/www.interdomizil.de\/reisemagazin\/#\/schema\/person\/ddde02f47c63e31c041176442ea05d35\",\"name\":\"Redaktion\"}]}<\/script>\n<!-- \/ Yoast SEO plugin. -->","_links":{"self":[{"href":"https:\/\/www.interdomizil.de\/reisemagazin\/wp-json\/wp\/v2\/posts\/2143"}],"collection":[{"href":"https:\/\/www.interdomizil.de\/reisemagazin\/wp-json\/wp\/v2\/posts"}],"about":[{"href":"https:\/\/www.interdomizil.de\/reisemagazin\/wp-json\/wp\/v2\/types\/post"}],"author":[{"embeddable":true,"href":"https:\/\/www.interdomizil.de\/reisemagazin\/wp-json\/wp\/v2\/users\/3"}],"replies":[{"embeddable":true,"href":"https:\/\/www.interdomizil.de\/reisemagazin\/wp-json\/wp\/v2\/comments?post=2143"}],"version-history":[{"count":10,"href":"https:\/\/www.interdomizil.de\/reisemagazin\/wp-json\/wp\/v2\/posts\/2143\/revisions"}],"predecessor-version":[{"id":4872,"href":"https:\/\/www.interdomizil.de\/reisemagazin\/wp-json\/wp\/v2\/posts\/2143\/revisions\/4872"}],"wp:featuredmedia":[{"embeddable":true,"href":"https:\/\/www.interdomizil.de\/reisemagazin\/wp-json\/wp\/v2\/media\/2144"}],"wp:attachment":[{"href":"https:\/\/www.interdomizil.de\/reisemagazin\/wp-json\/wp\/v2\/media?parent=2143"}],"wp:term":[{"taxonomy":"category","embeddable":true,"href":"https:\/\/www.interdomizil.de\/reisemagazin\/wp-json\/wp\/v2\/categories?post=2143"},{"taxonomy":"post_tag","embeddable":true,"href":"https:\/\/www.interdomizil.de\/reisemagazin\/wp-json\/wp\/v2\/tags?post=2143"}],"curies":[{"name":"wp","href":"https:\/\/api.w.org\/{rel}","templated":true}]}}