{"id":1972,"date":"2014-07-07T11:36:15","date_gmt":"2014-07-07T09:36:15","guid":{"rendered":"https:\/\/www.interdomizil.de\/reisemagazin\/?p=1972"},"modified":"2021-10-15T17:24:18","modified_gmt":"2021-10-15T15:24:18","slug":"die-warnemunder-woche","status":"publish","type":"post","link":"https:\/\/www.interdomizil.de\/reisemagazin\/reisetipps\/die-warnemunder-woche","title":{"rendered":"Die 77. Warnem\u00fcnder Woche ist in vollem Gange"},"content":{"rendered":"<div class=\"twoclick_social_bookmarks_post_1972 social_share_privacy clearfix 1.6.4 locale-de_DE sprite-de_DE\"><\/div><div class=\"twoclick-js\"><script type=\"text\/javascript\">\/* <![CDATA[ *\/\njQuery(document).ready(function($){if($('.twoclick_social_bookmarks_post_1972')){$('.twoclick_social_bookmarks_post_1972').socialSharePrivacy({\"services\":{\"facebook\":{\"status\":\"on\",\"txt_info\":\"2 Klicks f\\u00fcr mehr Datenschutz: Erst wenn Sie hier klicken, wird der Button aktiv und Sie k\\u00f6nnen Ihre Empfehlung an Facebook senden. Schon beim Aktivieren werden <strong>Daten an Dritte \\u00fcbertragen<\\\/strong> - siehe <strong>i<\\\/strong>.\",\"perma_option\":\"off\",\"action\":\"like\",\"language\":\"de_DE\"},\"twitter\":{\"reply_to\":\"\",\"tweet_text\":\"%20Die%2077.%20Warnem%C3%BCnder%20Woche%20ist%20in%20vollem%20Gange%20%C2%BB%20InterDomizil%20Reisemagazin%20...\",\"status\":\"on\",\"txt_info\":\"2 Klicks f\\u00fcr mehr Datenschutz: Erst wenn Sie hier klicken, wird der Button aktiv und Sie k\\u00f6nnen Ihre Empfehlung an Twitter senden. Schon beim Aktivieren werden <strong>Daten an Dritte \\u00fcbertragen<\\\/strong> - siehe <strong>i<\\\/strong>.\",\"perma_option\":\"off\",\"language\":\"de\"},\"pinterest\":{\"status\":\"on\",\"the_excerpt\":\"Die 77. Warnem\\u00fcnder Woche ist in vollem Gange\",\"txt_info\":\"2 Klicks f\\u00fcr mehr Datenschutz: Erst wenn Sie hier klicken, wird der Button aktiv und Sie k\\u00f6nnen Ihre Empfehlung an Pinterest senden. Schon beim Aktivieren werden <strong>Daten an Dritte \\u00fcbertragen<\\\/strong> - siehe <strong>i<\\\/strong>.\",\"perma_option\":\"off\",\"media\":\"https:\\\/\\\/www.interdomizil.de\\\/reisemagazin\\\/wp-content\\\/uploads\\\/WM-Woche-77.jpg\"}},\"txt_help\":\"Wenn Sie diese Felder durch einen Klick aktivieren, werden Informationen an Facebook, Twitter, Flattr, Xing, t3n, LinkedIn, Pinterest oder Google eventuell ins Ausland <strong>\\u00fcbertragen<\\\/strong> und unter Umst\\u00e4nden auch dort <strong>gespeichert<\\\/strong>. N\\u00e4heres erfahren Sie durch einen Klick auf das <em>i<\\\/em>.\",\"settings_perma\":\"Dauerhaft aktivieren und Daten\\u00fcber-tragung zustimmen:\",\"info_link\":\"http:\\\/\\\/www.heise.de\\\/ct\\\/artikel\\\/2-Klicks-fuer-mehr-Datenschutz-1333879.html\",\"uri\":\"https:\\\/\\\/www.interdomizil.de\\\/reisemagazin\\\/reisetipps\\\/die-warnemunder-woche\",\"post_id\":1972,\"post_title_referrer_track\":\"Die+77.+Warnem%C3%BCnder+Woche+ist+in+vollem+Gange\",\"concat\":\"%3F\",\"display_infobox\":\"on\"});}});\n\/* ]]> *\/<\/script><\/div><h2>Die 77. Warnem\u00fcnder Woche ist in vollem Gange<\/h2>\n<div id=\"textpreview\">Genie\u00dfen Sie Ihren Urlaub lieber an sonnigen Str\u00e4nden, in frischer Seeluft anstatt im Hochgebirge? Wie w\u00e4re es mit einem Aufenthalt an einem der sch\u00f6nsten Ostseeb\u00e4der Deutschlands? Warnem\u00fcnde ist nicht nur der Ort, an dem Sie sich wunderbar erholen k\u00f6nnen. In Warnem\u00fcnde werden Sie vom 5. bis zum 13. Juli spannende Tage erleben. Warum? Sie nehmen teil an einem spektakul\u00e4ren, maritimen Event. Sie genie\u00dfen die Warnem\u00fcnder Woche.<\/div>\n<div><\/div>\n<div>Warnem\u00fcnde \u2013 das beliebte Ostseebad<\/div>\n<div><\/div>\n<div>Wo liegt eigentlich Warnem\u00fcnde? Dieses beliebte Seebad im Osten Deutschlands geh\u00f6rt zur Hansestadt Rostock in Mecklenburg-Vorpommern. Warnem\u00fcnde punktet besonders durch seinen 150 Meter breiten, zauberhaften Sandstrand. Nicht ohne Grund geh\u00f6rt der Warnem\u00fcnder Strand zu den sch\u00f6nsten Str\u00e4nden Deutschlands. Aber Sie wollen doch wohl nicht den ganzen Tag in Ihrem<\/div>\n<div id=\"textpreview\">\n<p>Strandkorb relaxen und die imposanten Segeljachten und Kreuzfahrtschiffe in der Ostsee bewundern? Warnem\u00fcnde hat viel mehr zu bieten. Schlendern sie \u00fcber die Strandpromenade, st\u00e4rken Sie sich in einem der zahlreichen Restaurants mit fantastischen Fischgerichten oder bummeln Sie durch den historischen Stadtkern mit seinen entz\u00fcckenden, alten, renovierten Fischerh\u00e4uschen. Bewundern Sie die vielen Sehensw\u00fcrdigkeiten, die Ihnen in Warnem\u00fcnde begegnen.<\/p>\n<\/div>\n<div><\/div>\n<h2>Der H\u00f6hepunkt des Jahres \u2013 die Warnem\u00fcnder Woche<\/h2>\n<div><\/div>\n<div>Warum reden alle nur von der Kieler Woche? Die Teilnahme an der Warnem\u00fcnder Woche vom 5. bis zum 13. Juli ist mindestens ebenso spannend, und sie genie\u00dft besonders durch die Segelregatten mit der Beteiligung von 28 Nationen einen internationalen Ruf. Hochwertige Meisterschaften werden ausgetragen, unter anderem die Goldcups, die Internationalen Deutschen Meisterschaften und die Kitesurf-Trophy. Den Urlauber erwartet neben den Segelregatten auch ein umfangreiches Unterhaltungsprogramm. Ein besonderes Highlight ist am<\/div>\n<p><img decoding=\"async\" loading=\"lazy\" class=\"aligncenter wp-image-1974 size-full\" title=\"WM-Woche 77\" src=\"https:\/\/www.interdomizil.de\/reisemagazin\/wp-content\/uploads\/WM-Woche-77.jpg\" alt=\"\" width=\"267\" height=\"200\" srcset=\"https:\/\/www.interdomizil.de\/reisemagazin\/wp-content\/uploads\/WM-Woche-77.jpg 267w, https:\/\/www.interdomizil.de\/reisemagazin\/wp-content\/uploads\/WM-Woche-77-175x131.jpg 175w, https:\/\/www.interdomizil.de\/reisemagazin\/wp-content\/uploads\/WM-Woche-77-200x149.jpg 200w\" sizes=\"(max-width: 267px) 100vw, 267px\" \/><\/p>\n<div>Er\u00f6ffnungstag der Festumzug mit allen Teilnehmern der Warnem\u00fcnder Woche. Viel Spa\u00df bereitet auch das Waschzuberrennen mit sehr originellen Modellen. Livekonzerte mit bekannten K\u00fcnstlern und Tanzvorf\u00fchrungen sorgen f\u00fcr die richtige Festival-Stimmung.Sie m\u00f6chten w\u00e4hrend Ihres Aufenthalts in Warnem\u00fcnde auch aktiv sein? Kein Problem. Besonders w\u00e4hrend der Warnem\u00fcnder Woche gibt es viele interessante Angebote f\u00fcr Wassersportfreunde. Segeln und Surfen auf der Ostsee z\u00e4hlen zu den unvergesslichen Erlebnissen. Aber auch an Land warten sportliche Aktionen. Beachvolleyball und Beachhandball geh\u00f6ren zu den beliebtesten Sportarten am Strand. Sie m\u00f6chten lieber passiv sein und Ihren Urlaub am Strand mit Faulenzen verbringen? Das sei Ihnen geg\u00f6nnt. Und was ist mit der Fu\u00dfball-WM? Keine Angst, auch in Warnem\u00fcnde verpassen Sie nichts. F\u00fcr Public Viewing ist gesorgt.<\/div>\n<div>\n<p>Also dann: Viel Spa\u00df und Erholung in Warnem\u00fcnde!<\/p>\n<\/div>\n","protected":false},"excerpt":{"rendered":"<p>Die 77. Warnem\u00fcnder Woche ist in vollem Gange Genie\u00dfen Sie Ihren Urlaub lieber an sonnigen Str\u00e4nden, in frischer Seeluft anstatt im Hochgebirge? Wie w\u00e4re es mit einem Aufenthalt an einem der sch\u00f6nsten Ostseeb\u00e4der Deutschlands? Warnem\u00fcnde ist nicht nur der Ort, an dem Sie sich wunderbar erholen k\u00f6nnen. In Warnem\u00fcnde werden Sie vom 5. bis zum<\/p>\n","protected":false},"author":3,"featured_media":1974,"comment_status":"open","ping_status":"open","sticky":false,"template":"","format":"standard","meta":{"footnotes":""},"categories":[37,11],"tags":[559,562,773,585],"yoast_head":"<!-- This site is optimized with the Yoast SEO plugin v16.1.1 - https:\/\/yoast.com\/wordpress\/plugins\/seo\/ -->\n<title>Die 77. Warnem\u00fcnder Woche ist in vollem Gange<\/title>\n<meta name=\"description\" content=\"Die 77. Warnem\u00fcnder Woche ist in vollem Gange\" \/>\n<link rel=\"canonical\" href=\"https:\/\/www.interdomizil.de\/reisemagazin\/reisetipps\/die-warnemunder-woche\" \/>\n<meta name=\"twitter:label1\" content=\"Gesch\u00e4tzte Lesezeit\">\n\t<meta name=\"twitter:data1\" content=\"2\u00a0Minuten\">\n<script type=\"application\/ld+json\" class=\"yoast-schema-graph\">{\"@context\":\"https:\/\/schema.org\",\"@graph\":[{\"@type\":\"WebSite\",\"@id\":\"https:\/\/www.interdomizil.de\/reisemagazin\/#website\",\"url\":\"https:\/\/www.interdomizil.de\/reisemagazin\/\",\"name\":\"InterDomizil Reisemagazin\",\"description\":\"Reiseziele. Urlaubtipps. Sehenswertes.\",\"potentialAction\":[{\"@type\":\"SearchAction\",\"target\":\"https:\/\/www.interdomizil.de\/reisemagazin\/?s={search_term_string}\",\"query-input\":\"required name=search_term_string\"}],\"inLanguage\":\"de\"},{\"@type\":\"ImageObject\",\"@id\":\"https:\/\/www.interdomizil.de\/reisemagazin\/reisetipps\/die-warnemunder-woche#primaryimage\",\"inLanguage\":\"de\",\"url\":\"https:\/\/www.interdomizil.de\/reisemagazin\/wp-content\/uploads\/WM-Woche-77.jpg\",\"contentUrl\":\"https:\/\/www.interdomizil.de\/reisemagazin\/wp-content\/uploads\/WM-Woche-77.jpg\",\"width\":267,\"height\":200},{\"@type\":\"WebPage\",\"@id\":\"https:\/\/www.interdomizil.de\/reisemagazin\/reisetipps\/die-warnemunder-woche#webpage\",\"url\":\"https:\/\/www.interdomizil.de\/reisemagazin\/reisetipps\/die-warnemunder-woche\",\"name\":\"Die 77. Warnem\\u00fcnder Woche ist in vollem Gange\",\"isPartOf\":{\"@id\":\"https:\/\/www.interdomizil.de\/reisemagazin\/#website\"},\"primaryImageOfPage\":{\"@id\":\"https:\/\/www.interdomizil.de\/reisemagazin\/reisetipps\/die-warnemunder-woche#primaryimage\"},\"datePublished\":\"2014-07-07T09:36:15+00:00\",\"dateModified\":\"2021-10-15T15:24:18+00:00\",\"author\":{\"@id\":\"https:\/\/www.interdomizil.de\/reisemagazin\/#\/schema\/person\/ddde02f47c63e31c041176442ea05d35\"},\"description\":\"Die 77. Warnem\\u00fcnder Woche ist in vollem Gange\",\"breadcrumb\":{\"@id\":\"https:\/\/www.interdomizil.de\/reisemagazin\/reisetipps\/die-warnemunder-woche#breadcrumb\"},\"inLanguage\":\"de\",\"potentialAction\":[{\"@type\":\"ReadAction\",\"target\":[\"https:\/\/www.interdomizil.de\/reisemagazin\/reisetipps\/die-warnemunder-woche\"]}]},{\"@type\":\"BreadcrumbList\",\"@id\":\"https:\/\/www.interdomizil.de\/reisemagazin\/reisetipps\/die-warnemunder-woche#breadcrumb\",\"itemListElement\":[{\"@type\":\"ListItem\",\"position\":1,\"item\":{\"@type\":\"WebPage\",\"@id\":\"https:\/\/www.interdomizil.de\/reisemagazin\/\",\"url\":\"https:\/\/www.interdomizil.de\/reisemagazin\/\",\"name\":\"Home\"}},{\"@type\":\"ListItem\",\"position\":2,\"item\":{\"@type\":\"WebPage\",\"@id\":\"https:\/\/www.interdomizil.de\/reisemagazin\/reisetipps\/die-warnemunder-woche\",\"url\":\"https:\/\/www.interdomizil.de\/reisemagazin\/reisetipps\/die-warnemunder-woche\",\"name\":\"Die 77. Warnem\\u00fcnder Woche ist in vollem Gange\"}}]},{\"@type\":\"Person\",\"@id\":\"https:\/\/www.interdomizil.de\/reisemagazin\/#\/schema\/person\/ddde02f47c63e31c041176442ea05d35\",\"name\":\"Redaktion\"}]}<\/script>\n<!-- \/ Yoast SEO plugin. -->","_links":{"self":[{"href":"https:\/\/www.interdomizil.de\/reisemagazin\/wp-json\/wp\/v2\/posts\/1972"}],"collection":[{"href":"https:\/\/www.interdomizil.de\/reisemagazin\/wp-json\/wp\/v2\/posts"}],"about":[{"href":"https:\/\/www.interdomizil.de\/reisemagazin\/wp-json\/wp\/v2\/types\/post"}],"author":[{"embeddable":true,"href":"https:\/\/www.interdomizil.de\/reisemagazin\/wp-json\/wp\/v2\/users\/3"}],"replies":[{"embeddable":true,"href":"https:\/\/www.interdomizil.de\/reisemagazin\/wp-json\/wp\/v2\/comments?post=1972"}],"version-history":[{"count":17,"href":"https:\/\/www.interdomizil.de\/reisemagazin\/wp-json\/wp\/v2\/posts\/1972\/revisions"}],"predecessor-version":[{"id":11477,"href":"https:\/\/www.interdomizil.de\/reisemagazin\/wp-json\/wp\/v2\/posts\/1972\/revisions\/11477"}],"wp:featuredmedia":[{"embeddable":true,"href":"https:\/\/www.interdomizil.de\/reisemagazin\/wp-json\/wp\/v2\/media\/1974"}],"wp:attachment":[{"href":"https:\/\/www.interdomizil.de\/reisemagazin\/wp-json\/wp\/v2\/media?parent=1972"}],"wp:term":[{"taxonomy":"category","embeddable":true,"href":"https:\/\/www.interdomizil.de\/reisemagazin\/wp-json\/wp\/v2\/categories?post=1972"},{"taxonomy":"post_tag","embeddable":true,"href":"https:\/\/www.interdomizil.de\/reisemagazin\/wp-json\/wp\/v2\/tags?post=1972"}],"curies":[{"name":"wp","href":"https:\/\/api.w.org\/{rel}","templated":true}]}}