{"id":1785,"date":"2014-06-03T12:27:53","date_gmt":"2014-06-03T10:27:53","guid":{"rendered":"https:\/\/www.interdomizil.de\/reisemagazin\/?p=1785"},"modified":"2016-05-27T16:11:45","modified_gmt":"2016-05-27T14:11:45","slug":"gruppe-a-das-sind-die-teams","status":"publish","type":"post","link":"https:\/\/www.interdomizil.de\/reisemagazin\/reiseziele\/gruppe-a-das-sind-die-teams","title":{"rendered":"Gruppe A \u2013 Das sind die Teams"},"content":{"rendered":"<div class=\"twoclick_social_bookmarks_post_1785 social_share_privacy clearfix 1.6.4 locale-de_DE sprite-de_DE\"><\/div><div class=\"twoclick-js\"><script type=\"text\/javascript\">\/* <![CDATA[ *\/\njQuery(document).ready(function($){if($('.twoclick_social_bookmarks_post_1785')){$('.twoclick_social_bookmarks_post_1785').socialSharePrivacy({\"services\":{\"facebook\":{\"status\":\"on\",\"txt_info\":\"2 Klicks f\\u00fcr mehr Datenschutz: Erst wenn Sie hier klicken, wird der Button aktiv und Sie k\\u00f6nnen Ihre Empfehlung an Facebook senden. Schon beim Aktivieren werden <strong>Daten an Dritte \\u00fcbertragen<\\\/strong> - siehe <strong>i<\\\/strong>.\",\"perma_option\":\"off\",\"action\":\"like\",\"language\":\"de_DE\"},\"twitter\":{\"reply_to\":\"\",\"tweet_text\":\"Gruppe%20A%20%E2%80%93%20Das%20sind%20die%20Teams%20%C2%BB%20InterDomizil%20Reisemagazin\",\"status\":\"on\",\"txt_info\":\"2 Klicks f\\u00fcr mehr Datenschutz: Erst wenn Sie hier klicken, wird der Button aktiv und Sie k\\u00f6nnen Ihre Empfehlung an Twitter senden. Schon beim Aktivieren werden <strong>Daten an Dritte \\u00fcbertragen<\\\/strong> - siehe <strong>i<\\\/strong>.\",\"perma_option\":\"off\",\"language\":\"de\"}},\"txt_help\":\"Wenn Sie diese Felder durch einen Klick aktivieren, werden Informationen an Facebook, Twitter, Flattr, Xing, t3n, LinkedIn, Pinterest oder Google eventuell ins Ausland <strong>\\u00fcbertragen<\\\/strong> und unter Umst\\u00e4nden auch dort <strong>gespeichert<\\\/strong>. N\\u00e4heres erfahren Sie durch einen Klick auf das <em>i<\\\/em>.\",\"settings_perma\":\"Dauerhaft aktivieren und Daten\\u00fcber-tragung zustimmen:\",\"info_link\":\"http:\\\/\\\/www.heise.de\\\/ct\\\/artikel\\\/2-Klicks-fuer-mehr-Datenschutz-1333879.html\",\"uri\":\"https:\\\/\\\/www.interdomizil.de\\\/reisemagazin\\\/reiseziele\\\/gruppe-a-das-sind-die-teams\",\"post_id\":1785,\"post_title_referrer_track\":\"Gruppe+A+%E2%80%93+Das+sind+die+Teams\",\"concat\":\"%3F\",\"display_infobox\":\"on\"});}});\n\/* ]]> *\/<\/script><\/div><p>Keine 2 Wochen mehr, dann startet die <strong>Fu\u00dfball-WM in Brasilien<\/strong> \u2013 <strong>32 Teams<\/strong> stellen sich der Herausforderung. Wir stellen hier die Vorrundengruppen vor.<\/p>\n<p><span style=\"font-size: 13px;\">Befindet sich in der ersten Vorrunden-Gruppe der zuk\u00fcnftige Weltmeister?<\/span><\/p>\n<p><span style=\"font-size: 13px;\">\u00a0<strong>Brasiliens<\/strong> Team konnte den Titel schon f\u00fcnf Mal holen und gilt auch in diesem Jahr als hei\u00dfer Favorit f\u00fcr den Cup. Als Gastgeber automatisch qualifiziert, bestreitet die Sele\u00e7\u00e3o das Er\u00f6ffnungsspiel am 12. Juni gegen <strong><a title=\"Urlaub in Kroatien\" href=\"http:\/\/www.ferien-privat.de\/kroatien\" target=\"_blank\">Kroatien<\/a><\/strong>. Das beste WM-Ergebnis Kroatiens war bis jetzt Platz 3 1998. Die Kroaten haben in den Qualifikationsspielen eine echte Zitterpartie hingelegt und konnten sich doch nach einem 2:0-Sieg gegen Island durchsetzen.<\/span><\/p>\n<p><strong>Mexiko<\/strong> konnte sich nicht direkt f\u00fcr die WM qualifizieren und erreichte die Vorrunde nur dank der Sch\u00fctzenhilfe der USA in der Relegation. Damit stehen die Mexikaner als Au\u00dfenseiter in dieser Gruppe da; sie haben aber schon in vielen Spielen gezeigt, dass sie durchaus f\u00fcr \u00dcberraschungen gut sein k\u00f6nnen.<\/p>\n<p>Auch die Qualifikation <strong>Kameruns<\/strong> stand auf der Kippe: wegen \u201estaatlicher Einmischung\u201c hatte die FIFA den afrikanischen Verband zun\u00e4chst f\u00fcr internationale Wettbewerbe gesperrt. Nach langem Zittern stehen jetzt die \u201eL\u00f6wen\u201c, in deren National-Elf sich vier deutsche Bundesliga-Spieler befinden, bereit, um ihr Land in Brasilien zu vertreten, aber es d\u00fcrfte ihnen, sich gegen die Gastgeber durchzusetzen. Ein Au\u00dfenseiter-Erfolg ist diesem Team aber unbedingt zuzutrauen.<\/p>\n","protected":false},"excerpt":{"rendered":"<p>Keine 2 Wochen mehr, dann startet die Fu\u00dfball-WM in Brasilien \u2013 32 Teams stellen sich der Herausforderung. Wir stellen hier die Vorrundengruppen vor. Befindet sich in der ersten Vorrunden-Gruppe der zuk\u00fcnftige Weltmeister? \u00a0Brasiliens Team konnte den Titel schon f\u00fcnf Mal holen und gilt auch in diesem Jahr als hei\u00dfer Favorit f\u00fcr den Cup. Als Gastgeber<\/p>\n","protected":false},"author":3,"featured_media":0,"comment_status":"open","ping_status":"open","sticky":false,"template":"","format":"standard","meta":{"footnotes":""},"categories":[12],"tags":[],"yoast_head":"<!-- This site is optimized with the Yoast SEO plugin v16.1.1 - https:\/\/yoast.com\/wordpress\/plugins\/seo\/ -->\n<title>Keine 2 Wochen mehr, dann startet die Fu\u00dfball-WM in Brasilien - 32 Teams<\/title>\n<meta name=\"description\" content=\"Keine 2 Wochen mehr, dann startet die Fu\u00dfball-WM in Brasilien - 32 Teams stellen sich der Herausforderung.\" \/>\n<link rel=\"canonical\" href=\"https:\/\/www.interdomizil.de\/reisemagazin\/reiseziele\/gruppe-a-das-sind-die-teams\" \/>\n<meta name=\"twitter:label1\" content=\"Gesch\u00e4tzte Lesezeit\">\n\t<meta name=\"twitter:data1\" content=\"1\u00a0Minute\">\n<script type=\"application\/ld+json\" class=\"yoast-schema-graph\">{\"@context\":\"https:\/\/schema.org\",\"@graph\":[{\"@type\":\"WebSite\",\"@id\":\"https:\/\/www.interdomizil.de\/reisemagazin\/#website\",\"url\":\"https:\/\/www.interdomizil.de\/reisemagazin\/\",\"name\":\"InterDomizil Reisemagazin\",\"description\":\"Reiseziele. Urlaubtipps. Sehenswertes.\",\"potentialAction\":[{\"@type\":\"SearchAction\",\"target\":\"https:\/\/www.interdomizil.de\/reisemagazin\/?s={search_term_string}\",\"query-input\":\"required name=search_term_string\"}],\"inLanguage\":\"de\"},{\"@type\":\"WebPage\",\"@id\":\"https:\/\/www.interdomizil.de\/reisemagazin\/reiseziele\/gruppe-a-das-sind-die-teams#webpage\",\"url\":\"https:\/\/www.interdomizil.de\/reisemagazin\/reiseziele\/gruppe-a-das-sind-die-teams\",\"name\":\"Keine 2 Wochen mehr, dann startet die Fu\\u00dfball-WM in Brasilien - 32 Teams\",\"isPartOf\":{\"@id\":\"https:\/\/www.interdomizil.de\/reisemagazin\/#website\"},\"datePublished\":\"2014-06-03T10:27:53+00:00\",\"dateModified\":\"2016-05-27T14:11:45+00:00\",\"author\":{\"@id\":\"https:\/\/www.interdomizil.de\/reisemagazin\/#\/schema\/person\/ddde02f47c63e31c041176442ea05d35\"},\"description\":\"Keine 2 Wochen mehr, dann startet die Fu\\u00dfball-WM in Brasilien - 32 Teams stellen sich der Herausforderung.\",\"breadcrumb\":{\"@id\":\"https:\/\/www.interdomizil.de\/reisemagazin\/reiseziele\/gruppe-a-das-sind-die-teams#breadcrumb\"},\"inLanguage\":\"de\",\"potentialAction\":[{\"@type\":\"ReadAction\",\"target\":[\"https:\/\/www.interdomizil.de\/reisemagazin\/reiseziele\/gruppe-a-das-sind-die-teams\"]}]},{\"@type\":\"BreadcrumbList\",\"@id\":\"https:\/\/www.interdomizil.de\/reisemagazin\/reiseziele\/gruppe-a-das-sind-die-teams#breadcrumb\",\"itemListElement\":[{\"@type\":\"ListItem\",\"position\":1,\"item\":{\"@type\":\"WebPage\",\"@id\":\"https:\/\/www.interdomizil.de\/reisemagazin\/\",\"url\":\"https:\/\/www.interdomizil.de\/reisemagazin\/\",\"name\":\"Home\"}},{\"@type\":\"ListItem\",\"position\":2,\"item\":{\"@type\":\"WebPage\",\"@id\":\"https:\/\/www.interdomizil.de\/reisemagazin\/reiseziele\/gruppe-a-das-sind-die-teams\",\"url\":\"https:\/\/www.interdomizil.de\/reisemagazin\/reiseziele\/gruppe-a-das-sind-die-teams\",\"name\":\"Gruppe A \\u2013 Das sind die Teams\"}}]},{\"@type\":\"Person\",\"@id\":\"https:\/\/www.interdomizil.de\/reisemagazin\/#\/schema\/person\/ddde02f47c63e31c041176442ea05d35\",\"name\":\"Redaktion\"}]}<\/script>\n<!-- \/ Yoast SEO plugin. -->","_links":{"self":[{"href":"https:\/\/www.interdomizil.de\/reisemagazin\/wp-json\/wp\/v2\/posts\/1785"}],"collection":[{"href":"https:\/\/www.interdomizil.de\/reisemagazin\/wp-json\/wp\/v2\/posts"}],"about":[{"href":"https:\/\/www.interdomizil.de\/reisemagazin\/wp-json\/wp\/v2\/types\/post"}],"author":[{"embeddable":true,"href":"https:\/\/www.interdomizil.de\/reisemagazin\/wp-json\/wp\/v2\/users\/3"}],"replies":[{"embeddable":true,"href":"https:\/\/www.interdomizil.de\/reisemagazin\/wp-json\/wp\/v2\/comments?post=1785"}],"version-history":[{"count":25,"href":"https:\/\/www.interdomizil.de\/reisemagazin\/wp-json\/wp\/v2\/posts\/1785\/revisions"}],"predecessor-version":[{"id":4829,"href":"https:\/\/www.interdomizil.de\/reisemagazin\/wp-json\/wp\/v2\/posts\/1785\/revisions\/4829"}],"wp:attachment":[{"href":"https:\/\/www.interdomizil.de\/reisemagazin\/wp-json\/wp\/v2\/media?parent=1785"}],"wp:term":[{"taxonomy":"category","embeddable":true,"href":"https:\/\/www.interdomizil.de\/reisemagazin\/wp-json\/wp\/v2\/categories?post=1785"},{"taxonomy":"post_tag","embeddable":true,"href":"https:\/\/www.interdomizil.de\/reisemagazin\/wp-json\/wp\/v2\/tags?post=1785"}],"curies":[{"name":"wp","href":"https:\/\/api.w.org\/{rel}","templated":true}]}}