{"id":1624,"date":"2014-04-30T16:23:25","date_gmt":"2014-04-30T14:23:25","guid":{"rendered":"https:\/\/www.interdomizil.de\/reisemagazin\/?p=1624"},"modified":"2017-07-06T11:12:46","modified_gmt":"2017-07-06T09:12:46","slug":"berge-seen-truffel-reiterferien-in-der-toskana","status":"publish","type":"post","link":"https:\/\/www.interdomizil.de\/reisemagazin\/reisetipps\/berge-seen-truffel-reiterferien-in-der-toskana","title":{"rendered":"Berge, Seen, Tr\u00fcffel &#8211; Reiterferien in der Toskana"},"content":{"rendered":"<div class=\"twoclick_social_bookmarks_post_1624 social_share_privacy clearfix 1.6.4 locale-de_DE sprite-de_DE\"><\/div><div class=\"twoclick-js\"><script type=\"text\/javascript\">\/* <![CDATA[ *\/\njQuery(document).ready(function($){if($('.twoclick_social_bookmarks_post_1624')){$('.twoclick_social_bookmarks_post_1624').socialSharePrivacy({\"services\":{\"facebook\":{\"status\":\"on\",\"txt_info\":\"2 Klicks f\\u00fcr mehr Datenschutz: Erst wenn Sie hier klicken, wird der Button aktiv und Sie k\\u00f6nnen Ihre Empfehlung an Facebook senden. Schon beim Aktivieren werden <strong>Daten an Dritte \\u00fcbertragen<\\\/strong> - siehe <strong>i<\\\/strong>.\",\"perma_option\":\"off\",\"action\":\"like\",\"language\":\"de_DE\"},\"twitter\":{\"reply_to\":\"\",\"tweet_text\":\"%20Berge%2C%20Seen%2C%20Tr%C3%BCffel%20%E2%80%93%20Reiterferien%20in%20der%20Toskana%20%C2%BB%20InterDomizil%20...\",\"status\":\"on\",\"txt_info\":\"2 Klicks f\\u00fcr mehr Datenschutz: Erst wenn Sie hier klicken, wird der Button aktiv und Sie k\\u00f6nnen Ihre Empfehlung an Twitter senden. Schon beim Aktivieren werden <strong>Daten an Dritte \\u00fcbertragen<\\\/strong> - siehe <strong>i<\\\/strong>.\",\"perma_option\":\"off\",\"language\":\"de\"},\"pinterest\":{\"status\":\"on\",\"the_excerpt\":\"Berge, Seen, Tr\\u00fcffel &#8211; Reiterferien in der Toskana\",\"txt_info\":\"2 Klicks f\\u00fcr mehr Datenschutz: Erst wenn Sie hier klicken, wird der Button aktiv und Sie k\\u00f6nnen Ihre Empfehlung an Pinterest senden. Schon beim Aktivieren werden <strong>Daten an Dritte \\u00fcbertragen<\\\/strong> - siehe <strong>i<\\\/strong>.\",\"perma_option\":\"off\",\"media\":\"https:\\\/\\\/www.interdomizil.de\\\/reisemagazin\\\/wp-content\\\/uploads\\\/DCP_5242.jpg\"}},\"txt_help\":\"Wenn Sie diese Felder durch einen Klick aktivieren, werden Informationen an Facebook, Twitter, Flattr, Xing, t3n, LinkedIn, Pinterest oder Google eventuell ins Ausland <strong>\\u00fcbertragen<\\\/strong> und unter Umst\\u00e4nden auch dort <strong>gespeichert<\\\/strong>. N\\u00e4heres erfahren Sie durch einen Klick auf das <em>i<\\\/em>.\",\"settings_perma\":\"Dauerhaft aktivieren und Daten\\u00fcber-tragung zustimmen:\",\"info_link\":\"http:\\\/\\\/www.heise.de\\\/ct\\\/artikel\\\/2-Klicks-fuer-mehr-Datenschutz-1333879.html\",\"uri\":\"https:\\\/\\\/www.interdomizil.de\\\/reisemagazin\\\/reisetipps\\\/berge-seen-truffel-reiterferien-in-der-toskana\",\"post_id\":1624,\"post_title_referrer_track\":\"Berge%2C+Seen%2C+Tr%C3%BCffel+%26%238211%3B+Reiterferien+in+der+Toskana\",\"concat\":\"%3F\",\"display_infobox\":\"on\"});}});\n\/* ]]> *\/<\/script><\/div><p>Die Toskana mit ihrer vielf\u00e4ltigen Natur und ihren gro\u00dfen H\u00f6henunterschieden ist ein ideales Revier f\u00fcr Reiterferien. Von den T\u00e4lern des Arno bis in die Berge der <a title=\"Urlaub in Maremma\" href=\"http:\/\/www.ferien-privat.de\/italien\/toskana\/maremma\" target=\"_blank\" rel=\"noopener\">Maremma<\/a> finden Pferde begeisterte H\u00f6fe und Gest\u00fcte, die sich ganz auf ihre Bed\u00fcrfnisse spezialisiert haben. In einigen Stallungen ist es inzwischen sogar m\u00f6glich, sein Pferd mitzubringen \u2013 die meisten Veranstalter von Reiterferien verlassen sich jedoch weiterhin auf ihre eigenen Vierbeiner. Diese sind an wechselnde Reiter mit unterschiedlichen F\u00e4higkeiten gew\u00f6hnt und kennen die Umgebung genau, so dass sie sich nicht verlaufen, falls sie einmal von der Gruppe getrennt werden. Von Tagesausfl\u00fcgen bis hin zu mehrt\u00e4gigen Treks gibt es eine Vielzahl von Angeboten f\u00fcr Reitergruppen.<\/p>\n<p>Kulinarisch gepr\u00e4gte Reitausfl\u00fcge haben derzeit Hochkonjunktur: Mehrere Anbieter organisieren Treks zu verschiedenen Wein-, K\u00e4se- oder Oliven\u00f6lproduzenten. Dabei ziehen die Reitergruppen auf mehrt\u00e4gigen Touren durch ein bestimmtes Gebiet und besuchen nacheinander verschiedene Manufakturen auf. Um ihre Vierbeiner k\u00fcmmern sie sich selbst, sobald sie ihren Bestimmungsort f\u00fcr den Tag erreicht haben, und genie\u00dfen dann die landestypischen Produkte. Als neueste Attraktion ist vor einigen Jahren der Tr\u00fcffelritt nach franz\u00f6sischem Vorbild in der Maremma angekommen.<\/p>\n<p>&nbsp;<\/p>\n<figure style=\"width: 414px\" class=\"wp-caption aligncenter\"><img decoding=\"async\" loading=\"lazy\" title=\"DCP_5242\" src=\"https:\/\/www.interdomizil.de\/reisemagazin\/wp-content\/uploads\/DCP_5242-1024x682.jpg\" alt=\"Toskana (\u00a9 InterDomizil GmbH)\" width=\"414\" height=\"275\" \/><figcaption class=\"wp-caption-text\">Toskana (\u00a9 InterDomizil GmbH)<\/figcaption><\/figure>\n<p>Gef\u00fchrt von einem cacciatore di tartufo , einem lokalen Tr\u00fcffelprofi und seinem Hund, ziehen die Reiter in den fr\u00fchen Morgenstunden in die W\u00e4lder auf der Suche nach der kostbaren Knollenfrucht. Obwohl Tr\u00fcffel das ganze Jahr zu finden sind, ist es im Sp\u00e4therbst am einfachsten, den edelsten und begehrtesten Pilz, den wei\u00dfen Tr\u00fcffel, zu finden. Die Aufregung der Jagd und die unvergleichliche Sch\u00f6nheit der toskanischen W\u00e4lder tr\u00f6sten die unerschrockenen Reiter dann \u00fcber das fr\u00fche Aufstehen und die kalten H\u00e4nde hinweg \u2013 der Tr\u00fcffelhund bringt mit seiner aufgeregten Suche schnell Bewegung in die ganze Gruppe.<\/p>\n<p>Am Abend folgt dann die Bewirtung durch den n\u00e4chsten Gastgeber mit lokalen Spezialit\u00e4ten, und fr\u00fch am n\u00e4chsten Morgen geht es erneut in die W\u00e4lder. Bis zu 10 Tage sind die Reitergruppen unterwegs und lernen dabei die Gegend aus einem ganz besonderen Blickwinkel kennen. Sehr beliebt sind mehrt\u00e4gige Exkursionen, die zu dem ber\u00fchmten Stadtfest \u201eSagra delle Castagne e del Tartufo\u201c in Montaione f\u00fchren, das jedes Jahr am letzten Wochenende im Oktober stattfindet. Hier treffen sich die cacciatori aus der ganzen Umgebung, um\u00a0 ihre besten \u201eF\u00e4nge\u201c zu vergleichen und die besten lokalen Produkte aus Kastanien und Tr\u00fcffeln zu k\u00fcren.<\/p>\n<p>Seit 1969 findet an drei Wochenenden im November in San Miniato das gr\u00f6\u00dfte Tr\u00fcffelfest der Toskana statt: das \u201eSagra del tartufo di San Miniato\u201c. Hier werden nicht nur die besten Produkte gek\u00fcrt, sondern auch der gr\u00f6\u00dfte gefundene Tr\u00fcffel, sowie der \u00e4lteste und der j\u00fcngste erfolgreiche cacciatore. Nach dem Tr\u00fcffelfest endet auch die Reitersaison \u2013 zwar bieten noch einige Veranstalter Tagesausritte an, aber mehrt\u00e4gige Touren finden im Winter nicht mehr statt, um Gefahren f\u00fcr Ross und Reiter zu vermeiden.<\/p>\n<p>Doch schon ab April geht sie wieder los, die Jagd nach der teuersten Knolle der Welt, und die Reiter der Toskana sind wieder ganz vorne dabei.<\/p>\n","protected":false},"excerpt":{"rendered":"<p>Die Toskana mit ihrer vielf\u00e4ltigen Natur und ihren gro\u00dfen H\u00f6henunterschieden ist ein ideales Revier f\u00fcr Reiterferien. Von den T\u00e4lern des Arno bis in die Berge der Maremma finden Pferde begeisterte H\u00f6fe und Gest\u00fcte, die sich ganz auf ihre Bed\u00fcrfnisse spezialisiert haben. In einigen Stallungen ist es inzwischen sogar m\u00f6glich, sein Pferd mitzubringen \u2013 die meisten<\/p>\n","protected":false},"author":3,"featured_media":1632,"comment_status":"open","ping_status":"open","sticky":false,"template":"","format":"standard","meta":{"footnotes":""},"categories":[49,11],"tags":[666,701,543,626,757],"yoast_head":"<!-- This site is optimized with the Yoast SEO plugin v16.1.1 - https:\/\/yoast.com\/wordpress\/plugins\/seo\/ -->\n<title>Berge, Seen, Tr\u00fcffel - Reiterferien in der Toskana<\/title>\n<meta name=\"description\" content=\"Berge, Seen, Tr\u00fcffel - Reiterferien in der Toskana\" \/>\n<link rel=\"canonical\" href=\"https:\/\/www.interdomizil.de\/reisemagazin\/reisetipps\/berge-seen-truffel-reiterferien-in-der-toskana\" \/>\n<meta name=\"twitter:label1\" content=\"Gesch\u00e4tzte Lesezeit\">\n\t<meta name=\"twitter:data1\" content=\"3\u00a0Minuten\">\n<script type=\"application\/ld+json\" class=\"yoast-schema-graph\">{\"@context\":\"https:\/\/schema.org\",\"@graph\":[{\"@type\":\"WebSite\",\"@id\":\"https:\/\/www.interdomizil.de\/reisemagazin\/#website\",\"url\":\"https:\/\/www.interdomizil.de\/reisemagazin\/\",\"name\":\"InterDomizil Reisemagazin\",\"description\":\"Reiseziele. Urlaubtipps. Sehenswertes.\",\"potentialAction\":[{\"@type\":\"SearchAction\",\"target\":\"https:\/\/www.interdomizil.de\/reisemagazin\/?s={search_term_string}\",\"query-input\":\"required name=search_term_string\"}],\"inLanguage\":\"de\"},{\"@type\":\"ImageObject\",\"@id\":\"https:\/\/www.interdomizil.de\/reisemagazin\/reisetipps\/berge-seen-truffel-reiterferien-in-der-toskana#primaryimage\",\"inLanguage\":\"de\",\"url\":\"https:\/\/www.interdomizil.de\/reisemagazin\/wp-content\/uploads\/DCP_5242.jpg\",\"contentUrl\":\"https:\/\/www.interdomizil.de\/reisemagazin\/wp-content\/uploads\/DCP_5242.jpg\",\"width\":1800,\"height\":1200},{\"@type\":\"WebPage\",\"@id\":\"https:\/\/www.interdomizil.de\/reisemagazin\/reisetipps\/berge-seen-truffel-reiterferien-in-der-toskana#webpage\",\"url\":\"https:\/\/www.interdomizil.de\/reisemagazin\/reisetipps\/berge-seen-truffel-reiterferien-in-der-toskana\",\"name\":\"Berge, Seen, Tr\\u00fcffel - Reiterferien in der Toskana\",\"isPartOf\":{\"@id\":\"https:\/\/www.interdomizil.de\/reisemagazin\/#website\"},\"primaryImageOfPage\":{\"@id\":\"https:\/\/www.interdomizil.de\/reisemagazin\/reisetipps\/berge-seen-truffel-reiterferien-in-der-toskana#primaryimage\"},\"datePublished\":\"2014-04-30T14:23:25+00:00\",\"dateModified\":\"2017-07-06T09:12:46+00:00\",\"author\":{\"@id\":\"https:\/\/www.interdomizil.de\/reisemagazin\/#\/schema\/person\/ddde02f47c63e31c041176442ea05d35\"},\"description\":\"Berge, Seen, Tr\\u00fcffel - Reiterferien in der Toskana\",\"breadcrumb\":{\"@id\":\"https:\/\/www.interdomizil.de\/reisemagazin\/reisetipps\/berge-seen-truffel-reiterferien-in-der-toskana#breadcrumb\"},\"inLanguage\":\"de\",\"potentialAction\":[{\"@type\":\"ReadAction\",\"target\":[\"https:\/\/www.interdomizil.de\/reisemagazin\/reisetipps\/berge-seen-truffel-reiterferien-in-der-toskana\"]}]},{\"@type\":\"BreadcrumbList\",\"@id\":\"https:\/\/www.interdomizil.de\/reisemagazin\/reisetipps\/berge-seen-truffel-reiterferien-in-der-toskana#breadcrumb\",\"itemListElement\":[{\"@type\":\"ListItem\",\"position\":1,\"item\":{\"@type\":\"WebPage\",\"@id\":\"https:\/\/www.interdomizil.de\/reisemagazin\/\",\"url\":\"https:\/\/www.interdomizil.de\/reisemagazin\/\",\"name\":\"Home\"}},{\"@type\":\"ListItem\",\"position\":2,\"item\":{\"@type\":\"WebPage\",\"@id\":\"https:\/\/www.interdomizil.de\/reisemagazin\/reisetipps\/berge-seen-truffel-reiterferien-in-der-toskana\",\"url\":\"https:\/\/www.interdomizil.de\/reisemagazin\/reisetipps\/berge-seen-truffel-reiterferien-in-der-toskana\",\"name\":\"Berge, Seen, Tr\\u00fcffel &#8211; Reiterferien in der Toskana\"}}]},{\"@type\":\"Person\",\"@id\":\"https:\/\/www.interdomizil.de\/reisemagazin\/#\/schema\/person\/ddde02f47c63e31c041176442ea05d35\",\"name\":\"Redaktion\"}]}<\/script>\n<!-- \/ Yoast SEO plugin. -->","_links":{"self":[{"href":"https:\/\/www.interdomizil.de\/reisemagazin\/wp-json\/wp\/v2\/posts\/1624"}],"collection":[{"href":"https:\/\/www.interdomizil.de\/reisemagazin\/wp-json\/wp\/v2\/posts"}],"about":[{"href":"https:\/\/www.interdomizil.de\/reisemagazin\/wp-json\/wp\/v2\/types\/post"}],"author":[{"embeddable":true,"href":"https:\/\/www.interdomizil.de\/reisemagazin\/wp-json\/wp\/v2\/users\/3"}],"replies":[{"embeddable":true,"href":"https:\/\/www.interdomizil.de\/reisemagazin\/wp-json\/wp\/v2\/comments?post=1624"}],"version-history":[{"count":23,"href":"https:\/\/www.interdomizil.de\/reisemagazin\/wp-json\/wp\/v2\/posts\/1624\/revisions"}],"predecessor-version":[{"id":7038,"href":"https:\/\/www.interdomizil.de\/reisemagazin\/wp-json\/wp\/v2\/posts\/1624\/revisions\/7038"}],"wp:featuredmedia":[{"embeddable":true,"href":"https:\/\/www.interdomizil.de\/reisemagazin\/wp-json\/wp\/v2\/media\/1632"}],"wp:attachment":[{"href":"https:\/\/www.interdomizil.de\/reisemagazin\/wp-json\/wp\/v2\/media?parent=1624"}],"wp:term":[{"taxonomy":"category","embeddable":true,"href":"https:\/\/www.interdomizil.de\/reisemagazin\/wp-json\/wp\/v2\/categories?post=1624"},{"taxonomy":"post_tag","embeddable":true,"href":"https:\/\/www.interdomizil.de\/reisemagazin\/wp-json\/wp\/v2\/tags?post=1624"}],"curies":[{"name":"wp","href":"https:\/\/api.w.org\/{rel}","templated":true}]}}