{"id":1509,"date":"2014-02-13T17:35:10","date_gmt":"2014-02-13T15:35:10","guid":{"rendered":"https:\/\/www.interdomizil.de\/reisemagazin\/?p=1509"},"modified":"2016-06-01T16:04:55","modified_gmt":"2016-06-01T14:04:55","slug":"warnemunde-urlaub-ohne-grenzen","status":"publish","type":"post","link":"https:\/\/www.interdomizil.de\/reisemagazin\/reiseziele\/deutschland\/warnemunde-urlaub-ohne-grenzen","title":{"rendered":"Warnem\u00fcnde barrierefrei &#8211; Urlaub ohne Grenzen"},"content":{"rendered":"<div class=\"twoclick_social_bookmarks_post_1509 social_share_privacy clearfix 1.6.4 locale-de_DE sprite-de_DE\"><\/div><div class=\"twoclick-js\"><script type=\"text\/javascript\">\/* <![CDATA[ *\/\njQuery(document).ready(function($){if($('.twoclick_social_bookmarks_post_1509')){$('.twoclick_social_bookmarks_post_1509').socialSharePrivacy({\"services\":{\"facebook\":{\"status\":\"on\",\"txt_info\":\"2 Klicks f\\u00fcr mehr Datenschutz: Erst wenn Sie hier klicken, wird der Button aktiv und Sie k\\u00f6nnen Ihre Empfehlung an Facebook senden. Schon beim Aktivieren werden <strong>Daten an Dritte \\u00fcbertragen<\\\/strong> - siehe <strong>i<\\\/strong>.\",\"perma_option\":\"off\",\"action\":\"like\",\"language\":\"de_DE\"},\"twitter\":{\"reply_to\":\"\",\"tweet_text\":\"%20Warnem%C3%BCnde%20barrierefrei%20%E2%80%93%20Urlaub%20ohne%20Grenzen%20%C2%BB%20InterDomizil%20Reisemagazin%20...\",\"status\":\"on\",\"txt_info\":\"2 Klicks f\\u00fcr mehr Datenschutz: Erst wenn Sie hier klicken, wird der Button aktiv und Sie k\\u00f6nnen Ihre Empfehlung an Twitter senden. Schon beim Aktivieren werden <strong>Daten an Dritte \\u00fcbertragen<\\\/strong> - siehe <strong>i<\\\/strong>.\",\"perma_option\":\"off\",\"language\":\"de\"},\"pinterest\":{\"status\":\"on\",\"the_excerpt\":\"Warnem\\u00fcnde barrierefrei &#8211; Urlaub ohne Grenzen\",\"txt_info\":\"2 Klicks f\\u00fcr mehr Datenschutz: Erst wenn Sie hier klicken, wird der Button aktiv und Sie k\\u00f6nnen Ihre Empfehlung an Pinterest senden. Schon beim Aktivieren werden <strong>Daten an Dritte \\u00fcbertragen<\\\/strong> - siehe <strong>i<\\\/strong>.\",\"perma_option\":\"off\",\"media\":\"https:\\\/\\\/www.interdomizil.de\\\/reisemagazin\\\/wp-content\\\/uploads\\\/MG_0074-scaled.jpg\"}},\"txt_help\":\"Wenn Sie diese Felder durch einen Klick aktivieren, werden Informationen an Facebook, Twitter, Flattr, Xing, t3n, LinkedIn, Pinterest oder Google eventuell ins Ausland <strong>\\u00fcbertragen<\\\/strong> und unter Umst\\u00e4nden auch dort <strong>gespeichert<\\\/strong>. N\\u00e4heres erfahren Sie durch einen Klick auf das <em>i<\\\/em>.\",\"settings_perma\":\"Dauerhaft aktivieren und Daten\\u00fcber-tragung zustimmen:\",\"info_link\":\"http:\\\/\\\/www.heise.de\\\/ct\\\/artikel\\\/2-Klicks-fuer-mehr-Datenschutz-1333879.html\",\"uri\":\"https:\\\/\\\/www.interdomizil.de\\\/reisemagazin\\\/reiseziele\\\/deutschland\\\/warnemunde-urlaub-ohne-grenzen\",\"post_id\":1509,\"post_title_referrer_track\":\"Warnem%C3%BCnde+barrierefrei+%26%238211%3B+Urlaub+ohne+Grenzen\",\"concat\":\"%3F\",\"display_infobox\":\"on\"});}});\n\/* ]]> *\/<\/script><\/div><h2 style=\"text-align: justify;\"><strong>Warnem\u00fcnde &#8211; Urlaub ohne Grenzen<\/strong><\/h2>\n<figure id=\"attachment_4868\" aria-describedby=\"caption-attachment-4868\" style=\"width: 620px\" class=\"wp-caption aligncenter\"><img decoding=\"async\" loading=\"lazy\" class=\"wp-image-4868 size-large\" style=\"text-align: center;\" title=\"Urlaub ohne Grenzen\" src=\"https:\/\/www.interdomizil.de\/reisemagazin\/wp-content\/uploads\/MG_0074-620x413.jpg\" width=\"620\" height=\"413\" srcset=\"https:\/\/www.interdomizil.de\/reisemagazin\/wp-content\/uploads\/MG_0074-620x413.jpg 620w, https:\/\/www.interdomizil.de\/reisemagazin\/wp-content\/uploads\/MG_0074-500x333.jpg 500w, https:\/\/www.interdomizil.de\/reisemagazin\/wp-content\/uploads\/MG_0074-720x480.jpg 720w, https:\/\/www.interdomizil.de\/reisemagazin\/wp-content\/uploads\/MG_0074-1536x1024.jpg 1536w, https:\/\/www.interdomizil.de\/reisemagazin\/wp-content\/uploads\/MG_0074-2048x1365.jpg 2048w, https:\/\/www.interdomizil.de\/reisemagazin\/wp-content\/uploads\/MG_0074-175x117.jpg 175w, https:\/\/www.interdomizil.de\/reisemagazin\/wp-content\/uploads\/MG_0074-450x300.jpg 450w, https:\/\/www.interdomizil.de\/reisemagazin\/wp-content\/uploads\/MG_0074-1170x780.jpg 1170w, https:\/\/www.interdomizil.de\/reisemagazin\/wp-content\/uploads\/MG_0074-768x512.jpg 768w, https:\/\/www.interdomizil.de\/reisemagazin\/wp-content\/uploads\/MG_0074-270x180.jpg 270w, https:\/\/www.interdomizil.de\/reisemagazin\/wp-content\/uploads\/MG_0074-200x133.jpg 200w, https:\/\/www.interdomizil.de\/reisemagazin\/wp-content\/uploads\/MG_0074-300x200.jpg 300w\" sizes=\"(max-width: 620px) 100vw, 620px\" \/><figcaption id=\"caption-attachment-4868\" class=\"wp-caption-text\">Zugang Warem\u00fcnde Strand &#8211; Foto: InterDomizil GmbH<\/figcaption><\/figure>\n<p style=\"text-align: justify;\">Alle, die maritimes Flair zu sch\u00e4tzen wissen, werden sich im Ostseebad Warnem\u00fcnde gut aufgehoben f\u00fchlen. Wundersch\u00f6ne und kilometerlange Sandstr\u00e4nde, die zu sportlichen Aktivit\u00e4ten oder zum s\u00fc\u00dfen Nichtstun einladen. Promenaden, auf denen es sich wunderbar flanieren l\u00e4sst. Urige Gastst\u00e4tten, in denen fangfrische Meeresspezialit\u00e4ten angeboten werden und gem\u00fctliche Caf\u00e9s f\u00fcr entspannte und s\u00fc\u00dfe Nachmittagsstunden. Dazu spannendes Hafentreiben \u2013 mal beschaulich in Gestalt der Fischerboote oder, beim Blick auf die Kreuzfahrtschiffe, das Fernweh weckend.<\/p>\n<p style=\"text-align: justify;\">Wer mehr Meer will, reist nach Warnem\u00fcnde \u2013 wer dabei jedoch in seiner Mobilit\u00e4t eingeschr\u00e4nkt oder auf den Rollstuhl angewiesen ist, muss bei der Urlaubsplanung noch andere Kriterien ber\u00fccksichtigen. T\u00fcren, die nicht breit genug sind, unebene oder mit Hindernissen gespickte Wege, Kopfsteinpflaster oder viel zu hohe Bordsteine erweisen sich schnell als un\u00fcberwindbare H\u00fcrde. Ganz zu schweigen von Feriendomizilen, die nicht rollstuhlfreundlich gestaltet sind.<\/p>\n<p style=\"text-align: justify;\">F\u00fcr einen rollstuhlfreundlichen Urlaub gilt es, bei der Planung nichts dem Zufall zu \u00fcberlassen und das erste Augenmerk gilt der Ferienwohnung, die stufenfrei und somit rollstuhlfreundlich sein muss.<\/p>\n<h2 style=\"text-align: justify;\"><strong>Stufenfreie Wohnungen in der Residenz im Kurpark in Warnem\u00fcnde<\/strong><\/h2>\n<figure id=\"attachment_1520\" aria-describedby=\"caption-attachment-1520\" style=\"width: 221px\" class=\"wp-caption alignleft\"><img decoding=\"async\" loading=\"lazy\" class=\"wp-image-1520\" title=\"_MG_5491\" src=\"https:\/\/www.interdomizil.de\/reisemagazin\/wp-content\/uploads\/MG_5491-682x1024.jpg\" alt=\"D\u00fcnen am Ostseestrand - Foto: InterDomizil GmbH\" width=\"221\" height=\"331\" srcset=\"https:\/\/www.interdomizil.de\/reisemagazin\/wp-content\/uploads\/MG_5491-682x1024.jpg 682w, https:\/\/www.interdomizil.de\/reisemagazin\/wp-content\/uploads\/MG_5491-200x300.jpg 200w\" sizes=\"(max-width: 221px) 100vw, 221px\" \/><figcaption id=\"caption-attachment-1520\" class=\"wp-caption-text\">D\u00fcnen am Ostseestrand &#8211; Foto: InterDomizil GmbH<\/figcaption><\/figure>\n<p style=\"text-align: justify;\">In ruhiger und doch zentraler Lage befinden sich die 30 Ferienwohnungen der <a title=\"Residenz im Kurpark in Warnem\u00fcnde\" href=\"http:\/\/www.residenz-im-kurpark-warnemuende.de\/\" target=\"_blank\">Residenz im Kurpark in Warnem\u00fcnde<\/a>. \u00a0Alle Wohnungen eint, dass sie sehr weitl\u00e4ufig und gro\u00dfr\u00e4umig geschnitten sind, so dass stufenfreier und damit unter anderem auch rollstuhlfreundlicher Wohnkomfort gew\u00e4hrleistet ist. Zudem bieten alle Wohnungen die Besonderheit, eine Fahrstuhlanbindung zu besitzen, die bequem zum Parkplatz in der Tiefgarage f\u00fchrt.<\/p>\n<p style=\"text-align: justify;\">Auch die Innenraumgestaltung der einzelnen Wohnungen l\u00e4sst keine W\u00fcnsche offen. Ob 2- oder 3-Raum-Ferienwohnung, ob Studio oder Penthouse \u2013 alle Wohnungen sind hochwertig eingerichtet und h\u00f6chst komfortabel ausgestattet. Beispielsweise das mit 115 qm \u00e4u\u00dferst gro\u00dfz\u00fcgig geschnittene und nobel ausgestattete Penthouse f\u00fcr vier Personen mit WLAN-Anschluss. Das Penthouse verf\u00fcgt \u00fcber ein Badezimmer mit begehbarer Dusche sowie \u00fcber zwei Terrassen mit einer grandiosen Aussicht \u00fcber Warnem\u00fcndes D\u00e4cher bis hin zum Meer, das in greifbarer N\u00e4he zu sein scheint. Oder die ebenerdig gelegene Ferienwohnung mit WLAN-Anschluss f\u00fcr 2 bis 4 Personen mit gro\u00dfer Terrasse und Garten. Eichenparkett und eine hochwertige Ausstattung, ein gro\u00dfz\u00fcgiges Bad mit begehbarer Dusche und ein G\u00e4ste-WC sowie die weitr\u00e4umige und stufenfreie Gestaltung der Wohnung b\u00fcrgen f\u00fcr angenehmsten Wohnkomfort.<\/p>\n<p style=\"text-align: justify;\">Der ebenfalls zur Wohnung geh\u00f6rende Tiefgaragenstellplatz sorgt daf\u00fcr, dass wertvolle Urlaubszeit nicht mit der Suche nach einem Parkplatz vergeudet wird.<\/p>\n<p style=\"text-align: justify;\">Die Lage der Wohnungen in der Residenz im Kurpark ist ideal f\u00fcr alle, die kurze Wege m\u00f6gen. Die Entfernung zum Strand betr\u00e4gt nur 150m, der Kurpark mit seiner kleinen Freilichtb\u00fchne, auf der im Sommer Konzerte stattfinden, befindet sich vor der T\u00fcr. Auch der malerische Hafen sowie gastronomische und kulturelle Angebote sind nicht weit und Rostock liegt lediglich 15 km entfernt.<\/p>\n<h2 style=\"text-align: justify;\"><strong>Warnem\u00fcnde zeigt sich barrierefrei\u00a0 <\/strong><\/h2>\n<figure id=\"attachment_1523\" aria-describedby=\"caption-attachment-1523\" style=\"width: 344px\" class=\"wp-caption alignright\"><img decoding=\"async\" loading=\"lazy\" class=\"wp-image-1523\" title=\"DSC00533\" src=\"https:\/\/www.interdomizil.de\/reisemagazin\/wp-content\/uploads\/DSC00533-1024x682.jpg\" alt=\"Warnem\u00fcnder Wahrzeichen - Foto: InterDomizil GmbH\" width=\"344\" height=\"229\" srcset=\"https:\/\/www.interdomizil.de\/reisemagazin\/wp-content\/uploads\/DSC00533-1024x682.jpg 1024w, https:\/\/www.interdomizil.de\/reisemagazin\/wp-content\/uploads\/DSC00533-200x133.jpg 200w, https:\/\/www.interdomizil.de\/reisemagazin\/wp-content\/uploads\/DSC00533-300x200.jpg 300w, https:\/\/www.interdomizil.de\/reisemagazin\/wp-content\/uploads\/DSC00533-768x512.jpg 768w, https:\/\/www.interdomizil.de\/reisemagazin\/wp-content\/uploads\/DSC00533-620x413.jpg 620w, https:\/\/www.interdomizil.de\/reisemagazin\/wp-content\/uploads\/DSC00533-270x180.jpg 270w, https:\/\/www.interdomizil.de\/reisemagazin\/wp-content\/uploads\/DSC00533-770x515.jpg 770w\" sizes=\"(max-width: 344px) 100vw, 344px\" \/><figcaption id=\"caption-attachment-1523\" class=\"wp-caption-text\">Warnem\u00fcnder Wahrzeichen &#8211; Foto: InterDomizil GmbH<\/figcaption><\/figure>\n<p style=\"text-align: justify;\">Das Ostseebad Warnem\u00fcnde ist bestrebt, den Anspr\u00fcchen aller Urlaubsg\u00e4ste gerecht zu werden. Und so wird bei den st\u00e4dtebaulichen Planungen gro\u00dfer Wert auf Barrierefreiheit gelegt und das nicht nur an den Promenaden, sondern auch am Strand. So zeichnet sich Strandaufgang 4 durch einen rollstuhlgerechten Zugang aus. Die Besucher gelangen hier auf Kunststoffmatten bequem bis zum Wasser. F\u00fcr kleine und gro\u00dfe Bed\u00fcrfnisse steht an ebendiesem Strandaufgang auch eine Behindertentoilette zur Verf\u00fcgung, die kostenfrei genutzt werden kann.<\/p>\n<p style=\"text-align: justify;\">Weitere Informationen, mit deren Hilfe barrierefreie Urlaubstage im Ostseebad Warnem\u00fcnde geplant werden k\u00f6nnen, h\u00e4lt die Tourist-Information bereit. Besonderer Clou hierbei ist der speziell auf die Bed\u00fcrfnisse von Rollstuhlfahrer zugeschnittene Stadtplan, mit dem sich barrierefreie Rundfahrten bereits von zu Hause aus planen lassen.<\/p>\n<p style=\"text-align: justify;\">[sc name=&#8220;lust_auf_urlaub_bekommen&#8220; bezeichnungurl=&#8220;https:\/\/www.interdomizil.de\/ostseebad-warnemuende&#8220; bezeichnung=&#8220;Warnem\u00fcnde&#8220; ]<\/p>\n<p style=\"text-align: justify;\">\n<p style=\"text-align: justify;\">[sc name=&#8220;FehaWo_suchen&#8220; bezeichnungurl=&#8220;https:\/\/www.interdomizil.de\/kurparkresidenz-warnemuende&#8220; bezeichnung=&#8220;Kurparkresidenz&#8220; ]<\/p>\n","protected":false},"excerpt":{"rendered":"<p>Warnem\u00fcnde &#8211; Urlaub ohne Grenzen Alle, die maritimes Flair zu sch\u00e4tzen wissen, werden sich im Ostseebad Warnem\u00fcnde gut aufgehoben f\u00fchlen. Wundersch\u00f6ne und kilometerlange Sandstr\u00e4nde, die zu sportlichen Aktivit\u00e4ten oder zum s\u00fc\u00dfen Nichtstun einladen. Promenaden, auf denen es sich wunderbar flanieren l\u00e4sst. Urige Gastst\u00e4tten, in denen fangfrische Meeresspezialit\u00e4ten angeboten werden und gem\u00fctliche Caf\u00e9s f\u00fcr entspannte und<\/p>\n","protected":false},"author":3,"featured_media":4868,"comment_status":"open","ping_status":"open","sticky":false,"template":"","format":"standard","meta":{"footnotes":""},"categories":[37,618],"tags":[706,771,559,562,773,585],"yoast_head":"<!-- This site is optimized with the Yoast SEO plugin v16.1.1 - https:\/\/yoast.com\/wordpress\/plugins\/seo\/ -->\n<title>Warnem\u00fcnde barrierefrei \u2013 Urlaub ohne Grenzen<\/title>\n<meta name=\"description\" content=\"Warnem\u00fcnde - Stufen- und barrierefrei. Ferienwohnungen in der Kurpark Residenz erm\u00f6glichen G\u00e4sten einen angenehmen Urlaub ohne Grenzen.\" \/>\n<link rel=\"canonical\" href=\"https:\/\/www.interdomizil.de\/reisemagazin\/reiseziele\/deutschland\/warnemunde-urlaub-ohne-grenzen\" \/>\n<meta name=\"twitter:label1\" content=\"Gesch\u00e4tzte Lesezeit\">\n\t<meta name=\"twitter:data1\" content=\"3\u00a0Minuten\">\n<script type=\"application\/ld+json\" class=\"yoast-schema-graph\">{\"@context\":\"https:\/\/schema.org\",\"@graph\":[{\"@type\":\"WebSite\",\"@id\":\"https:\/\/www.interdomizil.de\/reisemagazin\/#website\",\"url\":\"https:\/\/www.interdomizil.de\/reisemagazin\/\",\"name\":\"InterDomizil Reisemagazin\",\"description\":\"Reiseziele. Urlaubtipps. Sehenswertes.\",\"potentialAction\":[{\"@type\":\"SearchAction\",\"target\":\"https:\/\/www.interdomizil.de\/reisemagazin\/?s={search_term_string}\",\"query-input\":\"required name=search_term_string\"}],\"inLanguage\":\"de\"},{\"@type\":\"ImageObject\",\"@id\":\"https:\/\/www.interdomizil.de\/reisemagazin\/reiseziele\/deutschland\/warnemunde-urlaub-ohne-grenzen#primaryimage\",\"inLanguage\":\"de\",\"url\":\"https:\/\/www.interdomizil.de\/reisemagazin\/wp-content\/uploads\/MG_0074-scaled.jpg\",\"contentUrl\":\"https:\/\/www.interdomizil.de\/reisemagazin\/wp-content\/uploads\/MG_0074-scaled.jpg\",\"width\":2560,\"height\":1707,\"caption\":\"Zugang Warem\\u00fcnde Strand - Foto: InterDomizil GmbH\"},{\"@type\":\"WebPage\",\"@id\":\"https:\/\/www.interdomizil.de\/reisemagazin\/reiseziele\/deutschland\/warnemunde-urlaub-ohne-grenzen#webpage\",\"url\":\"https:\/\/www.interdomizil.de\/reisemagazin\/reiseziele\/deutschland\/warnemunde-urlaub-ohne-grenzen\",\"name\":\"Warnem\\u00fcnde barrierefrei \\u2013 Urlaub ohne Grenzen\",\"isPartOf\":{\"@id\":\"https:\/\/www.interdomizil.de\/reisemagazin\/#website\"},\"primaryImageOfPage\":{\"@id\":\"https:\/\/www.interdomizil.de\/reisemagazin\/reiseziele\/deutschland\/warnemunde-urlaub-ohne-grenzen#primaryimage\"},\"datePublished\":\"2014-02-13T15:35:10+00:00\",\"dateModified\":\"2016-06-01T14:04:55+00:00\",\"author\":{\"@id\":\"https:\/\/www.interdomizil.de\/reisemagazin\/#\/schema\/person\/ddde02f47c63e31c041176442ea05d35\"},\"description\":\"Warnem\\u00fcnde - Stufen- und barrierefrei. Ferienwohnungen in der Kurpark Residenz erm\\u00f6glichen G\\u00e4sten einen angenehmen Urlaub ohne Grenzen.\",\"breadcrumb\":{\"@id\":\"https:\/\/www.interdomizil.de\/reisemagazin\/reiseziele\/deutschland\/warnemunde-urlaub-ohne-grenzen#breadcrumb\"},\"inLanguage\":\"de\",\"potentialAction\":[{\"@type\":\"ReadAction\",\"target\":[\"https:\/\/www.interdomizil.de\/reisemagazin\/reiseziele\/deutschland\/warnemunde-urlaub-ohne-grenzen\"]}]},{\"@type\":\"BreadcrumbList\",\"@id\":\"https:\/\/www.interdomizil.de\/reisemagazin\/reiseziele\/deutschland\/warnemunde-urlaub-ohne-grenzen#breadcrumb\",\"itemListElement\":[{\"@type\":\"ListItem\",\"position\":1,\"item\":{\"@type\":\"WebPage\",\"@id\":\"https:\/\/www.interdomizil.de\/reisemagazin\/\",\"url\":\"https:\/\/www.interdomizil.de\/reisemagazin\/\",\"name\":\"Home\"}},{\"@type\":\"ListItem\",\"position\":2,\"item\":{\"@type\":\"WebPage\",\"@id\":\"https:\/\/www.interdomizil.de\/reisemagazin\/reiseziele\/deutschland\/warnemunde-urlaub-ohne-grenzen\",\"url\":\"https:\/\/www.interdomizil.de\/reisemagazin\/reiseziele\/deutschland\/warnemunde-urlaub-ohne-grenzen\",\"name\":\"Warnem\\u00fcnde barrierefrei &#8211; Urlaub ohne Grenzen\"}}]},{\"@type\":\"Person\",\"@id\":\"https:\/\/www.interdomizil.de\/reisemagazin\/#\/schema\/person\/ddde02f47c63e31c041176442ea05d35\",\"name\":\"Redaktion\"}]}<\/script>\n<!-- \/ Yoast SEO plugin. -->","_links":{"self":[{"href":"https:\/\/www.interdomizil.de\/reisemagazin\/wp-json\/wp\/v2\/posts\/1509"}],"collection":[{"href":"https:\/\/www.interdomizil.de\/reisemagazin\/wp-json\/wp\/v2\/posts"}],"about":[{"href":"https:\/\/www.interdomizil.de\/reisemagazin\/wp-json\/wp\/v2\/types\/post"}],"author":[{"embeddable":true,"href":"https:\/\/www.interdomizil.de\/reisemagazin\/wp-json\/wp\/v2\/users\/3"}],"replies":[{"embeddable":true,"href":"https:\/\/www.interdomizil.de\/reisemagazin\/wp-json\/wp\/v2\/comments?post=1509"}],"version-history":[{"count":39,"href":"https:\/\/www.interdomizil.de\/reisemagazin\/wp-json\/wp\/v2\/posts\/1509\/revisions"}],"predecessor-version":[{"id":4869,"href":"https:\/\/www.interdomizil.de\/reisemagazin\/wp-json\/wp\/v2\/posts\/1509\/revisions\/4869"}],"wp:featuredmedia":[{"embeddable":true,"href":"https:\/\/www.interdomizil.de\/reisemagazin\/wp-json\/wp\/v2\/media\/4868"}],"wp:attachment":[{"href":"https:\/\/www.interdomizil.de\/reisemagazin\/wp-json\/wp\/v2\/media?parent=1509"}],"wp:term":[{"taxonomy":"category","embeddable":true,"href":"https:\/\/www.interdomizil.de\/reisemagazin\/wp-json\/wp\/v2\/categories?post=1509"},{"taxonomy":"post_tag","embeddable":true,"href":"https:\/\/www.interdomizil.de\/reisemagazin\/wp-json\/wp\/v2\/tags?post=1509"}],"curies":[{"name":"wp","href":"https:\/\/api.w.org\/{rel}","templated":true}]}}