{"id":1370,"date":"2013-07-31T19:21:03","date_gmt":"2013-07-31T17:21:03","guid":{"rendered":"https:\/\/www.interdomizil.de\/reisemagazin\/?p=1370"},"modified":"2019-07-15T15:53:57","modified_gmt":"2019-07-15T13:53:57","slug":"kulturreise-nach-rom","status":"publish","type":"post","link":"https:\/\/www.interdomizil.de\/reisemagazin\/reisetipps\/kulturreise-nach-rom","title":{"rendered":"Kulturreise nach Rom"},"content":{"rendered":"<div class=\"twoclick_social_bookmarks_post_1370 social_share_privacy clearfix 1.6.4 locale-de_DE sprite-de_DE\"><\/div><div class=\"twoclick-js\"><script type=\"text\/javascript\">\/* <![CDATA[ *\/\njQuery(document).ready(function($){if($('.twoclick_social_bookmarks_post_1370')){$('.twoclick_social_bookmarks_post_1370').socialSharePrivacy({\"services\":{\"facebook\":{\"status\":\"on\",\"txt_info\":\"2 Klicks f\\u00fcr mehr Datenschutz: Erst wenn Sie hier klicken, wird der Button aktiv und Sie k\\u00f6nnen Ihre Empfehlung an Facebook senden. Schon beim Aktivieren werden <strong>Daten an Dritte \\u00fcbertragen<\\\/strong> - siehe <strong>i<\\\/strong>.\",\"perma_option\":\"off\",\"action\":\"like\",\"language\":\"de_DE\"},\"twitter\":{\"reply_to\":\"\",\"tweet_text\":\"%20Kulturreise%20nach%20Rom%20%C2%BB%20InterDomizil%20Reisemagazin%20%23Kulturreise%20%23Metropole%20%23Rom%20...\",\"status\":\"on\",\"txt_info\":\"2 Klicks f\\u00fcr mehr Datenschutz: Erst wenn Sie hier klicken, wird der Button aktiv und Sie k\\u00f6nnen Ihre Empfehlung an Twitter senden. Schon beim Aktivieren werden <strong>Daten an Dritte \\u00fcbertragen<\\\/strong> - siehe <strong>i<\\\/strong>.\",\"perma_option\":\"off\",\"language\":\"de\"},\"pinterest\":{\"status\":\"on\",\"the_excerpt\":\"Kulturreise nach Rom\",\"txt_info\":\"2 Klicks f\\u00fcr mehr Datenschutz: Erst wenn Sie hier klicken, wird der Button aktiv und Sie k\\u00f6nnen Ihre Empfehlung an Pinterest senden. Schon beim Aktivieren werden <strong>Daten an Dritte \\u00fcbertragen<\\\/strong> - siehe <strong>i<\\\/strong>.\",\"perma_option\":\"off\",\"media\":\"https:\\\/\\\/www.interdomizil.de\\\/reisemagazin\\\/wp-content\\\/uploads\\\/IMG_7408.jpg\"}},\"txt_help\":\"Wenn Sie diese Felder durch einen Klick aktivieren, werden Informationen an Facebook, Twitter, Flattr, Xing, t3n, LinkedIn, Pinterest oder Google eventuell ins Ausland <strong>\\u00fcbertragen<\\\/strong> und unter Umst\\u00e4nden auch dort <strong>gespeichert<\\\/strong>. N\\u00e4heres erfahren Sie durch einen Klick auf das <em>i<\\\/em>.\",\"settings_perma\":\"Dauerhaft aktivieren und Daten\\u00fcber-tragung zustimmen:\",\"info_link\":\"http:\\\/\\\/www.heise.de\\\/ct\\\/artikel\\\/2-Klicks-fuer-mehr-Datenschutz-1333879.html\",\"uri\":\"https:\\\/\\\/www.interdomizil.de\\\/reisemagazin\\\/reisetipps\\\/kulturreise-nach-rom\",\"post_id\":1370,\"post_title_referrer_track\":\"Kulturreise+nach+Rom\",\"concat\":\"%3F\",\"display_infobox\":\"on\"});}});\n\/* ]]> *\/<\/script><\/div><p>Eine <strong>Reise nach Rom<\/strong> ist immer auch eine Reise in die europ\u00e4ische und christliche Kulturgeschichte. Man kann bei einer Rom Reise diese Geschichte nicht \u00fcbersehen.<\/p>\n<p>Rom wurde h\u00e4ufig zerst\u00f6rt und wieder aufgebaut. Tiefe Ausgrabungsst\u00e4tten zeugen von von &#8222;geschichteten&#8220; Ereignissen &#8211; oft wurde aus und auf den Tr\u00fcmmern neu gebaut. Das bekannteste Architekturrecykling ist die Verwendung von Steinen des Kollosseum zum Aufbau des Petersdoms.<\/p>\n<p>Bei einer<strong> Kulturreise nach Rom<\/strong> sollten Sie folgende Sehensw\u00fcrdigkeiten nicht verpassen.<\/p>\n<h3><strong>Das klassische Rom<\/strong><\/h3>\n<p><strong>Kolloseum<\/strong><\/p>\n<figure id=\"attachment_1372\" aria-describedby=\"caption-attachment-1372\" style=\"width: 300px\" class=\"wp-caption alignleft\"><a href=\"https:\/\/www.interdomizil.de\/reisemagazin\/wp-content\/uploads\/DCP_5894.jpg\"><img decoding=\"async\" loading=\"lazy\" class=\"  wp-image-1372\" style=\"margin-top: 10px; margin-bottom: 10px;\" title=\"DCP_5894\" src=\"https:\/\/www.interdomizil.de\/reisemagazin\/wp-content\/uploads\/DCP_5894-300x200.jpg\" alt=\"Das Kollosseum (\u00a9 InterDomizil GmbH)\" width=\"300\" height=\"200\" srcset=\"https:\/\/www.interdomizil.de\/reisemagazin\/wp-content\/uploads\/DCP_5894-300x200.jpg 300w, https:\/\/www.interdomizil.de\/reisemagazin\/wp-content\/uploads\/DCP_5894-200x133.jpg 200w, https:\/\/www.interdomizil.de\/reisemagazin\/wp-content\/uploads\/DCP_5894-768x512.jpg 768w, https:\/\/www.interdomizil.de\/reisemagazin\/wp-content\/uploads\/DCP_5894-620x413.jpg 620w, https:\/\/www.interdomizil.de\/reisemagazin\/wp-content\/uploads\/DCP_5894-270x180.jpg 270w, https:\/\/www.interdomizil.de\/reisemagazin\/wp-content\/uploads\/DCP_5894-770x515.jpg 770w, https:\/\/www.interdomizil.de\/reisemagazin\/wp-content\/uploads\/DCP_5894-1024x682.jpg 1024w, https:\/\/www.interdomizil.de\/reisemagazin\/wp-content\/uploads\/DCP_5894.jpg 1800w\" sizes=\"(max-width: 300px) 100vw, 300px\" \/><\/a><figcaption id=\"caption-attachment-1372\" class=\"wp-caption-text\">Das Kollosseum (\u00a9 InterDomizil GmbH)<\/figcaption><\/figure>\n<p>Das Kolloseum wurde zwischen 72 und 80 n. Christi erbaut. Es ist das Wahrzeichen der Stadt und Zeugnis der hohen Baukunst der alten R\u00f6mer.<\/p>\n<p>Nach seiner nur 8 j\u00e4hrigen Bauzeit wurde das Kollosseum mit einer 100 Tage andauernden Festorgie eingeweiht. Unz\u00e4hlige Gladiatoren und Tiere kamen bei diesen Feierlichkeiten zu Tode. In den vom r\u00f6mischem Kaiserhaus durchgef\u00fchrten Spielen bestehend aus Gladiatorenk\u00e4mpfen, Hetzjagden und Exekutionen, die \u00fcber 400 Jahre zum festen Bestandteil der \u00f6ffentlichen Kultur geh\u00f6rten, kamen nach Sch\u00e4tzung einiger Historiker bis zu 500.000 Menschen ums leben.<\/p>\n<p>Die B\u00fchnentechnik war f\u00fcr die damalige Zeit herausragend. So konnte das Kollosseum durch eine Ausgefeilte Kanaltechnik geflutet werden. Bei der Einweihung unter Titus geh\u00f6rte die Auff\u00fchrun von Seeschlachten zum Programm.<\/p>\n<p><strong>Forum Romanum<\/strong><\/p>\n<figure id=\"attachment_1374\" aria-describedby=\"caption-attachment-1374\" style=\"width: 300px\" class=\"wp-caption alignleft\"><a href=\"https:\/\/www.interdomizil.de\/reisemagazin\/wp-content\/uploads\/IMG_7480.jpg\"><img decoding=\"async\" loading=\"lazy\" class=\"wp-image-1374 size-medium\" style=\"margin-top: 10px; margin-bottom: 10px;\" title=\"IMG_7480\" src=\"https:\/\/www.interdomizil.de\/reisemagazin\/wp-content\/uploads\/IMG_7480-300x200.jpg\" alt=\"Das Forum Romanum (\u00a9 InterDomizil GmbH)\" width=\"300\" height=\"200\" srcset=\"https:\/\/www.interdomizil.de\/reisemagazin\/wp-content\/uploads\/IMG_7480-300x200.jpg 300w, https:\/\/www.interdomizil.de\/reisemagazin\/wp-content\/uploads\/IMG_7480-200x133.jpg 200w, https:\/\/www.interdomizil.de\/reisemagazin\/wp-content\/uploads\/IMG_7480-768x512.jpg 768w, https:\/\/www.interdomizil.de\/reisemagazin\/wp-content\/uploads\/IMG_7480-620x413.jpg 620w, https:\/\/www.interdomizil.de\/reisemagazin\/wp-content\/uploads\/IMG_7480-270x180.jpg 270w, https:\/\/www.interdomizil.de\/reisemagazin\/wp-content\/uploads\/IMG_7480-770x515.jpg 770w, https:\/\/www.interdomizil.de\/reisemagazin\/wp-content\/uploads\/IMG_7480-1024x682.jpg 1024w\" sizes=\"(max-width: 300px) 100vw, 300px\" \/><\/a><figcaption id=\"caption-attachment-1374\" class=\"wp-caption-text\">Das Forum Romanum (\u00a9 InterDomizil GmbH)<\/figcaption><\/figure>\n<p>Das Forum Romanum war das politische, wirtschaftliche und kulturelle Zentrum des R\u00f6mischen Reiches. Was zuvor eine sumpfige Ebene war, wurde unter dem etruskischen K\u00f6nig Priscus im 7.\u00a0 Jahrhundert vor Christus in die Stadt Rom einbezogen.<\/p>\n<p>Das Forum Romanum ist heute eine der wichtigsten Ausgrabungsst\u00e4tten zum R\u00f6mischen Reich. Hier finden sich religi\u00f6se und s\u00e4kulare Monumente. Von <strong>Comitium<\/strong> aus wurden in gesetzgebenden Vollversammlungen in der R\u00f6mischen Republik Gesetze f\u00fcr das R\u00f6mische Reich verabschiedet. F\u00fcr Redner in der Vollversammlung gab es eine eigene Plattform, die <strong>Rostra<\/strong> (&#8222;Schiffsschnabel&#8220;), urspr\u00fcnglich Beute einer Schiffseroberung.<\/p>\n<p><strong>Pantheon<\/strong><\/p>\n<figure id=\"attachment_1375\" aria-describedby=\"caption-attachment-1375\" style=\"width: 300px\" class=\"wp-caption alignleft\"><a href=\"https:\/\/www.interdomizil.de\/reisemagazin\/wp-content\/uploads\/2008-Salzburg-028.jpg\"><img decoding=\"async\" loading=\"lazy\" class=\"wp-image-1375 size-medium\" style=\"margin-top: 10px; margin-bottom: 10px;\" title=\"Pantheon Rom bei Nacht\" src=\"https:\/\/www.interdomizil.de\/reisemagazin\/wp-content\/uploads\/2008-Salzburg-028-300x200.jpg\" alt=\"Das Pantheon - ein Ort der G\u00f6tter und der Gr\u00e4ber (\u00a9 InterDomizil GmbH)\" width=\"300\" height=\"200\" srcset=\"https:\/\/www.interdomizil.de\/reisemagazin\/wp-content\/uploads\/2008-Salzburg-028-300x200.jpg 300w, https:\/\/www.interdomizil.de\/reisemagazin\/wp-content\/uploads\/2008-Salzburg-028-200x133.jpg 200w, https:\/\/www.interdomizil.de\/reisemagazin\/wp-content\/uploads\/2008-Salzburg-028-768x512.jpg 768w, https:\/\/www.interdomizil.de\/reisemagazin\/wp-content\/uploads\/2008-Salzburg-028-620x413.jpg 620w, https:\/\/www.interdomizil.de\/reisemagazin\/wp-content\/uploads\/2008-Salzburg-028-270x180.jpg 270w, https:\/\/www.interdomizil.de\/reisemagazin\/wp-content\/uploads\/2008-Salzburg-028-770x515.jpg 770w, https:\/\/www.interdomizil.de\/reisemagazin\/wp-content\/uploads\/2008-Salzburg-028-1024x682.jpg 1024w\" sizes=\"(max-width: 300px) 100vw, 300px\" \/><\/a><figcaption id=\"caption-attachment-1375\" class=\"wp-caption-text\">Das Pantheon &#8211; ein Ort der G\u00f6tter und der Gr\u00e4ber (\u00a9 InterDomizil GmbH)<\/figcaption><\/figure>\n<p>Das Pantheon wurde etwa 120 nach Christ fertig gestellt. Es war urspr\u00fcnglich den alten G\u00f6ttern Roms gewidmet. Es ist ein architektonisches Meisterwerk der r\u00f6mischen Baumeister und war mehr als 1700 Jahre die gr\u00f6\u00dfte Kuppel der Welt.<\/p>\n<p>Das Pantheon besteht aus einem rechteckigen Bauk\u00f6rper im Norden und einem kreisrunden Kuppelbau in s\u00fcdlicher Richtung. Anfang des 7ten Jahrhunderts schenkte der r\u00f6mische Kaiser\u00a0 das Pantheon\u00a0 dem Papst.<\/p>\n<p>Einst kultische St\u00e4tte zur Verehrung von G\u00f6ttern wurde das Pantheon ab dem 7 Jahrhundert zum Gedenken an M\u00e4rtyrer als Kirche geweiht. Sp\u00e4ter in der Renaissance wurde das Pantheon als Grabkirche genutzt. Hier ruhen bedeutende Pers\u00f6nlichkeiten der r\u00f6mischen Geschichte.<\/p>\n<h3><strong>Die Altstadt von Rom &#8211; Enspannung am Brunnen<br \/>\n<\/strong><\/h3>\n<figure id=\"attachment_1377\" aria-describedby=\"caption-attachment-1377\" style=\"width: 300px\" class=\"wp-caption alignleft\"><a href=\"https:\/\/www.interdomizil.de\/reisemagazin\/wp-content\/uploads\/IMG_7408.jpg\"><img decoding=\"async\" loading=\"lazy\" class=\"wp-image-1377 size-medium\" style=\"margin-top: 10px; margin-bottom: 10px;\" title=\"Brunnen in der historischen Altstadt von Rom\" src=\"https:\/\/www.interdomizil.de\/reisemagazin\/wp-content\/uploads\/IMG_7408-300x200.jpg\" alt=\"Der Neptunbrunnen auf dem Piazza Navona (\u00a9 InterDomizil GmbH)\" width=\"300\" height=\"200\" srcset=\"https:\/\/www.interdomizil.de\/reisemagazin\/wp-content\/uploads\/IMG_7408-300x200.jpg 300w, https:\/\/www.interdomizil.de\/reisemagazin\/wp-content\/uploads\/IMG_7408-500x333.jpg 500w, https:\/\/www.interdomizil.de\/reisemagazin\/wp-content\/uploads\/IMG_7408-720x480.jpg 720w, https:\/\/www.interdomizil.de\/reisemagazin\/wp-content\/uploads\/IMG_7408-1536x1024.jpg 1536w, https:\/\/www.interdomizil.de\/reisemagazin\/wp-content\/uploads\/IMG_7408-2048x1365.jpg 2048w, https:\/\/www.interdomizil.de\/reisemagazin\/wp-content\/uploads\/IMG_7408-175x117.jpg 175w, https:\/\/www.interdomizil.de\/reisemagazin\/wp-content\/uploads\/IMG_7408-450x300.jpg 450w, https:\/\/www.interdomizil.de\/reisemagazin\/wp-content\/uploads\/IMG_7408-1170x780.jpg 1170w, https:\/\/www.interdomizil.de\/reisemagazin\/wp-content\/uploads\/IMG_7408-768x512.jpg 768w, https:\/\/www.interdomizil.de\/reisemagazin\/wp-content\/uploads\/IMG_7408-200x133.jpg 200w, https:\/\/www.interdomizil.de\/reisemagazin\/wp-content\/uploads\/IMG_7408-270x180.jpg 270w, https:\/\/www.interdomizil.de\/reisemagazin\/wp-content\/uploads\/IMG_7408-620x413.jpg 620w, https:\/\/www.interdomizil.de\/reisemagazin\/wp-content\/uploads\/IMG_7408-770x515.jpg 770w, https:\/\/www.interdomizil.de\/reisemagazin\/wp-content\/uploads\/IMG_7408-1024x682.jpg 1024w\" sizes=\"(max-width: 300px) 100vw, 300px\" \/><\/a><figcaption id=\"caption-attachment-1377\" class=\"wp-caption-text\">Der Neptunbrunnen auf dem Piazza Navona (\u00a9 InterDomizil GmbH)<\/figcaption><\/figure>\n<p>Entspannen Sie und Schlendern Sie durch die vielen Gassen der historischen <a href=\"https:\/\/www.interdomizil.de\/reisemagazin\/reiseziele\/die-ewige-stadt-entdecken-5-kostenlose-rom-tipps-fuer-einen-unvergesslichen-familienurlaub\">Altstadt von Rom.<\/a> Lassen Sie sich treiben &#8211; die Altstadt ist \u00fcberschaubar und auch zu Fu\u00df f\u00fcr durchschnittliche Spazierg\u00e4nger gut zu ergr\u00fcnden. Genie\u00dfen Sie die vielen Brunnen in der Altstadt von Rom.<\/p>\n<p>Ob der Campo de&#8216; Fiori oder der Piazza Navona &#8211; Roms Pl\u00e4tze sind bunt und anregend. Auf dem Piazza Navona k\u00f6nnen Sie den Neptunbrunnen neben dem von Bernini geschaffenen Vierstr\u00f6mebrunnen bewundern.<\/p>\n<p>Die Figuren des Neptunbrunnen wurden von Antonio della Bitta geschaffen. Hier ersticht Neptun mit seinem Dreizack einen Octopus.<\/p>\n<p>Der Piazza Navona ist ein beliebter Treffpunkt der R\u00f6mer. Hier wird flaniert, inszeniert, jongliert und aufgef\u00fchrt. F\u00fcr die Stra\u00dfenk\u00fcnstler sind die vorbeistr\u00f6menden Touristen eine gute Chance, um an kleines Geld zu kommen.<\/p>\n<figure id=\"attachment_1379\" aria-describedby=\"caption-attachment-1379\" style=\"width: 301px\" class=\"wp-caption alignleft\"><a href=\"https:\/\/www.interdomizil.de\/reisemagazin\/wp-content\/uploads\/2008-Salzburg-007.jpg\"><img decoding=\"async\" loading=\"lazy\" class=\"  wp-image-1379\" title=\"Der Trevi-Brunnen\" src=\"https:\/\/www.interdomizil.de\/reisemagazin\/wp-content\/uploads\/2008-Salzburg-007-1024x682.jpg\" alt=\"Der Trevi-Brunnen - Italiens popul\u00e4rster Brunnen (\u00a9 InterDomizil GmbH)\" width=\"301\" height=\"200\" srcset=\"https:\/\/www.interdomizil.de\/reisemagazin\/wp-content\/uploads\/2008-Salzburg-007-1024x682.jpg 1024w, https:\/\/www.interdomizil.de\/reisemagazin\/wp-content\/uploads\/2008-Salzburg-007-200x133.jpg 200w, https:\/\/www.interdomizil.de\/reisemagazin\/wp-content\/uploads\/2008-Salzburg-007-300x200.jpg 300w, https:\/\/www.interdomizil.de\/reisemagazin\/wp-content\/uploads\/2008-Salzburg-007-768x512.jpg 768w, https:\/\/www.interdomizil.de\/reisemagazin\/wp-content\/uploads\/2008-Salzburg-007-620x413.jpg 620w, https:\/\/www.interdomizil.de\/reisemagazin\/wp-content\/uploads\/2008-Salzburg-007-270x180.jpg 270w, https:\/\/www.interdomizil.de\/reisemagazin\/wp-content\/uploads\/2008-Salzburg-007-770x515.jpg 770w\" sizes=\"(max-width: 301px) 100vw, 301px\" \/><\/a><figcaption id=\"caption-attachment-1379\" class=\"wp-caption-text\">Der Trevi-Brunnen &#8211; Italiens popul\u00e4rster Brunnen (\u00a9 InterDomizil GmbH)<\/figcaption><\/figure>\n<p>Der Trevi-Brunnen in der historischen Altstadt von Rom ist Roms popul\u00e4rster und gr\u00f6\u00dfter Brunnen. Er gilt als eine der wichtigsten Sehensw\u00fcrdigkeiten Roms.<\/p>\n<p>Es soll angeblich Gl\u00fcck bringen, eine M\u00fcnze in den Brunnen zu werfen &#8211; zumindest f\u00fcr die Caritas, denen die Einnahmen von der Stadt gespendet werden. Die Bediensteten der Stadtverwaltung sollen angeblich 1.000.000 Euro pro Jahr aus dem Brunnen fischen.<\/p>\n<p>Der Trevi-Brunnen wurde nicht zuletzt durch den Filmklassiker &#8222;La Dolce Vita&#8220; von Fellini ber\u00fchmt, in dem Anita Ekberg und Marcello Matoiani des Nachts ein Bad im Brunnen nehmen.<\/p>\n<h3><strong>Rom und der Papast<\/strong><\/h3>\n<figure id=\"attachment_1382\" aria-describedby=\"caption-attachment-1382\" style=\"width: 300px\" class=\"wp-caption alignleft\"><a href=\"https:\/\/www.interdomizil.de\/reisemagazin\/wp-content\/uploads\/DCP_5864.jpg\"><img decoding=\"async\" loading=\"lazy\" class=\"wp-image-1382 size-medium\" style=\"margin-top: 20px; margin-bottom: 20px;\" title=\"DCP_5864\" src=\"https:\/\/www.interdomizil.de\/reisemagazin\/wp-content\/uploads\/DCP_5864-300x200.jpg\" alt=\"Der Petersplatz: Open Air Gel\u00e4nde f\u00fcr Papst Inszenierungen (\u00a9 InterDomizil GmbH)\" width=\"300\" height=\"200\" srcset=\"https:\/\/www.interdomizil.de\/reisemagazin\/wp-content\/uploads\/DCP_5864-300x200.jpg 300w, https:\/\/www.interdomizil.de\/reisemagazin\/wp-content\/uploads\/DCP_5864-200x133.jpg 200w, https:\/\/www.interdomizil.de\/reisemagazin\/wp-content\/uploads\/DCP_5864-768x512.jpg 768w, https:\/\/www.interdomizil.de\/reisemagazin\/wp-content\/uploads\/DCP_5864-620x413.jpg 620w, https:\/\/www.interdomizil.de\/reisemagazin\/wp-content\/uploads\/DCP_5864-270x180.jpg 270w, https:\/\/www.interdomizil.de\/reisemagazin\/wp-content\/uploads\/DCP_5864-770x515.jpg 770w, https:\/\/www.interdomizil.de\/reisemagazin\/wp-content\/uploads\/DCP_5864-1024x682.jpg 1024w, https:\/\/www.interdomizil.de\/reisemagazin\/wp-content\/uploads\/DCP_5864.jpg 1800w\" sizes=\"(max-width: 300px) 100vw, 300px\" \/><\/a><figcaption id=\"caption-attachment-1382\" class=\"wp-caption-text\">Der Petersplatz: Open Air Gel\u00e4nde f\u00fcr Papst Inszenierungen (\u00a9 InterDomizil GmbH)<\/figcaption><\/figure>\n<p>Der Petersdom ist das Zentrum des Vatikans.\u00a0 Der Petersdom fa\u00dft bis zu 20.000 Menschen und gilt als eine der gr\u00f6\u00dften Kirchen der Welt. Die Baugeschichte beginnt mit dem Vorg\u00e4ngerbau Alt-St. Peter im Jahr 324. Die jetzige Gestalt gewinnt der Petersdom durch diverse Erweiterungen zwischen dem 16. und 17. Jahrhundert.<\/p>\n<p>Der Petersdom gilt mit siner H\u00f6he von 132,5 m und seiner Grundfl\u00e4che von \u00fcber 15.000 qm als einer der gr\u00f6\u00dften Innenr\u00e4ume der Welt. Er ist ein Zeichen der Macht des Papstes.<\/p>\n<p>Vor dem Petersdom erstreckt sich der Petersplatz, der zwischen 1656 und 1667 von <strong>Gian Lorenzo Bernini<\/strong> angelegt wurde. Petersdom und Petersplatz bilden die Kulisse f\u00fcr die inszenierten Massenevents des Papstes.<\/p>\n<p>Rom ist immer eine Reise Wert. Sie sollten mindestens 3 Tage einplanen, um ein Gef\u00fchl f\u00fcr die Stadt zu bekommen. Auch nach einer Woche werden Sie noch nicht s\u00e4mtliche kulturellen Highlights dieser historischen Stadt gesehen haben. Aber wenn Ihnen der Einstieg gefallen hat, wird es Sie bestimmt wieder nach Rom ziehen!<\/p>\n<p>Auf den Seiten von InterDomizil finden Sie Ferienwohnungen in Rom. Sie k\u00f6nnen auch bei Thomas Cook eine\u00a0Kulturreise nach Rom buchen.<\/p>\n","protected":false},"excerpt":{"rendered":"<p>Eine Reise nach Rom ist immer auch eine Reise in die europ\u00e4ische und christliche Kulturgeschichte. Man kann bei einer Rom Reise diese Geschichte nicht \u00fcbersehen. Rom wurde h\u00e4ufig zerst\u00f6rt und wieder aufgebaut. Tiefe Ausgrabungsst\u00e4tten zeugen von von &#8222;geschichteten&#8220; Ereignissen &#8211; oft wurde aus und auf den Tr\u00fcmmern neu gebaut. Das bekannteste Architekturrecykling ist die Verwendung<\/p>\n","protected":false},"author":3,"featured_media":1377,"comment_status":"open","ping_status":"open","sticky":false,"template":"","format":"standard","meta":{"footnotes":""},"categories":[49,11],"tags":[531,549,716,529],"yoast_head":"<!-- This site is optimized with the Yoast SEO plugin v16.1.1 - https:\/\/yoast.com\/wordpress\/plugins\/seo\/ -->\n<title>Kulturreise nach Rom<\/title>\n<meta name=\"description\" content=\"Kulturreise nach Rom: Klassisches Rom, historische Altstadt und Vatikan\" \/>\n<link rel=\"canonical\" href=\"https:\/\/www.interdomizil.de\/reisemagazin\/reisetipps\/kulturreise-nach-rom\" \/>\n<meta name=\"twitter:label1\" content=\"Gesch\u00e4tzte Lesezeit\">\n\t<meta name=\"twitter:data1\" content=\"5\u00a0Minuten\">\n<script type=\"application\/ld+json\" class=\"yoast-schema-graph\">{\"@context\":\"https:\/\/schema.org\",\"@graph\":[{\"@type\":\"WebSite\",\"@id\":\"https:\/\/www.interdomizil.de\/reisemagazin\/#website\",\"url\":\"https:\/\/www.interdomizil.de\/reisemagazin\/\",\"name\":\"InterDomizil Reisemagazin\",\"description\":\"Reiseziele. Urlaubtipps. Sehenswertes.\",\"potentialAction\":[{\"@type\":\"SearchAction\",\"target\":\"https:\/\/www.interdomizil.de\/reisemagazin\/?s={search_term_string}\",\"query-input\":\"required name=search_term_string\"}],\"inLanguage\":\"de\"},{\"@type\":\"ImageObject\",\"@id\":\"https:\/\/www.interdomizil.de\/reisemagazin\/reisetipps\/kulturreise-nach-rom#primaryimage\",\"inLanguage\":\"de\",\"url\":\"https:\/\/www.interdomizil.de\/reisemagazin\/wp-content\/uploads\/IMG_7408.jpg\",\"contentUrl\":\"https:\/\/www.interdomizil.de\/reisemagazin\/wp-content\/uploads\/IMG_7408.jpg\",\"width\":2496,\"height\":1664},{\"@type\":\"WebPage\",\"@id\":\"https:\/\/www.interdomizil.de\/reisemagazin\/reisetipps\/kulturreise-nach-rom#webpage\",\"url\":\"https:\/\/www.interdomizil.de\/reisemagazin\/reisetipps\/kulturreise-nach-rom\",\"name\":\"Kulturreise nach Rom\",\"isPartOf\":{\"@id\":\"https:\/\/www.interdomizil.de\/reisemagazin\/#website\"},\"primaryImageOfPage\":{\"@id\":\"https:\/\/www.interdomizil.de\/reisemagazin\/reisetipps\/kulturreise-nach-rom#primaryimage\"},\"datePublished\":\"2013-07-31T17:21:03+00:00\",\"dateModified\":\"2019-07-15T13:53:57+00:00\",\"author\":{\"@id\":\"https:\/\/www.interdomizil.de\/reisemagazin\/#\/schema\/person\/ddde02f47c63e31c041176442ea05d35\"},\"description\":\"Kulturreise nach Rom: Klassisches Rom, historische Altstadt und Vatikan\",\"breadcrumb\":{\"@id\":\"https:\/\/www.interdomizil.de\/reisemagazin\/reisetipps\/kulturreise-nach-rom#breadcrumb\"},\"inLanguage\":\"de\",\"potentialAction\":[{\"@type\":\"ReadAction\",\"target\":[\"https:\/\/www.interdomizil.de\/reisemagazin\/reisetipps\/kulturreise-nach-rom\"]}]},{\"@type\":\"BreadcrumbList\",\"@id\":\"https:\/\/www.interdomizil.de\/reisemagazin\/reisetipps\/kulturreise-nach-rom#breadcrumb\",\"itemListElement\":[{\"@type\":\"ListItem\",\"position\":1,\"item\":{\"@type\":\"WebPage\",\"@id\":\"https:\/\/www.interdomizil.de\/reisemagazin\/\",\"url\":\"https:\/\/www.interdomizil.de\/reisemagazin\/\",\"name\":\"Home\"}},{\"@type\":\"ListItem\",\"position\":2,\"item\":{\"@type\":\"WebPage\",\"@id\":\"https:\/\/www.interdomizil.de\/reisemagazin\/reisetipps\/kulturreise-nach-rom\",\"url\":\"https:\/\/www.interdomizil.de\/reisemagazin\/reisetipps\/kulturreise-nach-rom\",\"name\":\"Kulturreise nach Rom\"}}]},{\"@type\":\"Person\",\"@id\":\"https:\/\/www.interdomizil.de\/reisemagazin\/#\/schema\/person\/ddde02f47c63e31c041176442ea05d35\",\"name\":\"Redaktion\"}]}<\/script>\n<!-- \/ Yoast SEO plugin. -->","_links":{"self":[{"href":"https:\/\/www.interdomizil.de\/reisemagazin\/wp-json\/wp\/v2\/posts\/1370"}],"collection":[{"href":"https:\/\/www.interdomizil.de\/reisemagazin\/wp-json\/wp\/v2\/posts"}],"about":[{"href":"https:\/\/www.interdomizil.de\/reisemagazin\/wp-json\/wp\/v2\/types\/post"}],"author":[{"embeddable":true,"href":"https:\/\/www.interdomizil.de\/reisemagazin\/wp-json\/wp\/v2\/users\/3"}],"replies":[{"embeddable":true,"href":"https:\/\/www.interdomizil.de\/reisemagazin\/wp-json\/wp\/v2\/comments?post=1370"}],"version-history":[{"count":26,"href":"https:\/\/www.interdomizil.de\/reisemagazin\/wp-json\/wp\/v2\/posts\/1370\/revisions"}],"predecessor-version":[{"id":9339,"href":"https:\/\/www.interdomizil.de\/reisemagazin\/wp-json\/wp\/v2\/posts\/1370\/revisions\/9339"}],"wp:featuredmedia":[{"embeddable":true,"href":"https:\/\/www.interdomizil.de\/reisemagazin\/wp-json\/wp\/v2\/media\/1377"}],"wp:attachment":[{"href":"https:\/\/www.interdomizil.de\/reisemagazin\/wp-json\/wp\/v2\/media?parent=1370"}],"wp:term":[{"taxonomy":"category","embeddable":true,"href":"https:\/\/www.interdomizil.de\/reisemagazin\/wp-json\/wp\/v2\/categories?post=1370"},{"taxonomy":"post_tag","embeddable":true,"href":"https:\/\/www.interdomizil.de\/reisemagazin\/wp-json\/wp\/v2\/tags?post=1370"}],"curies":[{"name":"wp","href":"https:\/\/api.w.org\/{rel}","templated":true}]}}