{"id":13364,"date":"2025-09-18T08:51:00","date_gmt":"2025-09-18T06:51:00","guid":{"rendered":"https:\/\/www.interdomizil.de\/reisemagazin\/?p=13364"},"modified":"2025-09-09T19:19:08","modified_gmt":"2025-09-09T17:19:08","slug":"nachbarinsel-memmert-abstecher-zur-vogelinsel","status":"publish","type":"post","link":"https:\/\/www.interdomizil.de\/reisemagazin\/reiseziele\/nachbarinsel-memmert-abstecher-zur-vogelinsel","title":{"rendered":"Nachbarinsel Memmert: Abstecher zur Vogelinsel"},"content":{"rendered":"<div class=\"twoclick_social_bookmarks_post_13364 social_share_privacy clearfix 1.6.4 locale-de_DE sprite-de_DE\"><\/div><div class=\"twoclick-js\"><script type=\"text\/javascript\">\/* <![CDATA[ *\/\njQuery(document).ready(function($){if($('.twoclick_social_bookmarks_post_13364')){$('.twoclick_social_bookmarks_post_13364').socialSharePrivacy({\"services\":{\"facebook\":{\"status\":\"on\",\"txt_info\":\"2 Klicks f\\u00fcr mehr Datenschutz: Erst wenn Sie hier klicken, wird der Button aktiv und Sie k\\u00f6nnen Ihre Empfehlung an Facebook senden. Schon beim Aktivieren werden <strong>Daten an Dritte \\u00fcbertragen<\\\/strong> - siehe <strong>i<\\\/strong>.\",\"perma_option\":\"off\",\"action\":\"like\",\"language\":\"de_DE\"},\"twitter\":{\"reply_to\":\"\",\"tweet_text\":\"%20Nachbarinsel%20Memmert%3A%20Abstecher%20zur%20Vogelinsel%20%C2%BB%20InterDomizil%20Reisemagazin%20%23Insel%20...\",\"status\":\"on\",\"txt_info\":\"2 Klicks f\\u00fcr mehr Datenschutz: Erst wenn Sie hier klicken, wird der Button aktiv und Sie k\\u00f6nnen Ihre Empfehlung an Twitter senden. Schon beim Aktivieren werden <strong>Daten an Dritte \\u00fcbertragen<\\\/strong> - siehe <strong>i<\\\/strong>.\",\"perma_option\":\"off\",\"language\":\"de\"},\"pinterest\":{\"status\":\"on\",\"the_excerpt\":\"Nachbarinsel Memmert: Abstecher zur Vogelinsel\",\"txt_info\":\"2 Klicks f\\u00fcr mehr Datenschutz: Erst wenn Sie hier klicken, wird der Button aktiv und Sie k\\u00f6nnen Ihre Empfehlung an Pinterest senden. Schon beim Aktivieren werden <strong>Daten an Dritte \\u00fcbertragen<\\\/strong> - siehe <strong>i<\\\/strong>.\",\"perma_option\":\"off\",\"media\":\"https:\\\/\\\/www.interdomizil.de\\\/reisemagazin\\\/wp-content\\\/uploads\\\/Memmert.jpg\"}},\"txt_help\":\"Wenn Sie diese Felder durch einen Klick aktivieren, werden Informationen an Facebook, Twitter, Flattr, Xing, t3n, LinkedIn, Pinterest oder Google eventuell ins Ausland <strong>\\u00fcbertragen<\\\/strong> und unter Umst\\u00e4nden auch dort <strong>gespeichert<\\\/strong>. N\\u00e4heres erfahren Sie durch einen Klick auf das <em>i<\\\/em>.\",\"settings_perma\":\"Dauerhaft aktivieren und Daten\\u00fcber-tragung zustimmen:\",\"info_link\":\"http:\\\/\\\/www.heise.de\\\/ct\\\/artikel\\\/2-Klicks-fuer-mehr-Datenschutz-1333879.html\",\"uri\":\"https:\\\/\\\/www.interdomizil.de\\\/reisemagazin\\\/reiseziele\\\/nachbarinsel-memmert-abstecher-zur-vogelinsel\",\"post_id\":13364,\"post_title_referrer_track\":\"Nachbarinsel+Memmert%3A+Abstecher+zur+Vogelinsel\",\"concat\":\"%3F\",\"display_infobox\":\"on\"});}});\n\/* ]]> *\/<\/script><\/div>\n<p>Memmert tanzt aus der Reihe und reiht sich nicht in die Kette der ostfriesischen Inseln ein. Die kleine Insel liegt s\u00fcdwestlich von Juist und ist menschenleer. Hier hat die unber\u00fchrte Natur Ostfrieslands die Oberhand behalten. Nur wenigen Menschen ist der Zugang erlaubt.<\/p>\n\n\n\n<h2 class=\"wp-block-heading\">Die Geschichte der Vogelinsel<\/h2>\n\n\n\n<p>Als Otto Leege 1888 nach Memmertsand kam, hatte der Juister Lehrer einen ehrgeizigen Plan. Zusammen mit Freunden bem\u00fchte er sich darum, hier eine \u201eVogelfreist\u00e4tte\u201c zu errichten. Memmert durfte schon im Sommer 1906 nicht mehr betreten werden. Ein Jahr sp\u00e4ter wurde Memmert an den Verein zum Schutze der Vogelwelt verpachtet. Seither wird die Insel \u00fcberwacht und die V\u00f6gel stehen unter Schutz.<\/p>\n\n\n\n<p>1924 wurde Memmert als staatliches Naturschutzgebiet ausgewiesen. Der Sohn von Otto Leege k\u00fcmmerte sich als bezahlter Inselvogt um das Wohl von V\u00f6geln und D\u00fcnen. Nach seinem Tod f\u00fchrten seine Frau und sein Schwiegersohn die Arbeit fort. Enno Jan\u00dfen hei\u00dft der aktuelle Inselvogt. Dieser lebt zwischen M\u00e4rz und November auf Memmert.<\/p>\n\n\n\n<figure class=\"wp-block-image size-full\"><img decoding=\"async\" loading=\"lazy\" width=\"1574\" height=\"635\" src=\"https:\/\/www.interdomizil.de\/reisemagazin\/wp-content\/uploads\/karte.png\" alt=\"\" class=\"wp-image-13370\" srcset=\"https:\/\/www.interdomizil.de\/reisemagazin\/wp-content\/uploads\/karte.png 1574w, https:\/\/www.interdomizil.de\/reisemagazin\/wp-content\/uploads\/karte-500x202.png 500w, https:\/\/www.interdomizil.de\/reisemagazin\/wp-content\/uploads\/karte-720x290.png 720w, https:\/\/www.interdomizil.de\/reisemagazin\/wp-content\/uploads\/karte-200x81.png 200w, https:\/\/www.interdomizil.de\/reisemagazin\/wp-content\/uploads\/karte-768x310.png 768w, https:\/\/www.interdomizil.de\/reisemagazin\/wp-content\/uploads\/karte-1536x620.png 1536w, https:\/\/www.interdomizil.de\/reisemagazin\/wp-content\/uploads\/karte-175x71.png 175w, https:\/\/www.interdomizil.de\/reisemagazin\/wp-content\/uploads\/karte-450x182.png 450w, https:\/\/www.interdomizil.de\/reisemagazin\/wp-content\/uploads\/karte-1170x472.png 1170w\" sizes=\"(max-width: 1574px) 100vw, 1574px\" \/><figcaption class=\"wp-element-caption\"> Karte<\/figcaption><\/figure>\n\n\n\n<p>Anf\u00e4nglich verf\u00fcgte die Insel \u00fcber zirka elf Hektar Gr\u00fcnland. Intensive D\u00fcnenbewirtschaftung lie\u00df die Gr\u00fcnfl\u00e4che auf etwa 135 Hektar wachsen. Bei Hochwasser ist Memmert derzeit etwa 500 Hektar gro\u00df. Herrscht Sturmflut, werden Sie von der Vogelinsel nur die hohen D\u00fcnen aus der Nordsee ragen sehen.<\/p>\n\n\n\n<h2 class=\"wp-block-heading\">Vogelleben auf Memmert<\/h2>\n\n\n\n<p>Im Fr\u00fchling zieht auf Memmert Leben ein. Es finden sich bis zu 160 unterschiedliche Vogelarten zum Br\u00fcten auf der Insel ein. Dazu z\u00e4hlen scharenweise G\u00e4nse, Seeschwalben, M\u00f6wen oder Strandl\u00e4ufer. Aber auch seltene V\u00f6gel, wie Rotschenkel, Kornweihe oder Sumpfohreulen lassen sich auf Memmert antreffen.<\/p>\n\n\n\n<p>Einige V\u00f6gel sind nur zu bestimmten Zeiten auf der Insel. Wieder andere bleiben viele Monate und ziehen ihren Nachwuchs auf Memmert gro\u00df. Das Einzugsgebiet der V\u00f6gel ist riesig und reicht bis in den Norden Amerikas oder in den Nordosten Sibiriens.<\/p>\n\n\n\n<p>Das Wattenmeer z\u00e4hlt zu den vogelreichsten Territorien der Erde. Die V\u00f6gel finden hier ausreichend Nahrung, um Fettreserven f\u00fcr den Flug in den S\u00fcden anzulegen. Die Salzwiesen bieten mit W\u00fcrmern, Schnecken, Krebsen und Fischen einen reich gedeckten Tisch. Auf einem Quadratmeter Watt leben beispielsweise etwa 4.000 kleine Wattschnecken.<\/p>\n\n\n\n<p>Bis zu 80 Vogelarten nutzen Memmert als Brutgebiet. Darunter viele Schwalbenarten, wie die stark gef\u00e4hrdete Zwergseeschwalbe. Silber- und Heringsm\u00f6wen unterhalten riesige Brutkolonien. Die farbenpr\u00e4chtigen Brandg\u00e4nse legen ihre Brutpl\u00e4tze in Kaninchenh\u00f6hlen an. W\u00e4hrend der Hochwasserzeit dient Memmert bis zu 100.000 V\u00f6geln als Rast- und Brutplatz. Richten Sie den Blick auf den Rand des Gr\u00fcnlandes, werden Sie die V\u00f6gel wie Rauchschwaden in den Himmel steigen sehen.<\/p>\n\n\n\n<h2 class=\"wp-block-heading\">Memmert und der Tourismus<\/h2>\n\n\n\n<p>Was einst schon galt, blieb bis heute bestehen: Die Insel Memmert darf nicht betreten werden. Zwischen Mai und Juni hat nur der Inselvogt Zugang, denn dann herrscht Brutzeit. Sind die Jungen geschl\u00fcpft, k\u00f6nnen Ausnahmen gemacht werden. Wer die Insel betreten m\u00f6chte, braucht eine Genehmigung der Nationalparkverwaltung.<\/p>\n\n\n\n<p>Nach der Brutsaison ist es Urlaubern m\u00f6glich, im Rahmen von gef\u00fchrten Touren Memmert zu besuchen. Die Bootstouren werden unter Leitung des Nationalparkhauses Juist durchgef\u00fchrt. Ausflugsfahrten sind auf wenige Personen begrenzt. Eine Fahrt dauert sechs bis sieben Stunden und ist mit einer Inself\u00fchrung verbunden. Sie werden unvergessliche Eindr\u00fccke mitnehmen und auf eindrucksvolle Fotomotive sto\u00dfen.<\/p>\n\n\n\n<h2 class=\"wp-block-heading\">Robben und Sand<\/h2>\n\n\n\n<p>Im Nationalpark sind alle Augen auf die Entwicklung der Kachelotplate gerichtet. Vor einem halben Jahrhundert gab es hier nur eine gr\u00f6\u00dfere Sandbank zu sehen. Heute umfasst die Plate eine L\u00e4nge von etwa drei Kilometern und ist vereinzelt bis zu einem Kilometer breit. Die Kachelotplate ist dem Wattenmeer unterworfen. In Seekarten ist die Sandbank als Robben- und Vogelschutzgebiet ausgewiesen. Bis zu 200 Seehunde sind auf Memmert schon gesichtet worden.<\/p>\n\n\n\n<figure class=\"wp-block-image size-large\"><img decoding=\"async\" loading=\"lazy\" width=\"525\" height=\"720\" src=\"https:\/\/www.interdomizil.de\/reisemagazin\/wp-content\/uploads\/Generated-Image-September-08-2025-4_19PM-525x720.png\" alt=\"\" class=\"wp-image-13374\" srcset=\"https:\/\/www.interdomizil.de\/reisemagazin\/wp-content\/uploads\/Generated-Image-September-08-2025-4_19PM-525x720.png 525w, https:\/\/www.interdomizil.de\/reisemagazin\/wp-content\/uploads\/Generated-Image-September-08-2025-4_19PM-365x500.png 365w, https:\/\/www.interdomizil.de\/reisemagazin\/wp-content\/uploads\/Generated-Image-September-08-2025-4_19PM-200x274.png 200w, https:\/\/www.interdomizil.de\/reisemagazin\/wp-content\/uploads\/Generated-Image-September-08-2025-4_19PM-768x1052.png 768w, https:\/\/www.interdomizil.de\/reisemagazin\/wp-content\/uploads\/Generated-Image-September-08-2025-4_19PM-175x240.png 175w, https:\/\/www.interdomizil.de\/reisemagazin\/wp-content\/uploads\/Generated-Image-September-08-2025-4_19PM-450x617.png 450w, https:\/\/www.interdomizil.de\/reisemagazin\/wp-content\/uploads\/Generated-Image-September-08-2025-4_19PM.png 864w\" sizes=\"(max-width: 525px) 100vw, 525px\" \/><figcaption class=\"wp-element-caption\">Foto@InterDomizil<\/figcaption><\/figure>\n\n\n\n<h2 class=\"wp-block-heading\">Leuchtturm Memmertfeuer<\/h2>\n\n\n\n<p>Das Memmertfeuer auf Juist hat eine Besonderheit: Kein anderer Leuchtturm wirft sein Licht auf die Insel anstatt auf das Meer. Dies geschieht nicht ohne Grund. 1986 wurde das Leuchtfeuer auf Memmert abmontiert. Eine Interessengemeinschaft k\u00e4mpfte f\u00fcr den Erhalt des Feuers. Das Nieders\u00e4chsische Hafenamt verbietet allerdings, dass das Memmertfeuer auf die Nordsee scheint. So dient das Licht nicht der Schifffahrt, sondern beleuchtet die Insel.<\/p>\n\n\n\n<p>Der Leuchtturm Memmertfeuer konnte durch eine Spendenaktion realisiert werden und befindet sich am Juister Hafeneingang. W\u00e4hrend der Sommersaison k\u00f6nnen Sie den Leuchtturm besteigen. Es wird eine kleine Geb\u00fchr von einem Euro verlangt.<br><\/p>\n\n\n\n<h6 class=\"wp-block-heading\"><br>Titelfoto: Von Carsten Steger &#8211; Eigenes Werk, CC BY-SA 4.0, https:\/\/commons.wikimedia.org\/w\/index.php?curid=155184866<br>Foto Karte:  Von NordNordWest &#8211; Eigenes Werk, CC BY-SA 3.0 de, https:\/\/commons.wikimedia.org\/w\/index.php?curid=15685126<\/h6>\n","protected":false},"excerpt":{"rendered":"<p>Memmert tanzt aus der Reihe und reiht sich nicht in die Kette der ostfriesischen Inseln ein. Die kleine Insel liegt s\u00fcdwestlich von Juist und ist menschenleer. Hier hat die unber\u00fchrte Natur Ostfrieslands die Oberhand behalten. Nur wenigen Menschen ist der Zugang erlaubt. Die Geschichte der Vogelinsel Als Otto Leege 1888 nach Memmertsand kam, hatte der<\/p>\n","protected":false},"author":61,"featured_media":13369,"comment_status":"closed","ping_status":"closed","sticky":false,"template":"","format":"standard","meta":{"footnotes":""},"categories":[37,11,12],"tags":[1661,541,1211,1830,558,941,551],"yoast_head":"<!-- This site is optimized with the Yoast SEO plugin v16.1.1 - https:\/\/yoast.com\/wordpress\/plugins\/seo\/ -->\n<title>Nachbarinsel Memmert: Abstecher zur Vogelinsel &ndash; InterDomizil Reisemagazin<\/title>\n<meta name=\"description\" content=\"Wo die Natur das Sagen hat:160 Vogelarten, Seehunde und endlose Sandfl\u00e4chen \u2013 die Insel Memmert bei Juist ist ein Paradies f\u00fcr Tiere.\" \/>\n<link rel=\"canonical\" href=\"https:\/\/www.interdomizil.de\/reisemagazin\/reiseziele\/nachbarinsel-memmert-abstecher-zur-vogelinsel\" \/>\n<meta name=\"twitter:label1\" content=\"Gesch\u00e4tzte Lesezeit\">\n\t<meta name=\"twitter:data1\" content=\"4\u00a0Minuten\">\n<script type=\"application\/ld+json\" class=\"yoast-schema-graph\">{\"@context\":\"https:\/\/schema.org\",\"@graph\":[{\"@type\":\"WebSite\",\"@id\":\"https:\/\/www.interdomizil.de\/reisemagazin\/#website\",\"url\":\"https:\/\/www.interdomizil.de\/reisemagazin\/\",\"name\":\"InterDomizil Reisemagazin\",\"description\":\"Reiseziele. Urlaubtipps. Sehenswertes.\",\"potentialAction\":[{\"@type\":\"SearchAction\",\"target\":\"https:\/\/www.interdomizil.de\/reisemagazin\/?s={search_term_string}\",\"query-input\":\"required name=search_term_string\"}],\"inLanguage\":\"de\"},{\"@type\":\"ImageObject\",\"@id\":\"https:\/\/www.interdomizil.de\/reisemagazin\/reiseziele\/nachbarinsel-memmert-abstecher-zur-vogelinsel#primaryimage\",\"inLanguage\":\"de\",\"url\":\"https:\/\/www.interdomizil.de\/reisemagazin\/wp-content\/uploads\/Memmert.jpg\",\"contentUrl\":\"https:\/\/www.interdomizil.de\/reisemagazin\/wp-content\/uploads\/Memmert.jpg\",\"width\":1920,\"height\":1012,\"caption\":\"Memmert\"},{\"@type\":\"WebPage\",\"@id\":\"https:\/\/www.interdomizil.de\/reisemagazin\/reiseziele\/nachbarinsel-memmert-abstecher-zur-vogelinsel#webpage\",\"url\":\"https:\/\/www.interdomizil.de\/reisemagazin\/reiseziele\/nachbarinsel-memmert-abstecher-zur-vogelinsel\",\"name\":\"Nachbarinsel Memmert: Abstecher zur Vogelinsel &ndash; InterDomizil Reisemagazin\",\"isPartOf\":{\"@id\":\"https:\/\/www.interdomizil.de\/reisemagazin\/#website\"},\"primaryImageOfPage\":{\"@id\":\"https:\/\/www.interdomizil.de\/reisemagazin\/reiseziele\/nachbarinsel-memmert-abstecher-zur-vogelinsel#primaryimage\"},\"datePublished\":\"2025-09-18T06:51:00+00:00\",\"dateModified\":\"2025-09-09T17:19:08+00:00\",\"author\":{\"@id\":\"https:\/\/www.interdomizil.de\/reisemagazin\/#\/schema\/person\/88e68aa5afdec9d042c8f78c340a2f6f\"},\"description\":\"Wo die Natur das Sagen hat:160 Vogelarten, Seehunde und endlose Sandfl\\u00e4chen \\u2013 die Insel Memmert bei Juist ist ein Paradies f\\u00fcr Tiere.\",\"breadcrumb\":{\"@id\":\"https:\/\/www.interdomizil.de\/reisemagazin\/reiseziele\/nachbarinsel-memmert-abstecher-zur-vogelinsel#breadcrumb\"},\"inLanguage\":\"de\",\"potentialAction\":[{\"@type\":\"ReadAction\",\"target\":[\"https:\/\/www.interdomizil.de\/reisemagazin\/reiseziele\/nachbarinsel-memmert-abstecher-zur-vogelinsel\"]}]},{\"@type\":\"BreadcrumbList\",\"@id\":\"https:\/\/www.interdomizil.de\/reisemagazin\/reiseziele\/nachbarinsel-memmert-abstecher-zur-vogelinsel#breadcrumb\",\"itemListElement\":[{\"@type\":\"ListItem\",\"position\":1,\"item\":{\"@type\":\"WebPage\",\"@id\":\"https:\/\/www.interdomizil.de\/reisemagazin\/\",\"url\":\"https:\/\/www.interdomizil.de\/reisemagazin\/\",\"name\":\"Home\"}},{\"@type\":\"ListItem\",\"position\":2,\"item\":{\"@type\":\"WebPage\",\"@id\":\"https:\/\/www.interdomizil.de\/reisemagazin\/reiseziele\/nachbarinsel-memmert-abstecher-zur-vogelinsel\",\"url\":\"https:\/\/www.interdomizil.de\/reisemagazin\/reiseziele\/nachbarinsel-memmert-abstecher-zur-vogelinsel\",\"name\":\"Nachbarinsel Memmert: Abstecher zur Vogelinsel\"}}]},{\"@type\":\"Person\",\"@id\":\"https:\/\/www.interdomizil.de\/reisemagazin\/#\/schema\/person\/88e68aa5afdec9d042c8f78c340a2f6f\",\"name\":\"Redaktion\"}]}<\/script>\n<!-- \/ Yoast SEO plugin. -->","_links":{"self":[{"href":"https:\/\/www.interdomizil.de\/reisemagazin\/wp-json\/wp\/v2\/posts\/13364"}],"collection":[{"href":"https:\/\/www.interdomizil.de\/reisemagazin\/wp-json\/wp\/v2\/posts"}],"about":[{"href":"https:\/\/www.interdomizil.de\/reisemagazin\/wp-json\/wp\/v2\/types\/post"}],"author":[{"embeddable":true,"href":"https:\/\/www.interdomizil.de\/reisemagazin\/wp-json\/wp\/v2\/users\/61"}],"replies":[{"embeddable":true,"href":"https:\/\/www.interdomizil.de\/reisemagazin\/wp-json\/wp\/v2\/comments?post=13364"}],"version-history":[{"count":7,"href":"https:\/\/www.interdomizil.de\/reisemagazin\/wp-json\/wp\/v2\/posts\/13364\/revisions"}],"predecessor-version":[{"id":13377,"href":"https:\/\/www.interdomizil.de\/reisemagazin\/wp-json\/wp\/v2\/posts\/13364\/revisions\/13377"}],"wp:featuredmedia":[{"embeddable":true,"href":"https:\/\/www.interdomizil.de\/reisemagazin\/wp-json\/wp\/v2\/media\/13369"}],"wp:attachment":[{"href":"https:\/\/www.interdomizil.de\/reisemagazin\/wp-json\/wp\/v2\/media?parent=13364"}],"wp:term":[{"taxonomy":"category","embeddable":true,"href":"https:\/\/www.interdomizil.de\/reisemagazin\/wp-json\/wp\/v2\/categories?post=13364"},{"taxonomy":"post_tag","embeddable":true,"href":"https:\/\/www.interdomizil.de\/reisemagazin\/wp-json\/wp\/v2\/tags?post=13364"}],"curies":[{"name":"wp","href":"https:\/\/api.w.org\/{rel}","templated":true}]}}