{"id":13232,"date":"2025-04-03T09:14:17","date_gmt":"2025-04-03T07:14:17","guid":{"rendered":"https:\/\/www.interdomizil.de\/reisemagazin\/?p=13232"},"modified":"2025-03-26T11:56:44","modified_gmt":"2025-03-26T09:56:44","slug":"ostern-2025-in-warnemuende-veranstaltungen-und-highlights-fuer-urlauber","status":"publish","type":"post","link":"https:\/\/www.interdomizil.de\/reisemagazin\/aktuelles\/ostern-2025-in-warnemuende-veranstaltungen-und-highlights-fuer-urlauber","title":{"rendered":"Ostern 2025 in Warnem\u00fcnde: Veranstaltungen und Highlights f\u00fcr Urlauber"},"content":{"rendered":"<div class=\"twoclick_social_bookmarks_post_13232 social_share_privacy clearfix 1.6.4 locale-de_DE sprite-de_DE\"><\/div><div class=\"twoclick-js\"><script type=\"text\/javascript\">\/* <![CDATA[ *\/\njQuery(document).ready(function($){if($('.twoclick_social_bookmarks_post_13232')){$('.twoclick_social_bookmarks_post_13232').socialSharePrivacy({\"services\":{\"facebook\":{\"status\":\"on\",\"txt_info\":\"2 Klicks f\\u00fcr mehr Datenschutz: Erst wenn Sie hier klicken, wird der Button aktiv und Sie k\\u00f6nnen Ihre Empfehlung an Facebook senden. Schon beim Aktivieren werden <strong>Daten an Dritte \\u00fcbertragen<\\\/strong> - siehe <strong>i<\\\/strong>.\",\"perma_option\":\"off\",\"action\":\"like\",\"language\":\"de_DE\"},\"twitter\":{\"reply_to\":\"\",\"tweet_text\":\"%20Ostern%202025%20in%20Warnem%C3%BCnde%3A%20Veranstaltungen%20und%20Highlights%20f%C3%BCr%20Urlauber%20%C2%BB%20...\",\"status\":\"on\",\"txt_info\":\"2 Klicks f\\u00fcr mehr Datenschutz: Erst wenn Sie hier klicken, wird der Button aktiv und Sie k\\u00f6nnen Ihre Empfehlung an Twitter senden. Schon beim Aktivieren werden <strong>Daten an Dritte \\u00fcbertragen<\\\/strong> - siehe <strong>i<\\\/strong>.\",\"perma_option\":\"off\",\"language\":\"de\"},\"pinterest\":{\"status\":\"on\",\"the_excerpt\":\"Ostern 2025 in Warnem\\u00fcnde: Veranstaltungen und Highlights f\\u00fcr Urlauber\",\"txt_info\":\"2 Klicks f\\u00fcr mehr Datenschutz: Erst wenn Sie hier klicken, wird der Button aktiv und Sie k\\u00f6nnen Ihre Empfehlung an Pinterest senden. Schon beim Aktivieren werden <strong>Daten an Dritte \\u00fcbertragen<\\\/strong> - siehe <strong>i<\\\/strong>.\",\"perma_option\":\"off\",\"media\":\"https:\\\/\\\/www.interdomizil.de\\\/reisemagazin\\\/wp-content\\\/uploads\\\/IMG-20200410-WA0014-e1742793589222.jpg\"}},\"txt_help\":\"Wenn Sie diese Felder durch einen Klick aktivieren, werden Informationen an Facebook, Twitter, Flattr, Xing, t3n, LinkedIn, Pinterest oder Google eventuell ins Ausland <strong>\\u00fcbertragen<\\\/strong> und unter Umst\\u00e4nden auch dort <strong>gespeichert<\\\/strong>. N\\u00e4heres erfahren Sie durch einen Klick auf das <em>i<\\\/em>.\",\"settings_perma\":\"Dauerhaft aktivieren und Daten\\u00fcber-tragung zustimmen:\",\"info_link\":\"http:\\\/\\\/www.heise.de\\\/ct\\\/artikel\\\/2-Klicks-fuer-mehr-Datenschutz-1333879.html\",\"uri\":\"https:\\\/\\\/www.interdomizil.de\\\/reisemagazin\\\/aktuelles\\\/ostern-2025-in-warnemuende-veranstaltungen-und-highlights-fuer-urlauber\",\"post_id\":13232,\"post_title_referrer_track\":\"Ostern+2025+in+Warnem%C3%BCnde%3A+Veranstaltungen+und+Highlights+f%C3%BCr+Urlauber\",\"concat\":\"%3F\",\"display_infobox\":\"on\"});}});\n\/* ]]> *\/<\/script><\/div>\n<p>Nicht nur die langsam ansteigenden Temperaturen laden dazu ein, die Ostertage in Warnem\u00fcnde zu verbringen. Die Str\u00e4nde sind noch nicht \u00fcberlaufen und es herrschen noch Ruhe und Beschaulichkeit. Bei verschiedenen Veranstaltungen und Unternehmungen werden Sie das Osterfest von seiner maritimen Seite kennenlernen und erlebnisreiche Urlaubstage an der Ostsee verleben.<\/p>\n\n\n\n<h2 class=\"wp-block-heading\">Osterfeuer in Warnem\u00fcnde \u2013 Lagerfeuerromantik pur<\/h2>\n\n\n\n<p>Wer sitzt nicht gern am Lagerfeuer. An Ostern in Warnem\u00fcnde k\u00f6nnen Sie dieses romantische Feeling voll auskosten. An der Ostsee ist es vielerorts Brauch, den Winter mit lodernden Osterfeuern am Strand zu vertreiben.<\/p>\n\n\n\n<p>Veranstaltet wird das Osterfeuer in Warnem\u00fcnde von der Freiwilligen Feuerwehr des Seebades. Zwischen 19 und 22 Uhr werden die Flammen am Ostersamstag, dem 19.04.2025, unterhalb des Teepott lodern. Das Ereignis gilt in Warnem\u00fcnde als inoffizieller Startschuss in die Urlaubssaison. Sie d\u00fcrfen sich auf ein umfangreiches Grill- und Getr\u00e4nkeangebot freuen. Die SAX\u2019N ANHALT VIP-Band aus Magdeburg umrahmt den Abend mit Livemusik.<\/p>\n\n\n\n<figure class=\"wp-block-image size-full\"><img decoding=\"async\" loading=\"lazy\" width=\"1599\" height=\"788\" src=\"https:\/\/www.interdomizil.de\/reisemagazin\/wp-content\/uploads\/warnemuende-ostern-1.jpg\" alt=\"\" class=\"wp-image-13239\" srcset=\"https:\/\/www.interdomizil.de\/reisemagazin\/wp-content\/uploads\/warnemuende-ostern-1.jpg 1599w, https:\/\/www.interdomizil.de\/reisemagazin\/wp-content\/uploads\/warnemuende-ostern-1-500x246.jpg 500w, https:\/\/www.interdomizil.de\/reisemagazin\/wp-content\/uploads\/warnemuende-ostern-1-720x355.jpg 720w, https:\/\/www.interdomizil.de\/reisemagazin\/wp-content\/uploads\/warnemuende-ostern-1-200x99.jpg 200w, https:\/\/www.interdomizil.de\/reisemagazin\/wp-content\/uploads\/warnemuende-ostern-1-768x378.jpg 768w, https:\/\/www.interdomizil.de\/reisemagazin\/wp-content\/uploads\/warnemuende-ostern-1-1536x757.jpg 1536w, https:\/\/www.interdomizil.de\/reisemagazin\/wp-content\/uploads\/warnemuende-ostern-1-175x86.jpg 175w, https:\/\/www.interdomizil.de\/reisemagazin\/wp-content\/uploads\/warnemuende-ostern-1-450x222.jpg 450w, https:\/\/www.interdomizil.de\/reisemagazin\/wp-content\/uploads\/warnemuende-ostern-1-1170x577.jpg 1170w\" sizes=\"(max-width: 1599px) 100vw, 1599px\" \/><figcaption class=\"wp-element-caption\">Foto@InterDomizil GmbH<\/figcaption><\/figure>\n\n\n\n<p>Noch romantischer wird es, wenn Sie sich ab 18 Uhr an der Vogtei einfinden und mit einer Fackel bewaffnen. Ab 18.45 Uhr setzt sich die Fackelwanderung zum Osterfeuer in Bewegung.<\/p>\n\n\n\n<h2 class=\"wp-block-heading\">Ostermarkt am Meer in Warnem\u00fcnde<\/h2>\n\n\n\n<p>Die Warnm\u00fcnder Promenade wird zwischen dem 16. und 21. April 2025 vom Ostermarkt am Meer belebt. T\u00e4glich ist zwischen 10 und 19 Uhr ge\u00f6ffnet. Am Karfreitag bleibt der Markt geschlossen. Zahlreiche H\u00e4ndlerst\u00e4nde reihen sich aneinander. Verkauft werden nicht nur \u00f6sterliche Dekorationen, sondern auch zahlreiche kulinarische Spezialit\u00e4ten wechseln ihre Besitzer. Kinder k\u00f6nnen, gemeinsam mit dem Osterhasen, vor der Vogtei den Osterbaum schm\u00fccken und sich schminken lassen.<\/p>\n\n\n\n<p>Wenn der Ostermarkt stattfindet, werden in Warnem\u00fcnde nur sehr wenige Parkpl\u00e4tze verf\u00fcgbar sein. Es bietet sich an, Bus oder Bahn f\u00fcr die Anreise zu nutzen. Wer von Rostock mit der S-Bahn kommt, erreicht den Veranstaltungsort vom Warnem\u00fcnder Hauptbahnhof nach wenigen hundert Metern.<\/p>\n\n\n\n<figure class=\"wp-block-image size-full\"><img decoding=\"async\" loading=\"lazy\" width=\"1600\" height=\"688\" src=\"https:\/\/www.interdomizil.de\/reisemagazin\/wp-content\/uploads\/ostern2025-warnemuende.jpg\" alt=\"\" class=\"wp-image-13242\" srcset=\"https:\/\/www.interdomizil.de\/reisemagazin\/wp-content\/uploads\/ostern2025-warnemuende.jpg 1600w, https:\/\/www.interdomizil.de\/reisemagazin\/wp-content\/uploads\/ostern2025-warnemuende-500x215.jpg 500w, https:\/\/www.interdomizil.de\/reisemagazin\/wp-content\/uploads\/ostern2025-warnemuende-720x310.jpg 720w, https:\/\/www.interdomizil.de\/reisemagazin\/wp-content\/uploads\/ostern2025-warnemuende-200x86.jpg 200w, https:\/\/www.interdomizil.de\/reisemagazin\/wp-content\/uploads\/ostern2025-warnemuende-768x330.jpg 768w, https:\/\/www.interdomizil.de\/reisemagazin\/wp-content\/uploads\/ostern2025-warnemuende-1536x660.jpg 1536w, https:\/\/www.interdomizil.de\/reisemagazin\/wp-content\/uploads\/ostern2025-warnemuende-175x75.jpg 175w, https:\/\/www.interdomizil.de\/reisemagazin\/wp-content\/uploads\/ostern2025-warnemuende-450x194.jpg 450w, https:\/\/www.interdomizil.de\/reisemagazin\/wp-content\/uploads\/ostern2025-warnemuende-1170x503.jpg 1170w\" sizes=\"(max-width: 1600px) 100vw, 1600px\" \/><figcaption class=\"wp-element-caption\">Foto@InterDomizil GmbH<\/figcaption><\/figure>\n\n\n\n<h2 class=\"wp-block-heading\">Ostermarkt XXL \u2013 Rostock l\u00e4dt ein<\/h2>\n\n\n\n<p>Nicht vers\u00e4umen sollten Sie auch den Rostocker Ostermarkt, der zwischen dem 4.4. und dem 21.4. 2025 in der Rostocker Innenstadt abgehalten wird. Auch hier ist an Karfreitag geschlossen. Das Markttreiben erstreckt sich vom Neuen Markt \u00fcber die Kr\u00f6peliner Stra\u00dfe und den Universit\u00e4tsplatz bis zur Breiten Stra\u00dfe und dem Kr\u00f6peliner Tor.<\/p>\n\n\n\n<p>Der Ostermarkt zaubert Fr\u00fchlingsstimmung in die Rostocker City. Fr\u00fchlingsblumen, Stroh und riesige Ostereier stimmen auf die Ostertage ein. Nat\u00fcrlich war auch der Osterhase bereits vor Ort und hat bunte Osterbeutel versteckt. Mehr als 20 H\u00e4ndler haben sich angesagt. An den verschiedenen St\u00e4nden k\u00f6nnen Sie \u00f6sterliche Geschenkideen, Kunsthandwerk aus der Region oder Blumen und Gr\u00fcnpflanzen finden. Auch regionale Spezialit\u00e4ten, wie die Rostocker Rauchwurst oder R\u00e4ucherfisch, werden vor Ort zubereitet und verkauft.<\/p>\n\n\n\n<p>Aussteller aus der Lausitz werden Einblicke in die Tradition der sorbischen Volkskunst gew\u00e4hren und die Bemalung der kunstvoll verzierten sorbischen Ostereier demonstrieren.<\/p>\n\n\n\n<p>Riesenrad, Mini-Achterbahn und Kinderkarussell d\u00fcrfen nicht fehlen. Am Ostermontag wird auf dem Autoscooter ein \u00f6kumenischer Schausteller-Gottesdienst abgehalten. Auf dem Universit\u00e4tsplatz wird ein sieben Meter hoher, geschm\u00fcckter Osterbaum aufgestellt. Kleine Besucher k\u00f6nnen beim Bemalen eines Riesenostereis kreativ werden. Am Mittwoch bietet der Familientag preisliche Verg\u00fcnstigungen.<\/p>\n\n\n\n<p>Bereits Ende M\u00e4rz weckt der Kunsthandwerker Ostermarkt in der Nikolaikirche die Freude auf das Fest. Zwischen dem 27. und 29.3. 2025 pr\u00e4sentieren t\u00e4glich zwischen 10 und 18 Uhr zahlreiche Kunsthandwerker ihre Arbeiten. Traditionelle Keramik, individuelle Bekleidung oder moderne Malerei und Fotografie finden begeisterte Abnehmer. Auch kulinarisch erwartet Sie vor Ort ein abwechslungsreiches Angebot.<\/p>\n\n\n\n<h2 class=\"wp-block-heading\">Die Leuchtturmsaison beginnt<\/h2>\n\n\n\n<p>Im Winter blieb das Wahrzeichen Warnem\u00fcndes geschlossen. Am Ostersamstag ist die Wartezeit vorbei. Sie d\u00fcrfen das Seebad nun wieder aus der Vogelperspektive betrachten, denn an diesem Tag beginnt traditionell die Leuchtturmsaison. Im Vorfeld wurde der Warnem\u00fcnder Leuchtturm geputzt und hergerichtet.<\/p>\n\n\n\n<figure class=\"wp-block-image size-full\"><img decoding=\"async\" loading=\"lazy\" width=\"887\" height=\"886\" src=\"https:\/\/www.interdomizil.de\/reisemagazin\/wp-content\/uploads\/ostern-warnemuende-edited.jpg\" alt=\"\" class=\"wp-image-13246\" srcset=\"https:\/\/www.interdomizil.de\/reisemagazin\/wp-content\/uploads\/ostern-warnemuende-edited.jpg 887w, https:\/\/www.interdomizil.de\/reisemagazin\/wp-content\/uploads\/ostern-warnemuende-edited-500x500.jpg 500w, https:\/\/www.interdomizil.de\/reisemagazin\/wp-content\/uploads\/ostern-warnemuende-edited-720x720.jpg 720w, https:\/\/www.interdomizil.de\/reisemagazin\/wp-content\/uploads\/ostern-warnemuende-edited-200x200.jpg 200w, https:\/\/www.interdomizil.de\/reisemagazin\/wp-content\/uploads\/ostern-warnemuende-edited-768x767.jpg 768w, https:\/\/www.interdomizil.de\/reisemagazin\/wp-content\/uploads\/ostern-warnemuende-edited-175x175.jpg 175w, https:\/\/www.interdomizil.de\/reisemagazin\/wp-content\/uploads\/ostern-warnemuende-edited-450x449.jpg 450w\" sizes=\"(max-width: 887px) 100vw, 887px\" \/><figcaption class=\"wp-element-caption\">Foto@InterDomizil GmbH<\/figcaption><\/figure>\n\n\n\n<p>Ab 10 Uhr \u00f6ffnet das Bauwerk wieder seine Pforten. Die Saisoner\u00f6ffnung wird z\u00fcnftig gefeiert. F\u00fcr musikalische Unterhaltung wird der Shantychor De Klaashahns sorgen. Auch hier findet ein Fackelumzug von der Vogtei am Alten Strom bis zum Leuchtturm statt.<\/p>\n\n\n\n<h2 class=\"wp-block-heading\">Ostern in Warnm\u00fcnde \u2013 immer ein Erlebnis<\/h2>\n\n\n\n<p>Ostern in Warnem\u00fcnde wird unvergesslich bleiben, ganz gleich, wie Sie die freien Tage an der Ostsee verbringen wollen. M\u00f6gen Sie es weniger turbulent, bietet sich ein ausgedehnter Strandspaziergang an. F\u00fcr die Kinder wird es zu einer besonderen Herausforderung, wenn sie erfahren, dass die Ostereier diesmal im Sand versteckt sind. Mit der passenden Kleidung wird die Wanderung am Strand bei jedem Wetter zum Erlebnis. Zeigt sich die Sonne, laufen die ersten Mutigen vielleicht schon barfu\u00df durch den Sand oder wagen sich sogar zum Anbaden ins Meer.<\/p>\n\n\n\n<p>F\u00fcr Familien empfiehlt sich ein Abstecher in den Rostocker Zoo. Dort gibt es nicht nur Tiere aus aller Welt zu sehen. Die Zoomitarbeiter halten einige \u00dcberraschungen bereit. Die Frage ist: Wer verziert das sch\u00f6nste Osterei und wer findet zuerst eines der versteckten Osternester.<\/p>\n","protected":false},"excerpt":{"rendered":"<p>Nicht nur die langsam ansteigenden Temperaturen laden dazu ein, die Ostertage in Warnem\u00fcnde zu verbringen. Die Str\u00e4nde sind noch nicht \u00fcberlaufen und es herrschen noch Ruhe und Beschaulichkeit. Bei verschiedenen Veranstaltungen und Unternehmungen werden Sie das Osterfest von seiner maritimen Seite kennenlernen und erlebnisreiche Urlaubstage an der Ostsee verleben. Osterfeuer in Warnem\u00fcnde \u2013 Lagerfeuerromantik pur<\/p>\n","protected":false},"author":61,"featured_media":13238,"comment_status":"closed","ping_status":"closed","sticky":false,"template":"","format":"standard","meta":{"footnotes":""},"categories":[977,37],"tags":[559,1109,929,1823,1660,562,773,585,979],"yoast_head":"<!-- This site is optimized with the Yoast SEO plugin v16.1.1 - https:\/\/yoast.com\/wordpress\/plugins\/seo\/ -->\n<title>Ostern 2025 in Warnem\u00fcnde: Veranstaltungen und Highlights f\u00fcr Urlauber &ndash; InterDomizil Reisemagazin<\/title>\n<link rel=\"canonical\" href=\"https:\/\/www.interdomizil.de\/reisemagazin\/aktuelles\/ostern-2025-in-warnemuende-veranstaltungen-und-highlights-fuer-urlauber\" \/>\n<meta name=\"twitter:label1\" content=\"Gesch\u00e4tzte Lesezeit\">\n\t<meta name=\"twitter:data1\" content=\"4\u00a0Minuten\">\n<script type=\"application\/ld+json\" class=\"yoast-schema-graph\">{\"@context\":\"https:\/\/schema.org\",\"@graph\":[{\"@type\":\"WebSite\",\"@id\":\"https:\/\/www.interdomizil.de\/reisemagazin\/#website\",\"url\":\"https:\/\/www.interdomizil.de\/reisemagazin\/\",\"name\":\"InterDomizil Reisemagazin\",\"description\":\"Reiseziele. Urlaubtipps. Sehenswertes.\",\"potentialAction\":[{\"@type\":\"SearchAction\",\"target\":\"https:\/\/www.interdomizil.de\/reisemagazin\/?s={search_term_string}\",\"query-input\":\"required name=search_term_string\"}],\"inLanguage\":\"de\"},{\"@type\":\"ImageObject\",\"@id\":\"https:\/\/www.interdomizil.de\/reisemagazin\/aktuelles\/ostern-2025-in-warnemuende-veranstaltungen-und-highlights-fuer-urlauber#primaryimage\",\"inLanguage\":\"de\",\"url\":\"https:\/\/www.interdomizil.de\/reisemagazin\/wp-content\/uploads\/IMG-20200410-WA0014-e1742793589222.jpg\",\"contentUrl\":\"https:\/\/www.interdomizil.de\/reisemagazin\/wp-content\/uploads\/IMG-20200410-WA0014-e1742793589222.jpg\",\"width\":877,\"height\":890},{\"@type\":\"WebPage\",\"@id\":\"https:\/\/www.interdomizil.de\/reisemagazin\/aktuelles\/ostern-2025-in-warnemuende-veranstaltungen-und-highlights-fuer-urlauber#webpage\",\"url\":\"https:\/\/www.interdomizil.de\/reisemagazin\/aktuelles\/ostern-2025-in-warnemuende-veranstaltungen-und-highlights-fuer-urlauber\",\"name\":\"Ostern 2025 in Warnem\\u00fcnde: Veranstaltungen und Highlights f\\u00fcr Urlauber &ndash; InterDomizil Reisemagazin\",\"isPartOf\":{\"@id\":\"https:\/\/www.interdomizil.de\/reisemagazin\/#website\"},\"primaryImageOfPage\":{\"@id\":\"https:\/\/www.interdomizil.de\/reisemagazin\/aktuelles\/ostern-2025-in-warnemuende-veranstaltungen-und-highlights-fuer-urlauber#primaryimage\"},\"datePublished\":\"2025-04-03T07:14:17+00:00\",\"dateModified\":\"2025-03-26T09:56:44+00:00\",\"author\":{\"@id\":\"https:\/\/www.interdomizil.de\/reisemagazin\/#\/schema\/person\/88e68aa5afdec9d042c8f78c340a2f6f\"},\"breadcrumb\":{\"@id\":\"https:\/\/www.interdomizil.de\/reisemagazin\/aktuelles\/ostern-2025-in-warnemuende-veranstaltungen-und-highlights-fuer-urlauber#breadcrumb\"},\"inLanguage\":\"de\",\"potentialAction\":[{\"@type\":\"ReadAction\",\"target\":[\"https:\/\/www.interdomizil.de\/reisemagazin\/aktuelles\/ostern-2025-in-warnemuende-veranstaltungen-und-highlights-fuer-urlauber\"]}]},{\"@type\":\"BreadcrumbList\",\"@id\":\"https:\/\/www.interdomizil.de\/reisemagazin\/aktuelles\/ostern-2025-in-warnemuende-veranstaltungen-und-highlights-fuer-urlauber#breadcrumb\",\"itemListElement\":[{\"@type\":\"ListItem\",\"position\":1,\"item\":{\"@type\":\"WebPage\",\"@id\":\"https:\/\/www.interdomizil.de\/reisemagazin\/\",\"url\":\"https:\/\/www.interdomizil.de\/reisemagazin\/\",\"name\":\"Home\"}},{\"@type\":\"ListItem\",\"position\":2,\"item\":{\"@type\":\"WebPage\",\"@id\":\"https:\/\/www.interdomizil.de\/reisemagazin\/aktuelles\/ostern-2025-in-warnemuende-veranstaltungen-und-highlights-fuer-urlauber\",\"url\":\"https:\/\/www.interdomizil.de\/reisemagazin\/aktuelles\/ostern-2025-in-warnemuende-veranstaltungen-und-highlights-fuer-urlauber\",\"name\":\"Ostern 2025 in Warnem\\u00fcnde: Veranstaltungen und Highlights f\\u00fcr Urlauber\"}}]},{\"@type\":\"Person\",\"@id\":\"https:\/\/www.interdomizil.de\/reisemagazin\/#\/schema\/person\/88e68aa5afdec9d042c8f78c340a2f6f\",\"name\":\"Redaktion\"}]}<\/script>\n<!-- \/ Yoast SEO plugin. -->","_links":{"self":[{"href":"https:\/\/www.interdomizil.de\/reisemagazin\/wp-json\/wp\/v2\/posts\/13232"}],"collection":[{"href":"https:\/\/www.interdomizil.de\/reisemagazin\/wp-json\/wp\/v2\/posts"}],"about":[{"href":"https:\/\/www.interdomizil.de\/reisemagazin\/wp-json\/wp\/v2\/types\/post"}],"author":[{"embeddable":true,"href":"https:\/\/www.interdomizil.de\/reisemagazin\/wp-json\/wp\/v2\/users\/61"}],"replies":[{"embeddable":true,"href":"https:\/\/www.interdomizil.de\/reisemagazin\/wp-json\/wp\/v2\/comments?post=13232"}],"version-history":[{"count":4,"href":"https:\/\/www.interdomizil.de\/reisemagazin\/wp-json\/wp\/v2\/posts\/13232\/revisions"}],"predecessor-version":[{"id":13247,"href":"https:\/\/www.interdomizil.de\/reisemagazin\/wp-json\/wp\/v2\/posts\/13232\/revisions\/13247"}],"wp:featuredmedia":[{"embeddable":true,"href":"https:\/\/www.interdomizil.de\/reisemagazin\/wp-json\/wp\/v2\/media\/13238"}],"wp:attachment":[{"href":"https:\/\/www.interdomizil.de\/reisemagazin\/wp-json\/wp\/v2\/media?parent=13232"}],"wp:term":[{"taxonomy":"category","embeddable":true,"href":"https:\/\/www.interdomizil.de\/reisemagazin\/wp-json\/wp\/v2\/categories?post=13232"},{"taxonomy":"post_tag","embeddable":true,"href":"https:\/\/www.interdomizil.de\/reisemagazin\/wp-json\/wp\/v2\/tags?post=13232"}],"curies":[{"name":"wp","href":"https:\/\/api.w.org\/{rel}","templated":true}]}}