{"id":13153,"date":"2025-01-16T09:30:11","date_gmt":"2025-01-16T07:30:11","guid":{"rendered":"https:\/\/www.interdomizil.de\/reisemagazin\/?p=13153"},"modified":"2025-01-14T15:04:55","modified_gmt":"2025-01-14T13:04:55","slug":"warnemuende-im-winterkleid-fotospots-fuer-verschneite-tage","status":"publish","type":"post","link":"https:\/\/www.interdomizil.de\/reisemagazin\/aktuelles\/warnemuende-im-winterkleid-fotospots-fuer-verschneite-tage","title":{"rendered":"Warnem\u00fcnde im Winterkleid: Fotospots f\u00fcr verschneite Tage"},"content":{"rendered":"<div class=\"twoclick_social_bookmarks_post_13153 social_share_privacy clearfix 1.6.4 locale-de_DE sprite-de_DE\"><\/div><div class=\"twoclick-js\"><script type=\"text\/javascript\">\/* <![CDATA[ *\/\njQuery(document).ready(function($){if($('.twoclick_social_bookmarks_post_13153')){$('.twoclick_social_bookmarks_post_13153').socialSharePrivacy({\"services\":{\"facebook\":{\"status\":\"on\",\"txt_info\":\"2 Klicks f\\u00fcr mehr Datenschutz: Erst wenn Sie hier klicken, wird der Button aktiv und Sie k\\u00f6nnen Ihre Empfehlung an Facebook senden. Schon beim Aktivieren werden <strong>Daten an Dritte \\u00fcbertragen<\\\/strong> - siehe <strong>i<\\\/strong>.\",\"perma_option\":\"off\",\"action\":\"like\",\"language\":\"de_DE\"},\"twitter\":{\"reply_to\":\"\",\"tweet_text\":\"%20Warnem%C3%BCnde%20im%20Winterkleid%3A%20Fotospots%20f%C3%BCr%20verschneite%20Tage%20%C2%BB%20InterDomizil%20...\",\"status\":\"on\",\"txt_info\":\"2 Klicks f\\u00fcr mehr Datenschutz: Erst wenn Sie hier klicken, wird der Button aktiv und Sie k\\u00f6nnen Ihre Empfehlung an Twitter senden. Schon beim Aktivieren werden <strong>Daten an Dritte \\u00fcbertragen<\\\/strong> - siehe <strong>i<\\\/strong>.\",\"perma_option\":\"off\",\"language\":\"de\"},\"pinterest\":{\"status\":\"on\",\"the_excerpt\":\"Warnem\\u00fcnde im Winterkleid: Fotospots f\\u00fcr verschneite Tage\",\"txt_info\":\"2 Klicks f\\u00fcr mehr Datenschutz: Erst wenn Sie hier klicken, wird der Button aktiv und Sie k\\u00f6nnen Ihre Empfehlung an Pinterest senden. Schon beim Aktivieren werden <strong>Daten an Dritte \\u00fcbertragen<\\\/strong> - siehe <strong>i<\\\/strong>.\",\"perma_option\":\"off\",\"media\":\"https:\\\/\\\/www.interdomizil.de\\\/reisemagazin\\\/wp-content\\\/uploads\\\/teepot.jpg\"}},\"txt_help\":\"Wenn Sie diese Felder durch einen Klick aktivieren, werden Informationen an Facebook, Twitter, Flattr, Xing, t3n, LinkedIn, Pinterest oder Google eventuell ins Ausland <strong>\\u00fcbertragen<\\\/strong> und unter Umst\\u00e4nden auch dort <strong>gespeichert<\\\/strong>. N\\u00e4heres erfahren Sie durch einen Klick auf das <em>i<\\\/em>.\",\"settings_perma\":\"Dauerhaft aktivieren und Daten\\u00fcber-tragung zustimmen:\",\"info_link\":\"http:\\\/\\\/www.heise.de\\\/ct\\\/artikel\\\/2-Klicks-fuer-mehr-Datenschutz-1333879.html\",\"uri\":\"https:\\\/\\\/www.interdomizil.de\\\/reisemagazin\\\/aktuelles\\\/warnemuende-im-winterkleid-fotospots-fuer-verschneite-tage\",\"post_id\":13153,\"post_title_referrer_track\":\"Warnem%C3%BCnde+im+Winterkleid%3A+Fotospots+f%C3%BCr+verschneite+Tage\",\"concat\":\"%3F\",\"display_infobox\":\"on\"});}});\n\/* ]]> *\/<\/script><\/div>\n<p>Sie kennen Warnem\u00fcnde im Sommer, wenn die Sonne lacht und der Strand voller Menschen ist. Geht die Saison zu Ende, wird es ruhiger und im Winter besitzt das Seebad seine ganz eigene Faszination. Sie k\u00f6nnen sich voll und ganz auf diese Stimmung einlassen. Bewaffnen Sie sich mit der Kamera und entdecken ganz neue Facetten, die nicht minder attraktiv sind und ein St\u00fcck weit verzaubern k\u00f6nnen. Wir nehmen Sie mit in das winterliche Warnem\u00fcnde und empfehlen Ihnen die besten Fotospots f\u00fcr unvergessliche Wintererinnerungen.<\/p>\n\n\n\n<h2 class=\"wp-block-heading\">Ostmole und Westmole<\/h2>\n\n\n\n<p>Alle Wege f\u00fchren auch im Winter in Richtung Meer. Der Ostsee kann sich niemand entziehen und Sie wird auch auf Ihren Winterfotos eine tragende Rolle spielen. Die Westmole f\u00fchrt Sie 500 Meter ins Meer hinaus. Dick eingemummelt ist dies der perfekte Winterspaziergang. Nur wenige Menschen sind unterwegs und die Sicht bleibt frei auf das Meer und die einfahrenden Schiffe.<\/p>\n\n\n\n<p>Mit den beiden Molenfeuern im Vordergrund entstehen eindrucksvolle Aufnahmen. Die Molenfeuer werden auch Zwillinge genannt und sollten zusammen abgelichtet werden. Es ergeben sich perfekte Kontraste zum blauen Himmel, den es in Warnem\u00fcnde auch im Winter h\u00e4ufig gibt.<\/p>\n\n\n\n<figure class=\"wp-block-image size-full\"><img decoding=\"async\" loading=\"lazy\" width=\"1600\" height=\"1200\" src=\"https:\/\/www.interdomizil.de\/reisemagazin\/wp-content\/uploads\/molen.jpg\" alt=\"\" class=\"wp-image-13155\" srcset=\"https:\/\/www.interdomizil.de\/reisemagazin\/wp-content\/uploads\/molen.jpg 1600w, https:\/\/www.interdomizil.de\/reisemagazin\/wp-content\/uploads\/molen-500x375.jpg 500w, https:\/\/www.interdomizil.de\/reisemagazin\/wp-content\/uploads\/molen-720x540.jpg 720w, https:\/\/www.interdomizil.de\/reisemagazin\/wp-content\/uploads\/molen-200x150.jpg 200w, https:\/\/www.interdomizil.de\/reisemagazin\/wp-content\/uploads\/molen-768x576.jpg 768w, https:\/\/www.interdomizil.de\/reisemagazin\/wp-content\/uploads\/molen-1536x1152.jpg 1536w, https:\/\/www.interdomizil.de\/reisemagazin\/wp-content\/uploads\/molen-175x131.jpg 175w, https:\/\/www.interdomizil.de\/reisemagazin\/wp-content\/uploads\/molen-450x338.jpg 450w, https:\/\/www.interdomizil.de\/reisemagazin\/wp-content\/uploads\/molen-1170x878.jpg 1170w\" sizes=\"(max-width: 1600px) 100vw, 1600px\" \/><figcaption class=\"wp-element-caption\">Foto@InterDomizil GmbH<\/figcaption><\/figure>\n\n\n\n<p>Unser Tipp: Fr\u00fchaufsteher sollten den Weg zur Mole in jedem Fall einschlagen. Der Sonnenaufgang mit Leuchtturm oder den Steinen der Mole im Vordergrund k\u00f6nnte nicht sch\u00f6ner abgelichtet werden.<\/p>\n\n\n\n<h2 class=\"wp-block-heading\">Strand und Strandpromenade<\/h2>\n\n\n\n<p>Die Strandpromenade beginnt am Alten Strom. Auf zwei Kilometern L\u00e4nge k\u00f6nnen Sie hier einen entspannten Winterspaziergang unternehmen und die sch\u00f6nsten Motive vor die Kamera bekommen. Die Strandpromenade verl\u00e4uft direkt hinter den D\u00fcnen und Sie haben das Meer immer im Blick. Der weite, menschenleere Strand ist eine ganz besondere Impression. Eine M\u00f6we im Vordergrund kann das Bild auflockern. Auch die Strandvillen und das D\u00fcnengras sind Motive, die auf einen winterlichen Schnappschuss von Warnem\u00fcnde geh\u00f6ren.<\/p>\n\n\n\n<figure class=\"wp-block-image size-full\"><img decoding=\"async\" loading=\"lazy\" width=\"1600\" height=\"849\" src=\"https:\/\/www.interdomizil.de\/reisemagazin\/wp-content\/uploads\/promenade.jpg\" alt=\"\" class=\"wp-image-13157\" srcset=\"https:\/\/www.interdomizil.de\/reisemagazin\/wp-content\/uploads\/promenade.jpg 1600w, https:\/\/www.interdomizil.de\/reisemagazin\/wp-content\/uploads\/promenade-500x265.jpg 500w, https:\/\/www.interdomizil.de\/reisemagazin\/wp-content\/uploads\/promenade-720x382.jpg 720w, https:\/\/www.interdomizil.de\/reisemagazin\/wp-content\/uploads\/promenade-200x106.jpg 200w, https:\/\/www.interdomizil.de\/reisemagazin\/wp-content\/uploads\/promenade-768x408.jpg 768w, https:\/\/www.interdomizil.de\/reisemagazin\/wp-content\/uploads\/promenade-1536x815.jpg 1536w, https:\/\/www.interdomizil.de\/reisemagazin\/wp-content\/uploads\/promenade-175x93.jpg 175w, https:\/\/www.interdomizil.de\/reisemagazin\/wp-content\/uploads\/promenade-450x239.jpg 450w, https:\/\/www.interdomizil.de\/reisemagazin\/wp-content\/uploads\/promenade-1170x621.jpg 1170w\" sizes=\"(max-width: 1600px) 100vw, 1600px\" \/><figcaption class=\"wp-element-caption\">Foto@InterDomizil GmbH<\/figcaption><\/figure>\n\n\n\n<h2 class=\"wp-block-heading\">Gespensterwald Nienhagen<\/h2>\n\n\n\n<p>Nicht vers\u00e4umen sollten Sie einen Abstecher in den nahen Gespensterwald von Nienhagen. Bei Nebel lassen sich schaurig-sch\u00f6ne Aufnahmen machen. Das Blau des Himmels liefert den perfekten Kontrast zu den bizarr verformten B\u00e4umen, die sie so an der deutschen K\u00fcste kein zweites Mal finden werden.<\/p>\n\n\n\n<figure class=\"wp-block-image size-full\"><img decoding=\"async\" loading=\"lazy\" width=\"1600\" height=\"1200\" src=\"https:\/\/www.interdomizil.de\/reisemagazin\/wp-content\/uploads\/wald.jpg\" alt=\"\" class=\"wp-image-13159\" srcset=\"https:\/\/www.interdomizil.de\/reisemagazin\/wp-content\/uploads\/wald.jpg 1600w, https:\/\/www.interdomizil.de\/reisemagazin\/wp-content\/uploads\/wald-500x375.jpg 500w, https:\/\/www.interdomizil.de\/reisemagazin\/wp-content\/uploads\/wald-720x540.jpg 720w, https:\/\/www.interdomizil.de\/reisemagazin\/wp-content\/uploads\/wald-200x150.jpg 200w, https:\/\/www.interdomizil.de\/reisemagazin\/wp-content\/uploads\/wald-768x576.jpg 768w, https:\/\/www.interdomizil.de\/reisemagazin\/wp-content\/uploads\/wald-1536x1152.jpg 1536w, https:\/\/www.interdomizil.de\/reisemagazin\/wp-content\/uploads\/wald-175x131.jpg 175w, https:\/\/www.interdomizil.de\/reisemagazin\/wp-content\/uploads\/wald-450x338.jpg 450w, https:\/\/www.interdomizil.de\/reisemagazin\/wp-content\/uploads\/wald-1170x878.jpg 1170w\" sizes=\"(max-width: 1600px) 100vw, 1600px\" \/><figcaption class=\"wp-element-caption\">Foto@InterDomizil GmbH<\/figcaption><\/figure>\n\n\n\n<h2 class=\"wp-block-heading\">Teepott<\/h2>\n\n\n\n<p>Der Teepott f\u00e4llt ins Auge. Mit seiner auff\u00e4lligen Konstruktion und dem geschwungenen Dach, welches ein bisschen an das Opernhaus in Sydney denken l\u00e4sst, stellt das aus DDR-Zeiten stammende Geb\u00e4ude einen markanten Blickfang dar. Von den D\u00fcnen aus l\u00e4sst sich der Teepott vor winterlicher Kulisse gut ablichten.<\/p>\n\n\n\n<figure class=\"wp-block-image size-full\"><img decoding=\"async\" loading=\"lazy\" width=\"1504\" height=\"908\" src=\"https:\/\/www.interdomizil.de\/reisemagazin\/wp-content\/uploads\/teepot.jpg\" alt=\"\" class=\"wp-image-13158\" srcset=\"https:\/\/www.interdomizil.de\/reisemagazin\/wp-content\/uploads\/teepot.jpg 1504w, https:\/\/www.interdomizil.de\/reisemagazin\/wp-content\/uploads\/teepot-500x302.jpg 500w, https:\/\/www.interdomizil.de\/reisemagazin\/wp-content\/uploads\/teepot-720x435.jpg 720w, https:\/\/www.interdomizil.de\/reisemagazin\/wp-content\/uploads\/teepot-200x121.jpg 200w, https:\/\/www.interdomizil.de\/reisemagazin\/wp-content\/uploads\/teepot-768x464.jpg 768w, https:\/\/www.interdomizil.de\/reisemagazin\/wp-content\/uploads\/teepot-175x106.jpg 175w, https:\/\/www.interdomizil.de\/reisemagazin\/wp-content\/uploads\/teepot-450x272.jpg 450w, https:\/\/www.interdomizil.de\/reisemagazin\/wp-content\/uploads\/teepot-1170x706.jpg 1170w\" sizes=\"(max-width: 1504px) 100vw, 1504px\" \/><figcaption class=\"wp-element-caption\">Foto@InterDomizil GmbH<\/figcaption><\/figure>\n\n\n\n<h2 class=\"wp-block-heading\">Alter Strom<\/h2>\n\n\n\n<p>Die Flaniermeile Warnem\u00fcndes zeigt sich im Winter in einem ganz anderen Licht. Wo im Sommer Menschen die Sicht versperren, ist der Blick auf die h\u00fcbsch restaurierten Kapit\u00e4nsh\u00e4user im Winter frei. Lieben Sie den Blick f\u00fcrs Detail, werden Sie die Fensterl\u00e4den und bunten T\u00fcren ablichten. In der Adventszeit wird es besonders romantisch. Dann sind die Fachwerkh\u00e4user liebevoll geschm\u00fcckt und es findet auch ein kleiner Weihnachtsmarkt mit Gl\u00fchweinverkauf statt.<\/p>\n\n\n\n<p>Unser Tipp: Parallel zum Alten Strom verl\u00e4uft die Alexandrinenstra\u00dfe. Hier finden Sie die sch\u00f6nsten Kapit\u00e4nsh\u00e4user, darunter das Heimatmuseum, was auch im Winter ge\u00f6ffnet hat und wo auch fotografiert werden darf.<\/p>\n\n\n\n<figure class=\"wp-block-image size-full\"><img decoding=\"async\" loading=\"lazy\" width=\"2048\" height=\"1315\" src=\"https:\/\/www.interdomizil.de\/reisemagazin\/wp-content\/uploads\/alter-strom-3.jpg\" alt=\"\" class=\"wp-image-13160\" srcset=\"https:\/\/www.interdomizil.de\/reisemagazin\/wp-content\/uploads\/alter-strom-3.jpg 2048w, https:\/\/www.interdomizil.de\/reisemagazin\/wp-content\/uploads\/alter-strom-3-500x321.jpg 500w, https:\/\/www.interdomizil.de\/reisemagazin\/wp-content\/uploads\/alter-strom-3-720x462.jpg 720w, https:\/\/www.interdomizil.de\/reisemagazin\/wp-content\/uploads\/alter-strom-3-200x128.jpg 200w, https:\/\/www.interdomizil.de\/reisemagazin\/wp-content\/uploads\/alter-strom-3-768x493.jpg 768w, https:\/\/www.interdomizil.de\/reisemagazin\/wp-content\/uploads\/alter-strom-3-1536x986.jpg 1536w, https:\/\/www.interdomizil.de\/reisemagazin\/wp-content\/uploads\/alter-strom-3-175x112.jpg 175w, https:\/\/www.interdomizil.de\/reisemagazin\/wp-content\/uploads\/alter-strom-3-450x289.jpg 450w, https:\/\/www.interdomizil.de\/reisemagazin\/wp-content\/uploads\/alter-strom-3-1170x751.jpg 1170w\" sizes=\"(max-width: 2048px) 100vw, 2048px\" \/><figcaption class=\"wp-element-caption\">Foto@InterDomizil GmbH<\/figcaption><\/figure>\n\n\n\n<h2 class=\"wp-block-heading\">Kirchplatz<\/h2>\n\n\n\n<p>Im Herzen der Innenstadt finden Sie den Kirchplatz, der sich zwischen Kurpark und Altem Strom erstreckt. Die Kirche und die umliegenden H\u00e4user bieten im Winterkleid h\u00fcbsche Motive. Die Warnem\u00fcnder Kirche ist montags bis donnerstags zwischen 13 und 15 Uhr und freitags bis sonntags zwischen 11 und 16 Uhr ge\u00f6ffnet. Dort k\u00f6nnen Sie sich aufw\u00e4rmen und weitere Fotos machen.<\/p>\n\n\n\n<h2 class=\"wp-block-heading\">Leuchtturm<\/h2>\n\n\n\n<p>Der Leuchtturm ist das Wahrzeichen von Warnem\u00fcnde und darf bei unseren Fotospot-Empfehlungen nicht fehlen. Im Sommer k\u00f6nnen Sie den 30,60 Meter hohen Turm erklimmen und finden nat\u00fcrlich tolle Motive. Zwischen Oktober und Ostern ist der Leuchtturm geschlossen und kann nur von unten abgelichtet werden.<\/p>\n\n\n\n<p>Unser Tipp: Sie m\u00f6chten den besten Ausblick auf Warnem\u00fcnde, den Strand und das Meer? Diesen finden Sie im 19. Stock des Hotels Neptun. In 64 Metern H\u00f6he lauern die eindrucksvollsten Fotomotive und am Abend k\u00f6nnen Sie in der Bar auf Ihre gelungene Foto-Session in Warnem\u00fcnde ansto\u00dfen.<\/p>\n","protected":false},"excerpt":{"rendered":"<p>Sie kennen Warnem\u00fcnde im Sommer, wenn die Sonne lacht und der Strand voller Menschen ist. Geht die Saison zu Ende, wird es ruhiger und im Winter besitzt das Seebad seine ganz eigene Faszination. Sie k\u00f6nnen sich voll und ganz auf diese Stimmung einlassen. Bewaffnen Sie sich mit der Kamera und entdecken ganz neue Facetten, die<\/p>\n","protected":false},"author":61,"featured_media":13158,"comment_status":"closed","ping_status":"closed","sticky":false,"template":"","format":"standard","meta":{"footnotes":""},"categories":[977,37],"tags":[1651,562,773,585,979,658],"yoast_head":"<!-- This site is optimized with the Yoast SEO plugin v16.1.1 - https:\/\/yoast.com\/wordpress\/plugins\/seo\/ -->\n<title>Warnem\u00fcnde im Winterkleid: Fotospots f\u00fcr verschneite Tage &ndash; InterDomizil Reisemagazin<\/title>\n<meta name=\"description\" content=\"Mit der Kamera durch Warnem\u00fcnde im Winter: Ob verschneiter Strand, Molenfeuer oder der charmante Alte Strom \u2013 diese Motive sind die besten!\" \/>\n<link rel=\"canonical\" href=\"https:\/\/www.interdomizil.de\/reisemagazin\/aktuelles\/warnemuende-im-winterkleid-fotospots-fuer-verschneite-tage\" \/>\n<meta name=\"twitter:label1\" content=\"Gesch\u00e4tzte Lesezeit\">\n\t<meta name=\"twitter:data1\" content=\"4\u00a0Minuten\">\n<script type=\"application\/ld+json\" class=\"yoast-schema-graph\">{\"@context\":\"https:\/\/schema.org\",\"@graph\":[{\"@type\":\"WebSite\",\"@id\":\"https:\/\/www.interdomizil.de\/reisemagazin\/#website\",\"url\":\"https:\/\/www.interdomizil.de\/reisemagazin\/\",\"name\":\"InterDomizil Reisemagazin\",\"description\":\"Reiseziele. Urlaubtipps. Sehenswertes.\",\"potentialAction\":[{\"@type\":\"SearchAction\",\"target\":\"https:\/\/www.interdomizil.de\/reisemagazin\/?s={search_term_string}\",\"query-input\":\"required name=search_term_string\"}],\"inLanguage\":\"de\"},{\"@type\":\"ImageObject\",\"@id\":\"https:\/\/www.interdomizil.de\/reisemagazin\/aktuelles\/warnemuende-im-winterkleid-fotospots-fuer-verschneite-tage#primaryimage\",\"inLanguage\":\"de\",\"url\":\"https:\/\/www.interdomizil.de\/reisemagazin\/wp-content\/uploads\/teepot.jpg\",\"contentUrl\":\"https:\/\/www.interdomizil.de\/reisemagazin\/wp-content\/uploads\/teepot.jpg\",\"width\":1504,\"height\":908},{\"@type\":\"WebPage\",\"@id\":\"https:\/\/www.interdomizil.de\/reisemagazin\/aktuelles\/warnemuende-im-winterkleid-fotospots-fuer-verschneite-tage#webpage\",\"url\":\"https:\/\/www.interdomizil.de\/reisemagazin\/aktuelles\/warnemuende-im-winterkleid-fotospots-fuer-verschneite-tage\",\"name\":\"Warnem\\u00fcnde im Winterkleid: Fotospots f\\u00fcr verschneite Tage &ndash; InterDomizil Reisemagazin\",\"isPartOf\":{\"@id\":\"https:\/\/www.interdomizil.de\/reisemagazin\/#website\"},\"primaryImageOfPage\":{\"@id\":\"https:\/\/www.interdomizil.de\/reisemagazin\/aktuelles\/warnemuende-im-winterkleid-fotospots-fuer-verschneite-tage#primaryimage\"},\"datePublished\":\"2025-01-16T07:30:11+00:00\",\"dateModified\":\"2025-01-14T13:04:55+00:00\",\"author\":{\"@id\":\"https:\/\/www.interdomizil.de\/reisemagazin\/#\/schema\/person\/88e68aa5afdec9d042c8f78c340a2f6f\"},\"description\":\"Mit der Kamera durch Warnem\\u00fcnde im Winter: Ob verschneiter Strand, Molenfeuer oder der charmante Alte Strom \\u2013 diese Motive sind die besten!\",\"breadcrumb\":{\"@id\":\"https:\/\/www.interdomizil.de\/reisemagazin\/aktuelles\/warnemuende-im-winterkleid-fotospots-fuer-verschneite-tage#breadcrumb\"},\"inLanguage\":\"de\",\"potentialAction\":[{\"@type\":\"ReadAction\",\"target\":[\"https:\/\/www.interdomizil.de\/reisemagazin\/aktuelles\/warnemuende-im-winterkleid-fotospots-fuer-verschneite-tage\"]}]},{\"@type\":\"BreadcrumbList\",\"@id\":\"https:\/\/www.interdomizil.de\/reisemagazin\/aktuelles\/warnemuende-im-winterkleid-fotospots-fuer-verschneite-tage#breadcrumb\",\"itemListElement\":[{\"@type\":\"ListItem\",\"position\":1,\"item\":{\"@type\":\"WebPage\",\"@id\":\"https:\/\/www.interdomizil.de\/reisemagazin\/\",\"url\":\"https:\/\/www.interdomizil.de\/reisemagazin\/\",\"name\":\"Home\"}},{\"@type\":\"ListItem\",\"position\":2,\"item\":{\"@type\":\"WebPage\",\"@id\":\"https:\/\/www.interdomizil.de\/reisemagazin\/aktuelles\/warnemuende-im-winterkleid-fotospots-fuer-verschneite-tage\",\"url\":\"https:\/\/www.interdomizil.de\/reisemagazin\/aktuelles\/warnemuende-im-winterkleid-fotospots-fuer-verschneite-tage\",\"name\":\"Warnem\\u00fcnde im Winterkleid: Fotospots f\\u00fcr verschneite Tage\"}}]},{\"@type\":\"Person\",\"@id\":\"https:\/\/www.interdomizil.de\/reisemagazin\/#\/schema\/person\/88e68aa5afdec9d042c8f78c340a2f6f\",\"name\":\"Redaktion\"}]}<\/script>\n<!-- \/ Yoast SEO plugin. -->","_links":{"self":[{"href":"https:\/\/www.interdomizil.de\/reisemagazin\/wp-json\/wp\/v2\/posts\/13153"}],"collection":[{"href":"https:\/\/www.interdomizil.de\/reisemagazin\/wp-json\/wp\/v2\/posts"}],"about":[{"href":"https:\/\/www.interdomizil.de\/reisemagazin\/wp-json\/wp\/v2\/types\/post"}],"author":[{"embeddable":true,"href":"https:\/\/www.interdomizil.de\/reisemagazin\/wp-json\/wp\/v2\/users\/61"}],"replies":[{"embeddable":true,"href":"https:\/\/www.interdomizil.de\/reisemagazin\/wp-json\/wp\/v2\/comments?post=13153"}],"version-history":[{"count":2,"href":"https:\/\/www.interdomizil.de\/reisemagazin\/wp-json\/wp\/v2\/posts\/13153\/revisions"}],"predecessor-version":[{"id":13161,"href":"https:\/\/www.interdomizil.de\/reisemagazin\/wp-json\/wp\/v2\/posts\/13153\/revisions\/13161"}],"wp:featuredmedia":[{"embeddable":true,"href":"https:\/\/www.interdomizil.de\/reisemagazin\/wp-json\/wp\/v2\/media\/13158"}],"wp:attachment":[{"href":"https:\/\/www.interdomizil.de\/reisemagazin\/wp-json\/wp\/v2\/media?parent=13153"}],"wp:term":[{"taxonomy":"category","embeddable":true,"href":"https:\/\/www.interdomizil.de\/reisemagazin\/wp-json\/wp\/v2\/categories?post=13153"},{"taxonomy":"post_tag","embeddable":true,"href":"https:\/\/www.interdomizil.de\/reisemagazin\/wp-json\/wp\/v2\/tags?post=13153"}],"curies":[{"name":"wp","href":"https:\/\/api.w.org\/{rel}","templated":true}]}}