{"id":12223,"date":"2022-12-22T10:29:00","date_gmt":"2022-12-22T08:29:00","guid":{"rendered":"https:\/\/www.interdomizil.de\/reisemagazin\/?p=12223"},"modified":"2022-12-22T12:02:42","modified_gmt":"2022-12-22T10:02:42","slug":"den-urlaub-verlaengern-brueckentage-2023","status":"publish","type":"post","link":"https:\/\/www.interdomizil.de\/reisemagazin\/aktuelles\/den-urlaub-verlaengern-brueckentage-2023","title":{"rendered":"Den Urlaub verl\u00e4ngern: Br\u00fcckentage 2023"},"content":{"rendered":"<div class=\"twoclick_social_bookmarks_post_12223 social_share_privacy clearfix 1.6.4 locale-de_DE sprite-de_DE\"><\/div><div class=\"twoclick-js\"><script type=\"text\/javascript\">\/* <![CDATA[ *\/\njQuery(document).ready(function($){if($('.twoclick_social_bookmarks_post_12223')){$('.twoclick_social_bookmarks_post_12223').socialSharePrivacy({\"services\":{\"facebook\":{\"status\":\"on\",\"txt_info\":\"2 Klicks f\\u00fcr mehr Datenschutz: Erst wenn Sie hier klicken, wird der Button aktiv und Sie k\\u00f6nnen Ihre Empfehlung an Facebook senden. Schon beim Aktivieren werden <strong>Daten an Dritte \\u00fcbertragen<\\\/strong> - siehe <strong>i<\\\/strong>.\",\"perma_option\":\"off\",\"action\":\"like\",\"language\":\"de_DE\"},\"twitter\":{\"reply_to\":\"\",\"tweet_text\":\"%20Den%20Urlaub%20verl%C3%A4ngern%3A%20Br%C3%BCckentage%202023%20%C2%BB%20InterDomizil%20Reisemagazin%20...\",\"status\":\"on\",\"txt_info\":\"2 Klicks f\\u00fcr mehr Datenschutz: Erst wenn Sie hier klicken, wird der Button aktiv und Sie k\\u00f6nnen Ihre Empfehlung an Twitter senden. Schon beim Aktivieren werden <strong>Daten an Dritte \\u00fcbertragen<\\\/strong> - siehe <strong>i<\\\/strong>.\",\"perma_option\":\"off\",\"language\":\"de\"},\"pinterest\":{\"status\":\"on\",\"the_excerpt\":\"Den Urlaub verl\\u00e4ngern: Br\\u00fcckentage 2023\",\"txt_info\":\"2 Klicks f\\u00fcr mehr Datenschutz: Erst wenn Sie hier klicken, wird der Button aktiv und Sie k\\u00f6nnen Ihre Empfehlung an Pinterest senden. Schon beim Aktivieren werden <strong>Daten an Dritte \\u00fcbertragen<\\\/strong> - siehe <strong>i<\\\/strong>.\",\"perma_option\":\"off\",\"media\":\"https:\\\/\\\/www.interdomizil.de\\\/reisemagazin\\\/wp-content\\\/uploads\\\/luggage-g58b10c477_1920.jpg\"}},\"txt_help\":\"Wenn Sie diese Felder durch einen Klick aktivieren, werden Informationen an Facebook, Twitter, Flattr, Xing, t3n, LinkedIn, Pinterest oder Google eventuell ins Ausland <strong>\\u00fcbertragen<\\\/strong> und unter Umst\\u00e4nden auch dort <strong>gespeichert<\\\/strong>. N\\u00e4heres erfahren Sie durch einen Klick auf das <em>i<\\\/em>.\",\"settings_perma\":\"Dauerhaft aktivieren und Daten\\u00fcber-tragung zustimmen:\",\"info_link\":\"http:\\\/\\\/www.heise.de\\\/ct\\\/artikel\\\/2-Klicks-fuer-mehr-Datenschutz-1333879.html\",\"uri\":\"https:\\\/\\\/www.interdomizil.de\\\/reisemagazin\\\/aktuelles\\\/den-urlaub-verlaengern-brueckentage-2023\",\"post_id\":12223,\"post_title_referrer_track\":\"Den+Urlaub+verl%C3%A4ngern%3A+Br%C3%BCckentage+2023\",\"concat\":\"%3F\",\"display_infobox\":\"on\"});}});\n\/* ]]> *\/<\/script><\/div>\n<p>2022 war \u2013 was die Verteilung der Feiertage anbelangt \u2013 ein eher arbeitgeberfreundliches Jahr. Viele Feiertage fielen aufs Wochenende und zu guter Letzt ist auch Heiligabend 2022 ein Samstag. Im kommenden Jahr macht der Blick in den Kalender bei der Urlaubsplanung wieder mehr Freude: Nutzen Sie die Br\u00fcckentage 2023 geschickt, k\u00f6nnen Sie Ihre freien Tage quasi mehr als verdoppeln!<\/p>\n\n\n\n<h3 class=\"wp-block-heading\">Im Januar<\/h3>\n\n\n\n<p>In Bayern, Baden-W\u00fcrttemberg und Sachsen-Anhalts ist der 6. Januar als Dreik\u00f6nigstag ein Feiertag. 2023 f\u00e4llt er auf einen Freitag \u2013 zwar kein Br\u00fcckentag, aber dennoch die Option auf eine freie F\u00fcnftagewoche bzw. neun freie Tage am St\u00fcck mit nur vier Urlaubstagen. Vielleicht ist ja sogar noch Resturlaub aus 2022 \u00fcbrig?<\/p>\n\n\n\n<h3 class=\"wp-block-heading\">Im April<\/h3>\n\n\n\n<p>Auch die Feiertage rund um Ostern sind ja eigentlich keine Br\u00fcckentage. Eher ist Ostern mit Karfreitag am 7. April und Ostermontag am 10. April ein wunderbar langes Wochenende. Mit nur acht Urlaubstagen machen Sie daraus 16 Tage Osterferien vom 1. bis zum 16. April.<\/p>\n\n\n\n<h3 class=\"wp-block-heading\">Im Mai<\/h3>\n\n\n\n<p>Der Mai startet hervorragend: Schlie\u00dflich f\u00e4llt der 1. Mai auf einen Montag. Dann folgt schon am 19. Mai Christ Himmelfahrt. Wie immer handelt es sich dabei um einen Donnerstag, so dass der 20. Mai ein willkommener Br\u00fcckentag 2023 ist.<\/p>\n\n\n\n<p>Auch Pfingsten f\u00e4llt 2023 in den Mai: Dank Pfingstmontag am 29. Mai lassen sich Ende Mai \/Anfang Juni mit nur vier Urlaubstagen neun Tage am St\u00fcck freinehmen.<\/p>\n\n\n\n<h3 class=\"wp-block-heading\">Im Juni<\/h3>\n\n\n\n<p>In Bayern, Baden-W\u00fcrrtemberg, Hessen, Nordrhein-Westfale, Rheinland-Pfalz und im Saarland folgt im Juni mit Freitag, dem 9. Juni, gleich der n\u00e4chste Br\u00fcckentag nach Fronleichnam.<\/p>\n\n\n\n<h3 class=\"wp-block-heading\">Im August<\/h3>\n\n\n\n<p>Im August gibt es nur f\u00fcr Arbeitnehmer in Bayern und im Saarland einen freien Tag: Mari\u00e4 Himmelfahrt f\u00e4llt 2023 auf einen Dienstag. Damit wird aus Montag, dem 14. August, ein Br\u00fcckentag in diesen Bundesl\u00e4ndern. Einen zweiten Br\u00fcckentag gibt es im August nur in der Stadt Augsburg: Dort wird am 8. August das Friedensfest gefeiert. Auch das f\u00e4llt auf einen Dienstag.<\/p>\n\n\n\n<h3 class=\"wp-block-heading\">Im Oktober<\/h3>\n\n\n\n<p>Einen weiteren freien Dienstag gibt es am 3. Oktober: Wer sich den Montag davor freinimmt, startet mit einem langen Wochenende in den goldenen Herbst.<\/p>\n\n\n\n<p>Der Reformationstag am 31. Oktober gilt in Brandenburg, Bremen, Hamburg, Mecklenburg-Vorpommern, Niedersachsen, Sachsen, Sachsen-Anhalt, Schleswig-Holstein und Th\u00fcringen als Feiertag. Und wie sollte es anders sein? Auch dieser Tag ist 2023 ein Dienstag! Mit dem Br\u00fcckentag am Montag winkt also mit nur einem Urlaubstag ein verl\u00e4ngertes Wochenende.<\/p>\n\n\n\n<h3 class=\"wp-block-heading\">Im November<\/h3>\n\n\n\n<p>Am Tag darauf \u2013 also am 1. November \u2013 ist dann wiederum Allerheiligen in den eher katholischen Bundesl\u00e4ndern Baden-W\u00fcrttemberg, Bayern, Nordrhein-Westfalen, Rheinland-Pfalz und im Saarland gesetzlicher Feiertag. Der freie Mittwoch er\u00f6ffnet Ihnen unterschiedliche Optionen: Machen Sie beispielsweise aus vier Urlaubstagen neun freie Tage am St\u00fcck oder bleiben Sie entweder Montag und Dienstag oder Donnerstag und Freitag zu Hause. Dann sieht die Bilanz so aus: F\u00fcr zwei Urlaubstage gibt es eine f\u00fcnft\u00e4gige Auszeit vom Job.<\/p>\n\n\n\n<h3 class=\"wp-block-heading\">Im Dezember<\/h3>\n\n\n\n<p>Die beiden Weihnachtsfeiertage fallen 2023 auf Montag und Dienstag. Wer die Weihnachtswoche komplett frei machen m\u00f6chte, ben\u00f6tigt also nur drei Urlaubstage. Auch Neujahr 2024 ist ein Montag. Das bedeutet: Zum Jahresausklang kannst du dir mit nur drei Urlaubstagen einen zehnt\u00e4gigen Weihnachtsurlaub g\u00f6nnen.<\/p>\n\n\n\n<h6 class=\"wp-block-heading\">Foto: Pixabay CC0, stux<\/h6>\n","protected":false},"excerpt":{"rendered":"<p>2022 war \u2013 was die Verteilung der Feiertage anbelangt \u2013 ein eher arbeitgeberfreundliches Jahr. Viele Feiertage fielen aufs Wochenende und zu guter Letzt ist auch Heiligabend 2022 ein Samstag. Im kommenden Jahr macht der Blick in den Kalender bei der Urlaubsplanung wieder mehr Freude: Nutzen Sie die Br\u00fcckentage 2023 geschickt, k\u00f6nnen Sie Ihre freien Tage<\/p>\n","protected":false},"author":61,"featured_media":12225,"comment_status":"closed","ping_status":"closed","sticky":false,"template":"","format":"standard","meta":{"footnotes":""},"categories":[977,11],"tags":[1721,1723,1211,1494,978,823,1722,1724,979],"yoast_head":"<!-- This site is optimized with the Yoast SEO plugin v16.1.1 - https:\/\/yoast.com\/wordpress\/plugins\/seo\/ -->\n<title>Den Urlaub verl\u00e4ngern: Br\u00fcckentage 2023 &ndash; InterDomizil Reisemagazin<\/title>\n<meta name=\"description\" content=\"Br\u00fcckentage 2023: Mehr Urlaub f\u00fcr Sie! Nutzen Sie die Br\u00fcckentage 2023 geschickt, k\u00f6nnen Sie Ihre freien Tage quasi mehr als verdoppeln!\" \/>\n<link rel=\"canonical\" href=\"https:\/\/www.interdomizil.de\/reisemagazin\/aktuelles\/den-urlaub-verlaengern-brueckentage-2023\" \/>\n<meta name=\"twitter:label1\" content=\"Gesch\u00e4tzte Lesezeit\">\n\t<meta name=\"twitter:data1\" content=\"3\u00a0Minuten\">\n<script type=\"application\/ld+json\" class=\"yoast-schema-graph\">{\"@context\":\"https:\/\/schema.org\",\"@graph\":[{\"@type\":\"WebSite\",\"@id\":\"https:\/\/www.interdomizil.de\/reisemagazin\/#website\",\"url\":\"https:\/\/www.interdomizil.de\/reisemagazin\/\",\"name\":\"InterDomizil Reisemagazin\",\"description\":\"Reiseziele. Urlaubtipps. Sehenswertes.\",\"potentialAction\":[{\"@type\":\"SearchAction\",\"target\":\"https:\/\/www.interdomizil.de\/reisemagazin\/?s={search_term_string}\",\"query-input\":\"required name=search_term_string\"}],\"inLanguage\":\"de\"},{\"@type\":\"ImageObject\",\"@id\":\"https:\/\/www.interdomizil.de\/reisemagazin\/aktuelles\/den-urlaub-verlaengern-brueckentage-2023#primaryimage\",\"inLanguage\":\"de\",\"url\":\"https:\/\/www.interdomizil.de\/reisemagazin\/wp-content\/uploads\/luggage-g58b10c477_1920.jpg\",\"contentUrl\":\"https:\/\/www.interdomizil.de\/reisemagazin\/wp-content\/uploads\/luggage-g58b10c477_1920.jpg\",\"width\":1920,\"height\":1280},{\"@type\":\"WebPage\",\"@id\":\"https:\/\/www.interdomizil.de\/reisemagazin\/aktuelles\/den-urlaub-verlaengern-brueckentage-2023#webpage\",\"url\":\"https:\/\/www.interdomizil.de\/reisemagazin\/aktuelles\/den-urlaub-verlaengern-brueckentage-2023\",\"name\":\"Den Urlaub verl\\u00e4ngern: Br\\u00fcckentage 2023 &ndash; InterDomizil Reisemagazin\",\"isPartOf\":{\"@id\":\"https:\/\/www.interdomizil.de\/reisemagazin\/#website\"},\"primaryImageOfPage\":{\"@id\":\"https:\/\/www.interdomizil.de\/reisemagazin\/aktuelles\/den-urlaub-verlaengern-brueckentage-2023#primaryimage\"},\"datePublished\":\"2022-12-22T08:29:00+00:00\",\"dateModified\":\"2022-12-22T10:02:42+00:00\",\"author\":{\"@id\":\"https:\/\/www.interdomizil.de\/reisemagazin\/#\/schema\/person\/88e68aa5afdec9d042c8f78c340a2f6f\"},\"description\":\"Br\\u00fcckentage 2023: Mehr Urlaub f\\u00fcr Sie! Nutzen Sie die Br\\u00fcckentage 2023 geschickt, k\\u00f6nnen Sie Ihre freien Tage quasi mehr als verdoppeln!\",\"breadcrumb\":{\"@id\":\"https:\/\/www.interdomizil.de\/reisemagazin\/aktuelles\/den-urlaub-verlaengern-brueckentage-2023#breadcrumb\"},\"inLanguage\":\"de\",\"potentialAction\":[{\"@type\":\"ReadAction\",\"target\":[\"https:\/\/www.interdomizil.de\/reisemagazin\/aktuelles\/den-urlaub-verlaengern-brueckentage-2023\"]}]},{\"@type\":\"BreadcrumbList\",\"@id\":\"https:\/\/www.interdomizil.de\/reisemagazin\/aktuelles\/den-urlaub-verlaengern-brueckentage-2023#breadcrumb\",\"itemListElement\":[{\"@type\":\"ListItem\",\"position\":1,\"item\":{\"@type\":\"WebPage\",\"@id\":\"https:\/\/www.interdomizil.de\/reisemagazin\/\",\"url\":\"https:\/\/www.interdomizil.de\/reisemagazin\/\",\"name\":\"Home\"}},{\"@type\":\"ListItem\",\"position\":2,\"item\":{\"@type\":\"WebPage\",\"@id\":\"https:\/\/www.interdomizil.de\/reisemagazin\/aktuelles\/den-urlaub-verlaengern-brueckentage-2023\",\"url\":\"https:\/\/www.interdomizil.de\/reisemagazin\/aktuelles\/den-urlaub-verlaengern-brueckentage-2023\",\"name\":\"Den Urlaub verl\\u00e4ngern: Br\\u00fcckentage 2023\"}}]},{\"@type\":\"Person\",\"@id\":\"https:\/\/www.interdomizil.de\/reisemagazin\/#\/schema\/person\/88e68aa5afdec9d042c8f78c340a2f6f\",\"name\":\"Redaktion\"}]}<\/script>\n<!-- \/ Yoast SEO plugin. -->","_links":{"self":[{"href":"https:\/\/www.interdomizil.de\/reisemagazin\/wp-json\/wp\/v2\/posts\/12223"}],"collection":[{"href":"https:\/\/www.interdomizil.de\/reisemagazin\/wp-json\/wp\/v2\/posts"}],"about":[{"href":"https:\/\/www.interdomizil.de\/reisemagazin\/wp-json\/wp\/v2\/types\/post"}],"author":[{"embeddable":true,"href":"https:\/\/www.interdomizil.de\/reisemagazin\/wp-json\/wp\/v2\/users\/61"}],"replies":[{"embeddable":true,"href":"https:\/\/www.interdomizil.de\/reisemagazin\/wp-json\/wp\/v2\/comments?post=12223"}],"version-history":[{"count":3,"href":"https:\/\/www.interdomizil.de\/reisemagazin\/wp-json\/wp\/v2\/posts\/12223\/revisions"}],"predecessor-version":[{"id":12228,"href":"https:\/\/www.interdomizil.de\/reisemagazin\/wp-json\/wp\/v2\/posts\/12223\/revisions\/12228"}],"wp:featuredmedia":[{"embeddable":true,"href":"https:\/\/www.interdomizil.de\/reisemagazin\/wp-json\/wp\/v2\/media\/12225"}],"wp:attachment":[{"href":"https:\/\/www.interdomizil.de\/reisemagazin\/wp-json\/wp\/v2\/media?parent=12223"}],"wp:term":[{"taxonomy":"category","embeddable":true,"href":"https:\/\/www.interdomizil.de\/reisemagazin\/wp-json\/wp\/v2\/categories?post=12223"},{"taxonomy":"post_tag","embeddable":true,"href":"https:\/\/www.interdomizil.de\/reisemagazin\/wp-json\/wp\/v2\/tags?post=12223"}],"curies":[{"name":"wp","href":"https:\/\/api.w.org\/{rel}","templated":true}]}}