{"id":12140,"date":"2022-11-03T11:11:00","date_gmt":"2022-11-03T09:11:00","guid":{"rendered":"https:\/\/www.interdomizil.de\/reisemagazin\/?p=12140"},"modified":"2022-11-03T12:04:22","modified_gmt":"2022-11-03T10:04:22","slug":"lost-places-in-mecklenburg-vorpommern-noch-mehr-einmalige-foto-spots","status":"publish","type":"post","link":"https:\/\/www.interdomizil.de\/reisemagazin\/ortsbeschreibungen\/lost-places-in-mecklenburg-vorpommern-noch-mehr-einmalige-foto-spots","title":{"rendered":"Lost Places in Mecklenburg-Vorpommern: Noch mehr einmalige Foto-Spots!"},"content":{"rendered":"<div class=\"twoclick_social_bookmarks_post_12140 social_share_privacy clearfix 1.6.4 locale-de_DE sprite-de_DE\"><\/div><div class=\"twoclick-js\"><script type=\"text\/javascript\">\/* <![CDATA[ *\/\njQuery(document).ready(function($){if($('.twoclick_social_bookmarks_post_12140')){$('.twoclick_social_bookmarks_post_12140').socialSharePrivacy({\"services\":{\"facebook\":{\"status\":\"on\",\"txt_info\":\"2 Klicks f\\u00fcr mehr Datenschutz: Erst wenn Sie hier klicken, wird der Button aktiv und Sie k\\u00f6nnen Ihre Empfehlung an Facebook senden. Schon beim Aktivieren werden <strong>Daten an Dritte \\u00fcbertragen<\\\/strong> - siehe <strong>i<\\\/strong>.\",\"perma_option\":\"off\",\"action\":\"like\",\"language\":\"de_DE\"},\"twitter\":{\"reply_to\":\"\",\"tweet_text\":\"%20Lost%20Places%20in%20Mecklenburg-Vorpommern%3A%20Noch%20mehr%20einmalige%20Foto-Spots%21%20%C2%BB%20...\",\"status\":\"on\",\"txt_info\":\"2 Klicks f\\u00fcr mehr Datenschutz: Erst wenn Sie hier klicken, wird der Button aktiv und Sie k\\u00f6nnen Ihre Empfehlung an Twitter senden. Schon beim Aktivieren werden <strong>Daten an Dritte \\u00fcbertragen<\\\/strong> - siehe <strong>i<\\\/strong>.\",\"perma_option\":\"off\",\"language\":\"de\"},\"pinterest\":{\"status\":\"on\",\"the_excerpt\":\"Lost Places in Mecklenburg-Vorpommern: Noch mehr einmalige Foto-Spots!\",\"txt_info\":\"2 Klicks f\\u00fcr mehr Datenschutz: Erst wenn Sie hier klicken, wird der Button aktiv und Sie k\\u00f6nnen Ihre Empfehlung an Pinterest senden. Schon beim Aktivieren werden <strong>Daten an Dritte \\u00fcbertragen<\\\/strong> - siehe <strong>i<\\\/strong>.\",\"perma_option\":\"off\",\"media\":\"https:\\\/\\\/www.interdomizil.de\\\/reisemagazin\\\/wp-content\\\/uploads\\\/IMG-20221006-WA0018.jpg\"}},\"txt_help\":\"Wenn Sie diese Felder durch einen Klick aktivieren, werden Informationen an Facebook, Twitter, Flattr, Xing, t3n, LinkedIn, Pinterest oder Google eventuell ins Ausland <strong>\\u00fcbertragen<\\\/strong> und unter Umst\\u00e4nden auch dort <strong>gespeichert<\\\/strong>. N\\u00e4heres erfahren Sie durch einen Klick auf das <em>i<\\\/em>.\",\"settings_perma\":\"Dauerhaft aktivieren und Daten\\u00fcber-tragung zustimmen:\",\"info_link\":\"http:\\\/\\\/www.heise.de\\\/ct\\\/artikel\\\/2-Klicks-fuer-mehr-Datenschutz-1333879.html\",\"uri\":\"https:\\\/\\\/www.interdomizil.de\\\/reisemagazin\\\/ortsbeschreibungen\\\/lost-places-in-mecklenburg-vorpommern-noch-mehr-einmalige-foto-spots\",\"post_id\":12140,\"post_title_referrer_track\":\"Lost+Places+in+Mecklenburg-Vorpommern%3A+Noch+mehr+einmalige+Foto-Spots%21\",\"concat\":\"%3F\",\"display_infobox\":\"on\"});}});\n\/* ]]> *\/<\/script><\/div>\n<p>Urlaub in Mecklenburg-Vorpommern \u2013 dazu geh\u00f6ren wunderbare sonnige Tage am Strand, entspannte Radtouren durchs Gr\u00fcne und kulturelle Highlights wie die Hansest\u00e4dte an der Ostseek\u00fcste. Dank ihrer bewegten Geschichte besitzt die beliebte Ferienregion aber auch viele \u201ealternative\u201c Ausflugsziele: So mancher historische Ort geriet im Laufe der Zeit in Vergessenheit \u2013 und wurde zum Lost Place. <a href=\"https:\/\/www.interdomizil.de\/reisemagazin\/reiseziele\/deutschland\/lost-places-in-mecklenburg-vorpommern-aufregende-foto-spots-entdecken\" target=\"_blank\" rel=\"noreferrer noopener\">Einige davon haben wir Ihnen bereits vorgestellt<\/a>. Die Liste der einmaligen Foto-Spots ist aber noch viel l\u00e4nger!<\/p>\n\n\n\n<h3 class=\"wp-block-heading\">1. Ehemalige SED-Bezirksparteischule in Schwerin<\/h3>\n\n\n\n<p>Der 1979 er\u00f6ffnete Geb\u00e4udekomplex diente als SED-Kaderschmiede und bestand unter anderem aus einem Wohngeb\u00e4ude mit 170 Schlafr\u00e4umen, einer Mensa und einem H\u00f6rsaal, der 500 Studierenden Platz bot. Nach der Wende \u00fcbernahm die Treuhand das Areal, bevor dort bis 2000 eine Fachhochschule des Bundes untergebracht war. Seitdem steht das einstige Schulgeb\u00e4ude leer und es wurden keine Bem\u00fchungen zum Erhalt unternommen. Das Auditorium wurde durch einen Brand zerst\u00f6rt und Vandalismus hat un\u00fcbersehbare Spuren hinterlassen. Da sich das Gel\u00e4nde direkt in Schwerin befindet, geh\u00f6rt es zu den bekannteren Lost Places in Mecklenburg-Vorpommern.<\/p>\n\n\n\n<h3 class=\"wp-block-heading\">2. Verlassener Sowjet-Funkmessposten 613<\/h3>\n\n\n\n<p>\u00d6stlich von L\u00fcbeck zwischen L\u00fcdersdorf und Sch\u00f6nberg stellte der Funkmessposten 613 im Kalten Krieg einen dezentralen St\u00fctzpunkt zur Luftraumaufkl\u00e4rung dar. Als die russische Armee das Areal verlie\u00df, blieben viele Alltagsgegenst\u00e4nde, M\u00f6bel und Bilder zur\u00fcck. Diese wurden mittlerweile leider entwendet, zu entdecken gibt es aber noch einige Wohnr\u00e4ume, einen Heizungsraum mit zahlreichen Leitungen sowie alte Toiletten. Etwas oberhalb des eigentlichen Funkpostens gibt es auf einem angrenzenden Feld noch eine Garage. Grunds\u00e4tzlich ist der Zugang zum Gel\u00e4nde durch ein offenes Tor problemlos m\u00f6glich. In den Sommermonaten \u00fcberwuchern jedoch dornige Brombeerstr\u00e4ucher und andere B\u00fcsche das Grundst\u00fcck.<\/p>\n\n\n\n<h3 class=\"wp-block-heading\">3. Flugplatz Schwerin-G\u00f6rries<\/h3>\n\n\n\n<p>Noch einmal zur\u00fcck in die Landeshauptstadt: Hier entstand 1912 f\u00fcr den ersten deutschen Rundflug ein kleiner, aber feiner ziviler Flugplatz mit Zuschauertrib\u00fcne und Gastronomie. Auch ein Flugzeugbauer lie\u00df sich hier nieder und nutzte das Areal im Ersten Weltkrieg unter anderem als Test-Flughafen. Unter den Nationalsozialisten erhielt der Flugplatz im Zweiten Weltkrieg ein ganz neues Gesicht mit weiteren Flugzeughallen, einem gr\u00f6\u00dferen Rollfeld, Schie\u00dfst\u00e4nden und Munitionsbunkern. Den Milit\u00e4rbetrieb beendeten die Alliierten 1944 durch einen Bombenangriff. W\u00e4hrend der sowjetischen Besatzungszeit wurden einige Geb\u00e4ude wieder errichtet. Heute befinden sich zahlreiche Geb\u00e4udeteile und vor allem die beiden Hangars in einem \u00fcberraschend guten baulichen Zustand.<\/p>\n\n\n\n<figure class=\"wp-block-gallery columns-3 is-cropped wp-block-gallery-1 is-layout-flex wp-block-gallery-is-layout-flex\"><ul class=\"blocks-gallery-grid\"><li class=\"blocks-gallery-item\"><figure><img decoding=\"async\" loading=\"lazy\" width=\"540\" height=\"720\" src=\"https:\/\/www.interdomizil.de\/reisemagazin\/wp-content\/uploads\/IMG-20221006-WA0020-540x720.jpg\" alt=\"\" data-id=\"12149\" data-full-url=\"https:\/\/www.interdomizil.de\/reisemagazin\/wp-content\/uploads\/IMG-20221006-WA0020.jpg\" data-link=\"https:\/\/www.interdomizil.de\/reisemagazin\/?attachment_id=12149\" class=\"wp-image-12149\" srcset=\"https:\/\/www.interdomizil.de\/reisemagazin\/wp-content\/uploads\/IMG-20221006-WA0020-540x720.jpg 540w, https:\/\/www.interdomizil.de\/reisemagazin\/wp-content\/uploads\/IMG-20221006-WA0020-375x500.jpg 375w, https:\/\/www.interdomizil.de\/reisemagazin\/wp-content\/uploads\/IMG-20221006-WA0020-200x267.jpg 200w, https:\/\/www.interdomizil.de\/reisemagazin\/wp-content\/uploads\/IMG-20221006-WA0020-768x1024.jpg 768w, https:\/\/www.interdomizil.de\/reisemagazin\/wp-content\/uploads\/IMG-20221006-WA0020-1152x1536.jpg 1152w, https:\/\/www.interdomizil.de\/reisemagazin\/wp-content\/uploads\/IMG-20221006-WA0020.jpg 1368w\" sizes=\"(max-width: 540px) 100vw, 540px\" \/><\/figure><\/li><li class=\"blocks-gallery-item\"><figure><img decoding=\"async\" loading=\"lazy\" width=\"540\" height=\"720\" src=\"https:\/\/www.interdomizil.de\/reisemagazin\/wp-content\/uploads\/IMG-20221006-WA0018-540x720.jpg\" alt=\"\" data-id=\"12150\" data-full-url=\"https:\/\/www.interdomizil.de\/reisemagazin\/wp-content\/uploads\/IMG-20221006-WA0018.jpg\" data-link=\"https:\/\/www.interdomizil.de\/reisemagazin\/?attachment_id=12150\" class=\"wp-image-12150\" srcset=\"https:\/\/www.interdomizil.de\/reisemagazin\/wp-content\/uploads\/IMG-20221006-WA0018-540x720.jpg 540w, https:\/\/www.interdomizil.de\/reisemagazin\/wp-content\/uploads\/IMG-20221006-WA0018-175x233.jpg 175w, https:\/\/www.interdomizil.de\/reisemagazin\/wp-content\/uploads\/IMG-20221006-WA0018-450x600.jpg 450w, https:\/\/www.interdomizil.de\/reisemagazin\/wp-content\/uploads\/IMG-20221006-WA0018-1170x1560.jpg 1170w, https:\/\/www.interdomizil.de\/reisemagazin\/wp-content\/uploads\/IMG-20221006-WA0018-768x1024.jpg 768w, https:\/\/www.interdomizil.de\/reisemagazin\/wp-content\/uploads\/IMG-20221006-WA0018-200x267.jpg 200w, https:\/\/www.interdomizil.de\/reisemagazin\/wp-content\/uploads\/IMG-20221006-WA0018-375x500.jpg 375w, https:\/\/www.interdomizil.de\/reisemagazin\/wp-content\/uploads\/IMG-20221006-WA0018-1152x1536.jpg 1152w, https:\/\/www.interdomizil.de\/reisemagazin\/wp-content\/uploads\/IMG-20221006-WA0018.jpg 1368w\" sizes=\"(max-width: 540px) 100vw, 540px\" \/><\/figure><\/li><li class=\"blocks-gallery-item\"><figure><img decoding=\"async\" loading=\"lazy\" width=\"540\" height=\"720\" src=\"https:\/\/www.interdomizil.de\/reisemagazin\/wp-content\/uploads\/IMG-20221006-WA0016-540x720.jpg\" alt=\"\" data-id=\"12151\" data-full-url=\"https:\/\/www.interdomizil.de\/reisemagazin\/wp-content\/uploads\/IMG-20221006-WA0016.jpg\" data-link=\"https:\/\/www.interdomizil.de\/reisemagazin\/?attachment_id=12151\" class=\"wp-image-12151\" srcset=\"https:\/\/www.interdomizil.de\/reisemagazin\/wp-content\/uploads\/IMG-20221006-WA0016-540x720.jpg 540w, https:\/\/www.interdomizil.de\/reisemagazin\/wp-content\/uploads\/IMG-20221006-WA0016-375x500.jpg 375w, https:\/\/www.interdomizil.de\/reisemagazin\/wp-content\/uploads\/IMG-20221006-WA0016-200x267.jpg 200w, https:\/\/www.interdomizil.de\/reisemagazin\/wp-content\/uploads\/IMG-20221006-WA0016-768x1024.jpg 768w, https:\/\/www.interdomizil.de\/reisemagazin\/wp-content\/uploads\/IMG-20221006-WA0016-1152x1536.jpg 1152w, https:\/\/www.interdomizil.de\/reisemagazin\/wp-content\/uploads\/IMG-20221006-WA0016.jpg 1368w\" sizes=\"(max-width: 540px) 100vw, 540px\" \/><\/figure><\/li><li class=\"blocks-gallery-item\"><figure><img decoding=\"async\" loading=\"lazy\" width=\"540\" height=\"720\" src=\"https:\/\/www.interdomizil.de\/reisemagazin\/wp-content\/uploads\/IMG-20221006-WA0009-540x720.jpg\" alt=\"\" data-id=\"12153\" data-full-url=\"https:\/\/www.interdomizil.de\/reisemagazin\/wp-content\/uploads\/IMG-20221006-WA0009.jpg\" data-link=\"https:\/\/www.interdomizil.de\/reisemagazin\/?attachment_id=12153\" class=\"wp-image-12153\" srcset=\"https:\/\/www.interdomizil.de\/reisemagazin\/wp-content\/uploads\/IMG-20221006-WA0009-540x720.jpg 540w, https:\/\/www.interdomizil.de\/reisemagazin\/wp-content\/uploads\/IMG-20221006-WA0009-375x500.jpg 375w, https:\/\/www.interdomizil.de\/reisemagazin\/wp-content\/uploads\/IMG-20221006-WA0009-200x267.jpg 200w, https:\/\/www.interdomizil.de\/reisemagazin\/wp-content\/uploads\/IMG-20221006-WA0009-768x1024.jpg 768w, https:\/\/www.interdomizil.de\/reisemagazin\/wp-content\/uploads\/IMG-20221006-WA0009-1152x1536.jpg 1152w, https:\/\/www.interdomizil.de\/reisemagazin\/wp-content\/uploads\/IMG-20221006-WA0009.jpg 1368w\" sizes=\"(max-width: 540px) 100vw, 540px\" \/><\/figure><\/li><li class=\"blocks-gallery-item\"><figure><img decoding=\"async\" loading=\"lazy\" width=\"540\" height=\"720\" src=\"https:\/\/www.interdomizil.de\/reisemagazin\/wp-content\/uploads\/IMG-20221006-WA0007-540x720.jpg\" alt=\"\" data-id=\"12154\" data-full-url=\"https:\/\/www.interdomizil.de\/reisemagazin\/wp-content\/uploads\/IMG-20221006-WA0007.jpg\" data-link=\"https:\/\/www.interdomizil.de\/reisemagazin\/?attachment_id=12154\" class=\"wp-image-12154\" srcset=\"https:\/\/www.interdomizil.de\/reisemagazin\/wp-content\/uploads\/IMG-20221006-WA0007-540x720.jpg 540w, https:\/\/www.interdomizil.de\/reisemagazin\/wp-content\/uploads\/IMG-20221006-WA0007-375x500.jpg 375w, https:\/\/www.interdomizil.de\/reisemagazin\/wp-content\/uploads\/IMG-20221006-WA0007-200x267.jpg 200w, https:\/\/www.interdomizil.de\/reisemagazin\/wp-content\/uploads\/IMG-20221006-WA0007-768x1024.jpg 768w, https:\/\/www.interdomizil.de\/reisemagazin\/wp-content\/uploads\/IMG-20221006-WA0007-1152x1536.jpg 1152w, https:\/\/www.interdomizil.de\/reisemagazin\/wp-content\/uploads\/IMG-20221006-WA0007.jpg 1368w\" sizes=\"(max-width: 540px) 100vw, 540px\" \/><\/figure><\/li><li class=\"blocks-gallery-item\"><figure><img decoding=\"async\" loading=\"lazy\" width=\"540\" height=\"720\" src=\"https:\/\/www.interdomizil.de\/reisemagazin\/wp-content\/uploads\/IMG-20221006-WA0006-540x720.jpg\" alt=\"\" data-id=\"12155\" data-full-url=\"https:\/\/www.interdomizil.de\/reisemagazin\/wp-content\/uploads\/IMG-20221006-WA0006.jpg\" data-link=\"https:\/\/www.interdomizil.de\/reisemagazin\/?attachment_id=12155\" class=\"wp-image-12155\" srcset=\"https:\/\/www.interdomizil.de\/reisemagazin\/wp-content\/uploads\/IMG-20221006-WA0006-540x720.jpg 540w, https:\/\/www.interdomizil.de\/reisemagazin\/wp-content\/uploads\/IMG-20221006-WA0006-375x500.jpg 375w, https:\/\/www.interdomizil.de\/reisemagazin\/wp-content\/uploads\/IMG-20221006-WA0006-200x267.jpg 200w, https:\/\/www.interdomizil.de\/reisemagazin\/wp-content\/uploads\/IMG-20221006-WA0006-768x1024.jpg 768w, https:\/\/www.interdomizil.de\/reisemagazin\/wp-content\/uploads\/IMG-20221006-WA0006-1152x1536.jpg 1152w, https:\/\/www.interdomizil.de\/reisemagazin\/wp-content\/uploads\/IMG-20221006-WA0006.jpg 1368w\" sizes=\"(max-width: 540px) 100vw, 540px\" \/><\/figure><\/li><\/ul><figcaption class=\"blocks-gallery-caption\">Fotos: InterDomizil.com<\/figcaption><\/figure>\n\n\n\n<h3 class=\"wp-block-heading\">4. Ehemaliges Kindersanatorium auf Usedom<\/h3>\n\n\n\n<p>Das einstige Erich-Steinfurth-Kindersanatorium liegt recht exklusiv auf dem Glienberg oberhalb des Ostseebades Zinnowitz. Umgeben wird der kleinteilige Geb\u00e4udekomplex von einem f\u00fcnf Hektar gro\u00dfen Park. Urspr\u00fcnglich errichtet wurde das Areal 1875 als Hotel Belvedere. Nachdem es zwischenzeitlich als Eisenbahner-Waisenhort, Fl\u00fcchtlingsunterkunft und Pionierlager genutzt worden war, diente das Gel\u00e4nde ab 1967 als Kindersanatorium. Seit 1991 stehen die H\u00e4user leer. Sie stehen unter Denkmalschutz, Ma\u00dfnahmen zum Erhalt wurden bislang nicht ergriffen. Die Spuren des Verfalls greifen also un\u00fcbersehbar um sich. F\u00e4llt durch das dichte umgebende Gr\u00fcn aber das Sonnenlicht in den Wandelgang zwischen den Geb\u00e4uden, breitet sich Magie aus.<\/p>\n\n\n\n<h3 class=\"wp-block-heading\">5. Vertr\u00e4umtes Feriendorf Grabow auf R\u00fcgen<\/h3>\n\n\n\n<p>Auf der Halbinsel Zudar verbrachten von 1976 bis 1990 Mitarbeiter der s\u00e4chsischen VEB M\u00f6belkombinat Hellerau ihre Ferien. Das ehemalige Ferienheim mit den reetgedeckten H\u00e4usern befindet sich in direkter N\u00e4he zu einem sch\u00f6nen Badestrand. Seit der Wende wird es nicht mehr genutzt. Zwar wird der Rasen auf dem Gel\u00e4nde immer wieder gem\u00e4ht, Instandhaltungsarbeiten finden keine statt. Beim Blick durch die zerbrochenen Fenster f\u00e4llt der Blick teilweise noch auf originales Mobiliar. Ein leicht zug\u00e4nglicher Lost Place in Mecklenburg-Vorpommern, an dem Sie sich gerade an sonnigen Tagen gut in l\u00e4ngst vergangene Zeiten zur\u00fcckversetzen k\u00f6nnen.<\/p>\n","protected":false},"excerpt":{"rendered":"<p>Urlaub in Mecklenburg-Vorpommern \u2013 dazu geh\u00f6ren wunderbare sonnige Tage am Strand, entspannte Radtouren durchs Gr\u00fcne und kulturelle Highlights wie die Hansest\u00e4dte an der Ostseek\u00fcste. Dank ihrer bewegten Geschichte besitzt die beliebte Ferienregion aber auch viele \u201ealternative\u201c Ausflugsziele: So mancher historische Ort geriet im Laufe der Zeit in Vergessenheit \u2013 und wurde zum Lost Place. Einige<\/p>\n","protected":false},"author":61,"featured_media":12150,"comment_status":"closed","ping_status":"closed","sticky":false,"template":"","format":"standard","meta":{"footnotes":""},"categories":[977,37,618,12],"tags":[1705,1704,559,978,979],"yoast_head":"<!-- This site is optimized with the Yoast SEO plugin v16.1.1 - https:\/\/yoast.com\/wordpress\/plugins\/seo\/ -->\n<title>Lost Places in Mecklenburg-Vorpommern: Noch mehr einmalige Foto-Spots! &ndash; InterDomizil Reisemagazin<\/title>\n<meta name=\"description\" content=\"Noch mehr aufregende Lost Places in Mecklenburg-Vorpommern gibt es in unserem zweiten Teil der Lost Places Serie...\" \/>\n<link rel=\"canonical\" href=\"https:\/\/www.interdomizil.de\/reisemagazin\/ortsbeschreibungen\/lost-places-in-mecklenburg-vorpommern-noch-mehr-einmalige-foto-spots\" \/>\n<meta name=\"twitter:label1\" content=\"Gesch\u00e4tzte Lesezeit\">\n\t<meta name=\"twitter:data1\" content=\"4\u00a0Minuten\">\n<script type=\"application\/ld+json\" class=\"yoast-schema-graph\">{\"@context\":\"https:\/\/schema.org\",\"@graph\":[{\"@type\":\"WebSite\",\"@id\":\"https:\/\/www.interdomizil.de\/reisemagazin\/#website\",\"url\":\"https:\/\/www.interdomizil.de\/reisemagazin\/\",\"name\":\"InterDomizil Reisemagazin\",\"description\":\"Reiseziele. Urlaubtipps. Sehenswertes.\",\"potentialAction\":[{\"@type\":\"SearchAction\",\"target\":\"https:\/\/www.interdomizil.de\/reisemagazin\/?s={search_term_string}\",\"query-input\":\"required name=search_term_string\"}],\"inLanguage\":\"de\"},{\"@type\":\"ImageObject\",\"@id\":\"https:\/\/www.interdomizil.de\/reisemagazin\/ortsbeschreibungen\/lost-places-in-mecklenburg-vorpommern-noch-mehr-einmalige-foto-spots#primaryimage\",\"inLanguage\":\"de\",\"url\":\"https:\/\/www.interdomizil.de\/reisemagazin\/wp-content\/uploads\/IMG-20221006-WA0018.jpg\",\"contentUrl\":\"https:\/\/www.interdomizil.de\/reisemagazin\/wp-content\/uploads\/IMG-20221006-WA0018.jpg\",\"width\":1368,\"height\":1824},{\"@type\":\"WebPage\",\"@id\":\"https:\/\/www.interdomizil.de\/reisemagazin\/ortsbeschreibungen\/lost-places-in-mecklenburg-vorpommern-noch-mehr-einmalige-foto-spots#webpage\",\"url\":\"https:\/\/www.interdomizil.de\/reisemagazin\/ortsbeschreibungen\/lost-places-in-mecklenburg-vorpommern-noch-mehr-einmalige-foto-spots\",\"name\":\"Lost Places in Mecklenburg-Vorpommern: Noch mehr einmalige Foto-Spots! &ndash; InterDomizil Reisemagazin\",\"isPartOf\":{\"@id\":\"https:\/\/www.interdomizil.de\/reisemagazin\/#website\"},\"primaryImageOfPage\":{\"@id\":\"https:\/\/www.interdomizil.de\/reisemagazin\/ortsbeschreibungen\/lost-places-in-mecklenburg-vorpommern-noch-mehr-einmalige-foto-spots#primaryimage\"},\"datePublished\":\"2022-11-03T09:11:00+00:00\",\"dateModified\":\"2022-11-03T10:04:22+00:00\",\"author\":{\"@id\":\"https:\/\/www.interdomizil.de\/reisemagazin\/#\/schema\/person\/88e68aa5afdec9d042c8f78c340a2f6f\"},\"description\":\"Noch mehr aufregende Lost Places in Mecklenburg-Vorpommern gibt es in unserem zweiten Teil der Lost Places Serie...\",\"breadcrumb\":{\"@id\":\"https:\/\/www.interdomizil.de\/reisemagazin\/ortsbeschreibungen\/lost-places-in-mecklenburg-vorpommern-noch-mehr-einmalige-foto-spots#breadcrumb\"},\"inLanguage\":\"de\",\"potentialAction\":[{\"@type\":\"ReadAction\",\"target\":[\"https:\/\/www.interdomizil.de\/reisemagazin\/ortsbeschreibungen\/lost-places-in-mecklenburg-vorpommern-noch-mehr-einmalige-foto-spots\"]}]},{\"@type\":\"BreadcrumbList\",\"@id\":\"https:\/\/www.interdomizil.de\/reisemagazin\/ortsbeschreibungen\/lost-places-in-mecklenburg-vorpommern-noch-mehr-einmalige-foto-spots#breadcrumb\",\"itemListElement\":[{\"@type\":\"ListItem\",\"position\":1,\"item\":{\"@type\":\"WebPage\",\"@id\":\"https:\/\/www.interdomizil.de\/reisemagazin\/\",\"url\":\"https:\/\/www.interdomizil.de\/reisemagazin\/\",\"name\":\"Home\"}},{\"@type\":\"ListItem\",\"position\":2,\"item\":{\"@type\":\"WebPage\",\"@id\":\"https:\/\/www.interdomizil.de\/reisemagazin\/ortsbeschreibungen\/lost-places-in-mecklenburg-vorpommern-noch-mehr-einmalige-foto-spots\",\"url\":\"https:\/\/www.interdomizil.de\/reisemagazin\/ortsbeschreibungen\/lost-places-in-mecklenburg-vorpommern-noch-mehr-einmalige-foto-spots\",\"name\":\"Lost Places in Mecklenburg-Vorpommern: Noch mehr einmalige Foto-Spots!\"}}]},{\"@type\":\"Person\",\"@id\":\"https:\/\/www.interdomizil.de\/reisemagazin\/#\/schema\/person\/88e68aa5afdec9d042c8f78c340a2f6f\",\"name\":\"Redaktion\"}]}<\/script>\n<!-- \/ Yoast SEO plugin. -->","_links":{"self":[{"href":"https:\/\/www.interdomizil.de\/reisemagazin\/wp-json\/wp\/v2\/posts\/12140"}],"collection":[{"href":"https:\/\/www.interdomizil.de\/reisemagazin\/wp-json\/wp\/v2\/posts"}],"about":[{"href":"https:\/\/www.interdomizil.de\/reisemagazin\/wp-json\/wp\/v2\/types\/post"}],"author":[{"embeddable":true,"href":"https:\/\/www.interdomizil.de\/reisemagazin\/wp-json\/wp\/v2\/users\/61"}],"replies":[{"embeddable":true,"href":"https:\/\/www.interdomizil.de\/reisemagazin\/wp-json\/wp\/v2\/comments?post=12140"}],"version-history":[{"count":3,"href":"https:\/\/www.interdomizil.de\/reisemagazin\/wp-json\/wp\/v2\/posts\/12140\/revisions"}],"predecessor-version":[{"id":12157,"href":"https:\/\/www.interdomizil.de\/reisemagazin\/wp-json\/wp\/v2\/posts\/12140\/revisions\/12157"}],"wp:featuredmedia":[{"embeddable":true,"href":"https:\/\/www.interdomizil.de\/reisemagazin\/wp-json\/wp\/v2\/media\/12150"}],"wp:attachment":[{"href":"https:\/\/www.interdomizil.de\/reisemagazin\/wp-json\/wp\/v2\/media?parent=12140"}],"wp:term":[{"taxonomy":"category","embeddable":true,"href":"https:\/\/www.interdomizil.de\/reisemagazin\/wp-json\/wp\/v2\/categories?post=12140"},{"taxonomy":"post_tag","embeddable":true,"href":"https:\/\/www.interdomizil.de\/reisemagazin\/wp-json\/wp\/v2\/tags?post=12140"}],"curies":[{"name":"wp","href":"https:\/\/api.w.org\/{rel}","templated":true}]}}