{"id":11811,"date":"2022-05-12T03:14:00","date_gmt":"2022-05-12T01:14:00","guid":{"rendered":"https:\/\/www.interdomizil.de\/reisemagazin\/?p=11811"},"modified":"2022-05-09T03:46:31","modified_gmt":"2022-05-09T01:46:31","slug":"baederarchitektur-in-mecklenburg-vorpommern-historischer-chic-zum-verlieben","status":"publish","type":"post","link":"https:\/\/www.interdomizil.de\/reisemagazin\/urlaubsgeschichten\/baederarchitektur-in-mecklenburg-vorpommern-historischer-chic-zum-verlieben","title":{"rendered":"B\u00e4derarchitektur in Mecklenburg-Vorpommern: Historischer Chic zum Verlieben"},"content":{"rendered":"<div class=\"twoclick_social_bookmarks_post_11811 social_share_privacy clearfix 1.6.4 locale-de_DE sprite-de_DE\"><\/div><div class=\"twoclick-js\"><script type=\"text\/javascript\">\/* <![CDATA[ *\/\njQuery(document).ready(function($){if($('.twoclick_social_bookmarks_post_11811')){$('.twoclick_social_bookmarks_post_11811').socialSharePrivacy({\"services\":{\"facebook\":{\"status\":\"on\",\"txt_info\":\"2 Klicks f\\u00fcr mehr Datenschutz: Erst wenn Sie hier klicken, wird der Button aktiv und Sie k\\u00f6nnen Ihre Empfehlung an Facebook senden. Schon beim Aktivieren werden <strong>Daten an Dritte \\u00fcbertragen<\\\/strong> - siehe <strong>i<\\\/strong>.\",\"perma_option\":\"off\",\"action\":\"like\",\"language\":\"de_DE\"},\"twitter\":{\"reply_to\":\"\",\"tweet_text\":\"%20B%C3%A4derarchitektur%20in%20Mecklenburg-Vorpommern%3A%20Historischer%20Chic%20zum%20Verlieben%20%C2%BB%20...\",\"status\":\"on\",\"txt_info\":\"2 Klicks f\\u00fcr mehr Datenschutz: Erst wenn Sie hier klicken, wird der Button aktiv und Sie k\\u00f6nnen Ihre Empfehlung an Twitter senden. Schon beim Aktivieren werden <strong>Daten an Dritte \\u00fcbertragen<\\\/strong> - siehe <strong>i<\\\/strong>.\",\"perma_option\":\"off\",\"language\":\"de\"},\"pinterest\":{\"status\":\"on\",\"the_excerpt\":\"B\\u00e4derarchitektur in Mecklenburg-Vorpommern: Historischer Chic zum Verlieben\",\"txt_info\":\"2 Klicks f\\u00fcr mehr Datenschutz: Erst wenn Sie hier klicken, wird der Button aktiv und Sie k\\u00f6nnen Ihre Empfehlung an Pinterest senden. Schon beim Aktivieren werden <strong>Daten an Dritte \\u00fcbertragen<\\\/strong> - siehe <strong>i<\\\/strong>.\",\"perma_option\":\"off\",\"media\":\"https:\\\/\\\/www.interdomizil.de\\\/reisemagazin\\\/wp-content\\\/uploads\\\/IMG-20210326-WA0018.jpg\"}},\"txt_help\":\"Wenn Sie diese Felder durch einen Klick aktivieren, werden Informationen an Facebook, Twitter, Flattr, Xing, t3n, LinkedIn, Pinterest oder Google eventuell ins Ausland <strong>\\u00fcbertragen<\\\/strong> und unter Umst\\u00e4nden auch dort <strong>gespeichert<\\\/strong>. N\\u00e4heres erfahren Sie durch einen Klick auf das <em>i<\\\/em>.\",\"settings_perma\":\"Dauerhaft aktivieren und Daten\\u00fcber-tragung zustimmen:\",\"info_link\":\"http:\\\/\\\/www.heise.de\\\/ct\\\/artikel\\\/2-Klicks-fuer-mehr-Datenschutz-1333879.html\",\"uri\":\"https:\\\/\\\/www.interdomizil.de\\\/reisemagazin\\\/urlaubsgeschichten\\\/baederarchitektur-in-mecklenburg-vorpommern-historischer-chic-zum-verlieben\",\"post_id\":11811,\"post_title_referrer_track\":\"B%C3%A4derarchitektur+in+Mecklenburg-Vorpommern%3A+Historischer+Chic+zum+Verlieben\",\"concat\":\"%3F\",\"display_infobox\":\"on\"});}});\n\/* ]]> *\/<\/script><\/div>\n<p>Das strahlende Wei\u00df der Gr\u00fcnderzeitvillen in den Ostseeb\u00e4dern Mecklenburg-Vorpommerns ist das optische Pendant zur frischen Ostseebrise. Die kunstvoll verzierten Geb\u00e4ude mit ihren Balkonen und Erkern pr\u00e4gen Flaniermeilen und Strandpromenaden seit Kaisers Zeiten. F\u00fcr unbeschwertes Urlaubsflair mit einem Hauch von Eleganz!<\/p>\n\n\n\n<h3 class=\"wp-block-heading\">Wundersch\u00f6ne Vielfalt in Wei\u00df<\/h3>\n\n\n\n<p>Dass die B\u00e4derarchitektur im Laufe der Jahrhunderte nichts von ihrem besonderen Reiz verloren hat, liegt wohl an ihrem Facettenreichtum. Kein Haus gleicht dem anderen. Zieht bei der einen Villa insbesondere die gro\u00dfz\u00fcgige Veranda die Blicke auf sich, sind es beim n\u00e4chsten Geb\u00e4ude ein kleiner Balkon, ein vorwitziger Erker oder ein verspieltes T\u00fcrmchen \u2013 oder auch gerne einmal zwei. Gemeinsam ist den Gr\u00fcnderzeitvillen allerdings die Heiterkeit und der vornehmen Charakter, die ihre wei\u00dfen Fassaden ausstrahlen.<\/p>\n\n\n\n<p>Die \u201eGeburtsstadt\u201c der B\u00e4derarchitektur in Mecklenburg-Vorpommern ist Heiligendamm. Es war Herzog Friedrich Franz I. von Mecklenburg-Schwerin, der den B\u00e4derbetrieb in Schwung brachte. Auf Anraten seines Arztes badete er des \u00d6fteren nahe seiner Residenz in Bad Doberan in Heiligendamm in der Ostsee und war schon bald von der heilsamen Wirkung des Meerwassers \u00fcberzeugt. Ende des 18. Jahrhunderts unterzog er das Fischerdorf daher einem radikalen \u201eFace-Lifting\u201c und lie\u00df gleich ein ganzes Ensemble an G\u00e4steh\u00e4usern und Logierm\u00f6glichkeiten mit repr\u00e4sentativem Charakter von renommierten Baumeistern errichten. Diese entschieden sich f\u00fcr den klassizistischen Stil, der typische Elemente aus der Antike aufgreift. Ihr verspieltes Antlitz verdanken die B\u00e4derarchitektur-Villen unter anderem S\u00e4ulen und reliefartigen Verzierungen.<\/p>\n\n\n\n<p>Die \u201eWei\u00dfe Stadt am Meer\u201c l\u00f6ste gro\u00dfe Begeisterung aus und der Architektur-Stil verbreitete sich rasch entlang der ganzen mecklenburgischen Ostseek\u00fcste.<\/p>\n\n\n\n<h3 class=\"wp-block-heading\">B\u00e4derarchitektur auf R\u00fcgen entdecken<\/h3>\n\n\n\n<figure class=\"wp-block-image size-full\"><img decoding=\"async\" loading=\"lazy\" width=\"2560\" height=\"1711\" src=\"https:\/\/www.interdomizil.de\/reisemagazin\/wp-content\/uploads\/FB_P1060354-scaled.jpg\" alt=\"\" class=\"wp-image-11813\" srcset=\"https:\/\/www.interdomizil.de\/reisemagazin\/wp-content\/uploads\/FB_P1060354-scaled.jpg 2560w, https:\/\/www.interdomizil.de\/reisemagazin\/wp-content\/uploads\/FB_P1060354-500x334.jpg 500w, https:\/\/www.interdomizil.de\/reisemagazin\/wp-content\/uploads\/FB_P1060354-720x481.jpg 720w, https:\/\/www.interdomizil.de\/reisemagazin\/wp-content\/uploads\/FB_P1060354-200x134.jpg 200w, https:\/\/www.interdomizil.de\/reisemagazin\/wp-content\/uploads\/FB_P1060354-768x513.jpg 768w, https:\/\/www.interdomizil.de\/reisemagazin\/wp-content\/uploads\/FB_P1060354-1536x1027.jpg 1536w, https:\/\/www.interdomizil.de\/reisemagazin\/wp-content\/uploads\/FB_P1060354-2048x1369.jpg 2048w, https:\/\/www.interdomizil.de\/reisemagazin\/wp-content\/uploads\/FB_P1060354-270x180.jpg 270w, https:\/\/www.interdomizil.de\/reisemagazin\/wp-content\/uploads\/FB_P1060354-770x515.jpg 770w\" sizes=\"(max-width: 2560px) 100vw, 2560px\" \/><\/figure>\n\n\n\n<p>Auch wenn es sich eigentlich um einen \u201eImport\u201c vom Festland handelt, ist die schneewei\u00dfe B\u00e4derarchitektur l\u00e4ngst zum Markenzeichen der beliebten Ferieninsel geworden. Ihre nonchalante Eleganz l\u00e4sst die Seeb\u00e4der Binz, Sellin, G\u00f6hren und Baabe genauso hell strahlen wie die legend\u00e4re Kreidek\u00fcste R\u00fcgens. Ebenso ist die typische B\u00e4derarchitektur Mecklenburg-Vorpommerns im historischen Zentrum der Hafenstadt Sassnitz allgegenw\u00e4rtig.<\/p>\n\n\n\n<p>In Binz reihen sich schmucke Gr\u00fcnderzeitvillen entlang der Putbuser Stra\u00dfe und in erster Reihe entlang der Strandpromenade aneinander. Ein Paradebeispiel f\u00fcr den Klassizismus sind das pr\u00e4chtige Kurhaus und die zwei sogenannten \u201eWolgasth\u00e4user\u201c. Legen Sie Wert auf Vollst\u00e4ndigkeit, finden Sie die dritte Villa im Bunde im Seebad G\u00f6hren!<\/p>\n\n\n\n<p>In Sellin steht die B\u00e4derarchitektur bereits seit 1990 unter Denkmalschutz und die zahlreichen Villen wurden seitdem flei\u00dfig und vor allem sehr sorgf\u00e4ltig restauriert. Die Landungsbr\u00fccke dagegen musste aufgrund von Bauf\u00e4lligkeit 1998 nach dem originalen Vorbild von 1906 komplett erneuert werden. Wie damals trifft man sich auf dem 400 Meter langen Holzsteg auch heute nicht nur zum Flanieren, sondern Sie d\u00fcrfen sich im Kaiserpavillon und Palmengarten gerne kulinarisch verw\u00f6hnen lassen. Vom oberhalb der Steilk\u00fcste gelegenen Ortszentrum von Sellin an den Strand geht es entweder \u00fcber die steile \u201eHimmelsleiter\u201c oder ganz bequem mit dem Lift.<\/p>\n\n\n\n<figure class=\"wp-block-image size-full\"><img decoding=\"async\" loading=\"lazy\" width=\"632\" height=\"420\" src=\"https:\/\/www.interdomizil.de\/reisemagazin\/wp-content\/uploads\/99873-2-12.jpg\" alt=\"\" class=\"wp-image-11815\" srcset=\"https:\/\/www.interdomizil.de\/reisemagazin\/wp-content\/uploads\/99873-2-12.jpg 632w, https:\/\/www.interdomizil.de\/reisemagazin\/wp-content\/uploads\/99873-2-12-500x332.jpg 500w, https:\/\/www.interdomizil.de\/reisemagazin\/wp-content\/uploads\/99873-2-12-200x133.jpg 200w, https:\/\/www.interdomizil.de\/reisemagazin\/wp-content\/uploads\/99873-2-12-270x180.jpg 270w\" sizes=\"(max-width: 632px) 100vw, 632px\" \/><\/figure>\n\n\n\n<p>Bevor Corona 2020 das kulturelle Leben auf R\u00fcgen und anderswo weitgehend lahmlegte, war im Ostseebad Binz der Mai allj\u00e4hrlich der \u201eMonat der B\u00e4derarchitektur\u201c. Interessierte waren in diesen Wochen herzlich zu Ausstellungen und F\u00fchrungen eingeladen. Wir hoffen sehr, dass Binz diese Tradition 2023 wiederbelebt!<\/p>\n\n\n\n<h3 class=\"wp-block-heading\">Kein klassisches Ostseebad ohne B\u00e4derarchitektur!<\/h3>\n\n\n\n<p>Die B\u00e4derarchitektur hat die Kaiserb\u00e4der Usedoms erobert und zum Gl\u00fcck auch vor Warnem\u00fcnde nicht Halt gemacht. Dort gibt es die neoklassizistischen Villen vor allem entlang der Seepromenade zu bestaunen. In Graal-M\u00fcritz waren es einst mehr als 200 Gr\u00fcnderzeitvillen! Heute gibt es nur noch einige Original-Exemplare, darunter \u201eHaus Gisela\u201c und ein Kleinod in der Friedenstra\u00dfe 5.<\/p>\n","protected":false},"excerpt":{"rendered":"<p>Das strahlende Wei\u00df der Gr\u00fcnderzeitvillen in den Ostseeb\u00e4dern Mecklenburg-Vorpommerns ist das optische Pendant zur frischen Ostseebrise. Die kunstvoll verzierten Geb\u00e4ude mit ihren Balkonen und Erkern pr\u00e4gen Flaniermeilen und Strandpromenaden seit Kaisers Zeiten. F\u00fcr unbeschwertes Urlaubsflair mit einem Hauch von Eleganz! Wundersch\u00f6ne Vielfalt in Wei\u00df Dass die B\u00e4derarchitektur im Laufe der Jahrhunderte nichts von ihrem besonderen<\/p>\n","protected":false},"author":61,"featured_media":11816,"comment_status":"closed","ping_status":"closed","sticky":false,"template":"","format":"standard","meta":{"footnotes":""},"categories":[37,25,618],"tags":[1665,559,562,996,842,1296,560,978,585,979],"yoast_head":"<!-- This site is optimized with the Yoast SEO plugin v16.1.1 - https:\/\/yoast.com\/wordpress\/plugins\/seo\/ -->\n<title>B\u00e4derarchitektur in Mecklenburg-Vorpommern: Historischer Chic zum Verlieben &ndash; InterDomizil Reisemagazin<\/title>\n<meta name=\"description\" content=\"Seebr\u00fccken, Villen und Co.: B\u00e4derarchitektur in Mecklenburg-Vorpommern. Entdecke im Urlaub in M-V den mond\u00e4nen Chic der B\u00e4derarchitektur!\" \/>\n<link rel=\"canonical\" href=\"https:\/\/www.interdomizil.de\/reisemagazin\/urlaubsgeschichten\/baederarchitektur-in-mecklenburg-vorpommern-historischer-chic-zum-verlieben\" \/>\n<meta name=\"twitter:label1\" content=\"Gesch\u00e4tzte Lesezeit\">\n\t<meta name=\"twitter:data1\" content=\"3\u00a0Minuten\">\n<script type=\"application\/ld+json\" class=\"yoast-schema-graph\">{\"@context\":\"https:\/\/schema.org\",\"@graph\":[{\"@type\":\"WebSite\",\"@id\":\"https:\/\/www.interdomizil.de\/reisemagazin\/#website\",\"url\":\"https:\/\/www.interdomizil.de\/reisemagazin\/\",\"name\":\"InterDomizil Reisemagazin\",\"description\":\"Reiseziele. Urlaubtipps. Sehenswertes.\",\"potentialAction\":[{\"@type\":\"SearchAction\",\"target\":\"https:\/\/www.interdomizil.de\/reisemagazin\/?s={search_term_string}\",\"query-input\":\"required name=search_term_string\"}],\"inLanguage\":\"de\"},{\"@type\":\"ImageObject\",\"@id\":\"https:\/\/www.interdomizil.de\/reisemagazin\/urlaubsgeschichten\/baederarchitektur-in-mecklenburg-vorpommern-historischer-chic-zum-verlieben#primaryimage\",\"inLanguage\":\"de\",\"url\":\"https:\/\/www.interdomizil.de\/reisemagazin\/wp-content\/uploads\/IMG-20210326-WA0018.jpg\",\"contentUrl\":\"https:\/\/www.interdomizil.de\/reisemagazin\/wp-content\/uploads\/IMG-20210326-WA0018.jpg\",\"width\":1280,\"height\":677,\"caption\":\"B\\u00e4derarchitektur\"},{\"@type\":\"WebPage\",\"@id\":\"https:\/\/www.interdomizil.de\/reisemagazin\/urlaubsgeschichten\/baederarchitektur-in-mecklenburg-vorpommern-historischer-chic-zum-verlieben#webpage\",\"url\":\"https:\/\/www.interdomizil.de\/reisemagazin\/urlaubsgeschichten\/baederarchitektur-in-mecklenburg-vorpommern-historischer-chic-zum-verlieben\",\"name\":\"B\\u00e4derarchitektur in Mecklenburg-Vorpommern: Historischer Chic zum Verlieben &ndash; InterDomizil Reisemagazin\",\"isPartOf\":{\"@id\":\"https:\/\/www.interdomizil.de\/reisemagazin\/#website\"},\"primaryImageOfPage\":{\"@id\":\"https:\/\/www.interdomizil.de\/reisemagazin\/urlaubsgeschichten\/baederarchitektur-in-mecklenburg-vorpommern-historischer-chic-zum-verlieben#primaryimage\"},\"datePublished\":\"2022-05-12T01:14:00+00:00\",\"dateModified\":\"2022-05-09T01:46:31+00:00\",\"author\":{\"@id\":\"https:\/\/www.interdomizil.de\/reisemagazin\/#\/schema\/person\/88e68aa5afdec9d042c8f78c340a2f6f\"},\"description\":\"Seebr\\u00fccken, Villen und Co.: B\\u00e4derarchitektur in Mecklenburg-Vorpommern. Entdecke im Urlaub in M-V den mond\\u00e4nen Chic der B\\u00e4derarchitektur!\",\"breadcrumb\":{\"@id\":\"https:\/\/www.interdomizil.de\/reisemagazin\/urlaubsgeschichten\/baederarchitektur-in-mecklenburg-vorpommern-historischer-chic-zum-verlieben#breadcrumb\"},\"inLanguage\":\"de\",\"potentialAction\":[{\"@type\":\"ReadAction\",\"target\":[\"https:\/\/www.interdomizil.de\/reisemagazin\/urlaubsgeschichten\/baederarchitektur-in-mecklenburg-vorpommern-historischer-chic-zum-verlieben\"]}]},{\"@type\":\"BreadcrumbList\",\"@id\":\"https:\/\/www.interdomizil.de\/reisemagazin\/urlaubsgeschichten\/baederarchitektur-in-mecklenburg-vorpommern-historischer-chic-zum-verlieben#breadcrumb\",\"itemListElement\":[{\"@type\":\"ListItem\",\"position\":1,\"item\":{\"@type\":\"WebPage\",\"@id\":\"https:\/\/www.interdomizil.de\/reisemagazin\/\",\"url\":\"https:\/\/www.interdomizil.de\/reisemagazin\/\",\"name\":\"Home\"}},{\"@type\":\"ListItem\",\"position\":2,\"item\":{\"@type\":\"WebPage\",\"@id\":\"https:\/\/www.interdomizil.de\/reisemagazin\/urlaubsgeschichten\/baederarchitektur-in-mecklenburg-vorpommern-historischer-chic-zum-verlieben\",\"url\":\"https:\/\/www.interdomizil.de\/reisemagazin\/urlaubsgeschichten\/baederarchitektur-in-mecklenburg-vorpommern-historischer-chic-zum-verlieben\",\"name\":\"B\\u00e4derarchitektur in Mecklenburg-Vorpommern: Historischer Chic zum Verlieben\"}}]},{\"@type\":\"Person\",\"@id\":\"https:\/\/www.interdomizil.de\/reisemagazin\/#\/schema\/person\/88e68aa5afdec9d042c8f78c340a2f6f\",\"name\":\"Redaktion\"}]}<\/script>\n<!-- \/ Yoast SEO plugin. -->","_links":{"self":[{"href":"https:\/\/www.interdomizil.de\/reisemagazin\/wp-json\/wp\/v2\/posts\/11811"}],"collection":[{"href":"https:\/\/www.interdomizil.de\/reisemagazin\/wp-json\/wp\/v2\/posts"}],"about":[{"href":"https:\/\/www.interdomizil.de\/reisemagazin\/wp-json\/wp\/v2\/types\/post"}],"author":[{"embeddable":true,"href":"https:\/\/www.interdomizil.de\/reisemagazin\/wp-json\/wp\/v2\/users\/61"}],"replies":[{"embeddable":true,"href":"https:\/\/www.interdomizil.de\/reisemagazin\/wp-json\/wp\/v2\/comments?post=11811"}],"version-history":[{"count":2,"href":"https:\/\/www.interdomizil.de\/reisemagazin\/wp-json\/wp\/v2\/posts\/11811\/revisions"}],"predecessor-version":[{"id":11817,"href":"https:\/\/www.interdomizil.de\/reisemagazin\/wp-json\/wp\/v2\/posts\/11811\/revisions\/11817"}],"wp:featuredmedia":[{"embeddable":true,"href":"https:\/\/www.interdomizil.de\/reisemagazin\/wp-json\/wp\/v2\/media\/11816"}],"wp:attachment":[{"href":"https:\/\/www.interdomizil.de\/reisemagazin\/wp-json\/wp\/v2\/media?parent=11811"}],"wp:term":[{"taxonomy":"category","embeddable":true,"href":"https:\/\/www.interdomizil.de\/reisemagazin\/wp-json\/wp\/v2\/categories?post=11811"},{"taxonomy":"post_tag","embeddable":true,"href":"https:\/\/www.interdomizil.de\/reisemagazin\/wp-json\/wp\/v2\/tags?post=11811"}],"curies":[{"name":"wp","href":"https:\/\/api.w.org\/{rel}","templated":true}]}}