{"id":11421,"date":"2021-10-07T04:39:00","date_gmt":"2021-10-07T02:39:00","guid":{"rendered":"https:\/\/www.interdomizil.de\/reisemagazin\/?p=11421"},"modified":"2021-10-07T07:18:58","modified_gmt":"2021-10-07T05:18:58","slug":"silvester-auf-mallorca-anstossen-weit-weg-vom-winter","status":"publish","type":"post","link":"https:\/\/www.interdomizil.de\/reisemagazin\/aktuelles\/silvester-auf-mallorca-anstossen-weit-weg-vom-winter","title":{"rendered":"Silvester auf Mallorca: Ansto\u00dfen weit weg vom Winter"},"content":{"rendered":"<div class=\"twoclick_social_bookmarks_post_11421 social_share_privacy clearfix 1.6.4 locale-de_DE sprite-de_DE\"><\/div><div class=\"twoclick-js\"><script type=\"text\/javascript\">\/* <![CDATA[ *\/\njQuery(document).ready(function($){if($('.twoclick_social_bookmarks_post_11421')){$('.twoclick_social_bookmarks_post_11421').socialSharePrivacy({\"services\":{\"facebook\":{\"status\":\"on\",\"txt_info\":\"2 Klicks f\\u00fcr mehr Datenschutz: Erst wenn Sie hier klicken, wird der Button aktiv und Sie k\\u00f6nnen Ihre Empfehlung an Facebook senden. Schon beim Aktivieren werden <strong>Daten an Dritte \\u00fcbertragen<\\\/strong> - siehe <strong>i<\\\/strong>.\",\"perma_option\":\"off\",\"action\":\"like\",\"language\":\"de_DE\"},\"twitter\":{\"reply_to\":\"\",\"tweet_text\":\"%20Silvester%20auf%20Mallorca%3A%20Ansto%C3%9Fen%20weit%20weg%20vom%20Winter%20%C2%BB%20InterDomizil%20...\",\"status\":\"on\",\"txt_info\":\"2 Klicks f\\u00fcr mehr Datenschutz: Erst wenn Sie hier klicken, wird der Button aktiv und Sie k\\u00f6nnen Ihre Empfehlung an Twitter senden. Schon beim Aktivieren werden <strong>Daten an Dritte \\u00fcbertragen<\\\/strong> - siehe <strong>i<\\\/strong>.\",\"perma_option\":\"off\",\"language\":\"de\"},\"pinterest\":{\"status\":\"on\",\"the_excerpt\":\"Silvester auf Mallorca: Ansto\\u00dfen weit weg vom Winter\",\"txt_info\":\"2 Klicks f\\u00fcr mehr Datenschutz: Erst wenn Sie hier klicken, wird der Button aktiv und Sie k\\u00f6nnen Ihre Empfehlung an Pinterest senden. Schon beim Aktivieren werden <strong>Daten an Dritte \\u00fcbertragen<\\\/strong> - siehe <strong>i<\\\/strong>.\",\"perma_option\":\"off\",\"media\":\"https:\\\/\\\/www.interdomizil.de\\\/reisemagazin\\\/wp-content\\\/uploads\\\/mallorca-silverster_2021_2022.jpg\"}},\"txt_help\":\"Wenn Sie diese Felder durch einen Klick aktivieren, werden Informationen an Facebook, Twitter, Flattr, Xing, t3n, LinkedIn, Pinterest oder Google eventuell ins Ausland <strong>\\u00fcbertragen<\\\/strong> und unter Umst\\u00e4nden auch dort <strong>gespeichert<\\\/strong>. N\\u00e4heres erfahren Sie durch einen Klick auf das <em>i<\\\/em>.\",\"settings_perma\":\"Dauerhaft aktivieren und Daten\\u00fcber-tragung zustimmen:\",\"info_link\":\"http:\\\/\\\/www.heise.de\\\/ct\\\/artikel\\\/2-Klicks-fuer-mehr-Datenschutz-1333879.html\",\"uri\":\"https:\\\/\\\/www.interdomizil.de\\\/reisemagazin\\\/aktuelles\\\/silvester-auf-mallorca-anstossen-weit-weg-vom-winter\",\"post_id\":11421,\"post_title_referrer_track\":\"Silvester+auf+Mallorca%3A+Ansto%C3%9Fen+weit+weg+vom+Winter\",\"concat\":\"%3F\",\"display_infobox\":\"on\"});}});\n\/* ]]> *\/<\/script><\/div>\n<p>Rund um Silvester 2021, eigentlich DER Partynacht des Jahres, pr\u00e4sentiert sich Mallorca \u00fcberraschend ruhig. Zum Jahreswechsel ist die Insel l\u00e4ngst nicht so voll wie im Sommer. Tolle Ausgeh-M\u00f6glichkeiten gibt es dennoch und auch Feierhungrige kommen garantiert auf ihre Kosten.<\/p>\n\n\n\n<h3 class=\"wp-block-heading\">Silvester 2021\/2022 auf Mallorca feiern \u2013 Wo ist was los?<\/h3>\n\n\n\n<figure class=\"wp-block-image size-full image-border\"><img decoding=\"async\" loading=\"lazy\" width=\"1920\" height=\"1357\" src=\"https:\/\/www.interdomizil.de\/reisemagazin\/wp-content\/uploads\/silvester-2021.jpg\" alt=\"\" class=\"wp-image-11424\" srcset=\"https:\/\/www.interdomizil.de\/reisemagazin\/wp-content\/uploads\/silvester-2021.jpg 1920w, https:\/\/www.interdomizil.de\/reisemagazin\/wp-content\/uploads\/silvester-2021-500x353.jpg 500w, https:\/\/www.interdomizil.de\/reisemagazin\/wp-content\/uploads\/silvester-2021-720x509.jpg 720w, https:\/\/www.interdomizil.de\/reisemagazin\/wp-content\/uploads\/silvester-2021-200x141.jpg 200w, https:\/\/www.interdomizil.de\/reisemagazin\/wp-content\/uploads\/silvester-2021-768x543.jpg 768w, https:\/\/www.interdomizil.de\/reisemagazin\/wp-content\/uploads\/silvester-2021-1536x1086.jpg 1536w\" sizes=\"(max-width: 1920px) 100vw, 1920px\" \/><figcaption>Foto: geralt@pixabay<\/figcaption><\/figure>\n\n\n\n<p>\u00dcberall auf der Insel treffen sich Einheimische und G\u00e4ste in der Silvesternacht in den Stra\u00dfen und Gassen oder auf zentralen Pl\u00e4tzen, um gemeinsam zu feiern und sp\u00e4ter die Korken knallen zu lassen.<\/p>\n\n\n\n<p>In Playa de Palma ist die Plaza Mayor vor dem Rathaus der wichtigste Treffpunkt. Hier k\u00f6nnen Sie auch eine typisch spanische Silvester-Tradition erleben und mitmachen: Sobald die Glockenschl\u00e4ge das neue Jahr einl\u00e4uten, gilt es, bei jedem Schlag eine Weintraube zu essen. Wem es gelingt, die zw\u00f6lf Trauben zu schlucken, dem soll das neue Jahr Monat f\u00fcr Monat Gl\u00fcck bringen.<\/p>\n\n\n\n<p>Ein spektakul\u00e4res Silvester-Feuerwerk sollten Sie auf Mallorca jedoch nicht erwarten. Das ist in Spanien einfach nicht \u00fcblich. Ganz m\u00fcssen Sie auf das liebgewonnene Farbenspiel am Himmel aber nicht verzichten: Unter anderem erhellen am Hafen von Palma um Mitternacht Leuchtraketen den Himmel. Am besten beobachten Sie das von Kreuzfahrt-Reedereien und der Regierung organisierte Feuerwerk von den Terrassen des Castell de Bellver aus. Ebenfalls sehr beliebt ist in der Silvesternacht der Parc de la Mar zwischen dem Hafen von Playa und der Kathedrale La Seu, die wunderbar illuminiert ist.<\/p>\n\n\n\n<h3 class=\"wp-block-heading\">Wo kann man zu Silvester 2021 auf Mallorca am besten feiern?<\/h3>\n\n\n\n<figure class=\"wp-block-image size-full image-border\"><img decoding=\"async\" loading=\"lazy\" width=\"1920\" height=\"1440\" src=\"https:\/\/www.interdomizil.de\/reisemagazin\/wp-content\/uploads\/silvester-auf-mallorca-palma.jpg\" alt=\"\" class=\"wp-image-11426\" srcset=\"https:\/\/www.interdomizil.de\/reisemagazin\/wp-content\/uploads\/silvester-auf-mallorca-palma.jpg 1920w, https:\/\/www.interdomizil.de\/reisemagazin\/wp-content\/uploads\/silvester-auf-mallorca-palma-500x375.jpg 500w, https:\/\/www.interdomizil.de\/reisemagazin\/wp-content\/uploads\/silvester-auf-mallorca-palma-720x540.jpg 720w, https:\/\/www.interdomizil.de\/reisemagazin\/wp-content\/uploads\/silvester-auf-mallorca-palma-200x150.jpg 200w, https:\/\/www.interdomizil.de\/reisemagazin\/wp-content\/uploads\/silvester-auf-mallorca-palma-768x576.jpg 768w, https:\/\/www.interdomizil.de\/reisemagazin\/wp-content\/uploads\/silvester-auf-mallorca-palma-1536x1152.jpg 1536w\" sizes=\"(max-width: 1920px) 100vw, 1920px\" \/><figcaption>Foto: BettySchmidt@pixabay<\/figcaption><\/figure>\n\n\n\n<p>M\u00f6chten Sie am Silvesterabend dieses Jahr auf Mallorca gem\u00fctlich essen gehen, sollten Sie unbedingt rechtzeitig \u2013 also am besten schon von zu Hause aus \u2013 reservieren. Auf der Insel ist es n\u00e4mlich \u00fcblich, jeden Tisch pro Abend nur einmal zu vergeben. Dann steht er aber auch ausschlie\u00dflich Ihnen zur Verf\u00fcgung und Sie haben viel Zeit, um frischen Fisch mit knackigem Gem\u00fcse und sp\u00e4ter s\u00fc\u00dfes Mandelgeb\u00e4ck zu genie\u00dfen.<\/p>\n\n\n\n<p>W\u00e4hrend die meisten Restaurants auch an Silvester 2021 um kurz nach halb eins schlie\u00dfen, kommt die Party in El Arenal oder an der Platja de Palma dann erst richtig in Fahrt. Hier sind Sie richtig, wenn Sie bis in die Morgenstunden tanzen und feiern m\u00f6chten!<\/p>\n\n\n\n<h3 class=\"wp-block-heading\">Mallorca im Winter \u2013 definitiv auch eine Reise wert!<\/h3>\n\n\n\n<figure class=\"wp-block-image size-full image-border\"><img decoding=\"async\" loading=\"lazy\" width=\"1920\" height=\"1280\" src=\"https:\/\/www.interdomizil.de\/reisemagazin\/wp-content\/uploads\/mallorca-silverster_2021_2022.jpg\" alt=\"\" class=\"wp-image-11430\" srcset=\"https:\/\/www.interdomizil.de\/reisemagazin\/wp-content\/uploads\/mallorca-silverster_2021_2022.jpg 1920w, https:\/\/www.interdomizil.de\/reisemagazin\/wp-content\/uploads\/mallorca-silverster_2021_2022-175x117.jpg 175w, https:\/\/www.interdomizil.de\/reisemagazin\/wp-content\/uploads\/mallorca-silverster_2021_2022-450x300.jpg 450w, https:\/\/www.interdomizil.de\/reisemagazin\/wp-content\/uploads\/mallorca-silverster_2021_2022-1170x780.jpg 1170w, https:\/\/www.interdomizil.de\/reisemagazin\/wp-content\/uploads\/mallorca-silverster_2021_2022-768x512.jpg 768w, https:\/\/www.interdomizil.de\/reisemagazin\/wp-content\/uploads\/mallorca-silverster_2021_2022-200x133.jpg 200w, https:\/\/www.interdomizil.de\/reisemagazin\/wp-content\/uploads\/mallorca-silverster_2021_2022-500x333.jpg 500w, https:\/\/www.interdomizil.de\/reisemagazin\/wp-content\/uploads\/mallorca-silverster_2021_2022-720x480.jpg 720w, https:\/\/www.interdomizil.de\/reisemagazin\/wp-content\/uploads\/mallorca-silverster_2021_2022-1536x1024.jpg 1536w, https:\/\/www.interdomizil.de\/reisemagazin\/wp-content\/uploads\/mallorca-silverster_2021_2022-270x180.jpg 270w\" sizes=\"(max-width: 1920px) 100vw, 1920px\" \/><figcaption>Foto: Peggy_Marco@pixabay<\/figcaption><\/figure>\n\n\n\n<p>Mit einer Silvester-Reise nach Mallorca entfliehen Sie ganz nebenbei dem deutschen Winter. Zwar kann es Anfang Januar auf der Baleareninsel gelegentlich regnen und die Nachttemperaturen sind mit 6 bis 10 Grad schon recht k\u00fchl. Tags\u00fcber klettert das Thermometer aber bis auf 20 Grad und es scheint h\u00e4ufig die Sonne. Es herrschen also ideale Bedingungen, um die im Winter wenig frequentierte Insel ganz in Ruhe zu erkunden.<\/p>\n\n\n\n<p>Dank der milden Witterung beginnt auf Mallorca bereits im Januar die Mandelbl\u00fcte, ein echtes Fest f\u00fcr die Sinne: Das Meer aus wei\u00df-rosa Bl\u00fcten ist nicht nur wundersch\u00f6n anzusehen, sondern verstr\u00f6mt auch einen bet\u00f6renden Duft.<\/p>\n\n\n\n<p>Auch ist so eine Silvesterreise nach Mallorca optimal, um die beliebtesten Ausflugsziele der Insel ohne gro\u00dfen Besucherandrang zu erleben. Machen Sie eine Tour durch die Coves del Drac bei Porto Cristo oder besuchen Sie in Cala Major das Atelier des Malers Joan Mir\u00f3. Nat\u00fcrlich d\u00fcrfen auch Highlights wie die gotische Kathedrale La Seu in Palma oder eine Fahrt mit der Nostalgie-Bahn \u201eRoter Blitz\u201c von Palma nach S\u00f3ller auf der To-do-Liste stehen.<\/p>\n\n\n\n<h3 class=\"wp-block-heading\">Was f\u00fcr die Silvesterfeier 2021 auf Mallorca unbedingt in den Koffer muss!<\/h3>\n\n\n\n<p>Statt der Badehose darf es f\u00fcr eine Silvesterreise nach Mallorca eher ein Pullover oder auch eine Regenjacke sein. Au\u00dferdem muss unbedingt rote Unterw\u00e4sche ins Gep\u00e4ck: Diese in der Silvesternacht zu tragen, verspricht laut spanischem Brauch ein gl\u00fcckliches Liebesleben im neuen Jahr \u2026<\/p>\n","protected":false},"excerpt":{"rendered":"<p>Rund um Silvester 2021, eigentlich DER Partynacht des Jahres, pr\u00e4sentiert sich Mallorca \u00fcberraschend ruhig. Zum Jahreswechsel ist die Insel l\u00e4ngst nicht so voll wie im Sommer. Tolle Ausgeh-M\u00f6glichkeiten gibt es dennoch und auch Feierhungrige kommen garantiert auf ihre Kosten. Silvester 2021\/2022 auf Mallorca feiern \u2013 Wo ist was los? \u00dcberall auf der Insel treffen sich<\/p>\n","protected":false},"author":61,"featured_media":11430,"comment_status":"closed","ping_status":"closed","sticky":false,"template":"","format":"standard","meta":{"footnotes":""},"categories":[977,11,12,916],"tags":[592,625,657,1647,1648,841,1646,545,816,524],"yoast_head":"<!-- This site is optimized with the Yoast SEO plugin v16.1.1 - https:\/\/yoast.com\/wordpress\/plugins\/seo\/ -->\n<title>Silvester auf Mallorca: Ansto\u00dfen weit weg vom Winter &ndash; InterDomizil Reisemagazin<\/title>\n<meta name=\"description\" content=\"Silvester 2021\/2022 auf Mallorca: Wenn das Beste zum Schluss kommt! Auf das neue Jahr 2022 auf Mallorca, weit weg vom Winter, ansto\u00dfen!\" \/>\n<link rel=\"canonical\" href=\"https:\/\/www.interdomizil.de\/reisemagazin\/aktuelles\/silvester-auf-mallorca-anstossen-weit-weg-vom-winter\" \/>\n<meta name=\"twitter:label1\" content=\"Gesch\u00e4tzte Lesezeit\">\n\t<meta name=\"twitter:data1\" content=\"4\u00a0Minuten\">\n<script type=\"application\/ld+json\" class=\"yoast-schema-graph\">{\"@context\":\"https:\/\/schema.org\",\"@graph\":[{\"@type\":\"WebSite\",\"@id\":\"https:\/\/www.interdomizil.de\/reisemagazin\/#website\",\"url\":\"https:\/\/www.interdomizil.de\/reisemagazin\/\",\"name\":\"InterDomizil Reisemagazin\",\"description\":\"Reiseziele. Urlaubtipps. Sehenswertes.\",\"potentialAction\":[{\"@type\":\"SearchAction\",\"target\":\"https:\/\/www.interdomizil.de\/reisemagazin\/?s={search_term_string}\",\"query-input\":\"required name=search_term_string\"}],\"inLanguage\":\"de\"},{\"@type\":\"ImageObject\",\"@id\":\"https:\/\/www.interdomizil.de\/reisemagazin\/aktuelles\/silvester-auf-mallorca-anstossen-weit-weg-vom-winter#primaryimage\",\"inLanguage\":\"de\",\"url\":\"https:\/\/www.interdomizil.de\/reisemagazin\/wp-content\/uploads\/mallorca-silverster_2021_2022.jpg\",\"contentUrl\":\"https:\/\/www.interdomizil.de\/reisemagazin\/wp-content\/uploads\/mallorca-silverster_2021_2022.jpg\",\"width\":1920,\"height\":1280},{\"@type\":\"WebPage\",\"@id\":\"https:\/\/www.interdomizil.de\/reisemagazin\/aktuelles\/silvester-auf-mallorca-anstossen-weit-weg-vom-winter#webpage\",\"url\":\"https:\/\/www.interdomizil.de\/reisemagazin\/aktuelles\/silvester-auf-mallorca-anstossen-weit-weg-vom-winter\",\"name\":\"Silvester auf Mallorca: Ansto\\u00dfen weit weg vom Winter &ndash; InterDomizil Reisemagazin\",\"isPartOf\":{\"@id\":\"https:\/\/www.interdomizil.de\/reisemagazin\/#website\"},\"primaryImageOfPage\":{\"@id\":\"https:\/\/www.interdomizil.de\/reisemagazin\/aktuelles\/silvester-auf-mallorca-anstossen-weit-weg-vom-winter#primaryimage\"},\"datePublished\":\"2021-10-07T02:39:00+00:00\",\"dateModified\":\"2021-10-07T05:18:58+00:00\",\"author\":{\"@id\":\"https:\/\/www.interdomizil.de\/reisemagazin\/#\/schema\/person\/88e68aa5afdec9d042c8f78c340a2f6f\"},\"description\":\"Silvester 2021\/2022 auf Mallorca: Wenn das Beste zum Schluss kommt! Auf das neue Jahr 2022 auf Mallorca, weit weg vom Winter, ansto\\u00dfen!\",\"breadcrumb\":{\"@id\":\"https:\/\/www.interdomizil.de\/reisemagazin\/aktuelles\/silvester-auf-mallorca-anstossen-weit-weg-vom-winter#breadcrumb\"},\"inLanguage\":\"de\",\"potentialAction\":[{\"@type\":\"ReadAction\",\"target\":[\"https:\/\/www.interdomizil.de\/reisemagazin\/aktuelles\/silvester-auf-mallorca-anstossen-weit-weg-vom-winter\"]}]},{\"@type\":\"BreadcrumbList\",\"@id\":\"https:\/\/www.interdomizil.de\/reisemagazin\/aktuelles\/silvester-auf-mallorca-anstossen-weit-weg-vom-winter#breadcrumb\",\"itemListElement\":[{\"@type\":\"ListItem\",\"position\":1,\"item\":{\"@type\":\"WebPage\",\"@id\":\"https:\/\/www.interdomizil.de\/reisemagazin\/\",\"url\":\"https:\/\/www.interdomizil.de\/reisemagazin\/\",\"name\":\"Home\"}},{\"@type\":\"ListItem\",\"position\":2,\"item\":{\"@type\":\"WebPage\",\"@id\":\"https:\/\/www.interdomizil.de\/reisemagazin\/aktuelles\/silvester-auf-mallorca-anstossen-weit-weg-vom-winter\",\"url\":\"https:\/\/www.interdomizil.de\/reisemagazin\/aktuelles\/silvester-auf-mallorca-anstossen-weit-weg-vom-winter\",\"name\":\"Silvester auf Mallorca: Ansto\\u00dfen weit weg vom Winter\"}}]},{\"@type\":\"Person\",\"@id\":\"https:\/\/www.interdomizil.de\/reisemagazin\/#\/schema\/person\/88e68aa5afdec9d042c8f78c340a2f6f\",\"name\":\"Redaktion\"}]}<\/script>\n<!-- \/ Yoast SEO plugin. -->","_links":{"self":[{"href":"https:\/\/www.interdomizil.de\/reisemagazin\/wp-json\/wp\/v2\/posts\/11421"}],"collection":[{"href":"https:\/\/www.interdomizil.de\/reisemagazin\/wp-json\/wp\/v2\/posts"}],"about":[{"href":"https:\/\/www.interdomizil.de\/reisemagazin\/wp-json\/wp\/v2\/types\/post"}],"author":[{"embeddable":true,"href":"https:\/\/www.interdomizil.de\/reisemagazin\/wp-json\/wp\/v2\/users\/61"}],"replies":[{"embeddable":true,"href":"https:\/\/www.interdomizil.de\/reisemagazin\/wp-json\/wp\/v2\/comments?post=11421"}],"version-history":[{"count":7,"href":"https:\/\/www.interdomizil.de\/reisemagazin\/wp-json\/wp\/v2\/posts\/11421\/revisions"}],"predecessor-version":[{"id":11438,"href":"https:\/\/www.interdomizil.de\/reisemagazin\/wp-json\/wp\/v2\/posts\/11421\/revisions\/11438"}],"wp:featuredmedia":[{"embeddable":true,"href":"https:\/\/www.interdomizil.de\/reisemagazin\/wp-json\/wp\/v2\/media\/11430"}],"wp:attachment":[{"href":"https:\/\/www.interdomizil.de\/reisemagazin\/wp-json\/wp\/v2\/media?parent=11421"}],"wp:term":[{"taxonomy":"category","embeddable":true,"href":"https:\/\/www.interdomizil.de\/reisemagazin\/wp-json\/wp\/v2\/categories?post=11421"},{"taxonomy":"post_tag","embeddable":true,"href":"https:\/\/www.interdomizil.de\/reisemagazin\/wp-json\/wp\/v2\/tags?post=11421"}],"curies":[{"name":"wp","href":"https:\/\/api.w.org\/{rel}","templated":true}]}}