{"id":11237,"date":"2021-07-08T09:20:00","date_gmt":"2021-07-08T07:20:00","guid":{"rendered":"https:\/\/www.interdomizil.de\/reisemagazin\/?p=11237"},"modified":"2021-07-08T09:57:25","modified_gmt":"2021-07-08T07:57:25","slug":"so-teuer-ist-ein-tag-am-strand-in-warnemuende","status":"publish","type":"post","link":"https:\/\/www.interdomizil.de\/reisemagazin\/aktuelles\/so-teuer-ist-ein-tag-am-strand-in-warnemuende","title":{"rendered":"So teuer ist ein Tag am Strand in Warnem\u00fcnde!"},"content":{"rendered":"<div class=\"twoclick_social_bookmarks_post_11237 social_share_privacy clearfix 1.6.4 locale-de_DE sprite-de_DE\"><\/div><div class=\"twoclick-js\"><script type=\"text\/javascript\">\/* <![CDATA[ *\/\njQuery(document).ready(function($){if($('.twoclick_social_bookmarks_post_11237')){$('.twoclick_social_bookmarks_post_11237').socialSharePrivacy({\"services\":{\"facebook\":{\"status\":\"on\",\"txt_info\":\"2 Klicks f\\u00fcr mehr Datenschutz: Erst wenn Sie hier klicken, wird der Button aktiv und Sie k\\u00f6nnen Ihre Empfehlung an Facebook senden. Schon beim Aktivieren werden <strong>Daten an Dritte \\u00fcbertragen<\\\/strong> - siehe <strong>i<\\\/strong>.\",\"perma_option\":\"off\",\"action\":\"like\",\"language\":\"de_DE\"},\"twitter\":{\"reply_to\":\"\",\"tweet_text\":\"%20So%20teuer%20ist%20ein%20Tag%20am%20Strand%20in%20Warnem%C3%BCnde%21%20%C2%BB%20InterDomizil%20Reisemagazin%20...\",\"status\":\"on\",\"txt_info\":\"2 Klicks f\\u00fcr mehr Datenschutz: Erst wenn Sie hier klicken, wird der Button aktiv und Sie k\\u00f6nnen Ihre Empfehlung an Twitter senden. Schon beim Aktivieren werden <strong>Daten an Dritte \\u00fcbertragen<\\\/strong> - siehe <strong>i<\\\/strong>.\",\"perma_option\":\"off\",\"language\":\"de\"},\"pinterest\":{\"status\":\"on\",\"the_excerpt\":\"So teuer ist ein Tag am Strand in Warnem\\u00fcnde!\",\"txt_info\":\"2 Klicks f\\u00fcr mehr Datenschutz: Erst wenn Sie hier klicken, wird der Button aktiv und Sie k\\u00f6nnen Ihre Empfehlung an Pinterest senden. Schon beim Aktivieren werden <strong>Daten an Dritte \\u00fcbertragen<\\\/strong> - siehe <strong>i<\\\/strong>.\",\"perma_option\":\"off\",\"media\":\"https:\\\/\\\/www.interdomizil.de\\\/reisemagazin\\\/wp-content\\\/uploads\\\/IMG-20210326-WA0020.jpg\"}},\"txt_help\":\"Wenn Sie diese Felder durch einen Klick aktivieren, werden Informationen an Facebook, Twitter, Flattr, Xing, t3n, LinkedIn, Pinterest oder Google eventuell ins Ausland <strong>\\u00fcbertragen<\\\/strong> und unter Umst\\u00e4nden auch dort <strong>gespeichert<\\\/strong>. N\\u00e4heres erfahren Sie durch einen Klick auf das <em>i<\\\/em>.\",\"settings_perma\":\"Dauerhaft aktivieren und Daten\\u00fcber-tragung zustimmen:\",\"info_link\":\"http:\\\/\\\/www.heise.de\\\/ct\\\/artikel\\\/2-Klicks-fuer-mehr-Datenschutz-1333879.html\",\"uri\":\"https:\\\/\\\/www.interdomizil.de\\\/reisemagazin\\\/aktuelles\\\/so-teuer-ist-ein-tag-am-strand-in-warnemuende\",\"post_id\":11237,\"post_title_referrer_track\":\"So+teuer+ist+ein+Tag+am+Strand+in+Warnem%C3%BCnde%21\",\"concat\":\"%3F\",\"display_infobox\":\"on\"});}});\n\/* ]]> *\/<\/script><\/div>\n<p>F\u00fcnf Kilometer lang und bis zu 100 Meter breit \u2013 der wei\u00dfe Sandstrand von Warnem\u00fcnde l\u00e4sst Urlaubstr\u00e4ume wahr werden! Rund um die 530 Meter lange Westmole ist der Sand besonders fein. Weiter westlich mischen sich ein paar mehr Kieselsteine darunter. Dank Ihrer Kurabgabe von 2,25 Euro pro \u00dcbernachtung (in der Hauptsaison) ist der Strand von Warnem\u00fcnde immer wunderbar gepflegt. Der Zugang ist kostenlos! Doch mit welchen \u201eZusatzkosten\u201c m\u00fcssen Sie an einem Strandtag in Warnem\u00fcnde rechnen?<\/p>\n\n\n\n<h3 class=\"wp-block-heading\">Parken am Strand<\/h3>\n\n\n\n<figure class=\"wp-block-image size-full image-border\"><img decoding=\"async\" loading=\"lazy\" width=\"1339\" height=\"792\" src=\"https:\/\/www.interdomizil.de\/reisemagazin\/wp-content\/uploads\/IMG-20210609-WA0004.jpg\" alt=\"\" class=\"wp-image-11242\" srcset=\"https:\/\/www.interdomizil.de\/reisemagazin\/wp-content\/uploads\/IMG-20210609-WA0004.jpg 1339w, https:\/\/www.interdomizil.de\/reisemagazin\/wp-content\/uploads\/IMG-20210609-WA0004-500x296.jpg 500w, https:\/\/www.interdomizil.de\/reisemagazin\/wp-content\/uploads\/IMG-20210609-WA0004-720x426.jpg 720w, https:\/\/www.interdomizil.de\/reisemagazin\/wp-content\/uploads\/IMG-20210609-WA0004-200x118.jpg 200w, https:\/\/www.interdomizil.de\/reisemagazin\/wp-content\/uploads\/IMG-20210609-WA0004-768x454.jpg 768w\" sizes=\"(max-width: 1339px) 100vw, 1339px\" \/><figcaption>Foto@InterDomizil GmbH<\/figcaption><\/figure>\n\n\n\n<p>Haben Sie in Warnem\u00fcnde eine Ferienwohnung in direkter Strandn\u00e4he gebucht, erreichen Sie den Strand ganz bequem zu Fu\u00df. Wer mit dem Auto ankommt, sollte in der Hauptsaison unbedingt fr\u00fchzeitig losfahren, um sicher einen Parkplatz nahe am Strand zu ergattern. Das Parken am Strand West kostet 8 Euro pro Tag. Im Kurhaus-Parkhaus zahlen Sie ab der vierten angefangenen Stunde 2 Euro pro Stunde bzw. einen Tagesh\u00f6chstsatz von 16 Euro.<\/p>\n\n\n\n<h3 class=\"wp-block-heading\">Lust auf Strandkorb-Idylle?<\/h3>\n\n\n\n<figure class=\"wp-block-image size-full image-border\"><img decoding=\"async\" loading=\"lazy\" width=\"1280\" height=\"622\" src=\"https:\/\/www.interdomizil.de\/reisemagazin\/wp-content\/uploads\/IMG-20210622-WA0001.jpg\" alt=\"\" class=\"wp-image-11245\" srcset=\"https:\/\/www.interdomizil.de\/reisemagazin\/wp-content\/uploads\/IMG-20210622-WA0001.jpg 1280w, https:\/\/www.interdomizil.de\/reisemagazin\/wp-content\/uploads\/IMG-20210622-WA0001-500x243.jpg 500w, https:\/\/www.interdomizil.de\/reisemagazin\/wp-content\/uploads\/IMG-20210622-WA0001-720x350.jpg 720w, https:\/\/www.interdomizil.de\/reisemagazin\/wp-content\/uploads\/IMG-20210622-WA0001-200x97.jpg 200w, https:\/\/www.interdomizil.de\/reisemagazin\/wp-content\/uploads\/IMG-20210622-WA0001-768x373.jpg 768w\" sizes=\"(max-width: 1280px) 100vw, 1280px\" \/><figcaption>Foto@InterDomizil GmbH<\/figcaption><\/figure>\n\n\n\n<p>Nat\u00fcrlich l\u00e4sst sich ein Tag am Warnem\u00fcnder Strand auch auf dem Badetuch im Schatten der Strandmuschel wunderbar genie\u00dfen. Klassischen Schutz vor Wind oder Sonne bietet an der Ostsee aber nat\u00fcrlich ein Strandkorb. Den gibt es in der ersten Reihe inklusive komfortabler Drehscheibe f\u00fcr 14 Euro pro Tag. F\u00fcr einen Strandkorb in zweiter bis f\u00fcnfter Reihe zahlen Sie 12 Euro pro Tag. Bei einer w\u00f6chentliche Miete erhalten Sie einen Rabatt.<\/p>\n\n\n\n<p>Ebenfalls erh\u00e4ltlich sind WLAN-Strandk\u00f6rbe f\u00fcr 17 Euro pro Tag sowie VIP-Strandk\u00f6rbe. Inklusive Strandliege, Beistelltisch und Sonnenschirm kostet dieses Gesamtpaket 25 Euro pro Tag.<\/p>\n\n\n\n<h3 class=\"wp-block-heading\">Essen und Trinken am Strand<\/h3>\n\n\n\n<figure class=\"wp-block-image size-full image-border\"><img decoding=\"async\" loading=\"lazy\" width=\"1080\" height=\"693\" src=\"https:\/\/www.interdomizil.de\/reisemagazin\/wp-content\/uploads\/IMG-20210611-WA0005.jpg\" alt=\"\" class=\"wp-image-11244\" srcset=\"https:\/\/www.interdomizil.de\/reisemagazin\/wp-content\/uploads\/IMG-20210611-WA0005.jpg 1080w, https:\/\/www.interdomizil.de\/reisemagazin\/wp-content\/uploads\/IMG-20210611-WA0005-500x321.jpg 500w, https:\/\/www.interdomizil.de\/reisemagazin\/wp-content\/uploads\/IMG-20210611-WA0005-720x462.jpg 720w, https:\/\/www.interdomizil.de\/reisemagazin\/wp-content\/uploads\/IMG-20210611-WA0005-200x128.jpg 200w, https:\/\/www.interdomizil.de\/reisemagazin\/wp-content\/uploads\/IMG-20210611-WA0005-768x493.jpg 768w\" sizes=\"(max-width: 1080px) 100vw, 1080px\" \/><figcaption>Foto@InterDomizil GmbH<\/figcaption><\/figure>\n\n\n\n<p>Entlang des gesamten Hauptstrandes von Warnem\u00fcnde reihen sich von Strandaufgang 4 bis 24 diverse Imbiss-St\u00e4nde aneinander. F\u00fcr den kleinen Hunger zwischendurch gibt es deftige Snacks wie Pommes Frites, W\u00fcrstchen oder Fischbr\u00f6tchen. Ebenso k\u00f6nnen Sie sich mit Kuchen oder Eis st\u00e4rken. F\u00fcr eine Portion Pommes m\u00fcssen Sie etwa 3,50 Euro  bezahlen, ebenso f\u00fcr ein k\u00fchles Bier oder einen verf\u00fchrerischen Cappuccino. Eine Flasche Mineralwasser geht ab 2,50 Euro \u00fcber den Tresen.<\/p>\n\n\n\n<h3 class=\"wp-block-heading\">Strandaktivit\u00e4ten in Warnem\u00fcnde<\/h3>\n\n\n\n<p>Zieht es Sie an einem langen Strandtag zwischendurch hinaus aufs Wasser? Ob zu zweit oder mit der ganzen Family \u2013 eine Tretbootfahrt macht immer Spa\u00df. In Warnem\u00fcnde k\u00f6nnen Sie Boote zu einem Stundenpreis von 9 Euro mieten.<\/p>\n\n\n\n<p>Darf es etwas mehr Action sein? Eine Fahrt mit der 6er- oder 8er-Banane bis zur Steilk\u00fcste Stoltera dauert 15 Minuten und kostet 10 Euro. Wakeboard und Wasserski fahren Sie 15 Minuten f\u00fcr 35 Euro. Au\u00dferdem k\u00f6nnen Sie am Strand von Warnem\u00fcnde SUPs, Seekajaks und Kanus ausleihen, an einem Kanukurs und betreuten Kanutouren teilnehmen.<\/p>\n\n\n\n<h3 class=\"wp-block-heading\">Fazit: So viel kostet ein Tag am Strand von Warnem\u00fcnde<\/h3>\n\n\n\n<figure class=\"wp-block-image size-full image-border\"><img decoding=\"async\" loading=\"lazy\" width=\"1600\" height=\"900\" src=\"https:\/\/www.interdomizil.de\/reisemagazin\/wp-content\/uploads\/IMG-20210612-WA0012.jpg\" alt=\"\" class=\"wp-image-11246\" srcset=\"https:\/\/www.interdomizil.de\/reisemagazin\/wp-content\/uploads\/IMG-20210612-WA0012.jpg 1600w, https:\/\/www.interdomizil.de\/reisemagazin\/wp-content\/uploads\/IMG-20210612-WA0012-500x281.jpg 500w, https:\/\/www.interdomizil.de\/reisemagazin\/wp-content\/uploads\/IMG-20210612-WA0012-720x405.jpg 720w, https:\/\/www.interdomizil.de\/reisemagazin\/wp-content\/uploads\/IMG-20210612-WA0012-200x113.jpg 200w, https:\/\/www.interdomizil.de\/reisemagazin\/wp-content\/uploads\/IMG-20210612-WA0012-768x432.jpg 768w, https:\/\/www.interdomizil.de\/reisemagazin\/wp-content\/uploads\/IMG-20210612-WA0012-1536x864.jpg 1536w\" sizes=\"(max-width: 1600px) 100vw, 1600px\" \/><figcaption>Foto@InterDomizil GmbH<\/figcaption><\/figure>\n\n\n\n<p>Ein Strandtag in Warnem\u00fcnde kann superg\u00fcnstig sein. Nehmen Sie Snacks und Getr\u00e4nke aus dem Supermarkt mit, klemmen Sie sich Strandtuch und Strandmuschel unter den Arm und verbringen Sie mit Ihren Kindern eine unbeschwerte Zeit am Wasser und beim Sandburgenbauen.<\/p>\n\n\n\n<p>Haben Sie Lust auf Wassersport, frisch zubereitete Speisen und k\u00fchle Getr\u00e4nke vom Kiosk oder den Komfort eines Strandkorbs, wird es nat\u00fcrlich etwas teurer. Ein Tag am Warnem\u00fcnder Strand mit Strandkorb, einer Zwischenmahlzeit von der Strandbar inklusive Getr\u00e4nke kostet eine vierk\u00f6pfige Familie zwischen 40 und 50 Euro. Dazu kommen eventuell noch Parkgeb\u00fchren und Eis.<\/p>\n\n\n\n<p>Wie auch immer Sie Ihre Auszeit am Meer verbringen \u2013 sie wird Ihnen in bester Erinnerung bleiben. Genie\u00dfen Sie die Zeit mit Ihren Lieben ohne Verpflichtungen. Mit den F\u00fc\u00dfen in der Brandung, M\u00f6wenrufen im Ohr und wohltuender Sonne auf der Haut.<\/p>\n","protected":false},"excerpt":{"rendered":"<p>F\u00fcnf Kilometer lang und bis zu 100 Meter breit \u2013 der wei\u00dfe Sandstrand von Warnem\u00fcnde l\u00e4sst Urlaubstr\u00e4ume wahr werden! Rund um die 530 Meter lange Westmole ist der Sand besonders fein. Weiter westlich mischen sich ein paar mehr Kieselsteine darunter. Dank Ihrer Kurabgabe von 2,25 Euro pro \u00dcbernachtung (in der Hauptsaison) ist der Strand von<\/p>\n","protected":false},"author":4,"featured_media":11249,"comment_status":"closed","ping_status":"closed","sticky":false,"template":"","format":"standard","meta":{"footnotes":""},"categories":[977,11],"tags":[1639,562,773,524,585,979],"yoast_head":"<!-- This site is optimized with the Yoast SEO plugin v16.1.1 - https:\/\/yoast.com\/wordpress\/plugins\/seo\/ -->\n<title>So teuer ist ein Tag am Strand in Warnem\u00fcnde! &ndash; InterDomizil Reisemagazin<\/title>\n<meta name=\"description\" content=\"Sonne, Meer und Sand: Wie teuer ist ein Strandtag in Warnem\u00fcnde an der Ostsee ( Mecklenburg-Vorpommern) ?\" \/>\n<link rel=\"canonical\" href=\"https:\/\/www.interdomizil.de\/reisemagazin\/aktuelles\/so-teuer-ist-ein-tag-am-strand-in-warnemuende\" \/>\n<meta name=\"twitter:label1\" content=\"Gesch\u00e4tzte Lesezeit\">\n\t<meta name=\"twitter:data1\" content=\"4\u00a0Minuten\">\n<script type=\"application\/ld+json\" class=\"yoast-schema-graph\">{\"@context\":\"https:\/\/schema.org\",\"@graph\":[{\"@type\":\"WebSite\",\"@id\":\"https:\/\/www.interdomizil.de\/reisemagazin\/#website\",\"url\":\"https:\/\/www.interdomizil.de\/reisemagazin\/\",\"name\":\"InterDomizil Reisemagazin\",\"description\":\"Reiseziele. Urlaubtipps. Sehenswertes.\",\"potentialAction\":[{\"@type\":\"SearchAction\",\"target\":\"https:\/\/www.interdomizil.de\/reisemagazin\/?s={search_term_string}\",\"query-input\":\"required name=search_term_string\"}],\"inLanguage\":\"de\"},{\"@type\":\"ImageObject\",\"@id\":\"https:\/\/www.interdomizil.de\/reisemagazin\/aktuelles\/so-teuer-ist-ein-tag-am-strand-in-warnemuende#primaryimage\",\"inLanguage\":\"de\",\"url\":\"https:\/\/www.interdomizil.de\/reisemagazin\/wp-content\/uploads\/IMG-20210326-WA0020.jpg\",\"contentUrl\":\"https:\/\/www.interdomizil.de\/reisemagazin\/wp-content\/uploads\/IMG-20210326-WA0020.jpg\",\"width\":1280,\"height\":878},{\"@type\":\"WebPage\",\"@id\":\"https:\/\/www.interdomizil.de\/reisemagazin\/aktuelles\/so-teuer-ist-ein-tag-am-strand-in-warnemuende#webpage\",\"url\":\"https:\/\/www.interdomizil.de\/reisemagazin\/aktuelles\/so-teuer-ist-ein-tag-am-strand-in-warnemuende\",\"name\":\"So teuer ist ein Tag am Strand in Warnem\\u00fcnde! &ndash; InterDomizil Reisemagazin\",\"isPartOf\":{\"@id\":\"https:\/\/www.interdomizil.de\/reisemagazin\/#website\"},\"primaryImageOfPage\":{\"@id\":\"https:\/\/www.interdomizil.de\/reisemagazin\/aktuelles\/so-teuer-ist-ein-tag-am-strand-in-warnemuende#primaryimage\"},\"datePublished\":\"2021-07-08T07:20:00+00:00\",\"dateModified\":\"2021-07-08T07:57:25+00:00\",\"author\":{\"@id\":\"https:\/\/www.interdomizil.de\/reisemagazin\/#\/schema\/person\/b3b28aa9ed6f47ca8e352ca4ee5f5c2c\"},\"description\":\"Sonne, Meer und Sand: Wie teuer ist ein Strandtag in Warnem\\u00fcnde an der Ostsee ( Mecklenburg-Vorpommern) ?\",\"breadcrumb\":{\"@id\":\"https:\/\/www.interdomizil.de\/reisemagazin\/aktuelles\/so-teuer-ist-ein-tag-am-strand-in-warnemuende#breadcrumb\"},\"inLanguage\":\"de\",\"potentialAction\":[{\"@type\":\"ReadAction\",\"target\":[\"https:\/\/www.interdomizil.de\/reisemagazin\/aktuelles\/so-teuer-ist-ein-tag-am-strand-in-warnemuende\"]}]},{\"@type\":\"BreadcrumbList\",\"@id\":\"https:\/\/www.interdomizil.de\/reisemagazin\/aktuelles\/so-teuer-ist-ein-tag-am-strand-in-warnemuende#breadcrumb\",\"itemListElement\":[{\"@type\":\"ListItem\",\"position\":1,\"item\":{\"@type\":\"WebPage\",\"@id\":\"https:\/\/www.interdomizil.de\/reisemagazin\/\",\"url\":\"https:\/\/www.interdomizil.de\/reisemagazin\/\",\"name\":\"Home\"}},{\"@type\":\"ListItem\",\"position\":2,\"item\":{\"@type\":\"WebPage\",\"@id\":\"https:\/\/www.interdomizil.de\/reisemagazin\/aktuelles\/so-teuer-ist-ein-tag-am-strand-in-warnemuende\",\"url\":\"https:\/\/www.interdomizil.de\/reisemagazin\/aktuelles\/so-teuer-ist-ein-tag-am-strand-in-warnemuende\",\"name\":\"So teuer ist ein Tag am Strand in Warnem\\u00fcnde!\"}}]},{\"@type\":\"Person\",\"@id\":\"https:\/\/www.interdomizil.de\/reisemagazin\/#\/schema\/person\/b3b28aa9ed6f47ca8e352ca4ee5f5c2c\",\"name\":\"Orakel\"}]}<\/script>\n<!-- \/ Yoast SEO plugin. -->","_links":{"self":[{"href":"https:\/\/www.interdomizil.de\/reisemagazin\/wp-json\/wp\/v2\/posts\/11237"}],"collection":[{"href":"https:\/\/www.interdomizil.de\/reisemagazin\/wp-json\/wp\/v2\/posts"}],"about":[{"href":"https:\/\/www.interdomizil.de\/reisemagazin\/wp-json\/wp\/v2\/types\/post"}],"author":[{"embeddable":true,"href":"https:\/\/www.interdomizil.de\/reisemagazin\/wp-json\/wp\/v2\/users\/4"}],"replies":[{"embeddable":true,"href":"https:\/\/www.interdomizil.de\/reisemagazin\/wp-json\/wp\/v2\/comments?post=11237"}],"version-history":[{"count":9,"href":"https:\/\/www.interdomizil.de\/reisemagazin\/wp-json\/wp\/v2\/posts\/11237\/revisions"}],"predecessor-version":[{"id":11260,"href":"https:\/\/www.interdomizil.de\/reisemagazin\/wp-json\/wp\/v2\/posts\/11237\/revisions\/11260"}],"wp:featuredmedia":[{"embeddable":true,"href":"https:\/\/www.interdomizil.de\/reisemagazin\/wp-json\/wp\/v2\/media\/11249"}],"wp:attachment":[{"href":"https:\/\/www.interdomizil.de\/reisemagazin\/wp-json\/wp\/v2\/media?parent=11237"}],"wp:term":[{"taxonomy":"category","embeddable":true,"href":"https:\/\/www.interdomizil.de\/reisemagazin\/wp-json\/wp\/v2\/categories?post=11237"},{"taxonomy":"post_tag","embeddable":true,"href":"https:\/\/www.interdomizil.de\/reisemagazin\/wp-json\/wp\/v2\/tags?post=11237"}],"curies":[{"name":"wp","href":"https:\/\/api.w.org\/{rel}","templated":true}]}}