{"id":10557,"date":"2020-06-03T10:47:00","date_gmt":"2020-06-03T08:47:00","guid":{"rendered":"https:\/\/www.interdomizil.de\/reisemagazin\/?p=10557"},"modified":"2021-10-15T17:40:11","modified_gmt":"2021-10-15T15:40:11","slug":"mecklenburg-vorpommern-ostsee-urlaub-in-corona-zeiten-was-sie-wissen-sollten","status":"publish","type":"post","link":"https:\/\/www.interdomizil.de\/reisemagazin\/aktuelles\/mecklenburg-vorpommern-ostsee-urlaub-in-corona-zeiten-was-sie-wissen-sollten","title":{"rendered":"Mecklenburg-Vorpommern Ostsee-Urlaub in Corona-Zeiten: Was Sie wissen sollten"},"content":{"rendered":"<div class=\"twoclick_social_bookmarks_post_10557 social_share_privacy clearfix 1.6.4 locale-de_DE sprite-de_DE\"><\/div><div class=\"twoclick-js\"><script type=\"text\/javascript\">\/* <![CDATA[ *\/\njQuery(document).ready(function($){if($('.twoclick_social_bookmarks_post_10557')){$('.twoclick_social_bookmarks_post_10557').socialSharePrivacy({\"services\":{\"facebook\":{\"status\":\"on\",\"txt_info\":\"2 Klicks f\\u00fcr mehr Datenschutz: Erst wenn Sie hier klicken, wird der Button aktiv und Sie k\\u00f6nnen Ihre Empfehlung an Facebook senden. Schon beim Aktivieren werden <strong>Daten an Dritte \\u00fcbertragen<\\\/strong> - siehe <strong>i<\\\/strong>.\",\"perma_option\":\"off\",\"action\":\"like\",\"language\":\"de_DE\"},\"twitter\":{\"reply_to\":\"\",\"tweet_text\":\"%20Mecklenburg-Vorpommern%20Ostsee-Urlaub%20in%20Corona-Zeiten%3A%20Was%20Sie%20wissen%20sollten%20%C2%BB%20...\",\"status\":\"on\",\"txt_info\":\"2 Klicks f\\u00fcr mehr Datenschutz: Erst wenn Sie hier klicken, wird der Button aktiv und Sie k\\u00f6nnen Ihre Empfehlung an Twitter senden. Schon beim Aktivieren werden <strong>Daten an Dritte \\u00fcbertragen<\\\/strong> - siehe <strong>i<\\\/strong>.\",\"perma_option\":\"off\",\"language\":\"de\"},\"pinterest\":{\"status\":\"on\",\"the_excerpt\":\"Mecklenburg-Vorpommern Ostsee-Urlaub in Corona-Zeiten: Was Sie wissen sollten\",\"txt_info\":\"2 Klicks f\\u00fcr mehr Datenschutz: Erst wenn Sie hier klicken, wird der Button aktiv und Sie k\\u00f6nnen Ihre Empfehlung an Pinterest senden. Schon beim Aktivieren werden <strong>Daten an Dritte \\u00fcbertragen<\\\/strong> - siehe <strong>i<\\\/strong>.\",\"perma_option\":\"off\",\"media\":\"https:\\\/\\\/www.interdomizil.de\\\/reisemagazin\\\/wp-content\\\/uploads\\\/IMG-20200312-WA0031.jpg\"}},\"txt_help\":\"Wenn Sie diese Felder durch einen Klick aktivieren, werden Informationen an Facebook, Twitter, Flattr, Xing, t3n, LinkedIn, Pinterest oder Google eventuell ins Ausland <strong>\\u00fcbertragen<\\\/strong> und unter Umst\\u00e4nden auch dort <strong>gespeichert<\\\/strong>. N\\u00e4heres erfahren Sie durch einen Klick auf das <em>i<\\\/em>.\",\"settings_perma\":\"Dauerhaft aktivieren und Daten\\u00fcber-tragung zustimmen:\",\"info_link\":\"http:\\\/\\\/www.heise.de\\\/ct\\\/artikel\\\/2-Klicks-fuer-mehr-Datenschutz-1333879.html\",\"uri\":\"https:\\\/\\\/www.interdomizil.de\\\/reisemagazin\\\/aktuelles\\\/mecklenburg-vorpommern-ostsee-urlaub-in-corona-zeiten-was-sie-wissen-sollten\",\"post_id\":10557,\"post_title_referrer_track\":\"Mecklenburg-Vorpommern+Ostsee-Urlaub+in+Corona-Zeiten%3A+Was+Sie+wissen+sollten\",\"concat\":\"%3F\",\"display_infobox\":\"on\"});}});\n\/* ]]> *\/<\/script><\/div>\n<p>Gerade noch rechtzeitig zur Sommersaison ist Urlaub an der <strong>Ostsee<\/strong> in <strong><a href=\"https:\/\/www.interdomizil.de\/ostseekueste-mecklenburg\">Mecklenburg-Vorpommern<\/a><\/strong> wieder m\u00f6glich. Ein bisschen anderes als gewohnt werden die Ferien in <strong><a href=\"https:\/\/www.ferienwohnung-warnemuende.de\/\" target=\"_blank\" rel=\"noreferrer noopener\">Warnem\u00fcnde<\/a><\/strong> oder auf <strong><a href=\"https:\/\/www.meeresblick-baabe.de\/\" target=\"_blank\" rel=\"noreferrer noopener\">R\u00fcgen<\/a><\/strong> aber sein. Wie zu Hause, gilt es einige <strong>Corona-Regeln zu beachten.<\/strong> Die frische Seeluft schmeckt jedoch so k\u00f6stlich wie immer und auch das Glitzern des Meeres hat in den letzten Monaten nichts von seiner Faszination verloren.<\/p>\n\n\n\n<h2 class=\"wp-block-heading\">Was geht und was geht nicht im Urlaub an der Ostseek\u00fcste?<\/h2>\n\n\n\n<h3 class=\"wp-block-heading\">1. Maske dabei?<\/h3>\n\n\n\n<figure class=\"wp-block-image size-large image-border\"><img decoding=\"async\" loading=\"lazy\" width=\"720\" height=\"480\" src=\"https:\/\/www.interdomizil.de\/reisemagazin\/wp-content\/uploads\/mund-nase-bedeckungen-720x480.jpg\" alt=\"\" class=\"wp-image-10531\" srcset=\"https:\/\/www.interdomizil.de\/reisemagazin\/wp-content\/uploads\/mund-nase-bedeckungen-720x480.jpg 720w, https:\/\/www.interdomizil.de\/reisemagazin\/wp-content\/uploads\/mund-nase-bedeckungen-500x333.jpg 500w, https:\/\/www.interdomizil.de\/reisemagazin\/wp-content\/uploads\/mund-nase-bedeckungen-200x133.jpg 200w, https:\/\/www.interdomizil.de\/reisemagazin\/wp-content\/uploads\/mund-nase-bedeckungen-768x512.jpg 768w, https:\/\/www.interdomizil.de\/reisemagazin\/wp-content\/uploads\/mund-nase-bedeckungen-1536x1024.jpg 1536w, https:\/\/www.interdomizil.de\/reisemagazin\/wp-content\/uploads\/mund-nase-bedeckungen-270x180.jpg 270w, https:\/\/www.interdomizil.de\/reisemagazin\/wp-content\/uploads\/mund-nase-bedeckungen.jpg 1920w\" sizes=\"(max-width: 720px) 100vw, 720px\" \/><figcaption>Mund-Nase-Bedeckung \u2013 Foto: Pixabay CC0, leo2014<\/figcaption><\/figure>\n\n\n\n<p>Auch in <strong>Mecklenburg-Vorpommern<\/strong> gilt <strong>in Gesch\u00e4ften<\/strong> sowie <strong>im \u00d6PNV<\/strong> die <strong>Maskenpflicht<\/strong>. Ob bei einer Busfahrt \u00fcber R\u00fcgen, im Supermarkt oder auf der Suche nach Souvenirs in der maritimen Altstadt von Warnem\u00fcnde \u2013 ohne <strong>Mund-Nase-Bedeckung<\/strong> geht es nicht.<\/p>\n\n\n\n<h3 class=\"wp-block-heading\">2. Abstand halten<\/h3>\n\n\n\n<figure class=\"wp-block-image size-full image-border\"><img decoding=\"async\" loading=\"lazy\" width=\"1920\" height=\"1080\" src=\"https:\/\/www.interdomizil.de\/reisemagazin\/wp-content\/uploads\/covid-abstandsregel.jpg\" alt=\"Abstand halten!\" class=\"wp-image-10563\" srcset=\"https:\/\/www.interdomizil.de\/reisemagazin\/wp-content\/uploads\/covid-abstandsregel.jpg 1920w, https:\/\/www.interdomizil.de\/reisemagazin\/wp-content\/uploads\/covid-abstandsregel-500x281.jpg 500w, https:\/\/www.interdomizil.de\/reisemagazin\/wp-content\/uploads\/covid-abstandsregel-720x405.jpg 720w, https:\/\/www.interdomizil.de\/reisemagazin\/wp-content\/uploads\/covid-abstandsregel-200x113.jpg 200w, https:\/\/www.interdomizil.de\/reisemagazin\/wp-content\/uploads\/covid-abstandsregel-768x432.jpg 768w, https:\/\/www.interdomizil.de\/reisemagazin\/wp-content\/uploads\/covid-abstandsregel-1536x864.jpg 1536w\" sizes=\"(max-width: 1920px) 100vw, 1920px\" \/><figcaption>Abstand halten! &#8211; Foto: Pixabay CC0, geralt<\/figcaption><\/figure>\n\n\n\n<p>Wie im Alltag zu Hause gilt auch in den beliebten Urlaubsorten am Meer das <strong>2-Meter-Abstandsgebot.<\/strong> Um Engp\u00e4sse zu vermeiden, wurden beispielsweise f\u00fcr beliebte Strand\u00fcberg\u00e4nge vielerorts <strong>Einbahnstra\u00dfenregelungen<\/strong> entwickelt. Wem es auf der belebten Strandpromenade zu eng wird, sollte auf Entdeckungstour gehen. Auf R\u00fcgen und rund um Warnem\u00fcnde gibt es viele wundersch\u00f6ne Fleckchen am Meer, wo Sie die Aussicht aufs Wasser ganz ungest\u00f6rt genie\u00dfen k\u00f6nnen.<\/p>\n\n\n\n<h3 class=\"wp-block-heading\">3. In der Unterkunft<\/h3>\n\n\n\n<figure class=\"wp-block-image size-full image-border\"><img decoding=\"async\" loading=\"lazy\" width=\"632\" height=\"420\" src=\"https:\/\/www.interdomizil.de\/reisemagazin\/wp-content\/uploads\/49585-3-1.jpg\" alt=\"Ferienwohnung Lotsenhaus in Warnem\u00fcnde\" class=\"wp-image-10570\" srcset=\"https:\/\/www.interdomizil.de\/reisemagazin\/wp-content\/uploads\/49585-3-1.jpg 632w, https:\/\/www.interdomizil.de\/reisemagazin\/wp-content\/uploads\/49585-3-1-500x332.jpg 500w, https:\/\/www.interdomizil.de\/reisemagazin\/wp-content\/uploads\/49585-3-1-200x133.jpg 200w, https:\/\/www.interdomizil.de\/reisemagazin\/wp-content\/uploads\/49585-3-1-270x180.jpg 270w\" sizes=\"(max-width: 632px) 100vw, 632px\" \/><figcaption><a href=\"https:\/\/www.interdomizil.de\/ferienwohnung-warnemuende\/49585-3\">Ferienwohnung Lotsenhaus<\/a> in Warnem\u00fcnde &#8211; Foto: InterDomizil GmbH<\/figcaption><\/figure>\n\n\n\n<p>Um das Infektionsrisiko in Hotels und <strong>Ferienwohnungen<\/strong> m\u00f6glichst zu <strong>minimieren<\/strong>, liegen dort <strong>keine Utensilien<\/strong> aus, die von vielen Menschen angefasst werden und sich schlecht reinigen lassen. Dazu geh\u00f6ren unter anderem <strong>Zeitungen<\/strong> im Foyer oder die gewohnten <strong>Informationsmappen<\/strong> auf den Zimmern. W\u00e4hrend sich ein Urlaub in einer <strong>Ferienwohnung<\/strong> <strong>ansonsten wie gewohnt<\/strong> gestalten l\u00e4sst, m\u00fcssen Sie in <strong>Hotels<\/strong> mit <strong>deutlichen Einschr\u00e4nkungen<\/strong> des \u00fcblichen Angebots rechnen. Unter anderem gibt es kein Fr\u00fchst\u00fccksbuffet und auch der Wellnessbereich ist vielerorts noch nicht zug\u00e4nglich.<\/p>\n\n\n\n<h3 class=\"wp-block-heading\">4. Ins Restaurant \u2013 am besten mit Reservierung<\/h3>\n\n\n\n<figure class=\"wp-block-image size-full image-border\"><img decoding=\"async\" loading=\"lazy\" width=\"1920\" height=\"1280\" src=\"https:\/\/www.interdomizil.de\/reisemagazin\/wp-content\/uploads\/restaurant-regeln.jpg\" alt=\"Covid-19 Restaurant Regeln\" class=\"wp-image-10565\" srcset=\"https:\/\/www.interdomizil.de\/reisemagazin\/wp-content\/uploads\/restaurant-regeln.jpg 1920w, https:\/\/www.interdomizil.de\/reisemagazin\/wp-content\/uploads\/restaurant-regeln-500x333.jpg 500w, https:\/\/www.interdomizil.de\/reisemagazin\/wp-content\/uploads\/restaurant-regeln-720x480.jpg 720w, https:\/\/www.interdomizil.de\/reisemagazin\/wp-content\/uploads\/restaurant-regeln-200x133.jpg 200w, https:\/\/www.interdomizil.de\/reisemagazin\/wp-content\/uploads\/restaurant-regeln-768x512.jpg 768w, https:\/\/www.interdomizil.de\/reisemagazin\/wp-content\/uploads\/restaurant-regeln-1536x1024.jpg 1536w, https:\/\/www.interdomizil.de\/reisemagazin\/wp-content\/uploads\/restaurant-regeln-270x180.jpg 270w\" sizes=\"(max-width: 1920px) 100vw, 1920px\" \/><figcaption>Covid-19 Restaurant Regeln &#8211; Foto: Pixabay, CC0, neshom<\/figcaption><\/figure>\n\n\n\n<p>Einen tollen Urlaubstag mit einem gem\u00fctlichen <strong>Restaurantbesuch<\/strong> ausklingen lassen \u2013 das ist in Mecklenburg-Vorpommern wieder m\u00f6glich. Freuen Sie sich daher darauf, sich mit maritimen Spezialit\u00e4ten kulinarisch verw\u00f6hnen zu lassen. M\u00f6chten Sie allerdings mit der netten Familie aus der benachbarten Ferienwohnung essen gehen, m\u00fcssen Sie beachten, dass <strong>pro Tisch maximal sechs Personen<\/strong> erlaubt sind. Eine <strong>Reservierung<\/strong> ist nicht zwingend vorgeschrieben. Angesichts der begrenzten Kapazit\u00e4ten der Restaurants aufgrund der <strong>Abstandsregeln<\/strong> wird sie aber dringend empfohlen.<\/p>\n\n\n\n<h3 class=\"wp-block-heading\">5. Freizeitgestaltung \u2013 haupts\u00e4chlich in der Natur<\/h3>\n\n\n\n<figure class=\"wp-block-image size-full image-border\"><img decoding=\"async\" loading=\"lazy\" width=\"1512\" height=\"1134\" src=\"https:\/\/www.interdomizil.de\/reisemagazin\/wp-content\/uploads\/IMG-20200524-WA0021.jpg\" alt=\"Strandkorbplatzierung auf R\u00fcgen\" class=\"wp-image-10568\" srcset=\"https:\/\/www.interdomizil.de\/reisemagazin\/wp-content\/uploads\/IMG-20200524-WA0021.jpg 1512w, https:\/\/www.interdomizil.de\/reisemagazin\/wp-content\/uploads\/IMG-20200524-WA0021-500x375.jpg 500w, https:\/\/www.interdomizil.de\/reisemagazin\/wp-content\/uploads\/IMG-20200524-WA0021-720x540.jpg 720w, https:\/\/www.interdomizil.de\/reisemagazin\/wp-content\/uploads\/IMG-20200524-WA0021-200x150.jpg 200w, https:\/\/www.interdomizil.de\/reisemagazin\/wp-content\/uploads\/IMG-20200524-WA0021-768x576.jpg 768w\" sizes=\"(max-width: 1512px) 100vw, 1512px\" \/><figcaption>Strandkorbplatzierung auf R\u00fcgen &#8211; Foto: InterDomizil GmbH<\/figcaption><\/figure>\n\n\n\n<p>Einen <strong>prall<\/strong> gef\u00fcllten <strong>Veranstaltungskalender<\/strong> wie in den letzten Jahren wird es in diesem Sommer an der Ostseek\u00fcste und auf den Inseln <strong>nicht geben.<\/strong> Unter Ber\u00fccksichtigung der geltenden Regeln werden nach und nach aber wieder diverse <strong>Sportangebote an den Str\u00e4nden<\/strong> organisiert. <strong>Freib\u00e4der<\/strong> sind in Mecklenburg-Vorpommern <strong>seit dem 25. Mai<\/strong> wieder <strong>ge\u00f6ffnet<\/strong>. Und die Ostsee l\u00e4dt ohnehin zum Relaxen ein. Viele Str\u00e4nde sind bereits wieder bewacht und unter Einhaltung der <strong>Mindestabst\u00e4nde<\/strong> und <strong>Hygieneregeln<\/strong> d\u00fcrfen Sie ganz unbeschwert am Wasser entlang spazieren gehen oder ein Sonnenbad nehmen. Die <strong>Strandk\u00f6rbe<\/strong> wurden mit der <strong>n\u00f6tigen Distanz<\/strong> zueinander platziert und werden vor Benutzung <strong>desinfiziert<\/strong>. Um die Kontakte zu anderen Strandg\u00e4sten zu minimieren, verbietet Binz beispielsweise das Ablegen von Handt\u00fcchern, Schwimmhilfen und Co. zwischen den Strandk\u00f6rben. Keinen Gedanken an Corona-Verhaltensregeln m\u00fcssen Sie bei ausgedehnten Wanderungen durchs gr\u00fcne Hinterland oder bei aussichtsreichen Radtouren verschwenden.<\/p>\n","protected":false},"excerpt":{"rendered":"<p>Gerade noch rechtzeitig zur Sommersaison ist Urlaub an der Ostsee in Mecklenburg-Vorpommern wieder m\u00f6glich. Ein bisschen anderes als gewohnt werden die Ferien in Warnem\u00fcnde oder auf R\u00fcgen aber sein. Wie zu Hause, gilt es einige Corona-Regeln zu beachten. Die frische Seeluft schmeckt jedoch so k\u00f6stlich wie immer und auch das Glitzern des Meeres hat in<\/p>\n","protected":false},"author":61,"featured_media":10574,"comment_status":"closed","ping_status":"closed","sticky":false,"template":"","format":"standard","meta":{"footnotes":""},"categories":[977],"tags":[1491,1492,1429,559,562,1319,842,978,979],"yoast_head":"<!-- This site is optimized with the Yoast SEO plugin v16.1.1 - https:\/\/yoast.com\/wordpress\/plugins\/seo\/ -->\n<title>Mecklenburg-Vorpommern Ostsee-Urlaub in Corona-Zeiten: Was Sie wissen sollten &ndash; InterDomizil Reisemagazin<\/title>\n<meta name=\"description\" content=\"Corona-Urlaub an der Ostsee in Mecklenburg-Vorpommern. Wir haben alles, was man zu den Corona Regeln wissen sollte, in diesen Artikel!\" \/>\n<link rel=\"canonical\" href=\"https:\/\/www.interdomizil.de\/reisemagazin\/aktuelles\/mecklenburg-vorpommern-ostsee-urlaub-in-corona-zeiten-was-sie-wissen-sollten\" \/>\n<meta name=\"twitter:label1\" content=\"Gesch\u00e4tzte Lesezeit\">\n\t<meta name=\"twitter:data1\" content=\"4\u00a0Minuten\">\n<script type=\"application\/ld+json\" class=\"yoast-schema-graph\">{\"@context\":\"https:\/\/schema.org\",\"@graph\":[{\"@type\":\"WebSite\",\"@id\":\"https:\/\/www.interdomizil.de\/reisemagazin\/#website\",\"url\":\"https:\/\/www.interdomizil.de\/reisemagazin\/\",\"name\":\"InterDomizil Reisemagazin\",\"description\":\"Reiseziele. Urlaubtipps. Sehenswertes.\",\"potentialAction\":[{\"@type\":\"SearchAction\",\"target\":\"https:\/\/www.interdomizil.de\/reisemagazin\/?s={search_term_string}\",\"query-input\":\"required name=search_term_string\"}],\"inLanguage\":\"de\"},{\"@type\":\"ImageObject\",\"@id\":\"https:\/\/www.interdomizil.de\/reisemagazin\/aktuelles\/mecklenburg-vorpommern-ostsee-urlaub-in-corona-zeiten-was-sie-wissen-sollten#primaryimage\",\"inLanguage\":\"de\",\"url\":\"https:\/\/www.interdomizil.de\/reisemagazin\/wp-content\/uploads\/IMG-20200312-WA0031.jpg\",\"contentUrl\":\"https:\/\/www.interdomizil.de\/reisemagazin\/wp-content\/uploads\/IMG-20200312-WA0031.jpg\",\"width\":1600,\"height\":1200},{\"@type\":\"WebPage\",\"@id\":\"https:\/\/www.interdomizil.de\/reisemagazin\/aktuelles\/mecklenburg-vorpommern-ostsee-urlaub-in-corona-zeiten-was-sie-wissen-sollten#webpage\",\"url\":\"https:\/\/www.interdomizil.de\/reisemagazin\/aktuelles\/mecklenburg-vorpommern-ostsee-urlaub-in-corona-zeiten-was-sie-wissen-sollten\",\"name\":\"Mecklenburg-Vorpommern Ostsee-Urlaub in Corona-Zeiten: Was Sie wissen sollten &ndash; InterDomizil Reisemagazin\",\"isPartOf\":{\"@id\":\"https:\/\/www.interdomizil.de\/reisemagazin\/#website\"},\"primaryImageOfPage\":{\"@id\":\"https:\/\/www.interdomizil.de\/reisemagazin\/aktuelles\/mecklenburg-vorpommern-ostsee-urlaub-in-corona-zeiten-was-sie-wissen-sollten#primaryimage\"},\"datePublished\":\"2020-06-03T08:47:00+00:00\",\"dateModified\":\"2021-10-15T15:40:11+00:00\",\"author\":{\"@id\":\"https:\/\/www.interdomizil.de\/reisemagazin\/#\/schema\/person\/88e68aa5afdec9d042c8f78c340a2f6f\"},\"description\":\"Corona-Urlaub an der Ostsee in Mecklenburg-Vorpommern. Wir haben alles, was man zu den Corona Regeln wissen sollte, in diesen Artikel!\",\"breadcrumb\":{\"@id\":\"https:\/\/www.interdomizil.de\/reisemagazin\/aktuelles\/mecklenburg-vorpommern-ostsee-urlaub-in-corona-zeiten-was-sie-wissen-sollten#breadcrumb\"},\"inLanguage\":\"de\",\"potentialAction\":[{\"@type\":\"ReadAction\",\"target\":[\"https:\/\/www.interdomizil.de\/reisemagazin\/aktuelles\/mecklenburg-vorpommern-ostsee-urlaub-in-corona-zeiten-was-sie-wissen-sollten\"]}]},{\"@type\":\"BreadcrumbList\",\"@id\":\"https:\/\/www.interdomizil.de\/reisemagazin\/aktuelles\/mecklenburg-vorpommern-ostsee-urlaub-in-corona-zeiten-was-sie-wissen-sollten#breadcrumb\",\"itemListElement\":[{\"@type\":\"ListItem\",\"position\":1,\"item\":{\"@type\":\"WebPage\",\"@id\":\"https:\/\/www.interdomizil.de\/reisemagazin\/\",\"url\":\"https:\/\/www.interdomizil.de\/reisemagazin\/\",\"name\":\"Home\"}},{\"@type\":\"ListItem\",\"position\":2,\"item\":{\"@type\":\"WebPage\",\"@id\":\"https:\/\/www.interdomizil.de\/reisemagazin\/aktuelles\/mecklenburg-vorpommern-ostsee-urlaub-in-corona-zeiten-was-sie-wissen-sollten\",\"url\":\"https:\/\/www.interdomizil.de\/reisemagazin\/aktuelles\/mecklenburg-vorpommern-ostsee-urlaub-in-corona-zeiten-was-sie-wissen-sollten\",\"name\":\"Mecklenburg-Vorpommern Ostsee-Urlaub in Corona-Zeiten: Was Sie wissen sollten\"}}]},{\"@type\":\"Person\",\"@id\":\"https:\/\/www.interdomizil.de\/reisemagazin\/#\/schema\/person\/88e68aa5afdec9d042c8f78c340a2f6f\",\"name\":\"Redaktion\"}]}<\/script>\n<!-- \/ Yoast SEO plugin. -->","_links":{"self":[{"href":"https:\/\/www.interdomizil.de\/reisemagazin\/wp-json\/wp\/v2\/posts\/10557"}],"collection":[{"href":"https:\/\/www.interdomizil.de\/reisemagazin\/wp-json\/wp\/v2\/posts"}],"about":[{"href":"https:\/\/www.interdomizil.de\/reisemagazin\/wp-json\/wp\/v2\/types\/post"}],"author":[{"embeddable":true,"href":"https:\/\/www.interdomizil.de\/reisemagazin\/wp-json\/wp\/v2\/users\/61"}],"replies":[{"embeddable":true,"href":"https:\/\/www.interdomizil.de\/reisemagazin\/wp-json\/wp\/v2\/comments?post=10557"}],"version-history":[{"count":8,"href":"https:\/\/www.interdomizil.de\/reisemagazin\/wp-json\/wp\/v2\/posts\/10557\/revisions"}],"predecessor-version":[{"id":11479,"href":"https:\/\/www.interdomizil.de\/reisemagazin\/wp-json\/wp\/v2\/posts\/10557\/revisions\/11479"}],"wp:featuredmedia":[{"embeddable":true,"href":"https:\/\/www.interdomizil.de\/reisemagazin\/wp-json\/wp\/v2\/media\/10574"}],"wp:attachment":[{"href":"https:\/\/www.interdomizil.de\/reisemagazin\/wp-json\/wp\/v2\/media?parent=10557"}],"wp:term":[{"taxonomy":"category","embeddable":true,"href":"https:\/\/www.interdomizil.de\/reisemagazin\/wp-json\/wp\/v2\/categories?post=10557"},{"taxonomy":"post_tag","embeddable":true,"href":"https:\/\/www.interdomizil.de\/reisemagazin\/wp-json\/wp\/v2\/tags?post=10557"}],"curies":[{"name":"wp","href":"https:\/\/api.w.org\/{rel}","templated":true}]}}